{"id":9180,"date":"2024-03-07T09:02:34","date_gmt":"2024-03-07T14:02:34","guid":{"rendered":"https:\/\/ciudadyregion.com.co\/?p=9180"},"modified":"2024-03-07T09:02:34","modified_gmt":"2024-03-07T14:02:34","slug":"colombia-confirmo-su-participacion-en-expo-osaka-2025-con-la-eleccion-de-su-comisario-general","status":"publish","type":"post","link":"https:\/\/ciudadyregion.com.co\/index.php\/colombia-confirmo-su-participacion-en-expo-osaka-2025-con-la-eleccion-de-su-comisario-general\/nacional\/","title":{"rendered":"Colombia confirm\u00f3 su participaci\u00f3n en Expo Osaka 2025 con la elecci\u00f3n de su Comisario General"},"content":{"rendered":"<div id=\"Boletines2023\" class=\"pre23-boletines__Content container\">\n<div class=\"row \">\n<div class=\"col-12 text-center boletinPiedeFoto\">\n<div id=\"ctl00_PlaceHolderMain_ctl05__ControlWrapper_RichHtmlField\" class=\"ms-rtestate-field\" aria-labelledby=\"ctl00_PlaceHolderMain_ctl05_label\">\n<ul>\n<li>\u200b\u200b\u200b<em>La feria universal m\u00e1s importante en su g\u00e9nero estar\u00e1 abierta al p\u00fablico del 13 de abril al 13 de octubre de 2025<\/em><em>.<\/em><\/li>\n<\/ul>\n<\/div>\n<\/div>\n<\/div>\n<\/div>\n<div id=\"ZonaNoticia\" class=\"container boletinContenido\">\n<div class=\"row\">\n<div class=\"col-12\">\n<div class=\"contenidoPagina\">\n<div id=\"ctl00_PlaceHolderMain_ctl06__ControlWrapper_RichHtmlField\" class=\"ms-rtestate-field\" aria-labelledby=\"ctl00_PlaceHolderMain_ctl06_label\">\n<ul>\n<li><em>El economista cartagenero Agust\u00edn Ignacio V\u00e9lez Bustillo fue nombrado mediante decreto como el Comisario General de Colombia, la persona encargada de representar al Gobierno en esta vitrina internacional<\/em><em>.<\/em><\/li>\n<\/ul>\n<p>Colombia confirm\u00f3 su participaci\u00f3n en la feria universal Expo Osaka 2025, la exposici\u00f3n internacional m\u00e1s importante del mundo, que se celebrar\u00e1 en la ciudad japonesa del 13 de abril al 13 de octubre de 2025, bajo el lema \u00abDise\u00f1ar la sociedad del futuro para nuestras vidas\u00bb.<\/p>\n<p>Expo Osaka 2025 significa una oportunidad excepcional de promoci\u00f3n pol\u00edtica, econ\u00f3mica, cultural, y ambiental de la campa\u00f1a &#8216;<a href=\"https:\/\/colombia.travel\/es\/belleza\" target=\"_blank\" rel=\"noopener\">Colombia, el pa\u00eds de la belleza&#8217;<\/a>, donde se espera que alrededor de 28 millones de personas acudan a la feria y conozcan de primera mano los atractivos tur\u00edsticos, la riqueza en biodiversidad y la cultura que este pa\u00eds le ofrece a sus visitantes.<\/p>\n<p>El Gobierno Nacional design\u00f3, mediante el decreto 0099 del 2 de febrero de 2024, al economista cartagenero Agust\u00edn Ignacio V\u00e9lez Bustillo como Comisario General, la persona encargada de representar al pa\u00eds latinoamericano en este escenario internacional ante las autoridades de Expo Osaka 2025 para los asuntos relacionados con la planeaci\u00f3n, organizaci\u00f3n y ejecuci\u00f3n de esta participaci\u00f3n.<\/p>\n<p>V\u00e9lez Bustillo es economista de la Universidad de los Andes, con m\u00e1ster en Ciencias de la Universidad de Illinois Urbana-Champaign en las \u00e1reas de desarrollo econ\u00f3mico y negocios Internacionales.<\/p>\n<p>Su trayectoria profesional abarca m\u00e1s de 20 a\u00f1os de actividad empresarial y participaci\u00f3n en juntas directivas de varios sectores, como Acer\u00edas Paz del R\u00edo, Petroseismic Services, el Instituto de Fomento Industrial (IFI), Leasing Bancoldex, entre otras. Actualmente es miembro de la junta directiva de ProColombia.<\/p>\n<p>En sus m\u00faltiples roles se ha encargado de articular y desarrollar estrategias para lograr los objetivos propuestos en los proyectos que ha liderado, como hacer de esta muestra otro momento en que Colombia brille ante el mundo.<\/p>\n<p>Su objetivo como representante del Gobierno es lograr que la presencia de Colombia en Expo Osaka 2025 se traduzca en el fortalecimiento de la imagen de \u201cColombia Potencia de la Vida\u00bb, atrayendo negocios y visitantes que beneficien a las comunidades y en general a la econom\u00eda de nuestro pa\u00eds.<\/p>\n<h2>Expo Osaka 20\u200b25<\/h2>\n<p>\u200bLa feria exposici\u00f3n m\u00e1s grande del mundo, Expo Osaka 2025, representa la continuaci\u00f3n de Expo Dub\u00e1i 2020. Es una vitrina \u00fanica en un pa\u00eds donde los indicadores muestran una econom\u00eda estable y una inigualable oportunidad para fortalecer las relaciones pol\u00edticas y econ\u00f3micas con pa\u00edses participantes de los cinco continentes.<\/p>\n<p>Estar\u00e1 abierta al p\u00fablico del 13 de abril al 13 de octubre de 2025 y se espera una asistencia de cerca de 28 millones de personas. Tendr\u00e1 tres ejes tem\u00e1ticos: Salvando Vidas, Empoderando Vidas y Conectando Vidas.<\/p>\n<p>Esta feria se desarrolla en el marco de la Convenci\u00f3n Relativa a las Exposiciones Internacionales, del 22 de noviembre de 1928, que apunta hacia la ense\u00f1anza de las mejores pr\u00e1cticas en la satisfacci\u00f3n de las necesidades de la civilizaci\u00f3n, el conocimiento de los adelantos alcanzados en cada uno de los campos a los que se circunscribe la misma, y las perspectivas existentes hacia el futuro.<\/p>\n<\/div>\n<\/div>\n<\/div>\n<\/div>\n<\/div>\n","protected":false},"excerpt":{"rendered":"<p>\u200b\u200b\u200bLa feria universal m\u00e1s importante en su g\u00e9nero estar\u00e1 abierta al p\u00fablico del 13 de abril al 13 de octubre de 2025. El economista cartagenero Agust\u00edn Ignacio V\u00e9lez Bustillo fue nombrado mediante decreto como el Comisario General de Colombia, la persona encargada de representar al Gobierno en esta vitrina internacional.<span class=\"more-link\"><a href=\"https:\/\/ciudadyregion.com.co\/index.php\/colombia-confirmo-su-participacion-en-expo-osaka-2025-con-la-eleccion-de-su-comisario-general\/nacional\/\">Continuar Leyendo<\/a><\/span><\/p>\n","protected":false},"author":2,"featured_media":9181,"comment_status":"open","ping_status":"open","sticky":false,"template":"","format":"standard","meta":{"_uf_show_specific_survey":0,"_uf_disable_surveys":false,"_jetpack_memberships_contains_paid_content":false,"footnotes":"","jetpack_publicize_message":"","jetpack_publicize_feature_enabled":true,"jetpack_social_post_already_shared":true,"jetpack_social_options":{"image_generator_settings":{"template":"highway","enabled":false},"version":2}},"categories":[23],"tags":[],"class_list":["entry","author-diegoaguirre","post-9180","post","type-post","status-publish","format-standard","has-post-thumbnail","category-nacional"],"jetpack_publicize_connections":[],"yoast_head":"<!-- This site is optimized with the Yoast SEO plugin v24.3 - https:\/\/yoast.com\/wordpress\/plugins\/seo\/ -->\n<title>Colombia confirm\u00f3 su participaci\u00f3n en Expo Osaka 2025 con la elecci\u00f3n de su Comisario General - Ciudad y Region<\/title>\n<meta name=\"robots\" content=\"index, follow, max-snippet:-1, max-image-preview:large, max-video-preview:-1\" \/>\n<link rel=\"canonical\" href=\"https:\/\/ciudadyregion.com.co\/index.php\/colombia-confirmo-su-participacion-en-expo-osaka-2025-con-la-eleccion-de-su-comisario-general\/nacional\/\" \/>\n<meta property=\"og:locale\" content=\"es_ES\" \/>\n<meta property=\"og:type\" content=\"article\" \/>\n<meta property=\"og:title\" content=\"Colombia confirm\u00f3 su participaci\u00f3n en Expo Osaka 2025 con la elecci\u00f3n de su Comisario General - Ciudad y Region\" \/>\n<meta property=\"og:description\" content=\"\u200b\u200b\u200bLa feria universal m\u00e1s importante en su g\u00e9nero estar\u00e1 abierta al p\u00fablico del 13 de abril al 13 de octubre de 2025. El economista cartagenero Agust\u00edn Ignacio V\u00e9lez Bustillo fue nombrado mediante decreto como el Comisario General de Colombia, la persona encargada de representar al Gobierno en esta vitrina internacional.Continuar Leyendo\" \/>\n<meta property=\"og:url\" content=\"https:\/\/ciudadyregion.com.co\/index.php\/colombia-confirmo-su-participacion-en-expo-osaka-2025-con-la-eleccion-de-su-comisario-general\/nacional\/\" \/>\n<meta property=\"og:site_name\" content=\"Ciudad y Region\" \/>\n<meta property=\"article:published_time\" content=\"2024-03-07T14:02:34+00:00\" \/>\n<meta property=\"og:image\" content=\"https:\/\/ciudadyregion.com.co\/wp-content\/uploads\/2024\/03\/4-6-1.jpg\" \/>\n\t<meta property=\"og:image:width\" content=\"800\" \/>\n\t<meta property=\"og:image:height\" content=\"445\" \/>\n\t<meta property=\"og:image:type\" content=\"image\/jpeg\" \/>\n<meta name=\"author\" content=\"David Andr\u00e9s Aguirre\" \/>\n<meta name=\"twitter:card\" content=\"summary_large_image\" \/>\n<meta name=\"twitter:label1\" content=\"Escrito por\" \/>\n\t<meta name=\"twitter:data1\" content=\"David Andr\u00e9s Aguirre\" \/>\n\t<meta name=\"twitter:label2\" content=\"Tiempo de lectura\" \/>\n\t<meta name=\"twitter:data2\" content=\"3 minutos\" \/>\n<script type=\"application\/ld+json\" class=\"yoast-schema-graph\">{\"@context\":\"https:\/\/schema.org\",\"@graph\":[{\"@type\":\"WebPage\",\"@id\":\"https:\/\/ciudadyregion.com.co\/index.php\/colombia-confirmo-su-participacion-en-expo-osaka-2025-con-la-eleccion-de-su-comisario-general\/nacional\/\",\"url\":\"https:\/\/ciudadyregion.com.co\/index.php\/colombia-confirmo-su-participacion-en-expo-osaka-2025-con-la-eleccion-de-su-comisario-general\/nacional\/\",\"name\":\"Colombia confirm\u00f3 su participaci\u00f3n en Expo Osaka 2025 con la elecci\u00f3n de su Comisario General - Ciudad y Region\",\"isPartOf\":{\"@id\":\"https:\/\/ciudadyregion.com.co\/#website\"},\"primaryImageOfPage\":{\"@id\":\"https:\/\/ciudadyregion.com.co\/index.php\/colombia-confirmo-su-participacion-en-expo-osaka-2025-con-la-eleccion-de-su-comisario-general\/nacional\/#primaryimage\"},\"image\":{\"@id\":\"https:\/\/ciudadyregion.com.co\/index.php\/colombia-confirmo-su-participacion-en-expo-osaka-2025-con-la-eleccion-de-su-comisario-general\/nacional\/#primaryimage\"},\"thumbnailUrl\":\"https:\/\/i0.wp.com\/ciudadyregion.com.co\/wp-content\/uploads\/2024\/03\/4-6-1.jpg?fit=800%2C445&ssl=1\",\"datePublished\":\"2024-03-07T14:02:34+00:00\",\"dateModified\":\"2024-03-07T14:02:34+00:00\",\"author\":{\"@id\":\"https:\/\/ciudadyregion.com.co\/#\/schema\/person\/04a4954373ebc4051f46e8c65ff78622\"},\"breadcrumb\":{\"@id\":\"https:\/\/ciudadyregion.com.co\/index.php\/colombia-confirmo-su-participacion-en-expo-osaka-2025-con-la-eleccion-de-su-comisario-general\/nacional\/#breadcrumb\"},\"inLanguage\":\"es\",\"potentialAction\":[{\"@type\":\"ReadAction\",\"target\":[\"https:\/\/ciudadyregion.com.co\/index.php\/colombia-confirmo-su-participacion-en-expo-osaka-2025-con-la-eleccion-de-su-comisario-general\/nacional\/\"]}]},{\"@type\":\"ImageObject\",\"inLanguage\":\"es\",\"@id\":\"https:\/\/ciudadyregion.com.co\/index.php\/colombia-confirmo-su-participacion-en-expo-osaka-2025-con-la-eleccion-de-su-comisario-general\/nacional\/#primaryimage\",\"url\":\"https:\/\/i0.wp.com\/ciudadyregion.com.co\/wp-content\/uploads\/2024\/03\/4-6-1.jpg?fit=800%2C445&ssl=1\",\"contentUrl\":\"https:\/\/i0.wp.com\/ciudadyregion.com.co\/wp-content\/uploads\/2024\/03\/4-6-1.jpg?fit=800%2C445&ssl=1\",\"width\":800,\"height\":445},{\"@type\":\"BreadcrumbList\",\"@id\":\"https:\/\/ciudadyregion.com.co\/index.php\/colombia-confirmo-su-participacion-en-expo-osaka-2025-con-la-eleccion-de-su-comisario-general\/nacional\/#breadcrumb\",\"itemListElement\":[{\"@type\":\"ListItem\",\"position\":1,\"name\":\"Portada\",\"item\":\"https:\/\/ciudadyregion.com.co\/\"},{\"@type\":\"ListItem\",\"position\":2,\"name\":\"Colombia confirm\u00f3 su participaci\u00f3n en Expo Osaka 2025 con la elecci\u00f3n de su Comisario General\"}]},{\"@type\":\"WebSite\",\"@id\":\"https:\/\/ciudadyregion.com.co\/#website\",\"url\":\"https:\/\/ciudadyregion.com.co\/\",\"name\":\"Ciudad y Region\",\"description\":\"\",\"potentialAction\":[{\"@type\":\"SearchAction\",\"target\":{\"@type\":\"EntryPoint\",\"urlTemplate\":\"https:\/\/ciudadyregion.com.co\/?s={search_term_string}\"},\"query-input\":{\"@type\":\"PropertyValueSpecification\",\"valueRequired\":true,\"valueName\":\"search_term_string\"}}],\"inLanguage\":\"es\"},{\"@type\":\"Person\",\"@id\":\"https:\/\/ciudadyregion.com.co\/#\/schema\/person\/04a4954373ebc4051f46e8c65ff78622\",\"name\":\"David Andr\u00e9s Aguirre\",\"image\":{\"@type\":\"ImageObject\",\"inLanguage\":\"es\",\"@id\":\"https:\/\/ciudadyregion.com.co\/#\/schema\/person\/image\/\",\"url\":\"https:\/\/secure.gravatar.com\/avatar\/bc3c655860202182ee6d1b5edd042dbe?s=96&d=mm&r=g\",\"contentUrl\":\"https:\/\/secure.gravatar.com\/avatar\/bc3c655860202182ee6d1b5edd042dbe?s=96&d=mm&r=g\",\"caption\":\"David Andr\u00e9s Aguirre\"},\"url\":\"https:\/\/ciudadyregion.com.co\/index.php\/author\/diegoaguirre\/\"}]}<\/script>\n<!-- \/ Yoast SEO plugin. -->","yoast_head_json":{"title":"Colombia confirm\u00f3 su participaci\u00f3n en Expo Osaka 2025 con la elecci\u00f3n de su Comisario General - Ciudad y Region","robots":{"index":"index","follow":"follow","max-snippet":"max-snippet:-1","max-image-preview":"max-image-preview:large","max-video-preview":"max-video-preview:-1"},"canonical":"https:\/\/ciudadyregion.com.co\/index.php\/colombia-confirmo-su-participacion-en-expo-osaka-2025-con-la-eleccion-de-su-comisario-general\/nacional\/","og_locale":"es_ES","og_type":"article","og_title":"Colombia confirm\u00f3 su participaci\u00f3n en Expo Osaka 2025 con la elecci\u00f3n de su Comisario General - Ciudad y Region","og_description":"\u200b\u200b\u200bLa feria universal m\u00e1s importante en su g\u00e9nero estar\u00e1 abierta al p\u00fablico del 13 de abril al 13 de octubre de 2025. El economista cartagenero Agust\u00edn Ignacio V\u00e9lez Bustillo fue nombrado mediante decreto como el Comisario General de Colombia, la persona encargada de representar al Gobierno en esta vitrina internacional.Continuar Leyendo","og_url":"https:\/\/ciudadyregion.com.co\/index.php\/colombia-confirmo-su-participacion-en-expo-osaka-2025-con-la-eleccion-de-su-comisario-general\/nacional\/","og_site_name":"Ciudad y Region","article_published_time":"2024-03-07T14:02:34+00:00","og_image":[{"width":800,"height":445,"url":"https:\/\/ciudadyregion.com.co\/wp-content\/uploads\/2024\/03\/4-6-1.jpg","type":"image\/jpeg"}],"author":"David Andr\u00e9s Aguirre","twitter_card":"summary_large_image","twitter_misc":{"Escrito por":"David Andr\u00e9s Aguirre","Tiempo de lectura":"3 minutos"},"schema":{"@context":"https:\/\/schema.org","@graph":[{"@type":"WebPage","@id":"https:\/\/ciudadyregion.com.co\/index.php\/colombia-confirmo-su-participacion-en-expo-osaka-2025-con-la-eleccion-de-su-comisario-general\/nacional\/","url":"https:\/\/ciudadyregion.com.co\/index.php\/colombia-confirmo-su-participacion-en-expo-osaka-2025-con-la-eleccion-de-su-comisario-general\/nacional\/","name":"Colombia confirm\u00f3 su participaci\u00f3n en Expo Osaka 2025 con la elecci\u00f3n de su Comisario General - Ciudad y Region","isPartOf":{"@id":"https:\/\/ciudadyregion.com.co\/#website"},"primaryImageOfPage":{"@id":"https:\/\/ciudadyregion.com.co\/index.php\/colombia-confirmo-su-participacion-en-expo-osaka-2025-con-la-eleccion-de-su-comisario-general\/nacional\/#primaryimage"},"image":{"@id":"https:\/\/ciudadyregion.com.co\/index.php\/colombia-confirmo-su-participacion-en-expo-osaka-2025-con-la-eleccion-de-su-comisario-general\/nacional\/#primaryimage"},"thumbnailUrl":"https:\/\/i0.wp.com\/ciudadyregion.com.co\/wp-content\/uploads\/2024\/03\/4-6-1.jpg?fit=800%2C445&ssl=1","datePublished":"2024-03-07T14:02:34+00:00","dateModified":"2024-03-07T14:02:34+00:00","author":{"@id":"https:\/\/ciudadyregion.com.co\/#\/schema\/person\/04a4954373ebc4051f46e8c65ff78622"},"breadcrumb":{"@id":"https:\/\/ciudadyregion.com.co\/index.php\/colombia-confirmo-su-participacion-en-expo-osaka-2025-con-la-eleccion-de-su-comisario-general\/nacional\/#breadcrumb"},"inLanguage":"es","potentialAction":[{"@type":"ReadAction","target":["https:\/\/ciudadyregion.com.co\/index.php\/colombia-confirmo-su-participacion-en-expo-osaka-2025-con-la-eleccion-de-su-comisario-general\/nacional\/"]}]},{"@type":"ImageObject","inLanguage":"es","@id":"https:\/\/ciudadyregion.com.co\/index.php\/colombia-confirmo-su-participacion-en-expo-osaka-2025-con-la-eleccion-de-su-comisario-general\/nacional\/#primaryimage","url":"https:\/\/i0.wp.com\/ciudadyregion.com.co\/wp-content\/uploads\/2024\/03\/4-6-1.jpg?fit=800%2C445&ssl=1","contentUrl":"https:\/\/i0.wp.com\/ciudadyregion.com.co\/wp-content\/uploads\/2024\/03\/4-6-1.jpg?fit=800%2C445&ssl=1","width":800,"height":445},{"@type":"BreadcrumbList","@id":"https:\/\/ciudadyregion.com.co\/index.php\/colombia-confirmo-su-participacion-en-expo-osaka-2025-con-la-eleccion-de-su-comisario-general\/nacional\/#breadcrumb","itemListElement":[{"@type":"ListItem","position":1,"name":"Portada","item":"https:\/\/ciudadyregion.com.co\/"},{"@type":"ListItem","position":2,"name":"Colombia confirm\u00f3 su participaci\u00f3n en Expo Osaka 2025 con la elecci\u00f3n de su Comisario General"}]},{"@type":"WebSite","@id":"https:\/\/ciudadyregion.com.co\/#website","url":"https:\/\/ciudadyregion.com.co\/","name":"Ciudad y Region","description":"","potentialAction":[{"@type":"SearchAction","target":{"@type":"EntryPoint","urlTemplate":"https:\/\/ciudadyregion.com.co\/?s={search_term_string}"},"query-input":{"@type":"PropertyValueSpecification","valueRequired":true,"valueName":"search_term_string"}}],"inLanguage":"es"},{"@type":"Person","@id":"https:\/\/ciudadyregion.com.co\/#\/schema\/person\/04a4954373ebc4051f46e8c65ff78622","name":"David Andr\u00e9s Aguirre","image":{"@type":"ImageObject","inLanguage":"es","@id":"https:\/\/ciudadyregion.com.co\/#\/schema\/person\/image\/","url":"https:\/\/secure.gravatar.com\/avatar\/bc3c655860202182ee6d1b5edd042dbe?s=96&d=mm&r=g","contentUrl":"https:\/\/secure.gravatar.com\/avatar\/bc3c655860202182ee6d1b5edd042dbe?s=96&d=mm&r=g","caption":"David Andr\u00e9s Aguirre"},"url":"https:\/\/ciudadyregion.com.co\/index.php\/author\/diegoaguirre\/"}]}},"jetpack_featured_media_url":"https:\/\/i0.wp.com\/ciudadyregion.com.co\/wp-content\/uploads\/2024\/03\/4-6-1.jpg?fit=800%2C445&ssl=1","jetpack_sharing_enabled":true,"jetpack_shortlink":"https:\/\/wp.me\/pbS7hh-2o4","jetpack-related-posts":[],"_links":{"self":[{"href":"https:\/\/ciudadyregion.com.co\/index.php\/wp-json\/wp\/v2\/posts\/9180"}],"collection":[{"href":"https:\/\/ciudadyregion.com.co\/index.php\/wp-json\/wp\/v2\/posts"}],"about":[{"href":"https:\/\/ciudadyregion.com.co\/index.php\/wp-json\/wp\/v2\/types\/post"}],"author":[{"embeddable":true,"href":"https:\/\/ciudadyregion.com.co\/index.php\/wp-json\/wp\/v2\/users\/2"}],"replies":[{"embeddable":true,"href":"https:\/\/ciudadyregion.com.co\/index.php\/wp-json\/wp\/v2\/comments?post=9180"}],"version-history":[{"count":1,"href":"https:\/\/ciudadyregion.com.co\/index.php\/wp-json\/wp\/v2\/posts\/9180\/revisions"}],"predecessor-version":[{"id":9182,"href":"https:\/\/ciudadyregion.com.co\/index.php\/wp-json\/wp\/v2\/posts\/9180\/revisions\/9182"}],"wp:featuredmedia":[{"embeddable":true,"href":"https:\/\/ciudadyregion.com.co\/index.php\/wp-json\/wp\/v2\/media\/9181"}],"wp:attachment":[{"href":"https:\/\/ciudadyregion.com.co\/index.php\/wp-json\/wp\/v2\/media?parent=9180"}],"wp:term":[{"taxonomy":"category","embeddable":true,"href":"https:\/\/ciudadyregion.com.co\/index.php\/wp-json\/wp\/v2\/categories?post=9180"},{"taxonomy":"post_tag","embeddable":true,"href":"https:\/\/ciudadyregion.com.co\/index.php\/wp-json\/wp\/v2\/tags?post=9180"}],"curies":[{"name":"wp","href":"https:\/\/api.w.org\/{rel}","templated":true}]}}