{"id":9176,"date":"2024-03-07T08:49:17","date_gmt":"2024-03-07T13:49:17","guid":{"rendered":"https:\/\/ciudadyregion.com.co\/?p=9176"},"modified":"2024-03-07T08:49:17","modified_gmt":"2024-03-07T13:49:17","slug":"grave-incendio-estructural-en-la-martinica-fue-controlado-por-los-bomberos-la-vivienda-quedo-en-perdida-total","status":"publish","type":"post","link":"https:\/\/ciudadyregion.com.co\/index.php\/grave-incendio-estructural-en-la-martinica-fue-controlado-por-los-bomberos-la-vivienda-quedo-en-perdida-total\/ibague\/","title":{"rendered":"Grave incendio estructural en La Martinica fue controlado por los bomberos, la vivienda qued\u00f3 en p\u00e9rdida total"},"content":{"rendered":"<ul>\n<li><em>La casa estaba construida en su mayor\u00eda con madera.<\/em><\/li>\n<\/ul>\n<p>En el sector La Cartagena, zona de La Martinica, el Cuerpo Oficial de Bomberos atendi\u00f3 una emergencia en una vivienda que se estaba quemando.<\/p>\n<blockquote><p>\u201cLa conflagraci\u00f3n fue controlada en su totalidad. No hubo reporte de lesionados y se tiene como nota final, p\u00e9rdida total de dicha estructura\u201d, coment\u00f3 Jean Pineda, director de Bomberos.<\/p><\/blockquote>\n<p>La vivienda se encontraba sola en el momento del incidente y, en su mayor\u00eda, estaba construida con madera. El posible causante de las llamas ser\u00eda un cilindro de gas propano de 40 libras, que fue encontrado por Bomberos en el sitio, con la llave abierta.<\/p>\n<p><img data-recalc-dims=\"1\" loading=\"lazy\" decoding=\"async\" class=\"alignnone wp-image-9178 size-full\" src=\"https:\/\/i0.wp.com\/ciudadyregion.com.co\/wp-content\/uploads\/2024\/03\/WhatsApp-Image-2024-03-07-at-8.43.59-AM-3.jpeg?resize=1280%2C960&#038;ssl=1\" alt=\"\" width=\"1280\" height=\"960\" srcset=\"https:\/\/i0.wp.com\/ciudadyregion.com.co\/wp-content\/uploads\/2024\/03\/WhatsApp-Image-2024-03-07-at-8.43.59-AM-3.jpeg?w=1280&amp;ssl=1 1280w, https:\/\/i0.wp.com\/ciudadyregion.com.co\/wp-content\/uploads\/2024\/03\/WhatsApp-Image-2024-03-07-at-8.43.59-AM-3.jpeg?resize=300%2C225&amp;ssl=1 300w, https:\/\/i0.wp.com\/ciudadyregion.com.co\/wp-content\/uploads\/2024\/03\/WhatsApp-Image-2024-03-07-at-8.43.59-AM-3.jpeg?resize=1024%2C768&amp;ssl=1 1024w, https:\/\/i0.wp.com\/ciudadyregion.com.co\/wp-content\/uploads\/2024\/03\/WhatsApp-Image-2024-03-07-at-8.43.59-AM-3.jpeg?resize=768%2C576&amp;ssl=1 768w, https:\/\/i0.wp.com\/ciudadyregion.com.co\/wp-content\/uploads\/2024\/03\/WhatsApp-Image-2024-03-07-at-8.43.59-AM-3.jpeg?resize=465%2C349&amp;ssl=1 465w, https:\/\/i0.wp.com\/ciudadyregion.com.co\/wp-content\/uploads\/2024\/03\/WhatsApp-Image-2024-03-07-at-8.43.59-AM-3.jpeg?resize=667%2C500&amp;ssl=1 667w\" sizes=\"(max-width: 1280px) 100vw, 1280px\" \/><\/p>\n<p>Desde la Alcald\u00eda de Ibagu\u00e9 se llevar\u00e1n ayudas humanitarias a la familia que viv\u00eda en la casa. Adem\u00e1s, se recomienda a la ciudadan\u00eda tener precauci\u00f3n a la hora de salir de sus hogares, verificando que todo quede en orden, sin riesgos de sufrir alguna emergencia.<\/p>\n","protected":false},"excerpt":{"rendered":"<p>La casa estaba construida en su mayor\u00eda con madera. En el sector La Cartagena, zona de La Martinica, el Cuerpo Oficial de Bomberos atendi\u00f3 una emergencia en una vivienda que se estaba quemando. \u201cLa conflagraci\u00f3n fue controlada en su totalidad. No hubo reporte de lesionados y se tiene como nota<span class=\"more-link\"><a href=\"https:\/\/ciudadyregion.com.co\/index.php\/grave-incendio-estructural-en-la-martinica-fue-controlado-por-los-bomberos-la-vivienda-quedo-en-perdida-total\/ibague\/\">Continuar Leyendo<\/a><\/span><\/p>\n","protected":false},"author":2,"featured_media":9177,"comment_status":"open","ping_status":"open","sticky":false,"template":"","format":"standard","meta":{"_uf_show_specific_survey":0,"_uf_disable_surveys":false,"_jetpack_memberships_contains_paid_content":false,"footnotes":"","jetpack_publicize_message":"","jetpack_publicize_feature_enabled":true,"jetpack_social_post_already_shared":true,"jetpack_social_options":{"image_generator_settings":{"template":"highway","enabled":false},"version":2}},"categories":[14],"tags":[],"class_list":["entry","author-diegoaguirre","post-9176","post","type-post","status-publish","format-standard","has-post-thumbnail","category-ibague"],"jetpack_publicize_connections":[],"yoast_head":"<!-- This site is optimized with the Yoast SEO plugin v24.3 - https:\/\/yoast.com\/wordpress\/plugins\/seo\/ -->\n<title>Grave incendio estructural en La Martinica fue controlado por los bomberos, la vivienda qued\u00f3 en p\u00e9rdida total - Ciudad y Region<\/title>\n<meta name=\"robots\" content=\"index, follow, max-snippet:-1, max-image-preview:large, max-video-preview:-1\" \/>\n<link rel=\"canonical\" href=\"https:\/\/ciudadyregion.com.co\/index.php\/grave-incendio-estructural-en-la-martinica-fue-controlado-por-los-bomberos-la-vivienda-quedo-en-perdida-total\/ibague\/\" \/>\n<meta property=\"og:locale\" content=\"es_ES\" \/>\n<meta property=\"og:type\" content=\"article\" \/>\n<meta property=\"og:title\" content=\"Grave incendio estructural en La Martinica fue controlado por los bomberos, la vivienda qued\u00f3 en p\u00e9rdida total - Ciudad y Region\" \/>\n<meta property=\"og:description\" content=\"La casa estaba construida en su mayor\u00eda con madera. En el sector La Cartagena, zona de La Martinica, el Cuerpo Oficial de Bomberos atendi\u00f3 una emergencia en una vivienda que se estaba quemando. \u201cLa conflagraci\u00f3n fue controlada en su totalidad. No hubo reporte de lesionados y se tiene como notaContinuar Leyendo\" \/>\n<meta property=\"og:url\" content=\"https:\/\/ciudadyregion.com.co\/index.php\/grave-incendio-estructural-en-la-martinica-fue-controlado-por-los-bomberos-la-vivienda-quedo-en-perdida-total\/ibague\/\" \/>\n<meta property=\"og:site_name\" content=\"Ciudad y Region\" \/>\n<meta property=\"article:published_time\" content=\"2024-03-07T13:49:17+00:00\" \/>\n<meta property=\"og:image\" content=\"https:\/\/ciudadyregion.com.co\/wp-content\/uploads\/2024\/03\/6-5.jpg\" \/>\n\t<meta property=\"og:image:width\" content=\"800\" \/>\n\t<meta property=\"og:image:height\" content=\"445\" \/>\n\t<meta property=\"og:image:type\" content=\"image\/jpeg\" \/>\n<meta name=\"author\" content=\"David Andr\u00e9s Aguirre\" \/>\n<meta name=\"twitter:card\" content=\"summary_large_image\" \/>\n<meta name=\"twitter:label1\" content=\"Escrito por\" \/>\n\t<meta name=\"twitter:data1\" content=\"David Andr\u00e9s Aguirre\" \/>\n\t<meta name=\"twitter:label2\" content=\"Tiempo de lectura\" \/>\n\t<meta name=\"twitter:data2\" content=\"1 minuto\" \/>\n<script type=\"application\/ld+json\" class=\"yoast-schema-graph\">{\"@context\":\"https:\/\/schema.org\",\"@graph\":[{\"@type\":\"WebPage\",\"@id\":\"https:\/\/ciudadyregion.com.co\/index.php\/grave-incendio-estructural-en-la-martinica-fue-controlado-por-los-bomberos-la-vivienda-quedo-en-perdida-total\/ibague\/\",\"url\":\"https:\/\/ciudadyregion.com.co\/index.php\/grave-incendio-estructural-en-la-martinica-fue-controlado-por-los-bomberos-la-vivienda-quedo-en-perdida-total\/ibague\/\",\"name\":\"Grave incendio estructural en La Martinica fue controlado por los bomberos, la vivienda qued\u00f3 en p\u00e9rdida total - Ciudad y Region\",\"isPartOf\":{\"@id\":\"https:\/\/ciudadyregion.com.co\/#website\"},\"primaryImageOfPage\":{\"@id\":\"https:\/\/ciudadyregion.com.co\/index.php\/grave-incendio-estructural-en-la-martinica-fue-controlado-por-los-bomberos-la-vivienda-quedo-en-perdida-total\/ibague\/#primaryimage\"},\"image\":{\"@id\":\"https:\/\/ciudadyregion.com.co\/index.php\/grave-incendio-estructural-en-la-martinica-fue-controlado-por-los-bomberos-la-vivienda-quedo-en-perdida-total\/ibague\/#primaryimage\"},\"thumbnailUrl\":\"https:\/\/i0.wp.com\/ciudadyregion.com.co\/wp-content\/uploads\/2024\/03\/6-5.jpg?fit=800%2C445&ssl=1\",\"datePublished\":\"2024-03-07T13:49:17+00:00\",\"dateModified\":\"2024-03-07T13:49:17+00:00\",\"author\":{\"@id\":\"https:\/\/ciudadyregion.com.co\/#\/schema\/person\/04a4954373ebc4051f46e8c65ff78622\"},\"breadcrumb\":{\"@id\":\"https:\/\/ciudadyregion.com.co\/index.php\/grave-incendio-estructural-en-la-martinica-fue-controlado-por-los-bomberos-la-vivienda-quedo-en-perdida-total\/ibague\/#breadcrumb\"},\"inLanguage\":\"es\",\"potentialAction\":[{\"@type\":\"ReadAction\",\"target\":[\"https:\/\/ciudadyregion.com.co\/index.php\/grave-incendio-estructural-en-la-martinica-fue-controlado-por-los-bomberos-la-vivienda-quedo-en-perdida-total\/ibague\/\"]}]},{\"@type\":\"ImageObject\",\"inLanguage\":\"es\",\"@id\":\"https:\/\/ciudadyregion.com.co\/index.php\/grave-incendio-estructural-en-la-martinica-fue-controlado-por-los-bomberos-la-vivienda-quedo-en-perdida-total\/ibague\/#primaryimage\",\"url\":\"https:\/\/i0.wp.com\/ciudadyregion.com.co\/wp-content\/uploads\/2024\/03\/6-5.jpg?fit=800%2C445&ssl=1\",\"contentUrl\":\"https:\/\/i0.wp.com\/ciudadyregion.com.co\/wp-content\/uploads\/2024\/03\/6-5.jpg?fit=800%2C445&ssl=1\",\"width\":800,\"height\":445},{\"@type\":\"BreadcrumbList\",\"@id\":\"https:\/\/ciudadyregion.com.co\/index.php\/grave-incendio-estructural-en-la-martinica-fue-controlado-por-los-bomberos-la-vivienda-quedo-en-perdida-total\/ibague\/#breadcrumb\",\"itemListElement\":[{\"@type\":\"ListItem\",\"position\":1,\"name\":\"Portada\",\"item\":\"https:\/\/ciudadyregion.com.co\/\"},{\"@type\":\"ListItem\",\"position\":2,\"name\":\"Grave incendio estructural en La Martinica fue controlado por los bomberos, la vivienda qued\u00f3 en p\u00e9rdida total\"}]},{\"@type\":\"WebSite\",\"@id\":\"https:\/\/ciudadyregion.com.co\/#website\",\"url\":\"https:\/\/ciudadyregion.com.co\/\",\"name\":\"Ciudad y Region\",\"description\":\"\",\"potentialAction\":[{\"@type\":\"SearchAction\",\"target\":{\"@type\":\"EntryPoint\",\"urlTemplate\":\"https:\/\/ciudadyregion.com.co\/?s={search_term_string}\"},\"query-input\":{\"@type\":\"PropertyValueSpecification\",\"valueRequired\":true,\"valueName\":\"search_term_string\"}}],\"inLanguage\":\"es\"},{\"@type\":\"Person\",\"@id\":\"https:\/\/ciudadyregion.com.co\/#\/schema\/person\/04a4954373ebc4051f46e8c65ff78622\",\"name\":\"David Andr\u00e9s Aguirre\",\"image\":{\"@type\":\"ImageObject\",\"inLanguage\":\"es\",\"@id\":\"https:\/\/ciudadyregion.com.co\/#\/schema\/person\/image\/\",\"url\":\"https:\/\/secure.gravatar.com\/avatar\/bc3c655860202182ee6d1b5edd042dbe?s=96&d=mm&r=g\",\"contentUrl\":\"https:\/\/secure.gravatar.com\/avatar\/bc3c655860202182ee6d1b5edd042dbe?s=96&d=mm&r=g\",\"caption\":\"David Andr\u00e9s Aguirre\"},\"url\":\"https:\/\/ciudadyregion.com.co\/index.php\/author\/diegoaguirre\/\"}]}<\/script>\n<!-- \/ Yoast SEO plugin. -->","yoast_head_json":{"title":"Grave incendio estructural en La Martinica fue controlado por los bomberos, la vivienda qued\u00f3 en p\u00e9rdida total - Ciudad y Region","robots":{"index":"index","follow":"follow","max-snippet":"max-snippet:-1","max-image-preview":"max-image-preview:large","max-video-preview":"max-video-preview:-1"},"canonical":"https:\/\/ciudadyregion.com.co\/index.php\/grave-incendio-estructural-en-la-martinica-fue-controlado-por-los-bomberos-la-vivienda-quedo-en-perdida-total\/ibague\/","og_locale":"es_ES","og_type":"article","og_title":"Grave incendio estructural en La Martinica fue controlado por los bomberos, la vivienda qued\u00f3 en p\u00e9rdida total - Ciudad y Region","og_description":"La casa estaba construida en su mayor\u00eda con madera. En el sector La Cartagena, zona de La Martinica, el Cuerpo Oficial de Bomberos atendi\u00f3 una emergencia en una vivienda que se estaba quemando. \u201cLa conflagraci\u00f3n fue controlada en su totalidad. No hubo reporte de lesionados y se tiene como notaContinuar Leyendo","og_url":"https:\/\/ciudadyregion.com.co\/index.php\/grave-incendio-estructural-en-la-martinica-fue-controlado-por-los-bomberos-la-vivienda-quedo-en-perdida-total\/ibague\/","og_site_name":"Ciudad y Region","article_published_time":"2024-03-07T13:49:17+00:00","og_image":[{"width":800,"height":445,"url":"https:\/\/ciudadyregion.com.co\/wp-content\/uploads\/2024\/03\/6-5.jpg","type":"image\/jpeg"}],"author":"David Andr\u00e9s Aguirre","twitter_card":"summary_large_image","twitter_misc":{"Escrito por":"David Andr\u00e9s Aguirre","Tiempo de lectura":"1 minuto"},"schema":{"@context":"https:\/\/schema.org","@graph":[{"@type":"WebPage","@id":"https:\/\/ciudadyregion.com.co\/index.php\/grave-incendio-estructural-en-la-martinica-fue-controlado-por-los-bomberos-la-vivienda-quedo-en-perdida-total\/ibague\/","url":"https:\/\/ciudadyregion.com.co\/index.php\/grave-incendio-estructural-en-la-martinica-fue-controlado-por-los-bomberos-la-vivienda-quedo-en-perdida-total\/ibague\/","name":"Grave incendio estructural en La Martinica fue controlado por los bomberos, la vivienda qued\u00f3 en p\u00e9rdida total - Ciudad y Region","isPartOf":{"@id":"https:\/\/ciudadyregion.com.co\/#website"},"primaryImageOfPage":{"@id":"https:\/\/ciudadyregion.com.co\/index.php\/grave-incendio-estructural-en-la-martinica-fue-controlado-por-los-bomberos-la-vivienda-quedo-en-perdida-total\/ibague\/#primaryimage"},"image":{"@id":"https:\/\/ciudadyregion.com.co\/index.php\/grave-incendio-estructural-en-la-martinica-fue-controlado-por-los-bomberos-la-vivienda-quedo-en-perdida-total\/ibague\/#primaryimage"},"thumbnailUrl":"https:\/\/i0.wp.com\/ciudadyregion.com.co\/wp-content\/uploads\/2024\/03\/6-5.jpg?fit=800%2C445&ssl=1","datePublished":"2024-03-07T13:49:17+00:00","dateModified":"2024-03-07T13:49:17+00:00","author":{"@id":"https:\/\/ciudadyregion.com.co\/#\/schema\/person\/04a4954373ebc4051f46e8c65ff78622"},"breadcrumb":{"@id":"https:\/\/ciudadyregion.com.co\/index.php\/grave-incendio-estructural-en-la-martinica-fue-controlado-por-los-bomberos-la-vivienda-quedo-en-perdida-total\/ibague\/#breadcrumb"},"inLanguage":"es","potentialAction":[{"@type":"ReadAction","target":["https:\/\/ciudadyregion.com.co\/index.php\/grave-incendio-estructural-en-la-martinica-fue-controlado-por-los-bomberos-la-vivienda-quedo-en-perdida-total\/ibague\/"]}]},{"@type":"ImageObject","inLanguage":"es","@id":"https:\/\/ciudadyregion.com.co\/index.php\/grave-incendio-estructural-en-la-martinica-fue-controlado-por-los-bomberos-la-vivienda-quedo-en-perdida-total\/ibague\/#primaryimage","url":"https:\/\/i0.wp.com\/ciudadyregion.com.co\/wp-content\/uploads\/2024\/03\/6-5.jpg?fit=800%2C445&ssl=1","contentUrl":"https:\/\/i0.wp.com\/ciudadyregion.com.co\/wp-content\/uploads\/2024\/03\/6-5.jpg?fit=800%2C445&ssl=1","width":800,"height":445},{"@type":"BreadcrumbList","@id":"https:\/\/ciudadyregion.com.co\/index.php\/grave-incendio-estructural-en-la-martinica-fue-controlado-por-los-bomberos-la-vivienda-quedo-en-perdida-total\/ibague\/#breadcrumb","itemListElement":[{"@type":"ListItem","position":1,"name":"Portada","item":"https:\/\/ciudadyregion.com.co\/"},{"@type":"ListItem","position":2,"name":"Grave incendio estructural en La Martinica fue controlado por los bomberos, la vivienda qued\u00f3 en p\u00e9rdida total"}]},{"@type":"WebSite","@id":"https:\/\/ciudadyregion.com.co\/#website","url":"https:\/\/ciudadyregion.com.co\/","name":"Ciudad y Region","description":"","potentialAction":[{"@type":"SearchAction","target":{"@type":"EntryPoint","urlTemplate":"https:\/\/ciudadyregion.com.co\/?s={search_term_string}"},"query-input":{"@type":"PropertyValueSpecification","valueRequired":true,"valueName":"search_term_string"}}],"inLanguage":"es"},{"@type":"Person","@id":"https:\/\/ciudadyregion.com.co\/#\/schema\/person\/04a4954373ebc4051f46e8c65ff78622","name":"David Andr\u00e9s Aguirre","image":{"@type":"ImageObject","inLanguage":"es","@id":"https:\/\/ciudadyregion.com.co\/#\/schema\/person\/image\/","url":"https:\/\/secure.gravatar.com\/avatar\/bc3c655860202182ee6d1b5edd042dbe?s=96&d=mm&r=g","contentUrl":"https:\/\/secure.gravatar.com\/avatar\/bc3c655860202182ee6d1b5edd042dbe?s=96&d=mm&r=g","caption":"David Andr\u00e9s Aguirre"},"url":"https:\/\/ciudadyregion.com.co\/index.php\/author\/diegoaguirre\/"}]}},"jetpack_featured_media_url":"https:\/\/i0.wp.com\/ciudadyregion.com.co\/wp-content\/uploads\/2024\/03\/6-5.jpg?fit=800%2C445&ssl=1","jetpack_sharing_enabled":true,"jetpack_shortlink":"https:\/\/wp.me\/pbS7hh-2o0","jetpack-related-posts":[],"_links":{"self":[{"href":"https:\/\/ciudadyregion.com.co\/index.php\/wp-json\/wp\/v2\/posts\/9176"}],"collection":[{"href":"https:\/\/ciudadyregion.com.co\/index.php\/wp-json\/wp\/v2\/posts"}],"about":[{"href":"https:\/\/ciudadyregion.com.co\/index.php\/wp-json\/wp\/v2\/types\/post"}],"author":[{"embeddable":true,"href":"https:\/\/ciudadyregion.com.co\/index.php\/wp-json\/wp\/v2\/users\/2"}],"replies":[{"embeddable":true,"href":"https:\/\/ciudadyregion.com.co\/index.php\/wp-json\/wp\/v2\/comments?post=9176"}],"version-history":[{"count":1,"href":"https:\/\/ciudadyregion.com.co\/index.php\/wp-json\/wp\/v2\/posts\/9176\/revisions"}],"predecessor-version":[{"id":9179,"href":"https:\/\/ciudadyregion.com.co\/index.php\/wp-json\/wp\/v2\/posts\/9176\/revisions\/9179"}],"wp:featuredmedia":[{"embeddable":true,"href":"https:\/\/ciudadyregion.com.co\/index.php\/wp-json\/wp\/v2\/media\/9177"}],"wp:attachment":[{"href":"https:\/\/ciudadyregion.com.co\/index.php\/wp-json\/wp\/v2\/media?parent=9176"}],"wp:term":[{"taxonomy":"category","embeddable":true,"href":"https:\/\/ciudadyregion.com.co\/index.php\/wp-json\/wp\/v2\/categories?post=9176"},{"taxonomy":"post_tag","embeddable":true,"href":"https:\/\/ciudadyregion.com.co\/index.php\/wp-json\/wp\/v2\/tags?post=9176"}],"curies":[{"name":"wp","href":"https:\/\/api.w.org\/{rel}","templated":true}]}}