{"id":8929,"date":"2024-03-04T08:59:41","date_gmt":"2024-03-04T13:59:41","guid":{"rendered":"https:\/\/ciudadyregion.com.co\/?p=8929"},"modified":"2024-03-04T08:59:41","modified_gmt":"2024-03-04T13:59:41","slug":"judicializan-a-un-hombre-por-presuntamente-atacar-a-un-caballo-con-arma-blanca","status":"publish","type":"post","link":"https:\/\/ciudadyregion.com.co\/index.php\/judicializan-a-un-hombre-por-presuntamente-atacar-a-un-caballo-con-arma-blanca\/judicial\/","title":{"rendered":"Judicializan a un hombre por presuntamente atacar a un caballo con arma blanca"},"content":{"rendered":"<ul>\n<li><em>En otro hecho de posible maltrato animal fue imputado el presunto responsable de agredir a una canina con un cuchillo en Santander.<\/em><\/li>\n<\/ul>\n<p>Fiscales del Grupo Especial para la Lucha contra el Maltrato Animal (Gelma) presentaron ante jueces de control de garant\u00edas a dos hombres que, en hechos distintos, habr\u00edan causado afectaciones f\u00edsicas a un caballo y a un perro.<\/p>\n<p><strong>Agresi\u00f3n \u2018Alcarav\u00e1n de San Antonio\u00b4<\/strong><\/p>\n<p>La Fiscal\u00eda imput\u00f3 el delito de maltrato animal agravado a Carlos Arturo Molina Murillo, por su presunta responsabilidad en una agresi\u00f3n con arma blanca a un caballo de siete a\u00f1os, llamado \u2018Alcarav\u00e1n de San Antonio\u2019.<\/p>\n<p>El pasado 4 de enero, en v\u00eda p\u00fablica de Casabianca (Tolima), este hombre en avanzado estado de embriaguez presuntamente hiri\u00f3 en cuatro oportunidades al equino. El ataque ser\u00eda una retaliaci\u00f3n por los problemas de dinero que tendr\u00eda con el due\u00f1o del animal. Debido a la gravedad de las lesiones, \u2018Alcarav\u00e1n de San Antonio\u2019 fue intervenido quir\u00fargicamente para salvar su vida.<\/p>\n<p><strong>Ataque a \u2018Mazek\u00edn\u2019<\/strong><\/p>\n<p>El 29 de julio de 2023, en una vivienda de Gir\u00f3n (Santander), Jos\u00e9 Luis Castro Gonz\u00e1lez, al parecer, agredi\u00f3 con arma cortopunzante a una canina llamada \u2018Mazek\u00edn\u2019.<\/p>\n<p>De acuerdo con la investigaci\u00f3n, esta persona habr\u00eda jalado y golpeado al\u00a0 animal para que se bajar\u00e1 de una cama, por lo que \u2018Mazek\u00edn\u2019 intent\u00f3 morderla. Tras el suceso, al parecer, se dirigi\u00f3 a la cocina, tom\u00f3 un cuchillo y lesion\u00f3 a la canina en la cabeza.<\/p>\n<p>Las propietarias del animal la llevaron de urgencia a una cl\u00ednica veterinaria, donde fue posible estabilizar su estado de salud. Por esto hechos, la Fiscal\u00eda le imput\u00f3 a Castro Gonz\u00e1lez el delito de maltrato animal.<\/p>\n","protected":false},"excerpt":{"rendered":"<p>En otro hecho de posible maltrato animal fue imputado el presunto responsable de agredir a una canina con un cuchillo en Santander. Fiscales del Grupo Especial para la Lucha contra el Maltrato Animal (Gelma) presentaron ante jueces de control de garant\u00edas a dos hombres que, en hechos distintos, habr\u00edan causado<span class=\"more-link\"><a href=\"https:\/\/ciudadyregion.com.co\/index.php\/judicializan-a-un-hombre-por-presuntamente-atacar-a-un-caballo-con-arma-blanca\/judicial\/\">Continuar Leyendo<\/a><\/span><\/p>\n","protected":false},"author":2,"featured_media":8930,"comment_status":"open","ping_status":"open","sticky":false,"template":"","format":"standard","meta":{"_uf_show_specific_survey":0,"_uf_disable_surveys":false,"_jetpack_memberships_contains_paid_content":false,"footnotes":"","jetpack_publicize_message":"","jetpack_publicize_feature_enabled":true,"jetpack_social_post_already_shared":true,"jetpack_social_options":{"image_generator_settings":{"template":"highway","enabled":false},"version":2}},"categories":[18],"tags":[],"class_list":["entry","author-diegoaguirre","post-8929","post","type-post","status-publish","format-standard","has-post-thumbnail","category-judicial"],"jetpack_publicize_connections":[],"yoast_head":"<!-- This site is optimized with the Yoast SEO plugin v24.3 - https:\/\/yoast.com\/wordpress\/plugins\/seo\/ -->\n<title>Judicializan a un hombre por presuntamente atacar a un caballo con arma blanca - Ciudad y Region<\/title>\n<meta name=\"robots\" content=\"index, follow, max-snippet:-1, max-image-preview:large, max-video-preview:-1\" \/>\n<link rel=\"canonical\" href=\"https:\/\/ciudadyregion.com.co\/index.php\/judicializan-a-un-hombre-por-presuntamente-atacar-a-un-caballo-con-arma-blanca\/judicial\/\" \/>\n<meta property=\"og:locale\" content=\"es_ES\" \/>\n<meta property=\"og:type\" content=\"article\" \/>\n<meta property=\"og:title\" content=\"Judicializan a un hombre por presuntamente atacar a un caballo con arma blanca - Ciudad y Region\" \/>\n<meta property=\"og:description\" content=\"En otro hecho de posible maltrato animal fue imputado el presunto responsable de agredir a una canina con un cuchillo en Santander. Fiscales del Grupo Especial para la Lucha contra el Maltrato Animal (Gelma) presentaron ante jueces de control de garant\u00edas a dos hombres que, en hechos distintos, habr\u00edan causadoContinuar Leyendo\" \/>\n<meta property=\"og:url\" content=\"https:\/\/ciudadyregion.com.co\/index.php\/judicializan-a-un-hombre-por-presuntamente-atacar-a-un-caballo-con-arma-blanca\/judicial\/\" \/>\n<meta property=\"og:site_name\" content=\"Ciudad y Region\" \/>\n<meta property=\"article:published_time\" content=\"2024-03-04T13:59:41+00:00\" \/>\n<meta property=\"og:image\" content=\"https:\/\/ciudadyregion.com.co\/wp-content\/uploads\/2024\/03\/5.jpg\" \/>\n\t<meta property=\"og:image:width\" content=\"800\" \/>\n\t<meta property=\"og:image:height\" content=\"445\" \/>\n\t<meta property=\"og:image:type\" content=\"image\/jpeg\" \/>\n<meta name=\"author\" content=\"David Andr\u00e9s Aguirre\" \/>\n<meta name=\"twitter:card\" content=\"summary_large_image\" \/>\n<meta name=\"twitter:label1\" content=\"Escrito por\" \/>\n\t<meta name=\"twitter:data1\" content=\"David Andr\u00e9s Aguirre\" \/>\n\t<meta name=\"twitter:label2\" content=\"Tiempo de lectura\" \/>\n\t<meta name=\"twitter:data2\" content=\"2 minutos\" \/>\n<script type=\"application\/ld+json\" class=\"yoast-schema-graph\">{\"@context\":\"https:\/\/schema.org\",\"@graph\":[{\"@type\":\"WebPage\",\"@id\":\"https:\/\/ciudadyregion.com.co\/index.php\/judicializan-a-un-hombre-por-presuntamente-atacar-a-un-caballo-con-arma-blanca\/judicial\/\",\"url\":\"https:\/\/ciudadyregion.com.co\/index.php\/judicializan-a-un-hombre-por-presuntamente-atacar-a-un-caballo-con-arma-blanca\/judicial\/\",\"name\":\"Judicializan a un hombre por presuntamente atacar a un caballo con arma blanca - Ciudad y Region\",\"isPartOf\":{\"@id\":\"https:\/\/ciudadyregion.com.co\/#website\"},\"primaryImageOfPage\":{\"@id\":\"https:\/\/ciudadyregion.com.co\/index.php\/judicializan-a-un-hombre-por-presuntamente-atacar-a-un-caballo-con-arma-blanca\/judicial\/#primaryimage\"},\"image\":{\"@id\":\"https:\/\/ciudadyregion.com.co\/index.php\/judicializan-a-un-hombre-por-presuntamente-atacar-a-un-caballo-con-arma-blanca\/judicial\/#primaryimage\"},\"thumbnailUrl\":\"https:\/\/i0.wp.com\/ciudadyregion.com.co\/wp-content\/uploads\/2024\/03\/5.jpg?fit=800%2C445&ssl=1\",\"datePublished\":\"2024-03-04T13:59:41+00:00\",\"dateModified\":\"2024-03-04T13:59:41+00:00\",\"author\":{\"@id\":\"https:\/\/ciudadyregion.com.co\/#\/schema\/person\/04a4954373ebc4051f46e8c65ff78622\"},\"breadcrumb\":{\"@id\":\"https:\/\/ciudadyregion.com.co\/index.php\/judicializan-a-un-hombre-por-presuntamente-atacar-a-un-caballo-con-arma-blanca\/judicial\/#breadcrumb\"},\"inLanguage\":\"es\",\"potentialAction\":[{\"@type\":\"ReadAction\",\"target\":[\"https:\/\/ciudadyregion.com.co\/index.php\/judicializan-a-un-hombre-por-presuntamente-atacar-a-un-caballo-con-arma-blanca\/judicial\/\"]}]},{\"@type\":\"ImageObject\",\"inLanguage\":\"es\",\"@id\":\"https:\/\/ciudadyregion.com.co\/index.php\/judicializan-a-un-hombre-por-presuntamente-atacar-a-un-caballo-con-arma-blanca\/judicial\/#primaryimage\",\"url\":\"https:\/\/i0.wp.com\/ciudadyregion.com.co\/wp-content\/uploads\/2024\/03\/5.jpg?fit=800%2C445&ssl=1\",\"contentUrl\":\"https:\/\/i0.wp.com\/ciudadyregion.com.co\/wp-content\/uploads\/2024\/03\/5.jpg?fit=800%2C445&ssl=1\",\"width\":800,\"height\":445},{\"@type\":\"BreadcrumbList\",\"@id\":\"https:\/\/ciudadyregion.com.co\/index.php\/judicializan-a-un-hombre-por-presuntamente-atacar-a-un-caballo-con-arma-blanca\/judicial\/#breadcrumb\",\"itemListElement\":[{\"@type\":\"ListItem\",\"position\":1,\"name\":\"Portada\",\"item\":\"https:\/\/ciudadyregion.com.co\/\"},{\"@type\":\"ListItem\",\"position\":2,\"name\":\"Judicializan a un hombre por presuntamente atacar a un caballo con arma blanca\"}]},{\"@type\":\"WebSite\",\"@id\":\"https:\/\/ciudadyregion.com.co\/#website\",\"url\":\"https:\/\/ciudadyregion.com.co\/\",\"name\":\"Ciudad y Region\",\"description\":\"\",\"potentialAction\":[{\"@type\":\"SearchAction\",\"target\":{\"@type\":\"EntryPoint\",\"urlTemplate\":\"https:\/\/ciudadyregion.com.co\/?s={search_term_string}\"},\"query-input\":{\"@type\":\"PropertyValueSpecification\",\"valueRequired\":true,\"valueName\":\"search_term_string\"}}],\"inLanguage\":\"es\"},{\"@type\":\"Person\",\"@id\":\"https:\/\/ciudadyregion.com.co\/#\/schema\/person\/04a4954373ebc4051f46e8c65ff78622\",\"name\":\"David Andr\u00e9s Aguirre\",\"image\":{\"@type\":\"ImageObject\",\"inLanguage\":\"es\",\"@id\":\"https:\/\/ciudadyregion.com.co\/#\/schema\/person\/image\/\",\"url\":\"https:\/\/secure.gravatar.com\/avatar\/bc3c655860202182ee6d1b5edd042dbe?s=96&d=mm&r=g\",\"contentUrl\":\"https:\/\/secure.gravatar.com\/avatar\/bc3c655860202182ee6d1b5edd042dbe?s=96&d=mm&r=g\",\"caption\":\"David Andr\u00e9s Aguirre\"},\"url\":\"https:\/\/ciudadyregion.com.co\/index.php\/author\/diegoaguirre\/\"}]}<\/script>\n<!-- \/ Yoast SEO plugin. -->","yoast_head_json":{"title":"Judicializan a un hombre por presuntamente atacar a un caballo con arma blanca - Ciudad y Region","robots":{"index":"index","follow":"follow","max-snippet":"max-snippet:-1","max-image-preview":"max-image-preview:large","max-video-preview":"max-video-preview:-1"},"canonical":"https:\/\/ciudadyregion.com.co\/index.php\/judicializan-a-un-hombre-por-presuntamente-atacar-a-un-caballo-con-arma-blanca\/judicial\/","og_locale":"es_ES","og_type":"article","og_title":"Judicializan a un hombre por presuntamente atacar a un caballo con arma blanca - Ciudad y Region","og_description":"En otro hecho de posible maltrato animal fue imputado el presunto responsable de agredir a una canina con un cuchillo en Santander. Fiscales del Grupo Especial para la Lucha contra el Maltrato Animal (Gelma) presentaron ante jueces de control de garant\u00edas a dos hombres que, en hechos distintos, habr\u00edan causadoContinuar Leyendo","og_url":"https:\/\/ciudadyregion.com.co\/index.php\/judicializan-a-un-hombre-por-presuntamente-atacar-a-un-caballo-con-arma-blanca\/judicial\/","og_site_name":"Ciudad y Region","article_published_time":"2024-03-04T13:59:41+00:00","og_image":[{"width":800,"height":445,"url":"https:\/\/ciudadyregion.com.co\/wp-content\/uploads\/2024\/03\/5.jpg","type":"image\/jpeg"}],"author":"David Andr\u00e9s Aguirre","twitter_card":"summary_large_image","twitter_misc":{"Escrito por":"David Andr\u00e9s Aguirre","Tiempo de lectura":"2 minutos"},"schema":{"@context":"https:\/\/schema.org","@graph":[{"@type":"WebPage","@id":"https:\/\/ciudadyregion.com.co\/index.php\/judicializan-a-un-hombre-por-presuntamente-atacar-a-un-caballo-con-arma-blanca\/judicial\/","url":"https:\/\/ciudadyregion.com.co\/index.php\/judicializan-a-un-hombre-por-presuntamente-atacar-a-un-caballo-con-arma-blanca\/judicial\/","name":"Judicializan a un hombre por presuntamente atacar a un caballo con arma blanca - Ciudad y Region","isPartOf":{"@id":"https:\/\/ciudadyregion.com.co\/#website"},"primaryImageOfPage":{"@id":"https:\/\/ciudadyregion.com.co\/index.php\/judicializan-a-un-hombre-por-presuntamente-atacar-a-un-caballo-con-arma-blanca\/judicial\/#primaryimage"},"image":{"@id":"https:\/\/ciudadyregion.com.co\/index.php\/judicializan-a-un-hombre-por-presuntamente-atacar-a-un-caballo-con-arma-blanca\/judicial\/#primaryimage"},"thumbnailUrl":"https:\/\/i0.wp.com\/ciudadyregion.com.co\/wp-content\/uploads\/2024\/03\/5.jpg?fit=800%2C445&ssl=1","datePublished":"2024-03-04T13:59:41+00:00","dateModified":"2024-03-04T13:59:41+00:00","author":{"@id":"https:\/\/ciudadyregion.com.co\/#\/schema\/person\/04a4954373ebc4051f46e8c65ff78622"},"breadcrumb":{"@id":"https:\/\/ciudadyregion.com.co\/index.php\/judicializan-a-un-hombre-por-presuntamente-atacar-a-un-caballo-con-arma-blanca\/judicial\/#breadcrumb"},"inLanguage":"es","potentialAction":[{"@type":"ReadAction","target":["https:\/\/ciudadyregion.com.co\/index.php\/judicializan-a-un-hombre-por-presuntamente-atacar-a-un-caballo-con-arma-blanca\/judicial\/"]}]},{"@type":"ImageObject","inLanguage":"es","@id":"https:\/\/ciudadyregion.com.co\/index.php\/judicializan-a-un-hombre-por-presuntamente-atacar-a-un-caballo-con-arma-blanca\/judicial\/#primaryimage","url":"https:\/\/i0.wp.com\/ciudadyregion.com.co\/wp-content\/uploads\/2024\/03\/5.jpg?fit=800%2C445&ssl=1","contentUrl":"https:\/\/i0.wp.com\/ciudadyregion.com.co\/wp-content\/uploads\/2024\/03\/5.jpg?fit=800%2C445&ssl=1","width":800,"height":445},{"@type":"BreadcrumbList","@id":"https:\/\/ciudadyregion.com.co\/index.php\/judicializan-a-un-hombre-por-presuntamente-atacar-a-un-caballo-con-arma-blanca\/judicial\/#breadcrumb","itemListElement":[{"@type":"ListItem","position":1,"name":"Portada","item":"https:\/\/ciudadyregion.com.co\/"},{"@type":"ListItem","position":2,"name":"Judicializan a un hombre por presuntamente atacar a un caballo con arma blanca"}]},{"@type":"WebSite","@id":"https:\/\/ciudadyregion.com.co\/#website","url":"https:\/\/ciudadyregion.com.co\/","name":"Ciudad y Region","description":"","potentialAction":[{"@type":"SearchAction","target":{"@type":"EntryPoint","urlTemplate":"https:\/\/ciudadyregion.com.co\/?s={search_term_string}"},"query-input":{"@type":"PropertyValueSpecification","valueRequired":true,"valueName":"search_term_string"}}],"inLanguage":"es"},{"@type":"Person","@id":"https:\/\/ciudadyregion.com.co\/#\/schema\/person\/04a4954373ebc4051f46e8c65ff78622","name":"David Andr\u00e9s Aguirre","image":{"@type":"ImageObject","inLanguage":"es","@id":"https:\/\/ciudadyregion.com.co\/#\/schema\/person\/image\/","url":"https:\/\/secure.gravatar.com\/avatar\/bc3c655860202182ee6d1b5edd042dbe?s=96&d=mm&r=g","contentUrl":"https:\/\/secure.gravatar.com\/avatar\/bc3c655860202182ee6d1b5edd042dbe?s=96&d=mm&r=g","caption":"David Andr\u00e9s Aguirre"},"url":"https:\/\/ciudadyregion.com.co\/index.php\/author\/diegoaguirre\/"}]}},"jetpack_featured_media_url":"https:\/\/i0.wp.com\/ciudadyregion.com.co\/wp-content\/uploads\/2024\/03\/5.jpg?fit=800%2C445&ssl=1","jetpack_sharing_enabled":true,"jetpack_shortlink":"https:\/\/wp.me\/pbS7hh-2k1","jetpack-related-posts":[],"_links":{"self":[{"href":"https:\/\/ciudadyregion.com.co\/index.php\/wp-json\/wp\/v2\/posts\/8929"}],"collection":[{"href":"https:\/\/ciudadyregion.com.co\/index.php\/wp-json\/wp\/v2\/posts"}],"about":[{"href":"https:\/\/ciudadyregion.com.co\/index.php\/wp-json\/wp\/v2\/types\/post"}],"author":[{"embeddable":true,"href":"https:\/\/ciudadyregion.com.co\/index.php\/wp-json\/wp\/v2\/users\/2"}],"replies":[{"embeddable":true,"href":"https:\/\/ciudadyregion.com.co\/index.php\/wp-json\/wp\/v2\/comments?post=8929"}],"version-history":[{"count":1,"href":"https:\/\/ciudadyregion.com.co\/index.php\/wp-json\/wp\/v2\/posts\/8929\/revisions"}],"predecessor-version":[{"id":8931,"href":"https:\/\/ciudadyregion.com.co\/index.php\/wp-json\/wp\/v2\/posts\/8929\/revisions\/8931"}],"wp:featuredmedia":[{"embeddable":true,"href":"https:\/\/ciudadyregion.com.co\/index.php\/wp-json\/wp\/v2\/media\/8930"}],"wp:attachment":[{"href":"https:\/\/ciudadyregion.com.co\/index.php\/wp-json\/wp\/v2\/media?parent=8929"}],"wp:term":[{"taxonomy":"category","embeddable":true,"href":"https:\/\/ciudadyregion.com.co\/index.php\/wp-json\/wp\/v2\/categories?post=8929"},{"taxonomy":"post_tag","embeddable":true,"href":"https:\/\/ciudadyregion.com.co\/index.php\/wp-json\/wp\/v2\/tags?post=8929"}],"curies":[{"name":"wp","href":"https:\/\/api.w.org\/{rel}","templated":true}]}}