{"id":8859,"date":"2024-03-02T08:04:48","date_gmt":"2024-03-02T13:04:48","guid":{"rendered":"https:\/\/ciudadyregion.com.co\/?p=8859"},"modified":"2024-03-02T08:04:48","modified_gmt":"2024-03-02T13:04:48","slug":"desde-bogota-inicio-el-conteo-regresivo-del-38-festival-nacional-de-la-musica-colombiana","status":"publish","type":"post","link":"https:\/\/ciudadyregion.com.co\/index.php\/desde-bogota-inicio-el-conteo-regresivo-del-38-festival-nacional-de-la-musica-colombiana\/cultura\/","title":{"rendered":"Desde Bogot\u00e1 inici\u00f3 el conteo regresivo del 38\u00b0 Festival Nacional de la M\u00fasica Colombiana"},"content":{"rendered":"<ul>\n<li><em>Diez duetos \u2018Pr\u00edncipes de la Canci\u00f3n\u2019 ofrecieron una velada como abrebocas a lo que ser\u00e1 la programaci\u00f3n de este evento en Ibagu\u00e9 y el Tolima, del 18 al 25 de marzo.<\/em><\/li>\n<\/ul>\n<p>Una vez m\u00e1s el Teatro Mayor Julio Mario Santodomingo, en Bogot\u00e1, fue el epicentro del concierto de gala del Festival Nacional de la M\u00fasica Colombiana, que para esta versi\u00f3n 38 reuni\u00f3 en escena a diez duetos que han obtenido el t\u00edtulo de Pr\u00edncipes de la Canci\u00f3n, como acto de reconocimiento de los 30 a\u00f1os de historia de salvaguarda de esta tradici\u00f3n musical.<\/p>\n<p>Este recital que se denomin\u00f3 \u2018La historia de un sue\u00f1o que se convirti\u00f3 en leyenda\u2019 cont\u00f3 con la presencia de la gobernadora del Tolima, Adriana Magali Matiz, autoridades locales y departamentales, artistas y la colonia tolimense en la capital del pa\u00eds.<\/p>\n<blockquote><p>\u201cEsto ser\u00e1 s\u00f2lo el abrebocas de lo que ser\u00e1 la edici\u00f3n 38 del Festival en Ibagu\u00e9, en la cual podremos disfrutar de m\u00e1s de 60 eventos, la mayor\u00eda gratuitos y con una connotaci\u00f3n muy especial, y es que el 21 de marzo, D\u00eda Nacional de la M\u00fasica Colombiana, tendremos conciertos de extensi\u00f3n en Honda y Chaparral\u201d, detall\u00f3 la secretaria de Cultura y Turismo del Tolima, Fabiola Jim\u00e9nez.<\/p><\/blockquote>\n<p>Tenga en cuenta que la programaci\u00f3n oficial de este Festival ser\u00e1 en Ibagu\u00e9 y el Tolima del 18 al 25 de marzo, con una variada agenda que incluye conciertos, concursos y encuentros.<\/p>\n<p><img data-recalc-dims=\"1\" loading=\"lazy\" decoding=\"async\" class=\"alignnone wp-image-8860 size-full\" src=\"https:\/\/i0.wp.com\/ciudadyregion.com.co\/wp-content\/uploads\/2024\/03\/WhatsApp-Image-2024-03-01-at-10.57.13-PM.jpeg?resize=1280%2C853&#038;ssl=1\" alt=\"\" width=\"1280\" height=\"853\" srcset=\"https:\/\/i0.wp.com\/ciudadyregion.com.co\/wp-content\/uploads\/2024\/03\/WhatsApp-Image-2024-03-01-at-10.57.13-PM.jpeg?w=1280&amp;ssl=1 1280w, https:\/\/i0.wp.com\/ciudadyregion.com.co\/wp-content\/uploads\/2024\/03\/WhatsApp-Image-2024-03-01-at-10.57.13-PM.jpeg?resize=300%2C200&amp;ssl=1 300w, https:\/\/i0.wp.com\/ciudadyregion.com.co\/wp-content\/uploads\/2024\/03\/WhatsApp-Image-2024-03-01-at-10.57.13-PM.jpeg?resize=1024%2C682&amp;ssl=1 1024w, https:\/\/i0.wp.com\/ciudadyregion.com.co\/wp-content\/uploads\/2024\/03\/WhatsApp-Image-2024-03-01-at-10.57.13-PM.jpeg?resize=768%2C512&amp;ssl=1 768w, https:\/\/i0.wp.com\/ciudadyregion.com.co\/wp-content\/uploads\/2024\/03\/WhatsApp-Image-2024-03-01-at-10.57.13-PM.jpeg?resize=391%2C260&amp;ssl=1 391w, https:\/\/i0.wp.com\/ciudadyregion.com.co\/wp-content\/uploads\/2024\/03\/WhatsApp-Image-2024-03-01-at-10.57.13-PM.jpeg?resize=465%2C310&amp;ssl=1 465w, https:\/\/i0.wp.com\/ciudadyregion.com.co\/wp-content\/uploads\/2024\/03\/WhatsApp-Image-2024-03-01-at-10.57.13-PM.jpeg?resize=695%2C463&amp;ssl=1 695w\" sizes=\"(max-width: 1280px) 100vw, 1280px\" \/><\/p>\n<p>De esta manera, empieza el conteo regresivo para que los tolimenses, colombianos y visitantes extranjeros puedan disfrutar de los ritmos tradicionales y propios de nuestro pa\u00eds, con una agenda que integrar\u00e1 a m\u00e1s de mil artistas en escena.<\/p>\n<p>Este evento que es declarado Patrimonio Cultural y Art\u00edstico de la Naci\u00f3n es organizado por la Fundaci\u00f3n Musical de Colombia y apoyado por la Gobernaci\u00f3n del Tolima, a trav\u00e9s de la Secretar\u00eda de Cultura y Turismo.<\/p>\n","protected":false},"excerpt":{"rendered":"<p>Diez duetos \u2018Pr\u00edncipes de la Canci\u00f3n\u2019 ofrecieron una velada como abrebocas a lo que ser\u00e1 la programaci\u00f3n de este evento en Ibagu\u00e9 y el Tolima, del 18 al 25 de marzo. Una vez m\u00e1s el Teatro Mayor Julio Mario Santodomingo, en Bogot\u00e1, fue el epicentro del concierto de gala del<span class=\"more-link\"><a href=\"https:\/\/ciudadyregion.com.co\/index.php\/desde-bogota-inicio-el-conteo-regresivo-del-38-festival-nacional-de-la-musica-colombiana\/cultura\/\">Continuar Leyendo<\/a><\/span><\/p>\n","protected":false},"author":2,"featured_media":8861,"comment_status":"open","ping_status":"open","sticky":false,"template":"","format":"standard","meta":{"_uf_show_specific_survey":0,"_uf_disable_surveys":false,"_jetpack_memberships_contains_paid_content":false,"footnotes":"","jetpack_publicize_message":"","jetpack_publicize_feature_enabled":true,"jetpack_social_post_already_shared":true,"jetpack_social_options":{"image_generator_settings":{"template":"highway","enabled":false},"version":2}},"categories":[30],"tags":[],"class_list":["entry","author-diegoaguirre","post-8859","post","type-post","status-publish","format-standard","has-post-thumbnail","category-cultura"],"jetpack_publicize_connections":[],"yoast_head":"<!-- This site is optimized with the Yoast SEO plugin v24.3 - https:\/\/yoast.com\/wordpress\/plugins\/seo\/ -->\n<title>Desde Bogot\u00e1 inici\u00f3 el conteo regresivo del 38\u00b0 Festival Nacional de la M\u00fasica Colombiana - Ciudad y Region<\/title>\n<meta name=\"robots\" content=\"index, follow, max-snippet:-1, max-image-preview:large, max-video-preview:-1\" \/>\n<link rel=\"canonical\" href=\"https:\/\/ciudadyregion.com.co\/index.php\/desde-bogota-inicio-el-conteo-regresivo-del-38-festival-nacional-de-la-musica-colombiana\/cultura\/\" \/>\n<meta property=\"og:locale\" content=\"es_ES\" \/>\n<meta property=\"og:type\" content=\"article\" \/>\n<meta property=\"og:title\" content=\"Desde Bogot\u00e1 inici\u00f3 el conteo regresivo del 38\u00b0 Festival Nacional de la M\u00fasica Colombiana - Ciudad y Region\" \/>\n<meta property=\"og:description\" content=\"Diez duetos \u2018Pr\u00edncipes de la Canci\u00f3n\u2019 ofrecieron una velada como abrebocas a lo que ser\u00e1 la programaci\u00f3n de este evento en Ibagu\u00e9 y el Tolima, del 18 al 25 de marzo. Una vez m\u00e1s el Teatro Mayor Julio Mario Santodomingo, en Bogot\u00e1, fue el epicentro del concierto de gala delContinuar Leyendo\" \/>\n<meta property=\"og:url\" content=\"https:\/\/ciudadyregion.com.co\/index.php\/desde-bogota-inicio-el-conteo-regresivo-del-38-festival-nacional-de-la-musica-colombiana\/cultura\/\" \/>\n<meta property=\"og:site_name\" content=\"Ciudad y Region\" \/>\n<meta property=\"article:published_time\" content=\"2024-03-02T13:04:48+00:00\" \/>\n<meta property=\"og:image\" content=\"https:\/\/ciudadyregion.com.co\/wp-content\/uploads\/2024\/03\/concierto.jpg\" \/>\n\t<meta property=\"og:image:width\" content=\"800\" \/>\n\t<meta property=\"og:image:height\" content=\"445\" \/>\n\t<meta property=\"og:image:type\" content=\"image\/jpeg\" \/>\n<meta name=\"author\" content=\"David Andr\u00e9s Aguirre\" \/>\n<meta name=\"twitter:card\" content=\"summary_large_image\" \/>\n<meta name=\"twitter:label1\" content=\"Escrito por\" \/>\n\t<meta name=\"twitter:data1\" content=\"David Andr\u00e9s Aguirre\" \/>\n\t<meta name=\"twitter:label2\" content=\"Tiempo de lectura\" \/>\n\t<meta name=\"twitter:data2\" content=\"2 minutos\" \/>\n<script type=\"application\/ld+json\" class=\"yoast-schema-graph\">{\"@context\":\"https:\/\/schema.org\",\"@graph\":[{\"@type\":\"WebPage\",\"@id\":\"https:\/\/ciudadyregion.com.co\/index.php\/desde-bogota-inicio-el-conteo-regresivo-del-38-festival-nacional-de-la-musica-colombiana\/cultura\/\",\"url\":\"https:\/\/ciudadyregion.com.co\/index.php\/desde-bogota-inicio-el-conteo-regresivo-del-38-festival-nacional-de-la-musica-colombiana\/cultura\/\",\"name\":\"Desde Bogot\u00e1 inici\u00f3 el conteo regresivo del 38\u00b0 Festival Nacional de la M\u00fasica Colombiana - Ciudad y Region\",\"isPartOf\":{\"@id\":\"https:\/\/ciudadyregion.com.co\/#website\"},\"primaryImageOfPage\":{\"@id\":\"https:\/\/ciudadyregion.com.co\/index.php\/desde-bogota-inicio-el-conteo-regresivo-del-38-festival-nacional-de-la-musica-colombiana\/cultura\/#primaryimage\"},\"image\":{\"@id\":\"https:\/\/ciudadyregion.com.co\/index.php\/desde-bogota-inicio-el-conteo-regresivo-del-38-festival-nacional-de-la-musica-colombiana\/cultura\/#primaryimage\"},\"thumbnailUrl\":\"https:\/\/i0.wp.com\/ciudadyregion.com.co\/wp-content\/uploads\/2024\/03\/concierto.jpg?fit=800%2C445&ssl=1\",\"datePublished\":\"2024-03-02T13:04:48+00:00\",\"dateModified\":\"2024-03-02T13:04:48+00:00\",\"author\":{\"@id\":\"https:\/\/ciudadyregion.com.co\/#\/schema\/person\/04a4954373ebc4051f46e8c65ff78622\"},\"breadcrumb\":{\"@id\":\"https:\/\/ciudadyregion.com.co\/index.php\/desde-bogota-inicio-el-conteo-regresivo-del-38-festival-nacional-de-la-musica-colombiana\/cultura\/#breadcrumb\"},\"inLanguage\":\"es\",\"potentialAction\":[{\"@type\":\"ReadAction\",\"target\":[\"https:\/\/ciudadyregion.com.co\/index.php\/desde-bogota-inicio-el-conteo-regresivo-del-38-festival-nacional-de-la-musica-colombiana\/cultura\/\"]}]},{\"@type\":\"ImageObject\",\"inLanguage\":\"es\",\"@id\":\"https:\/\/ciudadyregion.com.co\/index.php\/desde-bogota-inicio-el-conteo-regresivo-del-38-festival-nacional-de-la-musica-colombiana\/cultura\/#primaryimage\",\"url\":\"https:\/\/i0.wp.com\/ciudadyregion.com.co\/wp-content\/uploads\/2024\/03\/concierto.jpg?fit=800%2C445&ssl=1\",\"contentUrl\":\"https:\/\/i0.wp.com\/ciudadyregion.com.co\/wp-content\/uploads\/2024\/03\/concierto.jpg?fit=800%2C445&ssl=1\",\"width\":800,\"height\":445},{\"@type\":\"BreadcrumbList\",\"@id\":\"https:\/\/ciudadyregion.com.co\/index.php\/desde-bogota-inicio-el-conteo-regresivo-del-38-festival-nacional-de-la-musica-colombiana\/cultura\/#breadcrumb\",\"itemListElement\":[{\"@type\":\"ListItem\",\"position\":1,\"name\":\"Portada\",\"item\":\"https:\/\/ciudadyregion.com.co\/\"},{\"@type\":\"ListItem\",\"position\":2,\"name\":\"Desde Bogot\u00e1 inici\u00f3 el conteo regresivo del 38\u00b0 Festival Nacional de la M\u00fasica Colombiana\"}]},{\"@type\":\"WebSite\",\"@id\":\"https:\/\/ciudadyregion.com.co\/#website\",\"url\":\"https:\/\/ciudadyregion.com.co\/\",\"name\":\"Ciudad y Region\",\"description\":\"\",\"potentialAction\":[{\"@type\":\"SearchAction\",\"target\":{\"@type\":\"EntryPoint\",\"urlTemplate\":\"https:\/\/ciudadyregion.com.co\/?s={search_term_string}\"},\"query-input\":{\"@type\":\"PropertyValueSpecification\",\"valueRequired\":true,\"valueName\":\"search_term_string\"}}],\"inLanguage\":\"es\"},{\"@type\":\"Person\",\"@id\":\"https:\/\/ciudadyregion.com.co\/#\/schema\/person\/04a4954373ebc4051f46e8c65ff78622\",\"name\":\"David Andr\u00e9s Aguirre\",\"image\":{\"@type\":\"ImageObject\",\"inLanguage\":\"es\",\"@id\":\"https:\/\/ciudadyregion.com.co\/#\/schema\/person\/image\/\",\"url\":\"https:\/\/secure.gravatar.com\/avatar\/bc3c655860202182ee6d1b5edd042dbe?s=96&d=mm&r=g\",\"contentUrl\":\"https:\/\/secure.gravatar.com\/avatar\/bc3c655860202182ee6d1b5edd042dbe?s=96&d=mm&r=g\",\"caption\":\"David Andr\u00e9s Aguirre\"},\"url\":\"https:\/\/ciudadyregion.com.co\/index.php\/author\/diegoaguirre\/\"}]}<\/script>\n<!-- \/ Yoast SEO plugin. -->","yoast_head_json":{"title":"Desde Bogot\u00e1 inici\u00f3 el conteo regresivo del 38\u00b0 Festival Nacional de la M\u00fasica Colombiana - Ciudad y Region","robots":{"index":"index","follow":"follow","max-snippet":"max-snippet:-1","max-image-preview":"max-image-preview:large","max-video-preview":"max-video-preview:-1"},"canonical":"https:\/\/ciudadyregion.com.co\/index.php\/desde-bogota-inicio-el-conteo-regresivo-del-38-festival-nacional-de-la-musica-colombiana\/cultura\/","og_locale":"es_ES","og_type":"article","og_title":"Desde Bogot\u00e1 inici\u00f3 el conteo regresivo del 38\u00b0 Festival Nacional de la M\u00fasica Colombiana - Ciudad y Region","og_description":"Diez duetos \u2018Pr\u00edncipes de la Canci\u00f3n\u2019 ofrecieron una velada como abrebocas a lo que ser\u00e1 la programaci\u00f3n de este evento en Ibagu\u00e9 y el Tolima, del 18 al 25 de marzo. Una vez m\u00e1s el Teatro Mayor Julio Mario Santodomingo, en Bogot\u00e1, fue el epicentro del concierto de gala delContinuar Leyendo","og_url":"https:\/\/ciudadyregion.com.co\/index.php\/desde-bogota-inicio-el-conteo-regresivo-del-38-festival-nacional-de-la-musica-colombiana\/cultura\/","og_site_name":"Ciudad y Region","article_published_time":"2024-03-02T13:04:48+00:00","og_image":[{"width":800,"height":445,"url":"https:\/\/ciudadyregion.com.co\/wp-content\/uploads\/2024\/03\/concierto.jpg","type":"image\/jpeg"}],"author":"David Andr\u00e9s Aguirre","twitter_card":"summary_large_image","twitter_misc":{"Escrito por":"David Andr\u00e9s Aguirre","Tiempo de lectura":"2 minutos"},"schema":{"@context":"https:\/\/schema.org","@graph":[{"@type":"WebPage","@id":"https:\/\/ciudadyregion.com.co\/index.php\/desde-bogota-inicio-el-conteo-regresivo-del-38-festival-nacional-de-la-musica-colombiana\/cultura\/","url":"https:\/\/ciudadyregion.com.co\/index.php\/desde-bogota-inicio-el-conteo-regresivo-del-38-festival-nacional-de-la-musica-colombiana\/cultura\/","name":"Desde Bogot\u00e1 inici\u00f3 el conteo regresivo del 38\u00b0 Festival Nacional de la M\u00fasica Colombiana - Ciudad y Region","isPartOf":{"@id":"https:\/\/ciudadyregion.com.co\/#website"},"primaryImageOfPage":{"@id":"https:\/\/ciudadyregion.com.co\/index.php\/desde-bogota-inicio-el-conteo-regresivo-del-38-festival-nacional-de-la-musica-colombiana\/cultura\/#primaryimage"},"image":{"@id":"https:\/\/ciudadyregion.com.co\/index.php\/desde-bogota-inicio-el-conteo-regresivo-del-38-festival-nacional-de-la-musica-colombiana\/cultura\/#primaryimage"},"thumbnailUrl":"https:\/\/i0.wp.com\/ciudadyregion.com.co\/wp-content\/uploads\/2024\/03\/concierto.jpg?fit=800%2C445&ssl=1","datePublished":"2024-03-02T13:04:48+00:00","dateModified":"2024-03-02T13:04:48+00:00","author":{"@id":"https:\/\/ciudadyregion.com.co\/#\/schema\/person\/04a4954373ebc4051f46e8c65ff78622"},"breadcrumb":{"@id":"https:\/\/ciudadyregion.com.co\/index.php\/desde-bogota-inicio-el-conteo-regresivo-del-38-festival-nacional-de-la-musica-colombiana\/cultura\/#breadcrumb"},"inLanguage":"es","potentialAction":[{"@type":"ReadAction","target":["https:\/\/ciudadyregion.com.co\/index.php\/desde-bogota-inicio-el-conteo-regresivo-del-38-festival-nacional-de-la-musica-colombiana\/cultura\/"]}]},{"@type":"ImageObject","inLanguage":"es","@id":"https:\/\/ciudadyregion.com.co\/index.php\/desde-bogota-inicio-el-conteo-regresivo-del-38-festival-nacional-de-la-musica-colombiana\/cultura\/#primaryimage","url":"https:\/\/i0.wp.com\/ciudadyregion.com.co\/wp-content\/uploads\/2024\/03\/concierto.jpg?fit=800%2C445&ssl=1","contentUrl":"https:\/\/i0.wp.com\/ciudadyregion.com.co\/wp-content\/uploads\/2024\/03\/concierto.jpg?fit=800%2C445&ssl=1","width":800,"height":445},{"@type":"BreadcrumbList","@id":"https:\/\/ciudadyregion.com.co\/index.php\/desde-bogota-inicio-el-conteo-regresivo-del-38-festival-nacional-de-la-musica-colombiana\/cultura\/#breadcrumb","itemListElement":[{"@type":"ListItem","position":1,"name":"Portada","item":"https:\/\/ciudadyregion.com.co\/"},{"@type":"ListItem","position":2,"name":"Desde Bogot\u00e1 inici\u00f3 el conteo regresivo del 38\u00b0 Festival Nacional de la M\u00fasica Colombiana"}]},{"@type":"WebSite","@id":"https:\/\/ciudadyregion.com.co\/#website","url":"https:\/\/ciudadyregion.com.co\/","name":"Ciudad y Region","description":"","potentialAction":[{"@type":"SearchAction","target":{"@type":"EntryPoint","urlTemplate":"https:\/\/ciudadyregion.com.co\/?s={search_term_string}"},"query-input":{"@type":"PropertyValueSpecification","valueRequired":true,"valueName":"search_term_string"}}],"inLanguage":"es"},{"@type":"Person","@id":"https:\/\/ciudadyregion.com.co\/#\/schema\/person\/04a4954373ebc4051f46e8c65ff78622","name":"David Andr\u00e9s Aguirre","image":{"@type":"ImageObject","inLanguage":"es","@id":"https:\/\/ciudadyregion.com.co\/#\/schema\/person\/image\/","url":"https:\/\/secure.gravatar.com\/avatar\/bc3c655860202182ee6d1b5edd042dbe?s=96&d=mm&r=g","contentUrl":"https:\/\/secure.gravatar.com\/avatar\/bc3c655860202182ee6d1b5edd042dbe?s=96&d=mm&r=g","caption":"David Andr\u00e9s Aguirre"},"url":"https:\/\/ciudadyregion.com.co\/index.php\/author\/diegoaguirre\/"}]}},"jetpack_featured_media_url":"https:\/\/i0.wp.com\/ciudadyregion.com.co\/wp-content\/uploads\/2024\/03\/concierto.jpg?fit=800%2C445&ssl=1","jetpack_sharing_enabled":true,"jetpack_shortlink":"https:\/\/wp.me\/pbS7hh-2iT","jetpack-related-posts":[],"_links":{"self":[{"href":"https:\/\/ciudadyregion.com.co\/index.php\/wp-json\/wp\/v2\/posts\/8859"}],"collection":[{"href":"https:\/\/ciudadyregion.com.co\/index.php\/wp-json\/wp\/v2\/posts"}],"about":[{"href":"https:\/\/ciudadyregion.com.co\/index.php\/wp-json\/wp\/v2\/types\/post"}],"author":[{"embeddable":true,"href":"https:\/\/ciudadyregion.com.co\/index.php\/wp-json\/wp\/v2\/users\/2"}],"replies":[{"embeddable":true,"href":"https:\/\/ciudadyregion.com.co\/index.php\/wp-json\/wp\/v2\/comments?post=8859"}],"version-history":[{"count":1,"href":"https:\/\/ciudadyregion.com.co\/index.php\/wp-json\/wp\/v2\/posts\/8859\/revisions"}],"predecessor-version":[{"id":8862,"href":"https:\/\/ciudadyregion.com.co\/index.php\/wp-json\/wp\/v2\/posts\/8859\/revisions\/8862"}],"wp:featuredmedia":[{"embeddable":true,"href":"https:\/\/ciudadyregion.com.co\/index.php\/wp-json\/wp\/v2\/media\/8861"}],"wp:attachment":[{"href":"https:\/\/ciudadyregion.com.co\/index.php\/wp-json\/wp\/v2\/media?parent=8859"}],"wp:term":[{"taxonomy":"category","embeddable":true,"href":"https:\/\/ciudadyregion.com.co\/index.php\/wp-json\/wp\/v2\/categories?post=8859"},{"taxonomy":"post_tag","embeddable":true,"href":"https:\/\/ciudadyregion.com.co\/index.php\/wp-json\/wp\/v2\/tags?post=8859"}],"curies":[{"name":"wp","href":"https:\/\/api.w.org\/{rel}","templated":true}]}}