{"id":8856,"date":"2024-03-02T08:01:49","date_gmt":"2024-03-02T13:01:49","guid":{"rendered":"https:\/\/ciudadyregion.com.co\/?p=8856"},"modified":"2024-03-02T08:01:49","modified_gmt":"2024-03-02T13:01:49","slug":"en-anzoategui-empezo-la-campana-maternidad-segura-llega-al-territorio-en-el-marco-de-la-conmemoracion-del-mes-de-la-mujer","status":"publish","type":"post","link":"https:\/\/ciudadyregion.com.co\/index.php\/en-anzoategui-empezo-la-campana-maternidad-segura-llega-al-territorio-en-el-marco-de-la-conmemoracion-del-mes-de-la-mujer\/salud\/","title":{"rendered":"En Anzo\u00e1tegui empez\u00f3 la campa\u00f1a &#8216;Maternidad Segura llega al territorio&#8217; en el marco de la conmemoraci\u00f3n del mes de la mujer"},"content":{"rendered":"<ul>\n<li><em>Dando inicio a las actividades del mes de la mujer, la Gobernaci\u00f3n del Tolima en alianzas institucionales uni\u00f3 a la Secretar\u00eda de la Mujer y al hospital Federico Lleras, para llevar salud a las mujeres y sus familias_.<\/em><\/li>\n<\/ul>\n<p>La Secretar\u00eda de la Mujer del Tolima inici\u00f3 en el municipio de Anzo\u00e1tegui la campa\u00f1a de Maternidad Segura en el marco de la conmemoraci\u00f3n del mes de la mujer, en esta primera jornada desarrollada en el norte del departamento, se brind\u00f3 atenci\u00f3n a las mujeres y sus familias, simbolos del pilar institucional.<\/p>\n<p>Se ofrecieron servicios de vacunaci\u00f3n, ginecolog\u00eda especializada, pediatr\u00eda, citolog\u00eda vaginal, salud oral, prevenci\u00f3n de violencia con atenci\u00f3n de psicolog\u00eda, acompa\u00f1amiento en temas de salud mental y asesoramiento jur\u00eddico para casos de violencia de g\u00e9nero.<\/p>\n<p>Yuliana Romero, beneficiaria de la primera jornada de Maternidad Segura y residente de la vereda Buena vista expres\u00f3<\/p>\n<blockquote><p>\u00abQueremos darle gracias a la Gobernadora, que se ha puesto su mano en el coraz\u00f3n y a puesto su mente y ha abierto tantas oportunidades para nosotras que somos campesinas, que venimos de tan lejos a buscar est\u00e1 oportunidad que ha llegado ac\u00e1 a Anzo\u00e1tegui, espero que esto siga llegando a comunidades que realmente lo necesitan\u00bb.<\/p><\/blockquote>\n<p>De igual manera la jornada tambi\u00e9n cont\u00f3 con la participaci\u00f3n de mujeres emprendedoras, las cuales tuvieron un espacio en la feria de emprendimiento. Sandra Milena C\u00e9spedes creadora del emprendimiento Keka cosm\u00e9tica Natural resalt\u00f3 la visita y mencion\u00f3:<\/p>\n<blockquote><p>\u00abEs una ventana para que otras entidades, otros personajes conozcan nuestros sue\u00f1os, nuestros proyectos, como mujeres anzuetegunas, campesinas, mujeres emprendedoras. Agradecemos la oportunidad que nos brindan porque es la plataforma que necesitamos para crecer como empresa.<\/p><\/blockquote>\n<p>En total fueron atendidas 230 mujeres, en todas las especialidades brindadas en esta primera jornada de Maternidad Segura, iniciativa que llegar\u00e1 a m\u00e1s municipios del Departamento.<\/p>\n","protected":false},"excerpt":{"rendered":"<p>Dando inicio a las actividades del mes de la mujer, la Gobernaci\u00f3n del Tolima en alianzas institucionales uni\u00f3 a la Secretar\u00eda de la Mujer y al hospital Federico Lleras, para llevar salud a las mujeres y sus familias_. La Secretar\u00eda de la Mujer del Tolima inici\u00f3 en el municipio de<span class=\"more-link\"><a href=\"https:\/\/ciudadyregion.com.co\/index.php\/en-anzoategui-empezo-la-campana-maternidad-segura-llega-al-territorio-en-el-marco-de-la-conmemoracion-del-mes-de-la-mujer\/salud\/\">Continuar Leyendo<\/a><\/span><\/p>\n","protected":false},"author":2,"featured_media":8857,"comment_status":"open","ping_status":"open","sticky":false,"template":"","format":"standard","meta":{"_uf_show_specific_survey":0,"_uf_disable_surveys":false,"_jetpack_memberships_contains_paid_content":false,"footnotes":"","jetpack_publicize_message":"","jetpack_publicize_feature_enabled":true,"jetpack_social_post_already_shared":true,"jetpack_social_options":{"image_generator_settings":{"template":"highway","enabled":false},"version":2}},"categories":[13,29],"tags":[],"class_list":["entry","author-diegoaguirre","post-8856","post","type-post","status-publish","format-standard","has-post-thumbnail","category-regional","category-salud"],"jetpack_publicize_connections":[],"yoast_head":"<!-- This site is optimized with the Yoast SEO plugin v24.3 - https:\/\/yoast.com\/wordpress\/plugins\/seo\/ -->\n<title>En Anzo\u00e1tegui empez\u00f3 la campa\u00f1a &#039;Maternidad Segura llega al territorio&#039; en el marco de la conmemoraci\u00f3n del mes de la mujer - Ciudad y Region<\/title>\n<meta name=\"robots\" content=\"index, follow, max-snippet:-1, max-image-preview:large, max-video-preview:-1\" \/>\n<link rel=\"canonical\" href=\"https:\/\/ciudadyregion.com.co\/index.php\/en-anzoategui-empezo-la-campana-maternidad-segura-llega-al-territorio-en-el-marco-de-la-conmemoracion-del-mes-de-la-mujer\/salud\/\" \/>\n<meta property=\"og:locale\" content=\"es_ES\" \/>\n<meta property=\"og:type\" content=\"article\" \/>\n<meta property=\"og:title\" content=\"En Anzo\u00e1tegui empez\u00f3 la campa\u00f1a &#039;Maternidad Segura llega al territorio&#039; en el marco de la conmemoraci\u00f3n del mes de la mujer - Ciudad y Region\" \/>\n<meta property=\"og:description\" content=\"Dando inicio a las actividades del mes de la mujer, la Gobernaci\u00f3n del Tolima en alianzas institucionales uni\u00f3 a la Secretar\u00eda de la Mujer y al hospital Federico Lleras, para llevar salud a las mujeres y sus familias_. La Secretar\u00eda de la Mujer del Tolima inici\u00f3 en el municipio deContinuar Leyendo\" \/>\n<meta property=\"og:url\" content=\"https:\/\/ciudadyregion.com.co\/index.php\/en-anzoategui-empezo-la-campana-maternidad-segura-llega-al-territorio-en-el-marco-de-la-conmemoracion-del-mes-de-la-mujer\/salud\/\" \/>\n<meta property=\"og:site_name\" content=\"Ciudad y Region\" \/>\n<meta property=\"article:published_time\" content=\"2024-03-02T13:01:49+00:00\" \/>\n<meta property=\"og:image\" content=\"https:\/\/ciudadyregion.com.co\/wp-content\/uploads\/2024\/03\/maternidad-segura.jpg\" \/>\n\t<meta property=\"og:image:width\" content=\"800\" \/>\n\t<meta property=\"og:image:height\" content=\"445\" \/>\n\t<meta property=\"og:image:type\" content=\"image\/jpeg\" \/>\n<meta name=\"author\" content=\"David Andr\u00e9s Aguirre\" \/>\n<meta name=\"twitter:card\" content=\"summary_large_image\" \/>\n<meta name=\"twitter:label1\" content=\"Escrito por\" \/>\n\t<meta name=\"twitter:data1\" content=\"David Andr\u00e9s Aguirre\" \/>\n\t<meta name=\"twitter:label2\" content=\"Tiempo de lectura\" \/>\n\t<meta name=\"twitter:data2\" content=\"1 minuto\" \/>\n<script type=\"application\/ld+json\" class=\"yoast-schema-graph\">{\"@context\":\"https:\/\/schema.org\",\"@graph\":[{\"@type\":\"WebPage\",\"@id\":\"https:\/\/ciudadyregion.com.co\/index.php\/en-anzoategui-empezo-la-campana-maternidad-segura-llega-al-territorio-en-el-marco-de-la-conmemoracion-del-mes-de-la-mujer\/salud\/\",\"url\":\"https:\/\/ciudadyregion.com.co\/index.php\/en-anzoategui-empezo-la-campana-maternidad-segura-llega-al-territorio-en-el-marco-de-la-conmemoracion-del-mes-de-la-mujer\/salud\/\",\"name\":\"En Anzo\u00e1tegui empez\u00f3 la campa\u00f1a 'Maternidad Segura llega al territorio' en el marco de la conmemoraci\u00f3n del mes de la mujer - Ciudad y Region\",\"isPartOf\":{\"@id\":\"https:\/\/ciudadyregion.com.co\/#website\"},\"primaryImageOfPage\":{\"@id\":\"https:\/\/ciudadyregion.com.co\/index.php\/en-anzoategui-empezo-la-campana-maternidad-segura-llega-al-territorio-en-el-marco-de-la-conmemoracion-del-mes-de-la-mujer\/salud\/#primaryimage\"},\"image\":{\"@id\":\"https:\/\/ciudadyregion.com.co\/index.php\/en-anzoategui-empezo-la-campana-maternidad-segura-llega-al-territorio-en-el-marco-de-la-conmemoracion-del-mes-de-la-mujer\/salud\/#primaryimage\"},\"thumbnailUrl\":\"https:\/\/i0.wp.com\/ciudadyregion.com.co\/wp-content\/uploads\/2024\/03\/maternidad-segura.jpg?fit=800%2C445&ssl=1\",\"datePublished\":\"2024-03-02T13:01:49+00:00\",\"dateModified\":\"2024-03-02T13:01:49+00:00\",\"author\":{\"@id\":\"https:\/\/ciudadyregion.com.co\/#\/schema\/person\/04a4954373ebc4051f46e8c65ff78622\"},\"breadcrumb\":{\"@id\":\"https:\/\/ciudadyregion.com.co\/index.php\/en-anzoategui-empezo-la-campana-maternidad-segura-llega-al-territorio-en-el-marco-de-la-conmemoracion-del-mes-de-la-mujer\/salud\/#breadcrumb\"},\"inLanguage\":\"es\",\"potentialAction\":[{\"@type\":\"ReadAction\",\"target\":[\"https:\/\/ciudadyregion.com.co\/index.php\/en-anzoategui-empezo-la-campana-maternidad-segura-llega-al-territorio-en-el-marco-de-la-conmemoracion-del-mes-de-la-mujer\/salud\/\"]}]},{\"@type\":\"ImageObject\",\"inLanguage\":\"es\",\"@id\":\"https:\/\/ciudadyregion.com.co\/index.php\/en-anzoategui-empezo-la-campana-maternidad-segura-llega-al-territorio-en-el-marco-de-la-conmemoracion-del-mes-de-la-mujer\/salud\/#primaryimage\",\"url\":\"https:\/\/i0.wp.com\/ciudadyregion.com.co\/wp-content\/uploads\/2024\/03\/maternidad-segura.jpg?fit=800%2C445&ssl=1\",\"contentUrl\":\"https:\/\/i0.wp.com\/ciudadyregion.com.co\/wp-content\/uploads\/2024\/03\/maternidad-segura.jpg?fit=800%2C445&ssl=1\",\"width\":800,\"height\":445},{\"@type\":\"BreadcrumbList\",\"@id\":\"https:\/\/ciudadyregion.com.co\/index.php\/en-anzoategui-empezo-la-campana-maternidad-segura-llega-al-territorio-en-el-marco-de-la-conmemoracion-del-mes-de-la-mujer\/salud\/#breadcrumb\",\"itemListElement\":[{\"@type\":\"ListItem\",\"position\":1,\"name\":\"Portada\",\"item\":\"https:\/\/ciudadyregion.com.co\/\"},{\"@type\":\"ListItem\",\"position\":2,\"name\":\"En Anzo\u00e1tegui empez\u00f3 la campa\u00f1a &#8216;Maternidad Segura llega al territorio&#8217; en el marco de la conmemoraci\u00f3n del mes de la mujer\"}]},{\"@type\":\"WebSite\",\"@id\":\"https:\/\/ciudadyregion.com.co\/#website\",\"url\":\"https:\/\/ciudadyregion.com.co\/\",\"name\":\"Ciudad y Region\",\"description\":\"\",\"potentialAction\":[{\"@type\":\"SearchAction\",\"target\":{\"@type\":\"EntryPoint\",\"urlTemplate\":\"https:\/\/ciudadyregion.com.co\/?s={search_term_string}\"},\"query-input\":{\"@type\":\"PropertyValueSpecification\",\"valueRequired\":true,\"valueName\":\"search_term_string\"}}],\"inLanguage\":\"es\"},{\"@type\":\"Person\",\"@id\":\"https:\/\/ciudadyregion.com.co\/#\/schema\/person\/04a4954373ebc4051f46e8c65ff78622\",\"name\":\"David Andr\u00e9s Aguirre\",\"image\":{\"@type\":\"ImageObject\",\"inLanguage\":\"es\",\"@id\":\"https:\/\/ciudadyregion.com.co\/#\/schema\/person\/image\/\",\"url\":\"https:\/\/secure.gravatar.com\/avatar\/bc3c655860202182ee6d1b5edd042dbe?s=96&d=mm&r=g\",\"contentUrl\":\"https:\/\/secure.gravatar.com\/avatar\/bc3c655860202182ee6d1b5edd042dbe?s=96&d=mm&r=g\",\"caption\":\"David Andr\u00e9s Aguirre\"},\"url\":\"https:\/\/ciudadyregion.com.co\/index.php\/author\/diegoaguirre\/\"}]}<\/script>\n<!-- \/ Yoast SEO plugin. -->","yoast_head_json":{"title":"En Anzo\u00e1tegui empez\u00f3 la campa\u00f1a 'Maternidad Segura llega al territorio' en el marco de la conmemoraci\u00f3n del mes de la mujer - Ciudad y Region","robots":{"index":"index","follow":"follow","max-snippet":"max-snippet:-1","max-image-preview":"max-image-preview:large","max-video-preview":"max-video-preview:-1"},"canonical":"https:\/\/ciudadyregion.com.co\/index.php\/en-anzoategui-empezo-la-campana-maternidad-segura-llega-al-territorio-en-el-marco-de-la-conmemoracion-del-mes-de-la-mujer\/salud\/","og_locale":"es_ES","og_type":"article","og_title":"En Anzo\u00e1tegui empez\u00f3 la campa\u00f1a 'Maternidad Segura llega al territorio' en el marco de la conmemoraci\u00f3n del mes de la mujer - Ciudad y Region","og_description":"Dando inicio a las actividades del mes de la mujer, la Gobernaci\u00f3n del Tolima en alianzas institucionales uni\u00f3 a la Secretar\u00eda de la Mujer y al hospital Federico Lleras, para llevar salud a las mujeres y sus familias_. La Secretar\u00eda de la Mujer del Tolima inici\u00f3 en el municipio deContinuar Leyendo","og_url":"https:\/\/ciudadyregion.com.co\/index.php\/en-anzoategui-empezo-la-campana-maternidad-segura-llega-al-territorio-en-el-marco-de-la-conmemoracion-del-mes-de-la-mujer\/salud\/","og_site_name":"Ciudad y Region","article_published_time":"2024-03-02T13:01:49+00:00","og_image":[{"width":800,"height":445,"url":"https:\/\/ciudadyregion.com.co\/wp-content\/uploads\/2024\/03\/maternidad-segura.jpg","type":"image\/jpeg"}],"author":"David Andr\u00e9s Aguirre","twitter_card":"summary_large_image","twitter_misc":{"Escrito por":"David Andr\u00e9s Aguirre","Tiempo de lectura":"1 minuto"},"schema":{"@context":"https:\/\/schema.org","@graph":[{"@type":"WebPage","@id":"https:\/\/ciudadyregion.com.co\/index.php\/en-anzoategui-empezo-la-campana-maternidad-segura-llega-al-territorio-en-el-marco-de-la-conmemoracion-del-mes-de-la-mujer\/salud\/","url":"https:\/\/ciudadyregion.com.co\/index.php\/en-anzoategui-empezo-la-campana-maternidad-segura-llega-al-territorio-en-el-marco-de-la-conmemoracion-del-mes-de-la-mujer\/salud\/","name":"En Anzo\u00e1tegui empez\u00f3 la campa\u00f1a 'Maternidad Segura llega al territorio' en el marco de la conmemoraci\u00f3n del mes de la mujer - Ciudad y Region","isPartOf":{"@id":"https:\/\/ciudadyregion.com.co\/#website"},"primaryImageOfPage":{"@id":"https:\/\/ciudadyregion.com.co\/index.php\/en-anzoategui-empezo-la-campana-maternidad-segura-llega-al-territorio-en-el-marco-de-la-conmemoracion-del-mes-de-la-mujer\/salud\/#primaryimage"},"image":{"@id":"https:\/\/ciudadyregion.com.co\/index.php\/en-anzoategui-empezo-la-campana-maternidad-segura-llega-al-territorio-en-el-marco-de-la-conmemoracion-del-mes-de-la-mujer\/salud\/#primaryimage"},"thumbnailUrl":"https:\/\/i0.wp.com\/ciudadyregion.com.co\/wp-content\/uploads\/2024\/03\/maternidad-segura.jpg?fit=800%2C445&ssl=1","datePublished":"2024-03-02T13:01:49+00:00","dateModified":"2024-03-02T13:01:49+00:00","author":{"@id":"https:\/\/ciudadyregion.com.co\/#\/schema\/person\/04a4954373ebc4051f46e8c65ff78622"},"breadcrumb":{"@id":"https:\/\/ciudadyregion.com.co\/index.php\/en-anzoategui-empezo-la-campana-maternidad-segura-llega-al-territorio-en-el-marco-de-la-conmemoracion-del-mes-de-la-mujer\/salud\/#breadcrumb"},"inLanguage":"es","potentialAction":[{"@type":"ReadAction","target":["https:\/\/ciudadyregion.com.co\/index.php\/en-anzoategui-empezo-la-campana-maternidad-segura-llega-al-territorio-en-el-marco-de-la-conmemoracion-del-mes-de-la-mujer\/salud\/"]}]},{"@type":"ImageObject","inLanguage":"es","@id":"https:\/\/ciudadyregion.com.co\/index.php\/en-anzoategui-empezo-la-campana-maternidad-segura-llega-al-territorio-en-el-marco-de-la-conmemoracion-del-mes-de-la-mujer\/salud\/#primaryimage","url":"https:\/\/i0.wp.com\/ciudadyregion.com.co\/wp-content\/uploads\/2024\/03\/maternidad-segura.jpg?fit=800%2C445&ssl=1","contentUrl":"https:\/\/i0.wp.com\/ciudadyregion.com.co\/wp-content\/uploads\/2024\/03\/maternidad-segura.jpg?fit=800%2C445&ssl=1","width":800,"height":445},{"@type":"BreadcrumbList","@id":"https:\/\/ciudadyregion.com.co\/index.php\/en-anzoategui-empezo-la-campana-maternidad-segura-llega-al-territorio-en-el-marco-de-la-conmemoracion-del-mes-de-la-mujer\/salud\/#breadcrumb","itemListElement":[{"@type":"ListItem","position":1,"name":"Portada","item":"https:\/\/ciudadyregion.com.co\/"},{"@type":"ListItem","position":2,"name":"En Anzo\u00e1tegui empez\u00f3 la campa\u00f1a &#8216;Maternidad Segura llega al territorio&#8217; en el marco de la conmemoraci\u00f3n del mes de la mujer"}]},{"@type":"WebSite","@id":"https:\/\/ciudadyregion.com.co\/#website","url":"https:\/\/ciudadyregion.com.co\/","name":"Ciudad y Region","description":"","potentialAction":[{"@type":"SearchAction","target":{"@type":"EntryPoint","urlTemplate":"https:\/\/ciudadyregion.com.co\/?s={search_term_string}"},"query-input":{"@type":"PropertyValueSpecification","valueRequired":true,"valueName":"search_term_string"}}],"inLanguage":"es"},{"@type":"Person","@id":"https:\/\/ciudadyregion.com.co\/#\/schema\/person\/04a4954373ebc4051f46e8c65ff78622","name":"David Andr\u00e9s Aguirre","image":{"@type":"ImageObject","inLanguage":"es","@id":"https:\/\/ciudadyregion.com.co\/#\/schema\/person\/image\/","url":"https:\/\/secure.gravatar.com\/avatar\/bc3c655860202182ee6d1b5edd042dbe?s=96&d=mm&r=g","contentUrl":"https:\/\/secure.gravatar.com\/avatar\/bc3c655860202182ee6d1b5edd042dbe?s=96&d=mm&r=g","caption":"David Andr\u00e9s Aguirre"},"url":"https:\/\/ciudadyregion.com.co\/index.php\/author\/diegoaguirre\/"}]}},"jetpack_featured_media_url":"https:\/\/i0.wp.com\/ciudadyregion.com.co\/wp-content\/uploads\/2024\/03\/maternidad-segura.jpg?fit=800%2C445&ssl=1","jetpack_sharing_enabled":true,"jetpack_shortlink":"https:\/\/wp.me\/pbS7hh-2iQ","jetpack-related-posts":[],"_links":{"self":[{"href":"https:\/\/ciudadyregion.com.co\/index.php\/wp-json\/wp\/v2\/posts\/8856"}],"collection":[{"href":"https:\/\/ciudadyregion.com.co\/index.php\/wp-json\/wp\/v2\/posts"}],"about":[{"href":"https:\/\/ciudadyregion.com.co\/index.php\/wp-json\/wp\/v2\/types\/post"}],"author":[{"embeddable":true,"href":"https:\/\/ciudadyregion.com.co\/index.php\/wp-json\/wp\/v2\/users\/2"}],"replies":[{"embeddable":true,"href":"https:\/\/ciudadyregion.com.co\/index.php\/wp-json\/wp\/v2\/comments?post=8856"}],"version-history":[{"count":1,"href":"https:\/\/ciudadyregion.com.co\/index.php\/wp-json\/wp\/v2\/posts\/8856\/revisions"}],"predecessor-version":[{"id":8858,"href":"https:\/\/ciudadyregion.com.co\/index.php\/wp-json\/wp\/v2\/posts\/8856\/revisions\/8858"}],"wp:featuredmedia":[{"embeddable":true,"href":"https:\/\/ciudadyregion.com.co\/index.php\/wp-json\/wp\/v2\/media\/8857"}],"wp:attachment":[{"href":"https:\/\/ciudadyregion.com.co\/index.php\/wp-json\/wp\/v2\/media?parent=8856"}],"wp:term":[{"taxonomy":"category","embeddable":true,"href":"https:\/\/ciudadyregion.com.co\/index.php\/wp-json\/wp\/v2\/categories?post=8856"},{"taxonomy":"post_tag","embeddable":true,"href":"https:\/\/ciudadyregion.com.co\/index.php\/wp-json\/wp\/v2\/tags?post=8856"}],"curies":[{"name":"wp","href":"https:\/\/api.w.org\/{rel}","templated":true}]}}