{"id":8850,"date":"2024-03-02T07:55:11","date_gmt":"2024-03-02T12:55:11","guid":{"rendered":"https:\/\/ciudadyregion.com.co\/?p=8850"},"modified":"2024-03-02T07:55:11","modified_gmt":"2024-03-02T12:55:11","slug":"el-tolima-alza-vuelo-aeronautica-civil-anuncia-inversiones-millonarias-y-proyectos-claves-para-el-desarrollo-aeroportuario-de-la-region","status":"publish","type":"post","link":"https:\/\/ciudadyregion.com.co\/index.php\/el-tolima-alza-vuelo-aeronautica-civil-anuncia-inversiones-millonarias-y-proyectos-claves-para-el-desarrollo-aeroportuario-de-la-region\/regional\/","title":{"rendered":"\u00a1El Tolima alza vuelo! Aeron\u00e1utica Civil anuncia inversiones millonarias y proyectos claves para el desarrollo aeroportuario de la regi\u00f3n"},"content":{"rendered":"<ul>\n<li><em>Las decisiones que buscan promocionar al Tolima como destino tur\u00edstico en el pa\u00eds, se dieron a conocer en un encuentro con el equipo t\u00e9cnico de la Aeron\u00e1utica Civil.<\/em><\/li>\n<\/ul>\n<p>El equipo t\u00e9cnico de la Aeron\u00e1utica Civil, la gobernadora del Tolima, Adriana Magali Matiz, la alcaldesa de Ibagu\u00e9, Johana Aranda y el presidente de los gremios econ\u00f3micos de la regi\u00f3n, Efra\u00edn Valencia, sostuvieron una reuni\u00f3n clave para abordar mejoras en la infraestructura aeroportuaria.<\/p>\n<p>De acuerdo con la gobernadora Adriana Magali Matiz, en este encuentro se destac\u00f3 la urgencia de mejorar el sistema de iluminaci\u00f3n del Aeropuerto Perales.<\/p>\n<blockquote><p>\u201cYa la Aeron\u00e1utica se encuentra adelantando el respectivo proceso contractual para instalar las luces PAPI (Precision Approach Path Indicator) que se requieren para mejorar el sistema de iluminaci\u00f3n\u201d, sostuvo la mandataria de los tolimenses.<\/p><\/blockquote>\n<p>Del mismo modo, Matiz dio a conocer que se llevar\u00e1 a cabo una mesa de trabajo destinada a la adquisici\u00f3n de predios en el Aeropuerto Perales. \u201cEsto se realiza con el el fin de instalar el ALS que es el instrumento de navegabilidad que se necesita y se requiere tambi\u00e9n en el aeropuerto\u201d.<\/p>\n<p>Adem\u00e1s, en el Aeropuerto Santiago Vila del municipio de Flandes, se llevar\u00e1 a cabo una inversi\u00f3n por parte del Gobierno Nacional de m\u00e1s de $51.000 millones. La adjudicaci\u00f3n del proyecto est\u00e1 prevista para finales de marzo, hecho significativo para el desarrollo aeroportuario de la regi\u00f3n.<\/p>\n<p>A este proyecto se suma la inversi\u00f3n que har\u00e1 la Gobernaci\u00f3n del Tolima de forma articulada con Alcald\u00eda de Flandes para pavimentar las v\u00edas de acceso al aeropuerto.<\/p>\n<p>Entre tanto, para fortalecer la conectividad, se acord\u00f3 la realizaci\u00f3n de una mesa de interacci\u00f3n con diversas aerol\u00edneas. Esto no solo optimizar\u00e1 los servicios, tambi\u00e9n buscar\u00e1 promover el turismo en Ibagu\u00e9 y el departamento de Tolima.<\/p>\n<p>Por su parte, Efra\u00edn Valencia, presidente de los gremios del Tolima, calific\u00f3 como relevante el encuentro.<\/p>\n<blockquote><p>\u201cEsta reuni\u00f3n permite con precisi\u00f3n determinar lo que requiere nuestro aeropuerto Perales para ser m\u00e1s competitivo\u201d, se\u00f1al\u00f3.<\/p><\/blockquote>\n","protected":false},"excerpt":{"rendered":"<p>Las decisiones que buscan promocionar al Tolima como destino tur\u00edstico en el pa\u00eds, se dieron a conocer en un encuentro con el equipo t\u00e9cnico de la Aeron\u00e1utica Civil. El equipo t\u00e9cnico de la Aeron\u00e1utica Civil, la gobernadora del Tolima, Adriana Magali Matiz, la alcaldesa de Ibagu\u00e9, Johana Aranda y el<span class=\"more-link\"><a href=\"https:\/\/ciudadyregion.com.co\/index.php\/el-tolima-alza-vuelo-aeronautica-civil-anuncia-inversiones-millonarias-y-proyectos-claves-para-el-desarrollo-aeroportuario-de-la-region\/regional\/\">Continuar Leyendo<\/a><\/span><\/p>\n","protected":false},"author":2,"featured_media":8851,"comment_status":"open","ping_status":"open","sticky":false,"template":"","format":"standard","meta":{"_uf_show_specific_survey":0,"_uf_disable_surveys":false,"_jetpack_memberships_contains_paid_content":false,"footnotes":"","jetpack_publicize_message":"","jetpack_publicize_feature_enabled":true,"jetpack_social_post_already_shared":true,"jetpack_social_options":{"image_generator_settings":{"template":"highway","enabled":false},"version":2}},"categories":[13],"tags":[],"class_list":["entry","author-diegoaguirre","post-8850","post","type-post","status-publish","format-standard","has-post-thumbnail","category-regional"],"jetpack_publicize_connections":[],"yoast_head":"<!-- This site is optimized with the Yoast SEO plugin v24.3 - https:\/\/yoast.com\/wordpress\/plugins\/seo\/ -->\n<title>\u00a1El Tolima alza vuelo! Aeron\u00e1utica Civil anuncia inversiones millonarias y proyectos claves para el desarrollo aeroportuario de la regi\u00f3n - Ciudad y Region<\/title>\n<meta name=\"robots\" content=\"index, follow, max-snippet:-1, max-image-preview:large, max-video-preview:-1\" \/>\n<link rel=\"canonical\" href=\"https:\/\/ciudadyregion.com.co\/index.php\/el-tolima-alza-vuelo-aeronautica-civil-anuncia-inversiones-millonarias-y-proyectos-claves-para-el-desarrollo-aeroportuario-de-la-region\/regional\/\" \/>\n<meta property=\"og:locale\" content=\"es_ES\" \/>\n<meta property=\"og:type\" content=\"article\" \/>\n<meta property=\"og:title\" content=\"\u00a1El Tolima alza vuelo! Aeron\u00e1utica Civil anuncia inversiones millonarias y proyectos claves para el desarrollo aeroportuario de la regi\u00f3n - Ciudad y Region\" \/>\n<meta property=\"og:description\" content=\"Las decisiones que buscan promocionar al Tolima como destino tur\u00edstico en el pa\u00eds, se dieron a conocer en un encuentro con el equipo t\u00e9cnico de la Aeron\u00e1utica Civil. El equipo t\u00e9cnico de la Aeron\u00e1utica Civil, la gobernadora del Tolima, Adriana Magali Matiz, la alcaldesa de Ibagu\u00e9, Johana Aranda y elContinuar Leyendo\" \/>\n<meta property=\"og:url\" content=\"https:\/\/ciudadyregion.com.co\/index.php\/el-tolima-alza-vuelo-aeronautica-civil-anuncia-inversiones-millonarias-y-proyectos-claves-para-el-desarrollo-aeroportuario-de-la-region\/regional\/\" \/>\n<meta property=\"og:site_name\" content=\"Ciudad y Region\" \/>\n<meta property=\"article:published_time\" content=\"2024-03-02T12:55:11+00:00\" \/>\n<meta property=\"og:image\" content=\"https:\/\/ciudadyregion.com.co\/wp-content\/uploads\/2024\/03\/aeronautica-civil-aeropuerto.jpg\" \/>\n\t<meta property=\"og:image:width\" content=\"800\" \/>\n\t<meta property=\"og:image:height\" content=\"445\" \/>\n\t<meta property=\"og:image:type\" content=\"image\/jpeg\" \/>\n<meta name=\"author\" content=\"David Andr\u00e9s Aguirre\" \/>\n<meta name=\"twitter:card\" content=\"summary_large_image\" \/>\n<meta name=\"twitter:label1\" content=\"Escrito por\" \/>\n\t<meta name=\"twitter:data1\" content=\"David Andr\u00e9s Aguirre\" \/>\n\t<meta name=\"twitter:label2\" content=\"Tiempo de lectura\" \/>\n\t<meta name=\"twitter:data2\" content=\"2 minutos\" \/>\n<script type=\"application\/ld+json\" class=\"yoast-schema-graph\">{\"@context\":\"https:\/\/schema.org\",\"@graph\":[{\"@type\":\"WebPage\",\"@id\":\"https:\/\/ciudadyregion.com.co\/index.php\/el-tolima-alza-vuelo-aeronautica-civil-anuncia-inversiones-millonarias-y-proyectos-claves-para-el-desarrollo-aeroportuario-de-la-region\/regional\/\",\"url\":\"https:\/\/ciudadyregion.com.co\/index.php\/el-tolima-alza-vuelo-aeronautica-civil-anuncia-inversiones-millonarias-y-proyectos-claves-para-el-desarrollo-aeroportuario-de-la-region\/regional\/\",\"name\":\"\u00a1El Tolima alza vuelo! Aeron\u00e1utica Civil anuncia inversiones millonarias y proyectos claves para el desarrollo aeroportuario de la regi\u00f3n - Ciudad y Region\",\"isPartOf\":{\"@id\":\"https:\/\/ciudadyregion.com.co\/#website\"},\"primaryImageOfPage\":{\"@id\":\"https:\/\/ciudadyregion.com.co\/index.php\/el-tolima-alza-vuelo-aeronautica-civil-anuncia-inversiones-millonarias-y-proyectos-claves-para-el-desarrollo-aeroportuario-de-la-region\/regional\/#primaryimage\"},\"image\":{\"@id\":\"https:\/\/ciudadyregion.com.co\/index.php\/el-tolima-alza-vuelo-aeronautica-civil-anuncia-inversiones-millonarias-y-proyectos-claves-para-el-desarrollo-aeroportuario-de-la-region\/regional\/#primaryimage\"},\"thumbnailUrl\":\"https:\/\/i0.wp.com\/ciudadyregion.com.co\/wp-content\/uploads\/2024\/03\/aeronautica-civil-aeropuerto.jpg?fit=800%2C445&ssl=1\",\"datePublished\":\"2024-03-02T12:55:11+00:00\",\"dateModified\":\"2024-03-02T12:55:11+00:00\",\"author\":{\"@id\":\"https:\/\/ciudadyregion.com.co\/#\/schema\/person\/04a4954373ebc4051f46e8c65ff78622\"},\"breadcrumb\":{\"@id\":\"https:\/\/ciudadyregion.com.co\/index.php\/el-tolima-alza-vuelo-aeronautica-civil-anuncia-inversiones-millonarias-y-proyectos-claves-para-el-desarrollo-aeroportuario-de-la-region\/regional\/#breadcrumb\"},\"inLanguage\":\"es\",\"potentialAction\":[{\"@type\":\"ReadAction\",\"target\":[\"https:\/\/ciudadyregion.com.co\/index.php\/el-tolima-alza-vuelo-aeronautica-civil-anuncia-inversiones-millonarias-y-proyectos-claves-para-el-desarrollo-aeroportuario-de-la-region\/regional\/\"]}]},{\"@type\":\"ImageObject\",\"inLanguage\":\"es\",\"@id\":\"https:\/\/ciudadyregion.com.co\/index.php\/el-tolima-alza-vuelo-aeronautica-civil-anuncia-inversiones-millonarias-y-proyectos-claves-para-el-desarrollo-aeroportuario-de-la-region\/regional\/#primaryimage\",\"url\":\"https:\/\/i0.wp.com\/ciudadyregion.com.co\/wp-content\/uploads\/2024\/03\/aeronautica-civil-aeropuerto.jpg?fit=800%2C445&ssl=1\",\"contentUrl\":\"https:\/\/i0.wp.com\/ciudadyregion.com.co\/wp-content\/uploads\/2024\/03\/aeronautica-civil-aeropuerto.jpg?fit=800%2C445&ssl=1\",\"width\":800,\"height\":445},{\"@type\":\"BreadcrumbList\",\"@id\":\"https:\/\/ciudadyregion.com.co\/index.php\/el-tolima-alza-vuelo-aeronautica-civil-anuncia-inversiones-millonarias-y-proyectos-claves-para-el-desarrollo-aeroportuario-de-la-region\/regional\/#breadcrumb\",\"itemListElement\":[{\"@type\":\"ListItem\",\"position\":1,\"name\":\"Portada\",\"item\":\"https:\/\/ciudadyregion.com.co\/\"},{\"@type\":\"ListItem\",\"position\":2,\"name\":\"\u00a1El Tolima alza vuelo! Aeron\u00e1utica Civil anuncia inversiones millonarias y proyectos claves para el desarrollo aeroportuario de la regi\u00f3n\"}]},{\"@type\":\"WebSite\",\"@id\":\"https:\/\/ciudadyregion.com.co\/#website\",\"url\":\"https:\/\/ciudadyregion.com.co\/\",\"name\":\"Ciudad y Region\",\"description\":\"\",\"potentialAction\":[{\"@type\":\"SearchAction\",\"target\":{\"@type\":\"EntryPoint\",\"urlTemplate\":\"https:\/\/ciudadyregion.com.co\/?s={search_term_string}\"},\"query-input\":{\"@type\":\"PropertyValueSpecification\",\"valueRequired\":true,\"valueName\":\"search_term_string\"}}],\"inLanguage\":\"es\"},{\"@type\":\"Person\",\"@id\":\"https:\/\/ciudadyregion.com.co\/#\/schema\/person\/04a4954373ebc4051f46e8c65ff78622\",\"name\":\"David Andr\u00e9s Aguirre\",\"image\":{\"@type\":\"ImageObject\",\"inLanguage\":\"es\",\"@id\":\"https:\/\/ciudadyregion.com.co\/#\/schema\/person\/image\/\",\"url\":\"https:\/\/secure.gravatar.com\/avatar\/bc3c655860202182ee6d1b5edd042dbe?s=96&d=mm&r=g\",\"contentUrl\":\"https:\/\/secure.gravatar.com\/avatar\/bc3c655860202182ee6d1b5edd042dbe?s=96&d=mm&r=g\",\"caption\":\"David Andr\u00e9s Aguirre\"},\"url\":\"https:\/\/ciudadyregion.com.co\/index.php\/author\/diegoaguirre\/\"}]}<\/script>\n<!-- \/ Yoast SEO plugin. -->","yoast_head_json":{"title":"\u00a1El Tolima alza vuelo! Aeron\u00e1utica Civil anuncia inversiones millonarias y proyectos claves para el desarrollo aeroportuario de la regi\u00f3n - Ciudad y Region","robots":{"index":"index","follow":"follow","max-snippet":"max-snippet:-1","max-image-preview":"max-image-preview:large","max-video-preview":"max-video-preview:-1"},"canonical":"https:\/\/ciudadyregion.com.co\/index.php\/el-tolima-alza-vuelo-aeronautica-civil-anuncia-inversiones-millonarias-y-proyectos-claves-para-el-desarrollo-aeroportuario-de-la-region\/regional\/","og_locale":"es_ES","og_type":"article","og_title":"\u00a1El Tolima alza vuelo! Aeron\u00e1utica Civil anuncia inversiones millonarias y proyectos claves para el desarrollo aeroportuario de la regi\u00f3n - Ciudad y Region","og_description":"Las decisiones que buscan promocionar al Tolima como destino tur\u00edstico en el pa\u00eds, se dieron a conocer en un encuentro con el equipo t\u00e9cnico de la Aeron\u00e1utica Civil. El equipo t\u00e9cnico de la Aeron\u00e1utica Civil, la gobernadora del Tolima, Adriana Magali Matiz, la alcaldesa de Ibagu\u00e9, Johana Aranda y elContinuar Leyendo","og_url":"https:\/\/ciudadyregion.com.co\/index.php\/el-tolima-alza-vuelo-aeronautica-civil-anuncia-inversiones-millonarias-y-proyectos-claves-para-el-desarrollo-aeroportuario-de-la-region\/regional\/","og_site_name":"Ciudad y Region","article_published_time":"2024-03-02T12:55:11+00:00","og_image":[{"width":800,"height":445,"url":"https:\/\/ciudadyregion.com.co\/wp-content\/uploads\/2024\/03\/aeronautica-civil-aeropuerto.jpg","type":"image\/jpeg"}],"author":"David Andr\u00e9s Aguirre","twitter_card":"summary_large_image","twitter_misc":{"Escrito por":"David Andr\u00e9s Aguirre","Tiempo de lectura":"2 minutos"},"schema":{"@context":"https:\/\/schema.org","@graph":[{"@type":"WebPage","@id":"https:\/\/ciudadyregion.com.co\/index.php\/el-tolima-alza-vuelo-aeronautica-civil-anuncia-inversiones-millonarias-y-proyectos-claves-para-el-desarrollo-aeroportuario-de-la-region\/regional\/","url":"https:\/\/ciudadyregion.com.co\/index.php\/el-tolima-alza-vuelo-aeronautica-civil-anuncia-inversiones-millonarias-y-proyectos-claves-para-el-desarrollo-aeroportuario-de-la-region\/regional\/","name":"\u00a1El Tolima alza vuelo! Aeron\u00e1utica Civil anuncia inversiones millonarias y proyectos claves para el desarrollo aeroportuario de la regi\u00f3n - Ciudad y Region","isPartOf":{"@id":"https:\/\/ciudadyregion.com.co\/#website"},"primaryImageOfPage":{"@id":"https:\/\/ciudadyregion.com.co\/index.php\/el-tolima-alza-vuelo-aeronautica-civil-anuncia-inversiones-millonarias-y-proyectos-claves-para-el-desarrollo-aeroportuario-de-la-region\/regional\/#primaryimage"},"image":{"@id":"https:\/\/ciudadyregion.com.co\/index.php\/el-tolima-alza-vuelo-aeronautica-civil-anuncia-inversiones-millonarias-y-proyectos-claves-para-el-desarrollo-aeroportuario-de-la-region\/regional\/#primaryimage"},"thumbnailUrl":"https:\/\/i0.wp.com\/ciudadyregion.com.co\/wp-content\/uploads\/2024\/03\/aeronautica-civil-aeropuerto.jpg?fit=800%2C445&ssl=1","datePublished":"2024-03-02T12:55:11+00:00","dateModified":"2024-03-02T12:55:11+00:00","author":{"@id":"https:\/\/ciudadyregion.com.co\/#\/schema\/person\/04a4954373ebc4051f46e8c65ff78622"},"breadcrumb":{"@id":"https:\/\/ciudadyregion.com.co\/index.php\/el-tolima-alza-vuelo-aeronautica-civil-anuncia-inversiones-millonarias-y-proyectos-claves-para-el-desarrollo-aeroportuario-de-la-region\/regional\/#breadcrumb"},"inLanguage":"es","potentialAction":[{"@type":"ReadAction","target":["https:\/\/ciudadyregion.com.co\/index.php\/el-tolima-alza-vuelo-aeronautica-civil-anuncia-inversiones-millonarias-y-proyectos-claves-para-el-desarrollo-aeroportuario-de-la-region\/regional\/"]}]},{"@type":"ImageObject","inLanguage":"es","@id":"https:\/\/ciudadyregion.com.co\/index.php\/el-tolima-alza-vuelo-aeronautica-civil-anuncia-inversiones-millonarias-y-proyectos-claves-para-el-desarrollo-aeroportuario-de-la-region\/regional\/#primaryimage","url":"https:\/\/i0.wp.com\/ciudadyregion.com.co\/wp-content\/uploads\/2024\/03\/aeronautica-civil-aeropuerto.jpg?fit=800%2C445&ssl=1","contentUrl":"https:\/\/i0.wp.com\/ciudadyregion.com.co\/wp-content\/uploads\/2024\/03\/aeronautica-civil-aeropuerto.jpg?fit=800%2C445&ssl=1","width":800,"height":445},{"@type":"BreadcrumbList","@id":"https:\/\/ciudadyregion.com.co\/index.php\/el-tolima-alza-vuelo-aeronautica-civil-anuncia-inversiones-millonarias-y-proyectos-claves-para-el-desarrollo-aeroportuario-de-la-region\/regional\/#breadcrumb","itemListElement":[{"@type":"ListItem","position":1,"name":"Portada","item":"https:\/\/ciudadyregion.com.co\/"},{"@type":"ListItem","position":2,"name":"\u00a1El Tolima alza vuelo! Aeron\u00e1utica Civil anuncia inversiones millonarias y proyectos claves para el desarrollo aeroportuario de la regi\u00f3n"}]},{"@type":"WebSite","@id":"https:\/\/ciudadyregion.com.co\/#website","url":"https:\/\/ciudadyregion.com.co\/","name":"Ciudad y Region","description":"","potentialAction":[{"@type":"SearchAction","target":{"@type":"EntryPoint","urlTemplate":"https:\/\/ciudadyregion.com.co\/?s={search_term_string}"},"query-input":{"@type":"PropertyValueSpecification","valueRequired":true,"valueName":"search_term_string"}}],"inLanguage":"es"},{"@type":"Person","@id":"https:\/\/ciudadyregion.com.co\/#\/schema\/person\/04a4954373ebc4051f46e8c65ff78622","name":"David Andr\u00e9s Aguirre","image":{"@type":"ImageObject","inLanguage":"es","@id":"https:\/\/ciudadyregion.com.co\/#\/schema\/person\/image\/","url":"https:\/\/secure.gravatar.com\/avatar\/bc3c655860202182ee6d1b5edd042dbe?s=96&d=mm&r=g","contentUrl":"https:\/\/secure.gravatar.com\/avatar\/bc3c655860202182ee6d1b5edd042dbe?s=96&d=mm&r=g","caption":"David Andr\u00e9s Aguirre"},"url":"https:\/\/ciudadyregion.com.co\/index.php\/author\/diegoaguirre\/"}]}},"jetpack_featured_media_url":"https:\/\/i0.wp.com\/ciudadyregion.com.co\/wp-content\/uploads\/2024\/03\/aeronautica-civil-aeropuerto.jpg?fit=800%2C445&ssl=1","jetpack_sharing_enabled":true,"jetpack_shortlink":"https:\/\/wp.me\/pbS7hh-2iK","jetpack-related-posts":[],"_links":{"self":[{"href":"https:\/\/ciudadyregion.com.co\/index.php\/wp-json\/wp\/v2\/posts\/8850"}],"collection":[{"href":"https:\/\/ciudadyregion.com.co\/index.php\/wp-json\/wp\/v2\/posts"}],"about":[{"href":"https:\/\/ciudadyregion.com.co\/index.php\/wp-json\/wp\/v2\/types\/post"}],"author":[{"embeddable":true,"href":"https:\/\/ciudadyregion.com.co\/index.php\/wp-json\/wp\/v2\/users\/2"}],"replies":[{"embeddable":true,"href":"https:\/\/ciudadyregion.com.co\/index.php\/wp-json\/wp\/v2\/comments?post=8850"}],"version-history":[{"count":1,"href":"https:\/\/ciudadyregion.com.co\/index.php\/wp-json\/wp\/v2\/posts\/8850\/revisions"}],"predecessor-version":[{"id":8852,"href":"https:\/\/ciudadyregion.com.co\/index.php\/wp-json\/wp\/v2\/posts\/8850\/revisions\/8852"}],"wp:featuredmedia":[{"embeddable":true,"href":"https:\/\/ciudadyregion.com.co\/index.php\/wp-json\/wp\/v2\/media\/8851"}],"wp:attachment":[{"href":"https:\/\/ciudadyregion.com.co\/index.php\/wp-json\/wp\/v2\/media?parent=8850"}],"wp:term":[{"taxonomy":"category","embeddable":true,"href":"https:\/\/ciudadyregion.com.co\/index.php\/wp-json\/wp\/v2\/categories?post=8850"},{"taxonomy":"post_tag","embeddable":true,"href":"https:\/\/ciudadyregion.com.co\/index.php\/wp-json\/wp\/v2\/tags?post=8850"}],"curies":[{"name":"wp","href":"https:\/\/api.w.org\/{rel}","templated":true}]}}