{"id":8847,"date":"2024-03-02T07:52:00","date_gmt":"2024-03-02T12:52:00","guid":{"rendered":"https:\/\/ciudadyregion.com.co\/?p=8847"},"modified":"2024-03-02T07:52:00","modified_gmt":"2024-03-02T12:52:00","slug":"buen-panorama-ibague-fue-la-ciudad-donde-mas-disminuyo-el-desempleo-en-el-pais","status":"publish","type":"post","link":"https:\/\/ciudadyregion.com.co\/index.php\/buen-panorama-ibague-fue-la-ciudad-donde-mas-disminuyo-el-desempleo-en-el-pais\/economia\/","title":{"rendered":"Buen panorama: Ibagu\u00e9 fue la ciudad donde m\u00e1s disminuy\u00f3 el desempleo en el pa\u00eds"},"content":{"rendered":"<div><span style=\"font-family: Arial;\">Entre 23 ciudades analizadas por el Departamento Administrativo Nacional de Estad\u00edstica, Dane, Ibagu\u00e9 fue la capital del pa\u00eds que en mayor proporci\u00f3n redujo su nivel de desempleo, durante el trimestre m\u00f3vil noviembre 2023 \u2013 enero 2024.<\/span><\/div>\n<div><span style=\"font-family: Arial;\">\u00a0<\/span><\/div>\n<div><span style=\"font-family: Arial;\">Durante el mencionado periodo, el desempleo en Ibagu\u00e9 se ubic\u00f3 en 14%, cifra inferior en 3.7% en comparaci\u00f3n con la registrada en el trimestre m\u00f3vil noviembre 2022 \u2013 enero 2023, cuando la tasa de desocupaci\u00f3n alcanz\u00f3 el 17.7%.\u00a0<\/span><\/div>\n<div><span style=\"font-family: Arial;\">\u00a0<\/span><\/div>\n<blockquote>\n<div><span style=\"font-family: Arial;\"><i>\u201cEstas son cifras que nos animan y nos ocupan, como ha dicho nuestra Alcaldesa, a seguir trabajando para combatir el desempleo y establecer estrategias que contribuyan a generar empleos nuevos y, sobre todo, de calidad\u201d,<\/i>\u00a0afirm\u00f3 Nayd\u00fa Romero, secretaria de Desarrollo Econ\u00f3mico.\u00a0<\/span><\/div>\n<\/blockquote>\n<div><span style=\"font-family: Arial;\">\u00a0<\/span><\/div>\n<div><span style=\"font-family: Arial;\">En cuanto a la informalidad laboral, que corresponde a aquellos ciudadanos que viven del denominado \u2018rebusque\u2019, el Dane report\u00f3 una reducci\u00f3n de 0.9% en Ibagu\u00e9. La tasa de poblaci\u00f3n ocupada informal se ubic\u00f3 en 46%, cifra muy inferior a la del promedio nacional, que se situ\u00f3 en 55.7%.<\/span><\/div>\n<div><span style=\"font-family: Arial;\">\u00a0<\/span><\/div>\n<blockquote>\n<div><span style=\"font-family: Arial;\"><i>\u201cVemos con bastante satisfacci\u00f3n que las cifras de informalidad en la ciudad tambi\u00e9n contin\u00faan por debajo del promedio nacional, lo cual nos indica que los empleos generados son de calidad y formales, lo que incide sin duda en la calidad de vida de estos ciudadanos\u201d,\u00a0<\/i>agreg\u00f3 la funcionaria.\u00a0<\/span><\/div>\n<\/blockquote>\n<div><span style=\"font-family: Arial;\">\u00a0<\/span><\/div>\n<div><span style=\"font-family: Arial;\">Con respecto al desempleo juvenil, es decir, la poblaci\u00f3n cuya edad est\u00e1 entre 15 y 28 a\u00f1os, la tasa de desocupaci\u00f3n pas\u00f3 de 25.7% a 18.9% durante los trimestres ya mencionados. Se trata de una reducci\u00f3n de 6.8%, la segunda m\u00e1s alta de Colombia.<\/span><\/div>\n","protected":false},"excerpt":{"rendered":"<p>Entre 23 ciudades analizadas por el Departamento Administrativo Nacional de Estad\u00edstica, Dane, Ibagu\u00e9 fue la capital del pa\u00eds que en mayor proporci\u00f3n redujo su nivel de desempleo, durante el trimestre m\u00f3vil noviembre 2023 \u2013 enero 2024. \u00a0 Durante el mencionado periodo, el desempleo en Ibagu\u00e9 se ubic\u00f3 en 14%, cifra<span class=\"more-link\"><a href=\"https:\/\/ciudadyregion.com.co\/index.php\/buen-panorama-ibague-fue-la-ciudad-donde-mas-disminuyo-el-desempleo-en-el-pais\/economia\/\">Continuar Leyendo<\/a><\/span><\/p>\n","protected":false},"author":2,"featured_media":8848,"comment_status":"open","ping_status":"open","sticky":false,"template":"","format":"standard","meta":{"_uf_show_specific_survey":0,"_uf_disable_surveys":false,"_jetpack_memberships_contains_paid_content":false,"footnotes":"","jetpack_publicize_message":"","jetpack_publicize_feature_enabled":true,"jetpack_social_post_already_shared":true,"jetpack_social_options":{"image_generator_settings":{"template":"highway","enabled":false},"version":2}},"categories":[28],"tags":[],"class_list":["entry","author-diegoaguirre","post-8847","post","type-post","status-publish","format-standard","has-post-thumbnail","category-economia"],"jetpack_publicize_connections":[],"yoast_head":"<!-- This site is optimized with the Yoast SEO plugin v24.3 - https:\/\/yoast.com\/wordpress\/plugins\/seo\/ -->\n<title>Buen panorama: Ibagu\u00e9 fue la ciudad donde m\u00e1s disminuy\u00f3 el desempleo en el pa\u00eds - Ciudad y Region<\/title>\n<meta name=\"robots\" content=\"index, follow, max-snippet:-1, max-image-preview:large, max-video-preview:-1\" \/>\n<link rel=\"canonical\" href=\"https:\/\/ciudadyregion.com.co\/index.php\/buen-panorama-ibague-fue-la-ciudad-donde-mas-disminuyo-el-desempleo-en-el-pais\/economia\/\" \/>\n<meta property=\"og:locale\" content=\"es_ES\" \/>\n<meta property=\"og:type\" content=\"article\" \/>\n<meta property=\"og:title\" content=\"Buen panorama: Ibagu\u00e9 fue la ciudad donde m\u00e1s disminuy\u00f3 el desempleo en el pa\u00eds - Ciudad y Region\" \/>\n<meta property=\"og:description\" content=\"Entre 23 ciudades analizadas por el Departamento Administrativo Nacional de Estad\u00edstica, Dane, Ibagu\u00e9 fue la capital del pa\u00eds que en mayor proporci\u00f3n redujo su nivel de desempleo, durante el trimestre m\u00f3vil noviembre 2023 \u2013 enero 2024. \u00a0 Durante el mencionado periodo, el desempleo en Ibagu\u00e9 se ubic\u00f3 en 14%, cifraContinuar Leyendo\" \/>\n<meta property=\"og:url\" content=\"https:\/\/ciudadyregion.com.co\/index.php\/buen-panorama-ibague-fue-la-ciudad-donde-mas-disminuyo-el-desempleo-en-el-pais\/economia\/\" \/>\n<meta property=\"og:site_name\" content=\"Ciudad y Region\" \/>\n<meta property=\"article:published_time\" content=\"2024-03-02T12:52:00+00:00\" \/>\n<meta property=\"og:image\" content=\"https:\/\/ciudadyregion.com.co\/wp-content\/uploads\/2024\/03\/2-7.jpg\" \/>\n\t<meta property=\"og:image:width\" content=\"800\" \/>\n\t<meta property=\"og:image:height\" content=\"445\" \/>\n\t<meta property=\"og:image:type\" content=\"image\/jpeg\" \/>\n<meta name=\"author\" content=\"David Andr\u00e9s Aguirre\" \/>\n<meta name=\"twitter:card\" content=\"summary_large_image\" \/>\n<meta name=\"twitter:label1\" content=\"Escrito por\" \/>\n\t<meta name=\"twitter:data1\" content=\"David Andr\u00e9s Aguirre\" \/>\n\t<meta name=\"twitter:label2\" content=\"Tiempo de lectura\" \/>\n\t<meta name=\"twitter:data2\" content=\"1 minuto\" \/>\n<script type=\"application\/ld+json\" class=\"yoast-schema-graph\">{\"@context\":\"https:\/\/schema.org\",\"@graph\":[{\"@type\":\"WebPage\",\"@id\":\"https:\/\/ciudadyregion.com.co\/index.php\/buen-panorama-ibague-fue-la-ciudad-donde-mas-disminuyo-el-desempleo-en-el-pais\/economia\/\",\"url\":\"https:\/\/ciudadyregion.com.co\/index.php\/buen-panorama-ibague-fue-la-ciudad-donde-mas-disminuyo-el-desempleo-en-el-pais\/economia\/\",\"name\":\"Buen panorama: Ibagu\u00e9 fue la ciudad donde m\u00e1s disminuy\u00f3 el desempleo en el pa\u00eds - Ciudad y Region\",\"isPartOf\":{\"@id\":\"https:\/\/ciudadyregion.com.co\/#website\"},\"primaryImageOfPage\":{\"@id\":\"https:\/\/ciudadyregion.com.co\/index.php\/buen-panorama-ibague-fue-la-ciudad-donde-mas-disminuyo-el-desempleo-en-el-pais\/economia\/#primaryimage\"},\"image\":{\"@id\":\"https:\/\/ciudadyregion.com.co\/index.php\/buen-panorama-ibague-fue-la-ciudad-donde-mas-disminuyo-el-desempleo-en-el-pais\/economia\/#primaryimage\"},\"thumbnailUrl\":\"https:\/\/i0.wp.com\/ciudadyregion.com.co\/wp-content\/uploads\/2024\/03\/2-7.jpg?fit=800%2C445&ssl=1\",\"datePublished\":\"2024-03-02T12:52:00+00:00\",\"dateModified\":\"2024-03-02T12:52:00+00:00\",\"author\":{\"@id\":\"https:\/\/ciudadyregion.com.co\/#\/schema\/person\/04a4954373ebc4051f46e8c65ff78622\"},\"breadcrumb\":{\"@id\":\"https:\/\/ciudadyregion.com.co\/index.php\/buen-panorama-ibague-fue-la-ciudad-donde-mas-disminuyo-el-desempleo-en-el-pais\/economia\/#breadcrumb\"},\"inLanguage\":\"es\",\"potentialAction\":[{\"@type\":\"ReadAction\",\"target\":[\"https:\/\/ciudadyregion.com.co\/index.php\/buen-panorama-ibague-fue-la-ciudad-donde-mas-disminuyo-el-desempleo-en-el-pais\/economia\/\"]}]},{\"@type\":\"ImageObject\",\"inLanguage\":\"es\",\"@id\":\"https:\/\/ciudadyregion.com.co\/index.php\/buen-panorama-ibague-fue-la-ciudad-donde-mas-disminuyo-el-desempleo-en-el-pais\/economia\/#primaryimage\",\"url\":\"https:\/\/i0.wp.com\/ciudadyregion.com.co\/wp-content\/uploads\/2024\/03\/2-7.jpg?fit=800%2C445&ssl=1\",\"contentUrl\":\"https:\/\/i0.wp.com\/ciudadyregion.com.co\/wp-content\/uploads\/2024\/03\/2-7.jpg?fit=800%2C445&ssl=1\",\"width\":800,\"height\":445},{\"@type\":\"BreadcrumbList\",\"@id\":\"https:\/\/ciudadyregion.com.co\/index.php\/buen-panorama-ibague-fue-la-ciudad-donde-mas-disminuyo-el-desempleo-en-el-pais\/economia\/#breadcrumb\",\"itemListElement\":[{\"@type\":\"ListItem\",\"position\":1,\"name\":\"Portada\",\"item\":\"https:\/\/ciudadyregion.com.co\/\"},{\"@type\":\"ListItem\",\"position\":2,\"name\":\"Buen panorama: Ibagu\u00e9 fue la ciudad donde m\u00e1s disminuy\u00f3 el desempleo en el pa\u00eds\"}]},{\"@type\":\"WebSite\",\"@id\":\"https:\/\/ciudadyregion.com.co\/#website\",\"url\":\"https:\/\/ciudadyregion.com.co\/\",\"name\":\"Ciudad y Region\",\"description\":\"\",\"potentialAction\":[{\"@type\":\"SearchAction\",\"target\":{\"@type\":\"EntryPoint\",\"urlTemplate\":\"https:\/\/ciudadyregion.com.co\/?s={search_term_string}\"},\"query-input\":{\"@type\":\"PropertyValueSpecification\",\"valueRequired\":true,\"valueName\":\"search_term_string\"}}],\"inLanguage\":\"es\"},{\"@type\":\"Person\",\"@id\":\"https:\/\/ciudadyregion.com.co\/#\/schema\/person\/04a4954373ebc4051f46e8c65ff78622\",\"name\":\"David Andr\u00e9s Aguirre\",\"image\":{\"@type\":\"ImageObject\",\"inLanguage\":\"es\",\"@id\":\"https:\/\/ciudadyregion.com.co\/#\/schema\/person\/image\/\",\"url\":\"https:\/\/secure.gravatar.com\/avatar\/bc3c655860202182ee6d1b5edd042dbe?s=96&d=mm&r=g\",\"contentUrl\":\"https:\/\/secure.gravatar.com\/avatar\/bc3c655860202182ee6d1b5edd042dbe?s=96&d=mm&r=g\",\"caption\":\"David Andr\u00e9s Aguirre\"},\"url\":\"https:\/\/ciudadyregion.com.co\/index.php\/author\/diegoaguirre\/\"}]}<\/script>\n<!-- \/ Yoast SEO plugin. -->","yoast_head_json":{"title":"Buen panorama: Ibagu\u00e9 fue la ciudad donde m\u00e1s disminuy\u00f3 el desempleo en el pa\u00eds - Ciudad y Region","robots":{"index":"index","follow":"follow","max-snippet":"max-snippet:-1","max-image-preview":"max-image-preview:large","max-video-preview":"max-video-preview:-1"},"canonical":"https:\/\/ciudadyregion.com.co\/index.php\/buen-panorama-ibague-fue-la-ciudad-donde-mas-disminuyo-el-desempleo-en-el-pais\/economia\/","og_locale":"es_ES","og_type":"article","og_title":"Buen panorama: Ibagu\u00e9 fue la ciudad donde m\u00e1s disminuy\u00f3 el desempleo en el pa\u00eds - Ciudad y Region","og_description":"Entre 23 ciudades analizadas por el Departamento Administrativo Nacional de Estad\u00edstica, Dane, Ibagu\u00e9 fue la capital del pa\u00eds que en mayor proporci\u00f3n redujo su nivel de desempleo, durante el trimestre m\u00f3vil noviembre 2023 \u2013 enero 2024. \u00a0 Durante el mencionado periodo, el desempleo en Ibagu\u00e9 se ubic\u00f3 en 14%, cifraContinuar Leyendo","og_url":"https:\/\/ciudadyregion.com.co\/index.php\/buen-panorama-ibague-fue-la-ciudad-donde-mas-disminuyo-el-desempleo-en-el-pais\/economia\/","og_site_name":"Ciudad y Region","article_published_time":"2024-03-02T12:52:00+00:00","og_image":[{"width":800,"height":445,"url":"https:\/\/ciudadyregion.com.co\/wp-content\/uploads\/2024\/03\/2-7.jpg","type":"image\/jpeg"}],"author":"David Andr\u00e9s Aguirre","twitter_card":"summary_large_image","twitter_misc":{"Escrito por":"David Andr\u00e9s Aguirre","Tiempo de lectura":"1 minuto"},"schema":{"@context":"https:\/\/schema.org","@graph":[{"@type":"WebPage","@id":"https:\/\/ciudadyregion.com.co\/index.php\/buen-panorama-ibague-fue-la-ciudad-donde-mas-disminuyo-el-desempleo-en-el-pais\/economia\/","url":"https:\/\/ciudadyregion.com.co\/index.php\/buen-panorama-ibague-fue-la-ciudad-donde-mas-disminuyo-el-desempleo-en-el-pais\/economia\/","name":"Buen panorama: Ibagu\u00e9 fue la ciudad donde m\u00e1s disminuy\u00f3 el desempleo en el pa\u00eds - Ciudad y Region","isPartOf":{"@id":"https:\/\/ciudadyregion.com.co\/#website"},"primaryImageOfPage":{"@id":"https:\/\/ciudadyregion.com.co\/index.php\/buen-panorama-ibague-fue-la-ciudad-donde-mas-disminuyo-el-desempleo-en-el-pais\/economia\/#primaryimage"},"image":{"@id":"https:\/\/ciudadyregion.com.co\/index.php\/buen-panorama-ibague-fue-la-ciudad-donde-mas-disminuyo-el-desempleo-en-el-pais\/economia\/#primaryimage"},"thumbnailUrl":"https:\/\/i0.wp.com\/ciudadyregion.com.co\/wp-content\/uploads\/2024\/03\/2-7.jpg?fit=800%2C445&ssl=1","datePublished":"2024-03-02T12:52:00+00:00","dateModified":"2024-03-02T12:52:00+00:00","author":{"@id":"https:\/\/ciudadyregion.com.co\/#\/schema\/person\/04a4954373ebc4051f46e8c65ff78622"},"breadcrumb":{"@id":"https:\/\/ciudadyregion.com.co\/index.php\/buen-panorama-ibague-fue-la-ciudad-donde-mas-disminuyo-el-desempleo-en-el-pais\/economia\/#breadcrumb"},"inLanguage":"es","potentialAction":[{"@type":"ReadAction","target":["https:\/\/ciudadyregion.com.co\/index.php\/buen-panorama-ibague-fue-la-ciudad-donde-mas-disminuyo-el-desempleo-en-el-pais\/economia\/"]}]},{"@type":"ImageObject","inLanguage":"es","@id":"https:\/\/ciudadyregion.com.co\/index.php\/buen-panorama-ibague-fue-la-ciudad-donde-mas-disminuyo-el-desempleo-en-el-pais\/economia\/#primaryimage","url":"https:\/\/i0.wp.com\/ciudadyregion.com.co\/wp-content\/uploads\/2024\/03\/2-7.jpg?fit=800%2C445&ssl=1","contentUrl":"https:\/\/i0.wp.com\/ciudadyregion.com.co\/wp-content\/uploads\/2024\/03\/2-7.jpg?fit=800%2C445&ssl=1","width":800,"height":445},{"@type":"BreadcrumbList","@id":"https:\/\/ciudadyregion.com.co\/index.php\/buen-panorama-ibague-fue-la-ciudad-donde-mas-disminuyo-el-desempleo-en-el-pais\/economia\/#breadcrumb","itemListElement":[{"@type":"ListItem","position":1,"name":"Portada","item":"https:\/\/ciudadyregion.com.co\/"},{"@type":"ListItem","position":2,"name":"Buen panorama: Ibagu\u00e9 fue la ciudad donde m\u00e1s disminuy\u00f3 el desempleo en el pa\u00eds"}]},{"@type":"WebSite","@id":"https:\/\/ciudadyregion.com.co\/#website","url":"https:\/\/ciudadyregion.com.co\/","name":"Ciudad y Region","description":"","potentialAction":[{"@type":"SearchAction","target":{"@type":"EntryPoint","urlTemplate":"https:\/\/ciudadyregion.com.co\/?s={search_term_string}"},"query-input":{"@type":"PropertyValueSpecification","valueRequired":true,"valueName":"search_term_string"}}],"inLanguage":"es"},{"@type":"Person","@id":"https:\/\/ciudadyregion.com.co\/#\/schema\/person\/04a4954373ebc4051f46e8c65ff78622","name":"David Andr\u00e9s Aguirre","image":{"@type":"ImageObject","inLanguage":"es","@id":"https:\/\/ciudadyregion.com.co\/#\/schema\/person\/image\/","url":"https:\/\/secure.gravatar.com\/avatar\/bc3c655860202182ee6d1b5edd042dbe?s=96&d=mm&r=g","contentUrl":"https:\/\/secure.gravatar.com\/avatar\/bc3c655860202182ee6d1b5edd042dbe?s=96&d=mm&r=g","caption":"David Andr\u00e9s Aguirre"},"url":"https:\/\/ciudadyregion.com.co\/index.php\/author\/diegoaguirre\/"}]}},"jetpack_featured_media_url":"https:\/\/i0.wp.com\/ciudadyregion.com.co\/wp-content\/uploads\/2024\/03\/2-7.jpg?fit=800%2C445&ssl=1","jetpack_sharing_enabled":true,"jetpack_shortlink":"https:\/\/wp.me\/pbS7hh-2iH","jetpack-related-posts":[],"_links":{"self":[{"href":"https:\/\/ciudadyregion.com.co\/index.php\/wp-json\/wp\/v2\/posts\/8847"}],"collection":[{"href":"https:\/\/ciudadyregion.com.co\/index.php\/wp-json\/wp\/v2\/posts"}],"about":[{"href":"https:\/\/ciudadyregion.com.co\/index.php\/wp-json\/wp\/v2\/types\/post"}],"author":[{"embeddable":true,"href":"https:\/\/ciudadyregion.com.co\/index.php\/wp-json\/wp\/v2\/users\/2"}],"replies":[{"embeddable":true,"href":"https:\/\/ciudadyregion.com.co\/index.php\/wp-json\/wp\/v2\/comments?post=8847"}],"version-history":[{"count":1,"href":"https:\/\/ciudadyregion.com.co\/index.php\/wp-json\/wp\/v2\/posts\/8847\/revisions"}],"predecessor-version":[{"id":8849,"href":"https:\/\/ciudadyregion.com.co\/index.php\/wp-json\/wp\/v2\/posts\/8847\/revisions\/8849"}],"wp:featuredmedia":[{"embeddable":true,"href":"https:\/\/ciudadyregion.com.co\/index.php\/wp-json\/wp\/v2\/media\/8848"}],"wp:attachment":[{"href":"https:\/\/ciudadyregion.com.co\/index.php\/wp-json\/wp\/v2\/media?parent=8847"}],"wp:term":[{"taxonomy":"category","embeddable":true,"href":"https:\/\/ciudadyregion.com.co\/index.php\/wp-json\/wp\/v2\/categories?post=8847"},{"taxonomy":"post_tag","embeddable":true,"href":"https:\/\/ciudadyregion.com.co\/index.php\/wp-json\/wp\/v2\/tags?post=8847"}],"curies":[{"name":"wp","href":"https:\/\/api.w.org\/{rel}","templated":true}]}}