{"id":8844,"date":"2024-03-02T07:47:53","date_gmt":"2024-03-02T12:47:53","guid":{"rendered":"https:\/\/ciudadyregion.com.co\/?p=8844"},"modified":"2024-03-02T07:47:53","modified_gmt":"2024-03-02T12:47:53","slug":"el-proximo-lunes-4-de-marzo-iniciara-el-proceso-de-inscripcion-para-el-comite-municipal-de-discapacidad","status":"publish","type":"post","link":"https:\/\/ciudadyregion.com.co\/index.php\/el-proximo-lunes-4-de-marzo-iniciara-el-proceso-de-inscripcion-para-el-comite-municipal-de-discapacidad\/ibague\/","title":{"rendered":"El pr\u00f3ximo lunes 4 de marzo iniciar\u00e1 el proceso de inscripci\u00f3n para el Comit\u00e9 Municipal de Discapacidad"},"content":{"rendered":"<div>Cumpliendo con el Decreto 216 del 2023, la Secretar\u00eda de Desarrollo Social abrir\u00e1 oficialmente el pr\u00f3ximo lunes, 4 de marzo, las postulaciones para integrar el Comit\u00e9 Consultivo Municipal de Personas con Discapacidad.<\/div>\n<div><span style=\"font-family: Arial, Verdana;\">\u00a0<\/span><\/div>\n<div><span style=\"font-family: Arial, Verdana;\">Quienes quieran hacer parte de este proceso deben dirigirse a la Oficina de Atenci\u00f3n al Ciudadano, ubicada en el Palacio Municipal, Calle 9 no. 2-59 &#8211; Oficina 100. All\u00ed deber\u00e1n inscribirse en un libro de registro y radicar la documentaci\u00f3n correspondiente si son parte de Organizaciones de la Sociedad Civil, mencionando cu\u00e1l es el tipo de discapacidad del postulado o candidato y el n\u00famero de miembros que agrupa dicha asociaci\u00f3n.<\/span><\/div>\n<div><span style=\"font-family: Arial, Verdana;\">\u00a0<\/span><\/div>\n<blockquote>\n<div><span style=\"font-family: Arial, Verdana;\"><i>\u00abLos ciudadanos con alguna condici\u00f3n de discapacidad esperan siempre esta oportunidad para contribuir a la construcci\u00f3n de pol\u00edticas inclusivas. Esperamos contar con su participaci\u00f3n activa en el Comit\u00e9 en representaci\u00f3n de sus organizaciones en procura de dise\u00f1ar y ejecutar proyectos productivos para su propio beneficio y sus comunidades\u00bb,<\/i>\u00a0destac\u00f3 Eliana Rozo, directora de Etnias y Poblaci\u00f3n Vulnerable.<\/span><\/div>\n<\/blockquote>\n<div><span style=\"font-family: Arial, Verdana;\">\u00a0<\/span><\/div>\n<div><span style=\"font-family: Arial, Verdana;\">Sus integrantes tendr\u00e1n la responsabilidad de desempe\u00f1ar un papel fundamental en la atenci\u00f3n de las necesidades de personas con alg\u00fan tipo de condici\u00f3n de discapacidad en el municipio. El plazo m\u00e1ximo para surtir este proceso es hasta el pr\u00f3ximo 22 de marzo.<\/span><\/div>\n<div><span style=\"font-family: Arial, Verdana;\">\u00a0<\/span><\/div>\n<div><span style=\"font-family: Arial, Verdana;\"><b>\u00a0<\/b><\/span><\/div>\n<div><span style=\"font-family: Arial, Verdana;\"><b>Proceso de postulaci\u00f3n:<\/b><\/span><\/div>\n<div><span style=\"font-family: Arial, Verdana;\">\u00a0<\/span><\/div>\n<div><span style=\"font-family: Arial, Verdana;\"><strong>Inscripci\u00f3n<\/strong>:<\/span><\/div>\n<div><span style=\"font-family: Arial, Verdana;\">Reg\u00edstrese en el libro que abrir\u00e1 la Secretar\u00eda de Desarrollo Social Comunitario, en la Oficina de Atenci\u00f3n al Ciudadano.<\/span><\/div>\n<div><span style=\"font-family: Arial, Verdana;\">\u00a0<\/span><\/div>\n<div><strong><span style=\"font-family: Arial, Verdana;\">Entrega de Documentaci\u00f3n:<\/span><\/strong><\/div>\n<div><span style=\"font-family: Arial, Verdana;\">Presente la documentaci\u00f3n requerida en la Oficina de Atenci\u00f3n al Ciudadano.<\/span><\/div>\n<div><span style=\"font-family: Arial, Verdana;\">\u00a0<\/span><\/div>\n<h2><strong><span style=\"font-family: Arial, Verdana;\">Documentaci\u00f3n Necesaria:<\/span><\/strong><\/h2>\n<div><span style=\"font-family: Arial, Verdana;\">\u00a0<\/span><\/div>\n<div><strong><span style=\"font-family: Arial, Verdana;\">Para Organizaciones de la Sociedad Civil:<\/span><\/strong><\/div>\n<div><\/div>\n<ul>\n<li><span style=\"font-family: Arial, Verdana;\">Carta de presentaci\u00f3n del representante legal.<\/span><\/li>\n<li><span style=\"font-family: Arial, Verdana;\">Certificado de existencia y representaci\u00f3n legal.<\/span><\/li>\n<li><span style=\"font-family: Arial, Verdana;\">Certificaci\u00f3n de aval por otras organizaciones (si aplica).<\/span><\/li>\n<li><span style=\"font-family: Arial, Verdana;\">Documentos de la persona postulada: mayor de edad, certificado de discapacidad, formaci\u00f3n acad\u00e9mica, participaci\u00f3n ciudadana, y hoja de vida.<\/span><\/li>\n<\/ul>\n<div><span style=\"font-family: Arial, Verdana;\">\u00a0<\/span><\/div>\n<div><strong><span style=\"font-family: Arial, Verdana;\">Para Personas Jur\u00eddicas:<\/span><\/strong><\/div>\n<div><\/div>\n<ul>\n<li><span style=\"font-family: Arial, Verdana;\">Carta de presentaci\u00f3n del representante legal.<\/span><\/li>\n<li><span style=\"font-family: Arial, Verdana;\">Certificado de existencia y representaci\u00f3n legal.<\/span><\/li>\n<li><span style=\"font-family: Arial, Verdana;\">Estatutos debidamente registrados.<\/span><\/li>\n<li><span style=\"font-family: Arial, Verdana;\">Certificaci\u00f3n de cobertura geogr\u00e1fica de los servicios.<\/span><\/li>\n<\/ul>\n<div><span style=\"font-family: Arial, Verdana;\">\u00a0<\/span><\/div>\n<div><strong><span style=\"font-family: Arial, Verdana;\">Para Representantes de Personas con Discapacidad Intelectual o M\u00faltiple:<\/span><\/strong><\/div>\n<div><\/div>\n<ul>\n<li><span style=\"font-family: Arial, Verdana;\">Copia del registro civil de nacimiento del hijo o documento de parentesco.<\/span><\/li>\n<li><span style=\"font-family: Arial, Verdana;\">Fotocopia de la c\u00e9dula de ciudadan\u00eda.<\/span><\/li>\n<li><span style=\"font-family: Arial, Verdana;\">Formaci\u00f3n acad\u00e9mica, experiencia de participaci\u00f3n ciudadana, y hoja de vida.<\/span><\/li>\n<\/ul>\n<div><span style=\"font-family: Arial, Verdana;\">\u00a0<\/span><\/div>\n<div><strong><span style=\"font-family: Arial, Verdana;\">Para Representantes de Personas Jur\u00eddicas:<\/span><\/strong><\/div>\n<div><\/div>\n<ul>\n<li><span style=\"font-family: Arial, Verdana;\">Fotocopia de la c\u00e9dula de ciudadan\u00eda.<\/span><\/li>\n<li><span style=\"font-family: Arial, Verdana;\">Formaci\u00f3n acad\u00e9mica, experiencia de participaci\u00f3n ciudadana, y hoja de vida.<\/span><\/li>\n<\/ul>\n","protected":false},"excerpt":{"rendered":"<p>Cumpliendo con el Decreto 216 del 2023, la Secretar\u00eda de Desarrollo Social abrir\u00e1 oficialmente el pr\u00f3ximo lunes, 4 de marzo, las postulaciones para integrar el Comit\u00e9 Consultivo Municipal de Personas con Discapacidad. \u00a0 Quienes quieran hacer parte de este proceso deben dirigirse a la Oficina de Atenci\u00f3n al Ciudadano, ubicada<span class=\"more-link\"><a href=\"https:\/\/ciudadyregion.com.co\/index.php\/el-proximo-lunes-4-de-marzo-iniciara-el-proceso-de-inscripcion-para-el-comite-municipal-de-discapacidad\/ibague\/\">Continuar Leyendo<\/a><\/span><\/p>\n","protected":false},"author":2,"featured_media":8845,"comment_status":"open","ping_status":"open","sticky":false,"template":"","format":"standard","meta":{"_uf_show_specific_survey":0,"_uf_disable_surveys":false,"_jetpack_memberships_contains_paid_content":false,"footnotes":"","jetpack_publicize_message":"","jetpack_publicize_feature_enabled":true,"jetpack_social_post_already_shared":true,"jetpack_social_options":{"image_generator_settings":{"template":"highway","enabled":false},"version":2}},"categories":[14],"tags":[],"class_list":["entry","author-diegoaguirre","post-8844","post","type-post","status-publish","format-standard","has-post-thumbnail","category-ibague"],"jetpack_publicize_connections":[],"yoast_head":"<!-- This site is optimized with the Yoast SEO plugin v24.3 - https:\/\/yoast.com\/wordpress\/plugins\/seo\/ -->\n<title>El pr\u00f3ximo lunes 4 de marzo iniciar\u00e1 el proceso de inscripci\u00f3n para el Comit\u00e9 Municipal de Discapacidad - Ciudad y Region<\/title>\n<meta name=\"robots\" content=\"index, follow, max-snippet:-1, max-image-preview:large, max-video-preview:-1\" \/>\n<link rel=\"canonical\" href=\"https:\/\/ciudadyregion.com.co\/index.php\/el-proximo-lunes-4-de-marzo-iniciara-el-proceso-de-inscripcion-para-el-comite-municipal-de-discapacidad\/ibague\/\" \/>\n<meta property=\"og:locale\" content=\"es_ES\" \/>\n<meta property=\"og:type\" content=\"article\" \/>\n<meta property=\"og:title\" content=\"El pr\u00f3ximo lunes 4 de marzo iniciar\u00e1 el proceso de inscripci\u00f3n para el Comit\u00e9 Municipal de Discapacidad - Ciudad y Region\" \/>\n<meta property=\"og:description\" content=\"Cumpliendo con el Decreto 216 del 2023, la Secretar\u00eda de Desarrollo Social abrir\u00e1 oficialmente el pr\u00f3ximo lunes, 4 de marzo, las postulaciones para integrar el Comit\u00e9 Consultivo Municipal de Personas con Discapacidad. \u00a0 Quienes quieran hacer parte de este proceso deben dirigirse a la Oficina de Atenci\u00f3n al Ciudadano, ubicadaContinuar Leyendo\" \/>\n<meta property=\"og:url\" content=\"https:\/\/ciudadyregion.com.co\/index.php\/el-proximo-lunes-4-de-marzo-iniciara-el-proceso-de-inscripcion-para-el-comite-municipal-de-discapacidad\/ibague\/\" \/>\n<meta property=\"og:site_name\" content=\"Ciudad y Region\" \/>\n<meta property=\"article:published_time\" content=\"2024-03-02T12:47:53+00:00\" \/>\n<meta property=\"og:image\" content=\"https:\/\/ciudadyregion.com.co\/wp-content\/uploads\/2024\/03\/personas-con-discapacidad.jpg\" \/>\n\t<meta property=\"og:image:width\" content=\"800\" \/>\n\t<meta property=\"og:image:height\" content=\"445\" \/>\n\t<meta property=\"og:image:type\" content=\"image\/jpeg\" \/>\n<meta name=\"author\" content=\"David Andr\u00e9s Aguirre\" \/>\n<meta name=\"twitter:card\" content=\"summary_large_image\" \/>\n<meta name=\"twitter:label1\" content=\"Escrito por\" \/>\n\t<meta name=\"twitter:data1\" content=\"David Andr\u00e9s Aguirre\" \/>\n\t<meta name=\"twitter:label2\" content=\"Tiempo de lectura\" \/>\n\t<meta name=\"twitter:data2\" content=\"2 minutos\" \/>\n<script type=\"application\/ld+json\" class=\"yoast-schema-graph\">{\"@context\":\"https:\/\/schema.org\",\"@graph\":[{\"@type\":\"WebPage\",\"@id\":\"https:\/\/ciudadyregion.com.co\/index.php\/el-proximo-lunes-4-de-marzo-iniciara-el-proceso-de-inscripcion-para-el-comite-municipal-de-discapacidad\/ibague\/\",\"url\":\"https:\/\/ciudadyregion.com.co\/index.php\/el-proximo-lunes-4-de-marzo-iniciara-el-proceso-de-inscripcion-para-el-comite-municipal-de-discapacidad\/ibague\/\",\"name\":\"El pr\u00f3ximo lunes 4 de marzo iniciar\u00e1 el proceso de inscripci\u00f3n para el Comit\u00e9 Municipal de Discapacidad - Ciudad y Region\",\"isPartOf\":{\"@id\":\"https:\/\/ciudadyregion.com.co\/#website\"},\"primaryImageOfPage\":{\"@id\":\"https:\/\/ciudadyregion.com.co\/index.php\/el-proximo-lunes-4-de-marzo-iniciara-el-proceso-de-inscripcion-para-el-comite-municipal-de-discapacidad\/ibague\/#primaryimage\"},\"image\":{\"@id\":\"https:\/\/ciudadyregion.com.co\/index.php\/el-proximo-lunes-4-de-marzo-iniciara-el-proceso-de-inscripcion-para-el-comite-municipal-de-discapacidad\/ibague\/#primaryimage\"},\"thumbnailUrl\":\"https:\/\/i0.wp.com\/ciudadyregion.com.co\/wp-content\/uploads\/2024\/03\/personas-con-discapacidad.jpg?fit=800%2C445&ssl=1\",\"datePublished\":\"2024-03-02T12:47:53+00:00\",\"dateModified\":\"2024-03-02T12:47:53+00:00\",\"author\":{\"@id\":\"https:\/\/ciudadyregion.com.co\/#\/schema\/person\/04a4954373ebc4051f46e8c65ff78622\"},\"breadcrumb\":{\"@id\":\"https:\/\/ciudadyregion.com.co\/index.php\/el-proximo-lunes-4-de-marzo-iniciara-el-proceso-de-inscripcion-para-el-comite-municipal-de-discapacidad\/ibague\/#breadcrumb\"},\"inLanguage\":\"es\",\"potentialAction\":[{\"@type\":\"ReadAction\",\"target\":[\"https:\/\/ciudadyregion.com.co\/index.php\/el-proximo-lunes-4-de-marzo-iniciara-el-proceso-de-inscripcion-para-el-comite-municipal-de-discapacidad\/ibague\/\"]}]},{\"@type\":\"ImageObject\",\"inLanguage\":\"es\",\"@id\":\"https:\/\/ciudadyregion.com.co\/index.php\/el-proximo-lunes-4-de-marzo-iniciara-el-proceso-de-inscripcion-para-el-comite-municipal-de-discapacidad\/ibague\/#primaryimage\",\"url\":\"https:\/\/i0.wp.com\/ciudadyregion.com.co\/wp-content\/uploads\/2024\/03\/personas-con-discapacidad.jpg?fit=800%2C445&ssl=1\",\"contentUrl\":\"https:\/\/i0.wp.com\/ciudadyregion.com.co\/wp-content\/uploads\/2024\/03\/personas-con-discapacidad.jpg?fit=800%2C445&ssl=1\",\"width\":800,\"height\":445},{\"@type\":\"BreadcrumbList\",\"@id\":\"https:\/\/ciudadyregion.com.co\/index.php\/el-proximo-lunes-4-de-marzo-iniciara-el-proceso-de-inscripcion-para-el-comite-municipal-de-discapacidad\/ibague\/#breadcrumb\",\"itemListElement\":[{\"@type\":\"ListItem\",\"position\":1,\"name\":\"Portada\",\"item\":\"https:\/\/ciudadyregion.com.co\/\"},{\"@type\":\"ListItem\",\"position\":2,\"name\":\"El pr\u00f3ximo lunes 4 de marzo iniciar\u00e1 el proceso de inscripci\u00f3n para el Comit\u00e9 Municipal de Discapacidad\"}]},{\"@type\":\"WebSite\",\"@id\":\"https:\/\/ciudadyregion.com.co\/#website\",\"url\":\"https:\/\/ciudadyregion.com.co\/\",\"name\":\"Ciudad y Region\",\"description\":\"\",\"potentialAction\":[{\"@type\":\"SearchAction\",\"target\":{\"@type\":\"EntryPoint\",\"urlTemplate\":\"https:\/\/ciudadyregion.com.co\/?s={search_term_string}\"},\"query-input\":{\"@type\":\"PropertyValueSpecification\",\"valueRequired\":true,\"valueName\":\"search_term_string\"}}],\"inLanguage\":\"es\"},{\"@type\":\"Person\",\"@id\":\"https:\/\/ciudadyregion.com.co\/#\/schema\/person\/04a4954373ebc4051f46e8c65ff78622\",\"name\":\"David Andr\u00e9s Aguirre\",\"image\":{\"@type\":\"ImageObject\",\"inLanguage\":\"es\",\"@id\":\"https:\/\/ciudadyregion.com.co\/#\/schema\/person\/image\/\",\"url\":\"https:\/\/secure.gravatar.com\/avatar\/bc3c655860202182ee6d1b5edd042dbe?s=96&d=mm&r=g\",\"contentUrl\":\"https:\/\/secure.gravatar.com\/avatar\/bc3c655860202182ee6d1b5edd042dbe?s=96&d=mm&r=g\",\"caption\":\"David Andr\u00e9s Aguirre\"},\"url\":\"https:\/\/ciudadyregion.com.co\/index.php\/author\/diegoaguirre\/\"}]}<\/script>\n<!-- \/ Yoast SEO plugin. -->","yoast_head_json":{"title":"El pr\u00f3ximo lunes 4 de marzo iniciar\u00e1 el proceso de inscripci\u00f3n para el Comit\u00e9 Municipal de Discapacidad - Ciudad y Region","robots":{"index":"index","follow":"follow","max-snippet":"max-snippet:-1","max-image-preview":"max-image-preview:large","max-video-preview":"max-video-preview:-1"},"canonical":"https:\/\/ciudadyregion.com.co\/index.php\/el-proximo-lunes-4-de-marzo-iniciara-el-proceso-de-inscripcion-para-el-comite-municipal-de-discapacidad\/ibague\/","og_locale":"es_ES","og_type":"article","og_title":"El pr\u00f3ximo lunes 4 de marzo iniciar\u00e1 el proceso de inscripci\u00f3n para el Comit\u00e9 Municipal de Discapacidad - Ciudad y Region","og_description":"Cumpliendo con el Decreto 216 del 2023, la Secretar\u00eda de Desarrollo Social abrir\u00e1 oficialmente el pr\u00f3ximo lunes, 4 de marzo, las postulaciones para integrar el Comit\u00e9 Consultivo Municipal de Personas con Discapacidad. \u00a0 Quienes quieran hacer parte de este proceso deben dirigirse a la Oficina de Atenci\u00f3n al Ciudadano, ubicadaContinuar Leyendo","og_url":"https:\/\/ciudadyregion.com.co\/index.php\/el-proximo-lunes-4-de-marzo-iniciara-el-proceso-de-inscripcion-para-el-comite-municipal-de-discapacidad\/ibague\/","og_site_name":"Ciudad y Region","article_published_time":"2024-03-02T12:47:53+00:00","og_image":[{"width":800,"height":445,"url":"https:\/\/ciudadyregion.com.co\/wp-content\/uploads\/2024\/03\/personas-con-discapacidad.jpg","type":"image\/jpeg"}],"author":"David Andr\u00e9s Aguirre","twitter_card":"summary_large_image","twitter_misc":{"Escrito por":"David Andr\u00e9s Aguirre","Tiempo de lectura":"2 minutos"},"schema":{"@context":"https:\/\/schema.org","@graph":[{"@type":"WebPage","@id":"https:\/\/ciudadyregion.com.co\/index.php\/el-proximo-lunes-4-de-marzo-iniciara-el-proceso-de-inscripcion-para-el-comite-municipal-de-discapacidad\/ibague\/","url":"https:\/\/ciudadyregion.com.co\/index.php\/el-proximo-lunes-4-de-marzo-iniciara-el-proceso-de-inscripcion-para-el-comite-municipal-de-discapacidad\/ibague\/","name":"El pr\u00f3ximo lunes 4 de marzo iniciar\u00e1 el proceso de inscripci\u00f3n para el Comit\u00e9 Municipal de Discapacidad - Ciudad y Region","isPartOf":{"@id":"https:\/\/ciudadyregion.com.co\/#website"},"primaryImageOfPage":{"@id":"https:\/\/ciudadyregion.com.co\/index.php\/el-proximo-lunes-4-de-marzo-iniciara-el-proceso-de-inscripcion-para-el-comite-municipal-de-discapacidad\/ibague\/#primaryimage"},"image":{"@id":"https:\/\/ciudadyregion.com.co\/index.php\/el-proximo-lunes-4-de-marzo-iniciara-el-proceso-de-inscripcion-para-el-comite-municipal-de-discapacidad\/ibague\/#primaryimage"},"thumbnailUrl":"https:\/\/i0.wp.com\/ciudadyregion.com.co\/wp-content\/uploads\/2024\/03\/personas-con-discapacidad.jpg?fit=800%2C445&ssl=1","datePublished":"2024-03-02T12:47:53+00:00","dateModified":"2024-03-02T12:47:53+00:00","author":{"@id":"https:\/\/ciudadyregion.com.co\/#\/schema\/person\/04a4954373ebc4051f46e8c65ff78622"},"breadcrumb":{"@id":"https:\/\/ciudadyregion.com.co\/index.php\/el-proximo-lunes-4-de-marzo-iniciara-el-proceso-de-inscripcion-para-el-comite-municipal-de-discapacidad\/ibague\/#breadcrumb"},"inLanguage":"es","potentialAction":[{"@type":"ReadAction","target":["https:\/\/ciudadyregion.com.co\/index.php\/el-proximo-lunes-4-de-marzo-iniciara-el-proceso-de-inscripcion-para-el-comite-municipal-de-discapacidad\/ibague\/"]}]},{"@type":"ImageObject","inLanguage":"es","@id":"https:\/\/ciudadyregion.com.co\/index.php\/el-proximo-lunes-4-de-marzo-iniciara-el-proceso-de-inscripcion-para-el-comite-municipal-de-discapacidad\/ibague\/#primaryimage","url":"https:\/\/i0.wp.com\/ciudadyregion.com.co\/wp-content\/uploads\/2024\/03\/personas-con-discapacidad.jpg?fit=800%2C445&ssl=1","contentUrl":"https:\/\/i0.wp.com\/ciudadyregion.com.co\/wp-content\/uploads\/2024\/03\/personas-con-discapacidad.jpg?fit=800%2C445&ssl=1","width":800,"height":445},{"@type":"BreadcrumbList","@id":"https:\/\/ciudadyregion.com.co\/index.php\/el-proximo-lunes-4-de-marzo-iniciara-el-proceso-de-inscripcion-para-el-comite-municipal-de-discapacidad\/ibague\/#breadcrumb","itemListElement":[{"@type":"ListItem","position":1,"name":"Portada","item":"https:\/\/ciudadyregion.com.co\/"},{"@type":"ListItem","position":2,"name":"El pr\u00f3ximo lunes 4 de marzo iniciar\u00e1 el proceso de inscripci\u00f3n para el Comit\u00e9 Municipal de Discapacidad"}]},{"@type":"WebSite","@id":"https:\/\/ciudadyregion.com.co\/#website","url":"https:\/\/ciudadyregion.com.co\/","name":"Ciudad y Region","description":"","potentialAction":[{"@type":"SearchAction","target":{"@type":"EntryPoint","urlTemplate":"https:\/\/ciudadyregion.com.co\/?s={search_term_string}"},"query-input":{"@type":"PropertyValueSpecification","valueRequired":true,"valueName":"search_term_string"}}],"inLanguage":"es"},{"@type":"Person","@id":"https:\/\/ciudadyregion.com.co\/#\/schema\/person\/04a4954373ebc4051f46e8c65ff78622","name":"David Andr\u00e9s Aguirre","image":{"@type":"ImageObject","inLanguage":"es","@id":"https:\/\/ciudadyregion.com.co\/#\/schema\/person\/image\/","url":"https:\/\/secure.gravatar.com\/avatar\/bc3c655860202182ee6d1b5edd042dbe?s=96&d=mm&r=g","contentUrl":"https:\/\/secure.gravatar.com\/avatar\/bc3c655860202182ee6d1b5edd042dbe?s=96&d=mm&r=g","caption":"David Andr\u00e9s Aguirre"},"url":"https:\/\/ciudadyregion.com.co\/index.php\/author\/diegoaguirre\/"}]}},"jetpack_featured_media_url":"https:\/\/i0.wp.com\/ciudadyregion.com.co\/wp-content\/uploads\/2024\/03\/personas-con-discapacidad.jpg?fit=800%2C445&ssl=1","jetpack_sharing_enabled":true,"jetpack_shortlink":"https:\/\/wp.me\/pbS7hh-2iE","jetpack-related-posts":[],"_links":{"self":[{"href":"https:\/\/ciudadyregion.com.co\/index.php\/wp-json\/wp\/v2\/posts\/8844"}],"collection":[{"href":"https:\/\/ciudadyregion.com.co\/index.php\/wp-json\/wp\/v2\/posts"}],"about":[{"href":"https:\/\/ciudadyregion.com.co\/index.php\/wp-json\/wp\/v2\/types\/post"}],"author":[{"embeddable":true,"href":"https:\/\/ciudadyregion.com.co\/index.php\/wp-json\/wp\/v2\/users\/2"}],"replies":[{"embeddable":true,"href":"https:\/\/ciudadyregion.com.co\/index.php\/wp-json\/wp\/v2\/comments?post=8844"}],"version-history":[{"count":1,"href":"https:\/\/ciudadyregion.com.co\/index.php\/wp-json\/wp\/v2\/posts\/8844\/revisions"}],"predecessor-version":[{"id":8846,"href":"https:\/\/ciudadyregion.com.co\/index.php\/wp-json\/wp\/v2\/posts\/8844\/revisions\/8846"}],"wp:featuredmedia":[{"embeddable":true,"href":"https:\/\/ciudadyregion.com.co\/index.php\/wp-json\/wp\/v2\/media\/8845"}],"wp:attachment":[{"href":"https:\/\/ciudadyregion.com.co\/index.php\/wp-json\/wp\/v2\/media?parent=8844"}],"wp:term":[{"taxonomy":"category","embeddable":true,"href":"https:\/\/ciudadyregion.com.co\/index.php\/wp-json\/wp\/v2\/categories?post=8844"},{"taxonomy":"post_tag","embeddable":true,"href":"https:\/\/ciudadyregion.com.co\/index.php\/wp-json\/wp\/v2\/tags?post=8844"}],"curies":[{"name":"wp","href":"https:\/\/api.w.org\/{rel}","templated":true}]}}