{"id":8838,"date":"2024-03-02T07:39:48","date_gmt":"2024-03-02T12:39:48","guid":{"rendered":"https:\/\/ciudadyregion.com.co\/?p=8838"},"modified":"2024-03-02T07:39:48","modified_gmt":"2024-03-02T12:39:48","slug":"mejoraran-iluminacion-del-aeropuerto-perales-para-realizar-vuelos-nocturnos","status":"publish","type":"post","link":"https:\/\/ciudadyregion.com.co\/index.php\/mejoraran-iluminacion-del-aeropuerto-perales-para-realizar-vuelos-nocturnos\/ibague\/","title":{"rendered":"Mejorar\u00e1n iluminaci\u00f3n del Aeropuerto Perales para realizar vuelos nocturnos"},"content":{"rendered":"<div>Al finalizar una mesa de trabajo con representantes de la Aeron\u00e1utica Civil en Bogot\u00e1, la alcaldesa Johana Aranda anunci\u00f3 que se mejorar\u00e1 el sistema de iluminaci\u00f3n del Aeropuerto Perales, lo cual permitir\u00e1 operar vuelos nocturnos en la terminal a\u00e9rea.<\/div>\n<div><span style=\"font-family: Arial, Verdana;\">\u00a0<\/span><\/div>\n<blockquote>\n<div><span style=\"font-family: Arial, Verdana;\"><i>\u201cUn aeropuerto que est\u00e9 a la par de las necesidades, de nuestra ciudad, seguiremos trabajando de manera incansable porque el Aeropuerto Perales le cumpla tambi\u00e9n a los ibaguere\u00f1os todas las expectativas que tenemos de conectividad\u201d,<\/i>\u00a0asegur\u00f3 la Mandataria.\u00a0<\/span><\/div>\n<\/blockquote>\n<div><span style=\"font-family: Arial, Verdana;\">\u00a0<\/span><\/div>\n<div><span style=\"font-family: Arial, Verdana;\">Al encuentro asistieron, adem\u00e1s, Efra\u00edn Valencia, presidente del Comit\u00e9 de Gremios del Tolima, y la Gobernadora del Tolima, Adriana Magali Matiz, quienes en conjunto con la Alcaldesa adelantaron la gesti\u00f3n ante la autoridad aeron\u00e1utica del pa\u00eds.\u00a0<\/span><\/div>\n<div><span style=\"font-family: Arial, Verdana;\">\u00a0<\/span><\/div>\n<blockquote>\n<div><span style=\"font-family: Arial, Verdana;\"><i>\u201cMuy importante para la competitividad de Ibagu\u00e9, contar con unas mejores condiciones de nuestro Aeropuerto y en esto los gremios econ\u00f3micos estamos acompa\u00f1ando a nuestra alcaldesa y a nuestra Gobernadora\u201d,<\/i>\u00a0afirm\u00f3 Efra\u00edn Valencia.\u00a0<\/span><\/div>\n<\/blockquote>\n<div><span style=\"font-family: Arial, Verdana;\">\u00a0<\/span><\/div>\n<div><span style=\"font-family: Arial, Verdana;\">Con esta importante mejora e inversi\u00f3n en la Terminal A\u00e9rea, que estar\u00e1 lista en el segundo semestre de 2024, el gobierno de la alcaldesa Johana Aranda ratifica su compromiso de impulsar la competitividad y atraer inversi\u00f3n a la capital del Tolima.<\/span><\/div>\n","protected":false},"excerpt":{"rendered":"<p>Al finalizar una mesa de trabajo con representantes de la Aeron\u00e1utica Civil en Bogot\u00e1, la alcaldesa Johana Aranda anunci\u00f3 que se mejorar\u00e1 el sistema de iluminaci\u00f3n del Aeropuerto Perales, lo cual permitir\u00e1 operar vuelos nocturnos en la terminal a\u00e9rea. \u00a0 \u201cUn aeropuerto que est\u00e9 a la par de las necesidades,<span class=\"more-link\"><a href=\"https:\/\/ciudadyregion.com.co\/index.php\/mejoraran-iluminacion-del-aeropuerto-perales-para-realizar-vuelos-nocturnos\/ibague\/\">Continuar Leyendo<\/a><\/span><\/p>\n","protected":false},"author":2,"featured_media":8839,"comment_status":"open","ping_status":"open","sticky":false,"template":"","format":"standard","meta":{"_uf_show_specific_survey":0,"_uf_disable_surveys":false,"_jetpack_memberships_contains_paid_content":false,"footnotes":"","jetpack_publicize_message":"","jetpack_publicize_feature_enabled":true,"jetpack_social_post_already_shared":true,"jetpack_social_options":{"image_generator_settings":{"template":"highway","enabled":false},"version":2}},"categories":[14],"tags":[],"class_list":["entry","author-diegoaguirre","post-8838","post","type-post","status-publish","format-standard","has-post-thumbnail","category-ibague"],"jetpack_publicize_connections":[],"yoast_head":"<!-- This site is optimized with the Yoast SEO plugin v24.3 - https:\/\/yoast.com\/wordpress\/plugins\/seo\/ -->\n<title>Mejorar\u00e1n iluminaci\u00f3n del Aeropuerto Perales para realizar vuelos nocturnos - Ciudad y Region<\/title>\n<meta name=\"robots\" content=\"index, follow, max-snippet:-1, max-image-preview:large, max-video-preview:-1\" \/>\n<link rel=\"canonical\" href=\"https:\/\/ciudadyregion.com.co\/index.php\/mejoraran-iluminacion-del-aeropuerto-perales-para-realizar-vuelos-nocturnos\/ibague\/\" \/>\n<meta property=\"og:locale\" content=\"es_ES\" \/>\n<meta property=\"og:type\" content=\"article\" \/>\n<meta property=\"og:title\" content=\"Mejorar\u00e1n iluminaci\u00f3n del Aeropuerto Perales para realizar vuelos nocturnos - Ciudad y Region\" \/>\n<meta property=\"og:description\" content=\"Al finalizar una mesa de trabajo con representantes de la Aeron\u00e1utica Civil en Bogot\u00e1, la alcaldesa Johana Aranda anunci\u00f3 que se mejorar\u00e1 el sistema de iluminaci\u00f3n del Aeropuerto Perales, lo cual permitir\u00e1 operar vuelos nocturnos en la terminal a\u00e9rea. \u00a0 \u201cUn aeropuerto que est\u00e9 a la par de las necesidades,Continuar Leyendo\" \/>\n<meta property=\"og:url\" content=\"https:\/\/ciudadyregion.com.co\/index.php\/mejoraran-iluminacion-del-aeropuerto-perales-para-realizar-vuelos-nocturnos\/ibague\/\" \/>\n<meta property=\"og:site_name\" content=\"Ciudad y Region\" \/>\n<meta property=\"article:published_time\" content=\"2024-03-02T12:39:48+00:00\" \/>\n<meta property=\"og:image\" content=\"https:\/\/ciudadyregion.com.co\/wp-content\/uploads\/2024\/03\/1-aeropuerto-perales-ibague.jpg\" \/>\n\t<meta property=\"og:image:width\" content=\"800\" \/>\n\t<meta property=\"og:image:height\" content=\"445\" \/>\n\t<meta property=\"og:image:type\" content=\"image\/jpeg\" \/>\n<meta name=\"author\" content=\"David Andr\u00e9s Aguirre\" \/>\n<meta name=\"twitter:card\" content=\"summary_large_image\" \/>\n<meta name=\"twitter:label1\" content=\"Escrito por\" \/>\n\t<meta name=\"twitter:data1\" content=\"David Andr\u00e9s Aguirre\" \/>\n\t<meta name=\"twitter:label2\" content=\"Tiempo de lectura\" \/>\n\t<meta name=\"twitter:data2\" content=\"1 minuto\" \/>\n<script type=\"application\/ld+json\" class=\"yoast-schema-graph\">{\"@context\":\"https:\/\/schema.org\",\"@graph\":[{\"@type\":\"WebPage\",\"@id\":\"https:\/\/ciudadyregion.com.co\/index.php\/mejoraran-iluminacion-del-aeropuerto-perales-para-realizar-vuelos-nocturnos\/ibague\/\",\"url\":\"https:\/\/ciudadyregion.com.co\/index.php\/mejoraran-iluminacion-del-aeropuerto-perales-para-realizar-vuelos-nocturnos\/ibague\/\",\"name\":\"Mejorar\u00e1n iluminaci\u00f3n del Aeropuerto Perales para realizar vuelos nocturnos - Ciudad y Region\",\"isPartOf\":{\"@id\":\"https:\/\/ciudadyregion.com.co\/#website\"},\"primaryImageOfPage\":{\"@id\":\"https:\/\/ciudadyregion.com.co\/index.php\/mejoraran-iluminacion-del-aeropuerto-perales-para-realizar-vuelos-nocturnos\/ibague\/#primaryimage\"},\"image\":{\"@id\":\"https:\/\/ciudadyregion.com.co\/index.php\/mejoraran-iluminacion-del-aeropuerto-perales-para-realizar-vuelos-nocturnos\/ibague\/#primaryimage\"},\"thumbnailUrl\":\"https:\/\/i0.wp.com\/ciudadyregion.com.co\/wp-content\/uploads\/2024\/03\/1-aeropuerto-perales-ibague.jpg?fit=800%2C445&ssl=1\",\"datePublished\":\"2024-03-02T12:39:48+00:00\",\"dateModified\":\"2024-03-02T12:39:48+00:00\",\"author\":{\"@id\":\"https:\/\/ciudadyregion.com.co\/#\/schema\/person\/04a4954373ebc4051f46e8c65ff78622\"},\"breadcrumb\":{\"@id\":\"https:\/\/ciudadyregion.com.co\/index.php\/mejoraran-iluminacion-del-aeropuerto-perales-para-realizar-vuelos-nocturnos\/ibague\/#breadcrumb\"},\"inLanguage\":\"es\",\"potentialAction\":[{\"@type\":\"ReadAction\",\"target\":[\"https:\/\/ciudadyregion.com.co\/index.php\/mejoraran-iluminacion-del-aeropuerto-perales-para-realizar-vuelos-nocturnos\/ibague\/\"]}]},{\"@type\":\"ImageObject\",\"inLanguage\":\"es\",\"@id\":\"https:\/\/ciudadyregion.com.co\/index.php\/mejoraran-iluminacion-del-aeropuerto-perales-para-realizar-vuelos-nocturnos\/ibague\/#primaryimage\",\"url\":\"https:\/\/i0.wp.com\/ciudadyregion.com.co\/wp-content\/uploads\/2024\/03\/1-aeropuerto-perales-ibague.jpg?fit=800%2C445&ssl=1\",\"contentUrl\":\"https:\/\/i0.wp.com\/ciudadyregion.com.co\/wp-content\/uploads\/2024\/03\/1-aeropuerto-perales-ibague.jpg?fit=800%2C445&ssl=1\",\"width\":800,\"height\":445},{\"@type\":\"BreadcrumbList\",\"@id\":\"https:\/\/ciudadyregion.com.co\/index.php\/mejoraran-iluminacion-del-aeropuerto-perales-para-realizar-vuelos-nocturnos\/ibague\/#breadcrumb\",\"itemListElement\":[{\"@type\":\"ListItem\",\"position\":1,\"name\":\"Portada\",\"item\":\"https:\/\/ciudadyregion.com.co\/\"},{\"@type\":\"ListItem\",\"position\":2,\"name\":\"Mejorar\u00e1n iluminaci\u00f3n del Aeropuerto Perales para realizar vuelos nocturnos\"}]},{\"@type\":\"WebSite\",\"@id\":\"https:\/\/ciudadyregion.com.co\/#website\",\"url\":\"https:\/\/ciudadyregion.com.co\/\",\"name\":\"Ciudad y Region\",\"description\":\"\",\"potentialAction\":[{\"@type\":\"SearchAction\",\"target\":{\"@type\":\"EntryPoint\",\"urlTemplate\":\"https:\/\/ciudadyregion.com.co\/?s={search_term_string}\"},\"query-input\":{\"@type\":\"PropertyValueSpecification\",\"valueRequired\":true,\"valueName\":\"search_term_string\"}}],\"inLanguage\":\"es\"},{\"@type\":\"Person\",\"@id\":\"https:\/\/ciudadyregion.com.co\/#\/schema\/person\/04a4954373ebc4051f46e8c65ff78622\",\"name\":\"David Andr\u00e9s Aguirre\",\"image\":{\"@type\":\"ImageObject\",\"inLanguage\":\"es\",\"@id\":\"https:\/\/ciudadyregion.com.co\/#\/schema\/person\/image\/\",\"url\":\"https:\/\/secure.gravatar.com\/avatar\/bc3c655860202182ee6d1b5edd042dbe?s=96&d=mm&r=g\",\"contentUrl\":\"https:\/\/secure.gravatar.com\/avatar\/bc3c655860202182ee6d1b5edd042dbe?s=96&d=mm&r=g\",\"caption\":\"David Andr\u00e9s Aguirre\"},\"url\":\"https:\/\/ciudadyregion.com.co\/index.php\/author\/diegoaguirre\/\"}]}<\/script>\n<!-- \/ Yoast SEO plugin. -->","yoast_head_json":{"title":"Mejorar\u00e1n iluminaci\u00f3n del Aeropuerto Perales para realizar vuelos nocturnos - Ciudad y Region","robots":{"index":"index","follow":"follow","max-snippet":"max-snippet:-1","max-image-preview":"max-image-preview:large","max-video-preview":"max-video-preview:-1"},"canonical":"https:\/\/ciudadyregion.com.co\/index.php\/mejoraran-iluminacion-del-aeropuerto-perales-para-realizar-vuelos-nocturnos\/ibague\/","og_locale":"es_ES","og_type":"article","og_title":"Mejorar\u00e1n iluminaci\u00f3n del Aeropuerto Perales para realizar vuelos nocturnos - Ciudad y Region","og_description":"Al finalizar una mesa de trabajo con representantes de la Aeron\u00e1utica Civil en Bogot\u00e1, la alcaldesa Johana Aranda anunci\u00f3 que se mejorar\u00e1 el sistema de iluminaci\u00f3n del Aeropuerto Perales, lo cual permitir\u00e1 operar vuelos nocturnos en la terminal a\u00e9rea. \u00a0 \u201cUn aeropuerto que est\u00e9 a la par de las necesidades,Continuar Leyendo","og_url":"https:\/\/ciudadyregion.com.co\/index.php\/mejoraran-iluminacion-del-aeropuerto-perales-para-realizar-vuelos-nocturnos\/ibague\/","og_site_name":"Ciudad y Region","article_published_time":"2024-03-02T12:39:48+00:00","og_image":[{"width":800,"height":445,"url":"https:\/\/ciudadyregion.com.co\/wp-content\/uploads\/2024\/03\/1-aeropuerto-perales-ibague.jpg","type":"image\/jpeg"}],"author":"David Andr\u00e9s Aguirre","twitter_card":"summary_large_image","twitter_misc":{"Escrito por":"David Andr\u00e9s Aguirre","Tiempo de lectura":"1 minuto"},"schema":{"@context":"https:\/\/schema.org","@graph":[{"@type":"WebPage","@id":"https:\/\/ciudadyregion.com.co\/index.php\/mejoraran-iluminacion-del-aeropuerto-perales-para-realizar-vuelos-nocturnos\/ibague\/","url":"https:\/\/ciudadyregion.com.co\/index.php\/mejoraran-iluminacion-del-aeropuerto-perales-para-realizar-vuelos-nocturnos\/ibague\/","name":"Mejorar\u00e1n iluminaci\u00f3n del Aeropuerto Perales para realizar vuelos nocturnos - Ciudad y Region","isPartOf":{"@id":"https:\/\/ciudadyregion.com.co\/#website"},"primaryImageOfPage":{"@id":"https:\/\/ciudadyregion.com.co\/index.php\/mejoraran-iluminacion-del-aeropuerto-perales-para-realizar-vuelos-nocturnos\/ibague\/#primaryimage"},"image":{"@id":"https:\/\/ciudadyregion.com.co\/index.php\/mejoraran-iluminacion-del-aeropuerto-perales-para-realizar-vuelos-nocturnos\/ibague\/#primaryimage"},"thumbnailUrl":"https:\/\/i0.wp.com\/ciudadyregion.com.co\/wp-content\/uploads\/2024\/03\/1-aeropuerto-perales-ibague.jpg?fit=800%2C445&ssl=1","datePublished":"2024-03-02T12:39:48+00:00","dateModified":"2024-03-02T12:39:48+00:00","author":{"@id":"https:\/\/ciudadyregion.com.co\/#\/schema\/person\/04a4954373ebc4051f46e8c65ff78622"},"breadcrumb":{"@id":"https:\/\/ciudadyregion.com.co\/index.php\/mejoraran-iluminacion-del-aeropuerto-perales-para-realizar-vuelos-nocturnos\/ibague\/#breadcrumb"},"inLanguage":"es","potentialAction":[{"@type":"ReadAction","target":["https:\/\/ciudadyregion.com.co\/index.php\/mejoraran-iluminacion-del-aeropuerto-perales-para-realizar-vuelos-nocturnos\/ibague\/"]}]},{"@type":"ImageObject","inLanguage":"es","@id":"https:\/\/ciudadyregion.com.co\/index.php\/mejoraran-iluminacion-del-aeropuerto-perales-para-realizar-vuelos-nocturnos\/ibague\/#primaryimage","url":"https:\/\/i0.wp.com\/ciudadyregion.com.co\/wp-content\/uploads\/2024\/03\/1-aeropuerto-perales-ibague.jpg?fit=800%2C445&ssl=1","contentUrl":"https:\/\/i0.wp.com\/ciudadyregion.com.co\/wp-content\/uploads\/2024\/03\/1-aeropuerto-perales-ibague.jpg?fit=800%2C445&ssl=1","width":800,"height":445},{"@type":"BreadcrumbList","@id":"https:\/\/ciudadyregion.com.co\/index.php\/mejoraran-iluminacion-del-aeropuerto-perales-para-realizar-vuelos-nocturnos\/ibague\/#breadcrumb","itemListElement":[{"@type":"ListItem","position":1,"name":"Portada","item":"https:\/\/ciudadyregion.com.co\/"},{"@type":"ListItem","position":2,"name":"Mejorar\u00e1n iluminaci\u00f3n del Aeropuerto Perales para realizar vuelos nocturnos"}]},{"@type":"WebSite","@id":"https:\/\/ciudadyregion.com.co\/#website","url":"https:\/\/ciudadyregion.com.co\/","name":"Ciudad y Region","description":"","potentialAction":[{"@type":"SearchAction","target":{"@type":"EntryPoint","urlTemplate":"https:\/\/ciudadyregion.com.co\/?s={search_term_string}"},"query-input":{"@type":"PropertyValueSpecification","valueRequired":true,"valueName":"search_term_string"}}],"inLanguage":"es"},{"@type":"Person","@id":"https:\/\/ciudadyregion.com.co\/#\/schema\/person\/04a4954373ebc4051f46e8c65ff78622","name":"David Andr\u00e9s Aguirre","image":{"@type":"ImageObject","inLanguage":"es","@id":"https:\/\/ciudadyregion.com.co\/#\/schema\/person\/image\/","url":"https:\/\/secure.gravatar.com\/avatar\/bc3c655860202182ee6d1b5edd042dbe?s=96&d=mm&r=g","contentUrl":"https:\/\/secure.gravatar.com\/avatar\/bc3c655860202182ee6d1b5edd042dbe?s=96&d=mm&r=g","caption":"David Andr\u00e9s Aguirre"},"url":"https:\/\/ciudadyregion.com.co\/index.php\/author\/diegoaguirre\/"}]}},"jetpack_featured_media_url":"https:\/\/i0.wp.com\/ciudadyregion.com.co\/wp-content\/uploads\/2024\/03\/1-aeropuerto-perales-ibague.jpg?fit=800%2C445&ssl=1","jetpack_sharing_enabled":true,"jetpack_shortlink":"https:\/\/wp.me\/pbS7hh-2iy","jetpack-related-posts":[],"_links":{"self":[{"href":"https:\/\/ciudadyregion.com.co\/index.php\/wp-json\/wp\/v2\/posts\/8838"}],"collection":[{"href":"https:\/\/ciudadyregion.com.co\/index.php\/wp-json\/wp\/v2\/posts"}],"about":[{"href":"https:\/\/ciudadyregion.com.co\/index.php\/wp-json\/wp\/v2\/types\/post"}],"author":[{"embeddable":true,"href":"https:\/\/ciudadyregion.com.co\/index.php\/wp-json\/wp\/v2\/users\/2"}],"replies":[{"embeddable":true,"href":"https:\/\/ciudadyregion.com.co\/index.php\/wp-json\/wp\/v2\/comments?post=8838"}],"version-history":[{"count":1,"href":"https:\/\/ciudadyregion.com.co\/index.php\/wp-json\/wp\/v2\/posts\/8838\/revisions"}],"predecessor-version":[{"id":8840,"href":"https:\/\/ciudadyregion.com.co\/index.php\/wp-json\/wp\/v2\/posts\/8838\/revisions\/8840"}],"wp:featuredmedia":[{"embeddable":true,"href":"https:\/\/ciudadyregion.com.co\/index.php\/wp-json\/wp\/v2\/media\/8839"}],"wp:attachment":[{"href":"https:\/\/ciudadyregion.com.co\/index.php\/wp-json\/wp\/v2\/media?parent=8838"}],"wp:term":[{"taxonomy":"category","embeddable":true,"href":"https:\/\/ciudadyregion.com.co\/index.php\/wp-json\/wp\/v2\/categories?post=8838"},{"taxonomy":"post_tag","embeddable":true,"href":"https:\/\/ciudadyregion.com.co\/index.php\/wp-json\/wp\/v2\/tags?post=8838"}],"curies":[{"name":"wp","href":"https:\/\/api.w.org\/{rel}","templated":true}]}}