{"id":8703,"date":"2024-02-29T08:54:08","date_gmt":"2024-02-29T13:54:08","guid":{"rendered":"https:\/\/ciudadyregion.com.co\/?p=8703"},"modified":"2024-02-29T08:54:08","modified_gmt":"2024-02-29T13:54:08","slug":"la-campana-colombia-el-pais-de-la-belleza-tiene-que-ampliarse-para-que-sea-mas-eficaz-presidente-petro","status":"publish","type":"post","link":"https:\/\/ciudadyregion.com.co\/index.php\/la-campana-colombia-el-pais-de-la-belleza-tiene-que-ampliarse-para-que-sea-mas-eficaz-presidente-petro\/nacional\/","title":{"rendered":"\u00abLa Campa\u00f1a \u2018Colombia, el Pa\u00eds de la Belleza\u2019, tiene que ampliarse para que sea m\u00e1s eficaz\u00bb: presidente Petro"},"content":{"rendered":"<ul>\n<li><em>Durante su intervenci\u00f3n en la 43\u00ba Vitrina de Anato, el mandatario asegur\u00f3 que esta iniciativa no puede circunscribirse a mostrar un video en alg\u00fan lugar ic\u00f3nico donde est\u00e9 el Presidente. Pidi\u00f3 ampliar las rutas a\u00e9reas y acabar \u201cel monopolio\u201d en el precio de los tiquetes\u00a0<\/em><\/li>\n<\/ul>\n<div><\/div>\n<div>Un llamado especial formul\u00f3 este mi\u00e9rcoles el presidente Gustavo Petro Urrego a todas las entidades del Estado relacionadas con el turismo para que intensifiquen la campa\u00f1a \u2018Colombia, el Pa\u00eds de Belleza\u2019, en la instalaci\u00f3n de la 43\u00ba Vitrina Tur\u00edstica de Anato, en la capital del pa\u00eds.<\/div>\n<div><\/div>\n<div>El jefe de Estado se refiri\u00f3 a las divisas que puede generar el turismo como producto de exportaci\u00f3n de \u201csensaciones\u201d e \u201cimportador\u201d de turistas.<\/div>\n<div><\/div>\n<blockquote>\n<div>\u201cEl Gobierno hizo la campa\u00f1a \u2018Colombia, el Pa\u00eds de la Belleza\u2019 para mostrar la enorme belleza natural y cultural de nuestro pa\u00eds.<\/div>\n<\/blockquote>\n<div><\/div>\n<div>Somos una potencia de la biodiversidad, entonces la campa\u00f1a es hacer que se conozca a el pa\u00eds en los sitios donde podr\u00edamos generar una demanda de servicios tur\u00edsticos.<\/div>\n<div><\/div>\n<div>Esta campa\u00f1a no puede circunscribirse a mostrar un video en alg\u00fan lugar ic\u00f3nico donde va el Presidente, tiene que utilizar los m\u00e9todos modernos de comunicaci\u00f3n social en donde nos interesa\u201d, asegur\u00f3 el mandatario.<\/div>\n<div><\/div>\n<div>El jefe de Estado se refiri\u00f3 al perfil de los pasajeros internacionales que llegan al pa\u00eds: son de nacionalidad estadounidense, de Ecuador, M\u00e9xico, Venezuela, otros pa\u00edses latinoamericanos y Espa\u00f1a.<\/div>\n<div><\/div>\n<blockquote>\n<div>\u201cAqu\u00ed tenemos unos frentes que tienen que ver con el conocimiento del pa\u00eds, no solo sostener lo que viene de Estados Unidos y nuestros vecinos, sino lograr atraer a Europa y ahora la atracci\u00f3n del mundo \u00e1rabe que empieza a sentir por Colombia. No es por azar que la empresa a\u00e9rea Emirates llega a Colombia\u201d, asegur\u00f3.<\/div>\n<\/blockquote>\n<div><\/div>\n<div>El Presidente llam\u00f3 la atenci\u00f3n de los embajadores de nuestro pa\u00eds, especialmente en Europa, que \u201ctienen esa misi\u00f3n \u2013promocionar la campa\u00f1a-; aqu\u00ed ser\u00eda interesante ver c\u00f3mo operar la comunicaci\u00f3n social de \u2018Colombia, el Pa\u00eds de la Belleza\u2019, tenemos que atraer gente hacia ac\u00e1.<\/div>\n<div><\/div>\n<div>Eso lo tiene que mover el Ministerio de Comercio, no es una propaganda marginal. A m\u00ed me criticaron el tema de Davos, pero me parece que es l\u00f3gico si queremos que vengan a Colombia\u201d, advirti\u00f3.<\/div>\n<div><\/div>\n<div>Seg\u00fan el mandatario, la inversi\u00f3n que se haga en esta campa\u00f1a ser\u00e1 retribuida:<\/div>\n<blockquote>\n<div>\u201cYa pasamos de 6 millones de turistas, ojal\u00e1 siete, nuestra meta son 10, deber\u00edamos tener m\u00e1s porque el pa\u00eds tiene el potencial para ello\u201d.<\/div>\n<\/blockquote>\n<div><\/div>\n<h2>Infraestructura tur\u00edstica<\/h2>\n<div><\/div>\n<div>De acuerdo con el presidente Petro, la campa\u00f1a \u2018Colombia el Pa\u00eds de la Belleza\u2019, aunque sea costosa tiene que ampliarse para que sea m\u00e1s eficaz, pero cuestion\u00f3 los problemas de infraestructura que hay con los aeropuertos.<\/div>\n<div><\/div>\n<blockquote>\n<div>\u201cHemos priorizado que los aeropuertos que queremos hacer o ampliar son donde m\u00e1s belleza hay. A la Alta Guajira, Tol\u00fa, el (parque) Chiribiquete, el Litoral Pac\u00edfico, a todos esos municipios que hoy solo se llegan ni por carretera, el objetivo es atraer m\u00e1s turistas extranjeros a Colombia vendiendo nuestra belleza natural, sin perderla. Por ejemplo, los campesinos que estimulan ciertas fuerzas a quemar la selva, podemos volverlo oferentes de servicios tur\u00edsticos\u201d, explic\u00f3.<\/div>\n<\/blockquote>\n<div><\/div>\n<h2>Tiquetes a\u00e9reos<\/h2>\n<div><\/div>\n<div>El jefe de Estado tambi\u00e9n dijo que a todas las regiones del pa\u00eds tienen que llegar todas las aerol\u00edneas internacionales que se pueda.<\/div>\n<div><\/div>\n<blockquote>\n<div>\u201cNuestra pol\u00edtica es abrir los aeropuertos a la mayor competencia posible de aerol\u00edneas que nos permitan bajar los precios de los tiquetes. Hoy tenemos precios de tiquetes de monopolio. Ustedes hablan de los impuestos, pero yo hablo del precio\u201d.<\/div>\n<\/blockquote>\n<div><\/div>\n<div>Se refiri\u00f3 a la compa\u00f1\u00eda estatal Satena, de la que asegur\u00f3 \u201ces un fracaso m\u00edo porque le entregamos l\u00edneas internacionales para que las coja ya construidas, y no logra ser un competidor siendo empresa del Gobierno.<\/div>\n<div><\/div>\n<div>En esto el Ministerio de Hacienda, que es el propietario, tiene que tomar nota: no podemos seguir con una aerol\u00ednea anclada. Los economistas dicen eso con competir, no con monopolio, y en eso el Gobierno tiene que intervenir y est\u00e1 interviniendo\u201d, insisti\u00f3.<\/div>\n<div><\/div>\n<h2>Turismo cultural<\/h2>\n<div><\/div>\n<div>Otro frente tur\u00edstico que el jefe de Estado pidi\u00f3 explorar es el del turismo cultural. \u201cSi Colombia tiene un potencial en la biodiversidad, en la diversidad cultural, pues tenemos que montar las posibilidades de atracci\u00f3n para que llegue m\u00e1s gente\u201d, sostuvo.<\/div>\n<div><\/div>\n<div>Frente a este tema, dijo que tiene que fortalecerse.<\/div>\n<div><\/div>\n<blockquote>\n<div>\u201cOlvidaba decir que en Cartagena queremos desarrollar tratando de cambiar el estilo de turismo que se est\u00e1 desarrollando en la ciudad, que no es positivo, por el Museo del Gale\u00f3n San Jos\u00e9, que es patrimonio nacional, con el objetivo de que la cultura, la cultura y la naturaleza sean el motor del turismo que necesitamos\u201d.<\/div>\n<\/blockquote>\n<div><\/div>\n<h2>M\u00e1s ferry, menos cruceros<\/h2>\n<div><\/div>\n<div>Un tema adicional que abord\u00f3 el jefe de Estado es el turismo de cruceros, pues dijo que \u201cno es propiamente el que queremos porque nos deja poca plata\u201d, a pesar de que el n\u00famero de cruceristas aument\u00f3 de 167 mil a 345 mil en 2022.<\/div>\n<div><\/div>\n<blockquote>\n<div>\u201cEl crucero es un edificio que llega y los turistas van cinco horas a la ciudad y no se gastan sino 200 d\u00f3lares. Aruba, Bonaire y Curazao est\u00e1n a un paso de la Alta Guajira y de Rep\u00fablica Dominicana. Si ese c\u00edrculo se recorre podr\u00eda ampliarse a Cartagena, estamos hablando de 15 millones de turistas. Pero el m\u00e9todo no es el crucero, el m\u00e9todo es el ferry o a\u00e9reo. Hay m\u00e9todos m\u00e1s suaves con la naturaleza que nos dejar\u00edan el turista no seis horas, sino d\u00edas recorriendo ese paquete\u201d, concluy\u00f3.<\/div>\n<\/blockquote>\n","protected":false},"excerpt":{"rendered":"<p>Durante su intervenci\u00f3n en la 43\u00ba Vitrina de Anato, el mandatario asegur\u00f3 que esta iniciativa no puede circunscribirse a mostrar un video en alg\u00fan lugar ic\u00f3nico donde est\u00e9 el Presidente. Pidi\u00f3 ampliar las rutas a\u00e9reas y acabar \u201cel monopolio\u201d en el precio de los tiquetes\u00a0 Un llamado especial formul\u00f3 este<span class=\"more-link\"><a href=\"https:\/\/ciudadyregion.com.co\/index.php\/la-campana-colombia-el-pais-de-la-belleza-tiene-que-ampliarse-para-que-sea-mas-eficaz-presidente-petro\/nacional\/\">Continuar Leyendo<\/a><\/span><\/p>\n","protected":false},"author":2,"featured_media":8704,"comment_status":"open","ping_status":"open","sticky":false,"template":"","format":"standard","meta":{"_uf_show_specific_survey":0,"_uf_disable_surveys":false,"_jetpack_memberships_contains_paid_content":false,"footnotes":"","jetpack_publicize_message":"","jetpack_publicize_feature_enabled":true,"jetpack_social_post_already_shared":true,"jetpack_social_options":{"image_generator_settings":{"template":"highway","enabled":false},"version":2}},"categories":[23],"tags":[],"class_list":["entry","author-diegoaguirre","post-8703","post","type-post","status-publish","format-standard","has-post-thumbnail","category-nacional"],"jetpack_publicize_connections":[],"yoast_head":"<!-- This site is optimized with the Yoast SEO plugin v24.3 - https:\/\/yoast.com\/wordpress\/plugins\/seo\/ -->\n<title>&quot;La Campa\u00f1a \u2018Colombia, el Pa\u00eds de la Belleza\u2019, tiene que ampliarse para que sea m\u00e1s eficaz&quot;: presidente Petro - Ciudad y Region<\/title>\n<meta name=\"robots\" content=\"index, follow, max-snippet:-1, max-image-preview:large, max-video-preview:-1\" \/>\n<link rel=\"canonical\" href=\"https:\/\/ciudadyregion.com.co\/index.php\/la-campana-colombia-el-pais-de-la-belleza-tiene-que-ampliarse-para-que-sea-mas-eficaz-presidente-petro\/nacional\/\" \/>\n<meta property=\"og:locale\" content=\"es_ES\" \/>\n<meta property=\"og:type\" content=\"article\" \/>\n<meta property=\"og:title\" content=\"&quot;La Campa\u00f1a \u2018Colombia, el Pa\u00eds de la Belleza\u2019, tiene que ampliarse para que sea m\u00e1s eficaz&quot;: presidente Petro - Ciudad y Region\" \/>\n<meta property=\"og:description\" content=\"Durante su intervenci\u00f3n en la 43\u00ba Vitrina de Anato, el mandatario asegur\u00f3 que esta iniciativa no puede circunscribirse a mostrar un video en alg\u00fan lugar ic\u00f3nico donde est\u00e9 el Presidente. Pidi\u00f3 ampliar las rutas a\u00e9reas y acabar \u201cel monopolio\u201d en el precio de los tiquetes\u00a0 Un llamado especial formul\u00f3 esteContinuar Leyendo\" \/>\n<meta property=\"og:url\" content=\"https:\/\/ciudadyregion.com.co\/index.php\/la-campana-colombia-el-pais-de-la-belleza-tiene-que-ampliarse-para-que-sea-mas-eficaz-presidente-petro\/nacional\/\" \/>\n<meta property=\"og:site_name\" content=\"Ciudad y Region\" \/>\n<meta property=\"article:published_time\" content=\"2024-02-29T13:54:08+00:00\" \/>\n<meta property=\"og:image\" content=\"https:\/\/ciudadyregion.com.co\/wp-content\/uploads\/2024\/02\/7-3-1.jpg\" \/>\n\t<meta property=\"og:image:width\" content=\"800\" \/>\n\t<meta property=\"og:image:height\" content=\"445\" \/>\n\t<meta property=\"og:image:type\" content=\"image\/jpeg\" \/>\n<meta name=\"author\" content=\"David Andr\u00e9s Aguirre\" \/>\n<meta name=\"twitter:card\" content=\"summary_large_image\" \/>\n<meta name=\"twitter:label1\" content=\"Escrito por\" \/>\n\t<meta name=\"twitter:data1\" content=\"David Andr\u00e9s Aguirre\" \/>\n\t<meta name=\"twitter:label2\" content=\"Tiempo de lectura\" \/>\n\t<meta name=\"twitter:data2\" content=\"3 minutos\" \/>\n<script type=\"application\/ld+json\" class=\"yoast-schema-graph\">{\"@context\":\"https:\/\/schema.org\",\"@graph\":[{\"@type\":\"WebPage\",\"@id\":\"https:\/\/ciudadyregion.com.co\/index.php\/la-campana-colombia-el-pais-de-la-belleza-tiene-que-ampliarse-para-que-sea-mas-eficaz-presidente-petro\/nacional\/\",\"url\":\"https:\/\/ciudadyregion.com.co\/index.php\/la-campana-colombia-el-pais-de-la-belleza-tiene-que-ampliarse-para-que-sea-mas-eficaz-presidente-petro\/nacional\/\",\"name\":\"\\\"La Campa\u00f1a \u2018Colombia, el Pa\u00eds de la Belleza\u2019, tiene que ampliarse para que sea m\u00e1s eficaz\\\": presidente Petro - Ciudad y Region\",\"isPartOf\":{\"@id\":\"https:\/\/ciudadyregion.com.co\/#website\"},\"primaryImageOfPage\":{\"@id\":\"https:\/\/ciudadyregion.com.co\/index.php\/la-campana-colombia-el-pais-de-la-belleza-tiene-que-ampliarse-para-que-sea-mas-eficaz-presidente-petro\/nacional\/#primaryimage\"},\"image\":{\"@id\":\"https:\/\/ciudadyregion.com.co\/index.php\/la-campana-colombia-el-pais-de-la-belleza-tiene-que-ampliarse-para-que-sea-mas-eficaz-presidente-petro\/nacional\/#primaryimage\"},\"thumbnailUrl\":\"https:\/\/i0.wp.com\/ciudadyregion.com.co\/wp-content\/uploads\/2024\/02\/7-3-1.jpg?fit=800%2C445&ssl=1\",\"datePublished\":\"2024-02-29T13:54:08+00:00\",\"dateModified\":\"2024-02-29T13:54:08+00:00\",\"author\":{\"@id\":\"https:\/\/ciudadyregion.com.co\/#\/schema\/person\/04a4954373ebc4051f46e8c65ff78622\"},\"breadcrumb\":{\"@id\":\"https:\/\/ciudadyregion.com.co\/index.php\/la-campana-colombia-el-pais-de-la-belleza-tiene-que-ampliarse-para-que-sea-mas-eficaz-presidente-petro\/nacional\/#breadcrumb\"},\"inLanguage\":\"es\",\"potentialAction\":[{\"@type\":\"ReadAction\",\"target\":[\"https:\/\/ciudadyregion.com.co\/index.php\/la-campana-colombia-el-pais-de-la-belleza-tiene-que-ampliarse-para-que-sea-mas-eficaz-presidente-petro\/nacional\/\"]}]},{\"@type\":\"ImageObject\",\"inLanguage\":\"es\",\"@id\":\"https:\/\/ciudadyregion.com.co\/index.php\/la-campana-colombia-el-pais-de-la-belleza-tiene-que-ampliarse-para-que-sea-mas-eficaz-presidente-petro\/nacional\/#primaryimage\",\"url\":\"https:\/\/i0.wp.com\/ciudadyregion.com.co\/wp-content\/uploads\/2024\/02\/7-3-1.jpg?fit=800%2C445&ssl=1\",\"contentUrl\":\"https:\/\/i0.wp.com\/ciudadyregion.com.co\/wp-content\/uploads\/2024\/02\/7-3-1.jpg?fit=800%2C445&ssl=1\",\"width\":800,\"height\":445},{\"@type\":\"BreadcrumbList\",\"@id\":\"https:\/\/ciudadyregion.com.co\/index.php\/la-campana-colombia-el-pais-de-la-belleza-tiene-que-ampliarse-para-que-sea-mas-eficaz-presidente-petro\/nacional\/#breadcrumb\",\"itemListElement\":[{\"@type\":\"ListItem\",\"position\":1,\"name\":\"Portada\",\"item\":\"https:\/\/ciudadyregion.com.co\/\"},{\"@type\":\"ListItem\",\"position\":2,\"name\":\"&#8220;La Campa\u00f1a \u2018Colombia, el Pa\u00eds de la Belleza\u2019, tiene que ampliarse para que sea m\u00e1s eficaz&#8221;: presidente Petro\"}]},{\"@type\":\"WebSite\",\"@id\":\"https:\/\/ciudadyregion.com.co\/#website\",\"url\":\"https:\/\/ciudadyregion.com.co\/\",\"name\":\"Ciudad y Region\",\"description\":\"\",\"potentialAction\":[{\"@type\":\"SearchAction\",\"target\":{\"@type\":\"EntryPoint\",\"urlTemplate\":\"https:\/\/ciudadyregion.com.co\/?s={search_term_string}\"},\"query-input\":{\"@type\":\"PropertyValueSpecification\",\"valueRequired\":true,\"valueName\":\"search_term_string\"}}],\"inLanguage\":\"es\"},{\"@type\":\"Person\",\"@id\":\"https:\/\/ciudadyregion.com.co\/#\/schema\/person\/04a4954373ebc4051f46e8c65ff78622\",\"name\":\"David Andr\u00e9s Aguirre\",\"image\":{\"@type\":\"ImageObject\",\"inLanguage\":\"es\",\"@id\":\"https:\/\/ciudadyregion.com.co\/#\/schema\/person\/image\/\",\"url\":\"https:\/\/secure.gravatar.com\/avatar\/bc3c655860202182ee6d1b5edd042dbe?s=96&d=mm&r=g\",\"contentUrl\":\"https:\/\/secure.gravatar.com\/avatar\/bc3c655860202182ee6d1b5edd042dbe?s=96&d=mm&r=g\",\"caption\":\"David Andr\u00e9s Aguirre\"},\"url\":\"https:\/\/ciudadyregion.com.co\/index.php\/author\/diegoaguirre\/\"}]}<\/script>\n<!-- \/ Yoast SEO plugin. -->","yoast_head_json":{"title":"\"La Campa\u00f1a \u2018Colombia, el Pa\u00eds de la Belleza\u2019, tiene que ampliarse para que sea m\u00e1s eficaz\": presidente Petro - Ciudad y Region","robots":{"index":"index","follow":"follow","max-snippet":"max-snippet:-1","max-image-preview":"max-image-preview:large","max-video-preview":"max-video-preview:-1"},"canonical":"https:\/\/ciudadyregion.com.co\/index.php\/la-campana-colombia-el-pais-de-la-belleza-tiene-que-ampliarse-para-que-sea-mas-eficaz-presidente-petro\/nacional\/","og_locale":"es_ES","og_type":"article","og_title":"\"La Campa\u00f1a \u2018Colombia, el Pa\u00eds de la Belleza\u2019, tiene que ampliarse para que sea m\u00e1s eficaz\": presidente Petro - Ciudad y Region","og_description":"Durante su intervenci\u00f3n en la 43\u00ba Vitrina de Anato, el mandatario asegur\u00f3 que esta iniciativa no puede circunscribirse a mostrar un video en alg\u00fan lugar ic\u00f3nico donde est\u00e9 el Presidente. Pidi\u00f3 ampliar las rutas a\u00e9reas y acabar \u201cel monopolio\u201d en el precio de los tiquetes\u00a0 Un llamado especial formul\u00f3 esteContinuar Leyendo","og_url":"https:\/\/ciudadyregion.com.co\/index.php\/la-campana-colombia-el-pais-de-la-belleza-tiene-que-ampliarse-para-que-sea-mas-eficaz-presidente-petro\/nacional\/","og_site_name":"Ciudad y Region","article_published_time":"2024-02-29T13:54:08+00:00","og_image":[{"width":800,"height":445,"url":"https:\/\/ciudadyregion.com.co\/wp-content\/uploads\/2024\/02\/7-3-1.jpg","type":"image\/jpeg"}],"author":"David Andr\u00e9s Aguirre","twitter_card":"summary_large_image","twitter_misc":{"Escrito por":"David Andr\u00e9s Aguirre","Tiempo de lectura":"3 minutos"},"schema":{"@context":"https:\/\/schema.org","@graph":[{"@type":"WebPage","@id":"https:\/\/ciudadyregion.com.co\/index.php\/la-campana-colombia-el-pais-de-la-belleza-tiene-que-ampliarse-para-que-sea-mas-eficaz-presidente-petro\/nacional\/","url":"https:\/\/ciudadyregion.com.co\/index.php\/la-campana-colombia-el-pais-de-la-belleza-tiene-que-ampliarse-para-que-sea-mas-eficaz-presidente-petro\/nacional\/","name":"\"La Campa\u00f1a \u2018Colombia, el Pa\u00eds de la Belleza\u2019, tiene que ampliarse para que sea m\u00e1s eficaz\": presidente Petro - Ciudad y Region","isPartOf":{"@id":"https:\/\/ciudadyregion.com.co\/#website"},"primaryImageOfPage":{"@id":"https:\/\/ciudadyregion.com.co\/index.php\/la-campana-colombia-el-pais-de-la-belleza-tiene-que-ampliarse-para-que-sea-mas-eficaz-presidente-petro\/nacional\/#primaryimage"},"image":{"@id":"https:\/\/ciudadyregion.com.co\/index.php\/la-campana-colombia-el-pais-de-la-belleza-tiene-que-ampliarse-para-que-sea-mas-eficaz-presidente-petro\/nacional\/#primaryimage"},"thumbnailUrl":"https:\/\/i0.wp.com\/ciudadyregion.com.co\/wp-content\/uploads\/2024\/02\/7-3-1.jpg?fit=800%2C445&ssl=1","datePublished":"2024-02-29T13:54:08+00:00","dateModified":"2024-02-29T13:54:08+00:00","author":{"@id":"https:\/\/ciudadyregion.com.co\/#\/schema\/person\/04a4954373ebc4051f46e8c65ff78622"},"breadcrumb":{"@id":"https:\/\/ciudadyregion.com.co\/index.php\/la-campana-colombia-el-pais-de-la-belleza-tiene-que-ampliarse-para-que-sea-mas-eficaz-presidente-petro\/nacional\/#breadcrumb"},"inLanguage":"es","potentialAction":[{"@type":"ReadAction","target":["https:\/\/ciudadyregion.com.co\/index.php\/la-campana-colombia-el-pais-de-la-belleza-tiene-que-ampliarse-para-que-sea-mas-eficaz-presidente-petro\/nacional\/"]}]},{"@type":"ImageObject","inLanguage":"es","@id":"https:\/\/ciudadyregion.com.co\/index.php\/la-campana-colombia-el-pais-de-la-belleza-tiene-que-ampliarse-para-que-sea-mas-eficaz-presidente-petro\/nacional\/#primaryimage","url":"https:\/\/i0.wp.com\/ciudadyregion.com.co\/wp-content\/uploads\/2024\/02\/7-3-1.jpg?fit=800%2C445&ssl=1","contentUrl":"https:\/\/i0.wp.com\/ciudadyregion.com.co\/wp-content\/uploads\/2024\/02\/7-3-1.jpg?fit=800%2C445&ssl=1","width":800,"height":445},{"@type":"BreadcrumbList","@id":"https:\/\/ciudadyregion.com.co\/index.php\/la-campana-colombia-el-pais-de-la-belleza-tiene-que-ampliarse-para-que-sea-mas-eficaz-presidente-petro\/nacional\/#breadcrumb","itemListElement":[{"@type":"ListItem","position":1,"name":"Portada","item":"https:\/\/ciudadyregion.com.co\/"},{"@type":"ListItem","position":2,"name":"&#8220;La Campa\u00f1a \u2018Colombia, el Pa\u00eds de la Belleza\u2019, tiene que ampliarse para que sea m\u00e1s eficaz&#8221;: presidente Petro"}]},{"@type":"WebSite","@id":"https:\/\/ciudadyregion.com.co\/#website","url":"https:\/\/ciudadyregion.com.co\/","name":"Ciudad y Region","description":"","potentialAction":[{"@type":"SearchAction","target":{"@type":"EntryPoint","urlTemplate":"https:\/\/ciudadyregion.com.co\/?s={search_term_string}"},"query-input":{"@type":"PropertyValueSpecification","valueRequired":true,"valueName":"search_term_string"}}],"inLanguage":"es"},{"@type":"Person","@id":"https:\/\/ciudadyregion.com.co\/#\/schema\/person\/04a4954373ebc4051f46e8c65ff78622","name":"David Andr\u00e9s Aguirre","image":{"@type":"ImageObject","inLanguage":"es","@id":"https:\/\/ciudadyregion.com.co\/#\/schema\/person\/image\/","url":"https:\/\/secure.gravatar.com\/avatar\/bc3c655860202182ee6d1b5edd042dbe?s=96&d=mm&r=g","contentUrl":"https:\/\/secure.gravatar.com\/avatar\/bc3c655860202182ee6d1b5edd042dbe?s=96&d=mm&r=g","caption":"David Andr\u00e9s Aguirre"},"url":"https:\/\/ciudadyregion.com.co\/index.php\/author\/diegoaguirre\/"}]}},"jetpack_featured_media_url":"https:\/\/i0.wp.com\/ciudadyregion.com.co\/wp-content\/uploads\/2024\/02\/7-3-1.jpg?fit=800%2C445&ssl=1","jetpack_sharing_enabled":true,"jetpack_shortlink":"https:\/\/wp.me\/pbS7hh-2gn","jetpack-related-posts":[],"_links":{"self":[{"href":"https:\/\/ciudadyregion.com.co\/index.php\/wp-json\/wp\/v2\/posts\/8703"}],"collection":[{"href":"https:\/\/ciudadyregion.com.co\/index.php\/wp-json\/wp\/v2\/posts"}],"about":[{"href":"https:\/\/ciudadyregion.com.co\/index.php\/wp-json\/wp\/v2\/types\/post"}],"author":[{"embeddable":true,"href":"https:\/\/ciudadyregion.com.co\/index.php\/wp-json\/wp\/v2\/users\/2"}],"replies":[{"embeddable":true,"href":"https:\/\/ciudadyregion.com.co\/index.php\/wp-json\/wp\/v2\/comments?post=8703"}],"version-history":[{"count":1,"href":"https:\/\/ciudadyregion.com.co\/index.php\/wp-json\/wp\/v2\/posts\/8703\/revisions"}],"predecessor-version":[{"id":8705,"href":"https:\/\/ciudadyregion.com.co\/index.php\/wp-json\/wp\/v2\/posts\/8703\/revisions\/8705"}],"wp:featuredmedia":[{"embeddable":true,"href":"https:\/\/ciudadyregion.com.co\/index.php\/wp-json\/wp\/v2\/media\/8704"}],"wp:attachment":[{"href":"https:\/\/ciudadyregion.com.co\/index.php\/wp-json\/wp\/v2\/media?parent=8703"}],"wp:term":[{"taxonomy":"category","embeddable":true,"href":"https:\/\/ciudadyregion.com.co\/index.php\/wp-json\/wp\/v2\/categories?post=8703"},{"taxonomy":"post_tag","embeddable":true,"href":"https:\/\/ciudadyregion.com.co\/index.php\/wp-json\/wp\/v2\/tags?post=8703"}],"curies":[{"name":"wp","href":"https:\/\/api.w.org\/{rel}","templated":true}]}}