{"id":8539,"date":"2024-02-28T08:04:10","date_gmt":"2024-02-28T13:04:10","guid":{"rendered":"https:\/\/ciudadyregion.com.co\/?p=8539"},"modified":"2024-02-28T08:04:10","modified_gmt":"2024-02-28T13:04:10","slug":"bonito-gesto-madres-de-ninos-con-enfermedades-oncologicas-y-catastroficas-seran-apoyados-por-la-alcaldesa-de-ibague","status":"publish","type":"post","link":"https:\/\/ciudadyregion.com.co\/index.php\/bonito-gesto-madres-de-ninos-con-enfermedades-oncologicas-y-catastroficas-seran-apoyados-por-la-alcaldesa-de-ibague\/ibague\/","title":{"rendered":"Bonito gesto: Madres de ni\u00f1os con enfermedades oncol\u00f3gicas y catastr\u00f3ficas ser\u00e1n apoyados por la Alcaldesa de Ibagu\u00e9"},"content":{"rendered":"<div>En un emotivo encuentro, la alcaldesa Johana Aranda anunci\u00f3 su compromiso inquebrantable con la Fundaci\u00f3n Tapit\u00f3n y Las Calvas, uniendo fuerzas para recolectar material reciclable, principalmente pl\u00e1stico y tapas, destinado a las valientes madres cuidadoras de ni\u00f1os con enfermedades catastr\u00f3ficas y oncol\u00f3gicas, para fabricar manualidades, bolsos y aretes, y comercializarlos.<\/div>\n<div><span style=\"font-family: Arial, Verdana;\">\u00a0<\/span><\/div>\n<div><span style=\"font-family: Arial, Verdana;\">En su intervenci\u00f3n ante sus directivas, la Mandataria inform\u00f3 que cada secretar\u00eda, instituto descentralizado e instituciones educativas se sumar\u00e1n a la causa, contribuyendo a la meta mensual que tiene la fundaci\u00f3n de reunir cinco toneladas de material.<\/span><\/div>\n<div><span style=\"font-family: Arial, Verdana;\">\u00a0<\/span><\/div>\n<blockquote>\n<div><span style=\"font-family: Arial, Verdana;\">\u00abYo se la cruz pesada que cargan estos angelitos y sus mamitas porque yo tambi\u00e9n estuve calva, luch\u00e9 y Dios toc\u00f3 mi coraz\u00f3n; hoy unimos un lazo de amor inquebrantable con mis ni\u00f1os, ellos son unos guerreros que est\u00e1n luchando d\u00eda a d\u00eda con su condici\u00f3n\u201d, manifest\u00f3 Aranda.\u00a0<\/span><\/div>\n<\/blockquote>\n<div><span style=\"font-family: Arial, Verdana;\">\u00a0<\/span><\/div>\n<blockquote>\n<div><span style=\"font-family: Arial, Verdana;\"><i>\u201cDesde el programa Cuidando de los que Cuidan, estaremos apoyando esta tarea altruista y valiosa que realizan porque no estar\u00e1n solos; desde hoy Tapit\u00f3n y Las Calvas tienen una aliada y los defender\u00e9 como una leona porque ellos nacieron con el prop\u00f3sito de so\u00f1ar, y desde hoy los haremos m\u00e1s visibles\u00bb,<\/i>\u00a0agreg\u00f3 la l\u00edder de los ibaguere\u00f1os.\u00a0<\/span><\/div>\n<\/blockquote>\n<div><span style=\"font-family: Arial, Verdana;\">\u00a0<\/span><\/div>\n<div><span style=\"font-family: Arial, Verdana;\">Durante su visita a la fundaci\u00f3n, la Alcaldesa conoci\u00f3 de primera mano las conmovedoras historias y sacrificios de las madres, quienes cuidan a sus hijos en el Hospital Federico Lleras Acosta, muchas veces sin contar con recursos para su almuerzo.\u00a0<\/span><\/div>\n<div><span style=\"font-family: Arial, Verdana;\">\u00a0<\/span><\/div>\n<div><span style=\"font-family: Arial, Verdana;\">Sensibilizada por estas realidades, Aranda se comprometi\u00f3 a gestionar con la gobernadora del Tolima, Adriana Magaly Matiz, un espacio digno dentro del hospital para que las madres puedan descansar y alimentarse adecuadamente, evitando hacerlo en pasillos o zonas comunes. Asimismo, se plantear\u00e1 la posibilidad de ubicar laboralmente a estas madres cabezas de familia.\u00a0<\/span><\/div>\n<div><span style=\"font-family: Arial, Verdana;\">\u00a0<\/span><\/div>\n<blockquote>\n<div><span style=\"font-family: Arial, Verdana;\"><i>\u00abYo llegu\u00e9 desplazada de Medell\u00edn y sent\u00ed la necesidad de crear una fundaci\u00f3n donde haya inclusi\u00f3n para todos. Desde aqu\u00ed regalamos una sonrisa a ni\u00f1os con condiciones catastr\u00f3ficas y oncol\u00f3gicas, trabajamos de coraz\u00f3n para ellos y sus mamitas para que puedan por lo menos tener un almuerzo diario solventando de alguna manera el esfuerzo diario que realizan al cuidar 24 horas a sus hijos, ya que muchas veces no tienen un plato de comida\u00bb<\/i>, destac\u00f3 Katherine Gallego, representante legal de la Fundaci\u00f3n Tapit\u00f3n y Las Calvas.<\/span><\/div>\n<\/blockquote>\n<div><span style=\"font-family: Arial, Verdana;\">\u00a0<\/span><\/div>\n<div><span style=\"font-family: Arial, Verdana;\">La Fundaci\u00f3n Tapit\u00f3n y Las Calvas, fundada en el 2018, actualmente brinda cuidado y abrigo a las madres de 53 ni\u00f1os, y se extiende por todo el Tolima, llegando a 273 menores en total.\u00a0<\/span><\/div>\n<div><span style=\"font-family: Arial, Verdana;\">\u00a0<\/span><\/div>\n<div><span style=\"font-family: Arial, Verdana;\">Como gesto adicional, la Alcaldesa comparti\u00f3 un momento de esparcimiento y alegr\u00eda con los ni\u00f1os afectados, quienes recibieron afectuosos detalles que iluminaron su jornada, reafirmando as\u00ed el compromiso social con el bienestar de las comunidades m\u00e1s vulnerables.<\/span><\/div>\n","protected":false},"excerpt":{"rendered":"<p>En un emotivo encuentro, la alcaldesa Johana Aranda anunci\u00f3 su compromiso inquebrantable con la Fundaci\u00f3n Tapit\u00f3n y Las Calvas, uniendo fuerzas para recolectar material reciclable, principalmente pl\u00e1stico y tapas, destinado a las valientes madres cuidadoras de ni\u00f1os con enfermedades catastr\u00f3ficas y oncol\u00f3gicas, para fabricar manualidades, bolsos y aretes, y comercializarlos.<span class=\"more-link\"><a href=\"https:\/\/ciudadyregion.com.co\/index.php\/bonito-gesto-madres-de-ninos-con-enfermedades-oncologicas-y-catastroficas-seran-apoyados-por-la-alcaldesa-de-ibague\/ibague\/\">Continuar Leyendo<\/a><\/span><\/p>\n","protected":false},"author":2,"featured_media":8540,"comment_status":"open","ping_status":"open","sticky":false,"template":"","format":"standard","meta":{"_uf_show_specific_survey":0,"_uf_disable_surveys":false,"_jetpack_memberships_contains_paid_content":false,"footnotes":"","jetpack_publicize_message":"","jetpack_publicize_feature_enabled":true,"jetpack_social_post_already_shared":true,"jetpack_social_options":{"image_generator_settings":{"template":"highway","enabled":false},"version":2}},"categories":[14],"tags":[],"class_list":["entry","author-diegoaguirre","post-8539","post","type-post","status-publish","format-standard","has-post-thumbnail","category-ibague"],"jetpack_publicize_connections":[],"yoast_head":"<!-- This site is optimized with the Yoast SEO plugin v24.3 - https:\/\/yoast.com\/wordpress\/plugins\/seo\/ -->\n<title>Bonito gesto: Madres de ni\u00f1os con enfermedades oncol\u00f3gicas y catastr\u00f3ficas ser\u00e1n apoyados por la Alcaldesa de Ibagu\u00e9 - Ciudad y Region<\/title>\n<meta name=\"robots\" content=\"index, follow, max-snippet:-1, max-image-preview:large, max-video-preview:-1\" \/>\n<link rel=\"canonical\" href=\"https:\/\/ciudadyregion.com.co\/index.php\/bonito-gesto-madres-de-ninos-con-enfermedades-oncologicas-y-catastroficas-seran-apoyados-por-la-alcaldesa-de-ibague\/ibague\/\" \/>\n<meta property=\"og:locale\" content=\"es_ES\" \/>\n<meta property=\"og:type\" content=\"article\" \/>\n<meta property=\"og:title\" content=\"Bonito gesto: Madres de ni\u00f1os con enfermedades oncol\u00f3gicas y catastr\u00f3ficas ser\u00e1n apoyados por la Alcaldesa de Ibagu\u00e9 - Ciudad y Region\" \/>\n<meta property=\"og:description\" content=\"En un emotivo encuentro, la alcaldesa Johana Aranda anunci\u00f3 su compromiso inquebrantable con la Fundaci\u00f3n Tapit\u00f3n y Las Calvas, uniendo fuerzas para recolectar material reciclable, principalmente pl\u00e1stico y tapas, destinado a las valientes madres cuidadoras de ni\u00f1os con enfermedades catastr\u00f3ficas y oncol\u00f3gicas, para fabricar manualidades, bolsos y aretes, y comercializarlos.Continuar Leyendo\" \/>\n<meta property=\"og:url\" content=\"https:\/\/ciudadyregion.com.co\/index.php\/bonito-gesto-madres-de-ninos-con-enfermedades-oncologicas-y-catastroficas-seran-apoyados-por-la-alcaldesa-de-ibague\/ibague\/\" \/>\n<meta property=\"og:site_name\" content=\"Ciudad y Region\" \/>\n<meta property=\"article:published_time\" content=\"2024-02-28T13:04:10+00:00\" \/>\n<meta property=\"og:image\" content=\"https:\/\/ciudadyregion.com.co\/wp-content\/uploads\/2024\/02\/NINOS-johana.jpg\" \/>\n\t<meta property=\"og:image:width\" content=\"800\" \/>\n\t<meta property=\"og:image:height\" content=\"445\" \/>\n\t<meta property=\"og:image:type\" content=\"image\/jpeg\" \/>\n<meta name=\"author\" content=\"David Andr\u00e9s Aguirre\" \/>\n<meta name=\"twitter:card\" content=\"summary_large_image\" \/>\n<meta name=\"twitter:label1\" content=\"Escrito por\" \/>\n\t<meta name=\"twitter:data1\" content=\"David Andr\u00e9s Aguirre\" \/>\n\t<meta name=\"twitter:label2\" content=\"Tiempo de lectura\" \/>\n\t<meta name=\"twitter:data2\" content=\"2 minutos\" \/>\n<script type=\"application\/ld+json\" class=\"yoast-schema-graph\">{\"@context\":\"https:\/\/schema.org\",\"@graph\":[{\"@type\":\"WebPage\",\"@id\":\"https:\/\/ciudadyregion.com.co\/index.php\/bonito-gesto-madres-de-ninos-con-enfermedades-oncologicas-y-catastroficas-seran-apoyados-por-la-alcaldesa-de-ibague\/ibague\/\",\"url\":\"https:\/\/ciudadyregion.com.co\/index.php\/bonito-gesto-madres-de-ninos-con-enfermedades-oncologicas-y-catastroficas-seran-apoyados-por-la-alcaldesa-de-ibague\/ibague\/\",\"name\":\"Bonito gesto: Madres de ni\u00f1os con enfermedades oncol\u00f3gicas y catastr\u00f3ficas ser\u00e1n apoyados por la Alcaldesa de Ibagu\u00e9 - Ciudad y Region\",\"isPartOf\":{\"@id\":\"https:\/\/ciudadyregion.com.co\/#website\"},\"primaryImageOfPage\":{\"@id\":\"https:\/\/ciudadyregion.com.co\/index.php\/bonito-gesto-madres-de-ninos-con-enfermedades-oncologicas-y-catastroficas-seran-apoyados-por-la-alcaldesa-de-ibague\/ibague\/#primaryimage\"},\"image\":{\"@id\":\"https:\/\/ciudadyregion.com.co\/index.php\/bonito-gesto-madres-de-ninos-con-enfermedades-oncologicas-y-catastroficas-seran-apoyados-por-la-alcaldesa-de-ibague\/ibague\/#primaryimage\"},\"thumbnailUrl\":\"https:\/\/i0.wp.com\/ciudadyregion.com.co\/wp-content\/uploads\/2024\/02\/NINOS-johana.jpg?fit=800%2C445&ssl=1\",\"datePublished\":\"2024-02-28T13:04:10+00:00\",\"dateModified\":\"2024-02-28T13:04:10+00:00\",\"author\":{\"@id\":\"https:\/\/ciudadyregion.com.co\/#\/schema\/person\/04a4954373ebc4051f46e8c65ff78622\"},\"breadcrumb\":{\"@id\":\"https:\/\/ciudadyregion.com.co\/index.php\/bonito-gesto-madres-de-ninos-con-enfermedades-oncologicas-y-catastroficas-seran-apoyados-por-la-alcaldesa-de-ibague\/ibague\/#breadcrumb\"},\"inLanguage\":\"es\",\"potentialAction\":[{\"@type\":\"ReadAction\",\"target\":[\"https:\/\/ciudadyregion.com.co\/index.php\/bonito-gesto-madres-de-ninos-con-enfermedades-oncologicas-y-catastroficas-seran-apoyados-por-la-alcaldesa-de-ibague\/ibague\/\"]}]},{\"@type\":\"ImageObject\",\"inLanguage\":\"es\",\"@id\":\"https:\/\/ciudadyregion.com.co\/index.php\/bonito-gesto-madres-de-ninos-con-enfermedades-oncologicas-y-catastroficas-seran-apoyados-por-la-alcaldesa-de-ibague\/ibague\/#primaryimage\",\"url\":\"https:\/\/i0.wp.com\/ciudadyregion.com.co\/wp-content\/uploads\/2024\/02\/NINOS-johana.jpg?fit=800%2C445&ssl=1\",\"contentUrl\":\"https:\/\/i0.wp.com\/ciudadyregion.com.co\/wp-content\/uploads\/2024\/02\/NINOS-johana.jpg?fit=800%2C445&ssl=1\",\"width\":800,\"height\":445},{\"@type\":\"BreadcrumbList\",\"@id\":\"https:\/\/ciudadyregion.com.co\/index.php\/bonito-gesto-madres-de-ninos-con-enfermedades-oncologicas-y-catastroficas-seran-apoyados-por-la-alcaldesa-de-ibague\/ibague\/#breadcrumb\",\"itemListElement\":[{\"@type\":\"ListItem\",\"position\":1,\"name\":\"Portada\",\"item\":\"https:\/\/ciudadyregion.com.co\/\"},{\"@type\":\"ListItem\",\"position\":2,\"name\":\"Bonito gesto: Madres de ni\u00f1os con enfermedades oncol\u00f3gicas y catastr\u00f3ficas ser\u00e1n apoyados por la Alcaldesa de Ibagu\u00e9\"}]},{\"@type\":\"WebSite\",\"@id\":\"https:\/\/ciudadyregion.com.co\/#website\",\"url\":\"https:\/\/ciudadyregion.com.co\/\",\"name\":\"Ciudad y Region\",\"description\":\"\",\"potentialAction\":[{\"@type\":\"SearchAction\",\"target\":{\"@type\":\"EntryPoint\",\"urlTemplate\":\"https:\/\/ciudadyregion.com.co\/?s={search_term_string}\"},\"query-input\":{\"@type\":\"PropertyValueSpecification\",\"valueRequired\":true,\"valueName\":\"search_term_string\"}}],\"inLanguage\":\"es\"},{\"@type\":\"Person\",\"@id\":\"https:\/\/ciudadyregion.com.co\/#\/schema\/person\/04a4954373ebc4051f46e8c65ff78622\",\"name\":\"David Andr\u00e9s Aguirre\",\"image\":{\"@type\":\"ImageObject\",\"inLanguage\":\"es\",\"@id\":\"https:\/\/ciudadyregion.com.co\/#\/schema\/person\/image\/\",\"url\":\"https:\/\/secure.gravatar.com\/avatar\/bc3c655860202182ee6d1b5edd042dbe?s=96&d=mm&r=g\",\"contentUrl\":\"https:\/\/secure.gravatar.com\/avatar\/bc3c655860202182ee6d1b5edd042dbe?s=96&d=mm&r=g\",\"caption\":\"David Andr\u00e9s Aguirre\"},\"url\":\"https:\/\/ciudadyregion.com.co\/index.php\/author\/diegoaguirre\/\"}]}<\/script>\n<!-- \/ Yoast SEO plugin. -->","yoast_head_json":{"title":"Bonito gesto: Madres de ni\u00f1os con enfermedades oncol\u00f3gicas y catastr\u00f3ficas ser\u00e1n apoyados por la Alcaldesa de Ibagu\u00e9 - Ciudad y Region","robots":{"index":"index","follow":"follow","max-snippet":"max-snippet:-1","max-image-preview":"max-image-preview:large","max-video-preview":"max-video-preview:-1"},"canonical":"https:\/\/ciudadyregion.com.co\/index.php\/bonito-gesto-madres-de-ninos-con-enfermedades-oncologicas-y-catastroficas-seran-apoyados-por-la-alcaldesa-de-ibague\/ibague\/","og_locale":"es_ES","og_type":"article","og_title":"Bonito gesto: Madres de ni\u00f1os con enfermedades oncol\u00f3gicas y catastr\u00f3ficas ser\u00e1n apoyados por la Alcaldesa de Ibagu\u00e9 - Ciudad y Region","og_description":"En un emotivo encuentro, la alcaldesa Johana Aranda anunci\u00f3 su compromiso inquebrantable con la Fundaci\u00f3n Tapit\u00f3n y Las Calvas, uniendo fuerzas para recolectar material reciclable, principalmente pl\u00e1stico y tapas, destinado a las valientes madres cuidadoras de ni\u00f1os con enfermedades catastr\u00f3ficas y oncol\u00f3gicas, para fabricar manualidades, bolsos y aretes, y comercializarlos.Continuar Leyendo","og_url":"https:\/\/ciudadyregion.com.co\/index.php\/bonito-gesto-madres-de-ninos-con-enfermedades-oncologicas-y-catastroficas-seran-apoyados-por-la-alcaldesa-de-ibague\/ibague\/","og_site_name":"Ciudad y Region","article_published_time":"2024-02-28T13:04:10+00:00","og_image":[{"width":800,"height":445,"url":"https:\/\/ciudadyregion.com.co\/wp-content\/uploads\/2024\/02\/NINOS-johana.jpg","type":"image\/jpeg"}],"author":"David Andr\u00e9s Aguirre","twitter_card":"summary_large_image","twitter_misc":{"Escrito por":"David Andr\u00e9s Aguirre","Tiempo de lectura":"2 minutos"},"schema":{"@context":"https:\/\/schema.org","@graph":[{"@type":"WebPage","@id":"https:\/\/ciudadyregion.com.co\/index.php\/bonito-gesto-madres-de-ninos-con-enfermedades-oncologicas-y-catastroficas-seran-apoyados-por-la-alcaldesa-de-ibague\/ibague\/","url":"https:\/\/ciudadyregion.com.co\/index.php\/bonito-gesto-madres-de-ninos-con-enfermedades-oncologicas-y-catastroficas-seran-apoyados-por-la-alcaldesa-de-ibague\/ibague\/","name":"Bonito gesto: Madres de ni\u00f1os con enfermedades oncol\u00f3gicas y catastr\u00f3ficas ser\u00e1n apoyados por la Alcaldesa de Ibagu\u00e9 - Ciudad y Region","isPartOf":{"@id":"https:\/\/ciudadyregion.com.co\/#website"},"primaryImageOfPage":{"@id":"https:\/\/ciudadyregion.com.co\/index.php\/bonito-gesto-madres-de-ninos-con-enfermedades-oncologicas-y-catastroficas-seran-apoyados-por-la-alcaldesa-de-ibague\/ibague\/#primaryimage"},"image":{"@id":"https:\/\/ciudadyregion.com.co\/index.php\/bonito-gesto-madres-de-ninos-con-enfermedades-oncologicas-y-catastroficas-seran-apoyados-por-la-alcaldesa-de-ibague\/ibague\/#primaryimage"},"thumbnailUrl":"https:\/\/i0.wp.com\/ciudadyregion.com.co\/wp-content\/uploads\/2024\/02\/NINOS-johana.jpg?fit=800%2C445&ssl=1","datePublished":"2024-02-28T13:04:10+00:00","dateModified":"2024-02-28T13:04:10+00:00","author":{"@id":"https:\/\/ciudadyregion.com.co\/#\/schema\/person\/04a4954373ebc4051f46e8c65ff78622"},"breadcrumb":{"@id":"https:\/\/ciudadyregion.com.co\/index.php\/bonito-gesto-madres-de-ninos-con-enfermedades-oncologicas-y-catastroficas-seran-apoyados-por-la-alcaldesa-de-ibague\/ibague\/#breadcrumb"},"inLanguage":"es","potentialAction":[{"@type":"ReadAction","target":["https:\/\/ciudadyregion.com.co\/index.php\/bonito-gesto-madres-de-ninos-con-enfermedades-oncologicas-y-catastroficas-seran-apoyados-por-la-alcaldesa-de-ibague\/ibague\/"]}]},{"@type":"ImageObject","inLanguage":"es","@id":"https:\/\/ciudadyregion.com.co\/index.php\/bonito-gesto-madres-de-ninos-con-enfermedades-oncologicas-y-catastroficas-seran-apoyados-por-la-alcaldesa-de-ibague\/ibague\/#primaryimage","url":"https:\/\/i0.wp.com\/ciudadyregion.com.co\/wp-content\/uploads\/2024\/02\/NINOS-johana.jpg?fit=800%2C445&ssl=1","contentUrl":"https:\/\/i0.wp.com\/ciudadyregion.com.co\/wp-content\/uploads\/2024\/02\/NINOS-johana.jpg?fit=800%2C445&ssl=1","width":800,"height":445},{"@type":"BreadcrumbList","@id":"https:\/\/ciudadyregion.com.co\/index.php\/bonito-gesto-madres-de-ninos-con-enfermedades-oncologicas-y-catastroficas-seran-apoyados-por-la-alcaldesa-de-ibague\/ibague\/#breadcrumb","itemListElement":[{"@type":"ListItem","position":1,"name":"Portada","item":"https:\/\/ciudadyregion.com.co\/"},{"@type":"ListItem","position":2,"name":"Bonito gesto: Madres de ni\u00f1os con enfermedades oncol\u00f3gicas y catastr\u00f3ficas ser\u00e1n apoyados por la Alcaldesa de Ibagu\u00e9"}]},{"@type":"WebSite","@id":"https:\/\/ciudadyregion.com.co\/#website","url":"https:\/\/ciudadyregion.com.co\/","name":"Ciudad y Region","description":"","potentialAction":[{"@type":"SearchAction","target":{"@type":"EntryPoint","urlTemplate":"https:\/\/ciudadyregion.com.co\/?s={search_term_string}"},"query-input":{"@type":"PropertyValueSpecification","valueRequired":true,"valueName":"search_term_string"}}],"inLanguage":"es"},{"@type":"Person","@id":"https:\/\/ciudadyregion.com.co\/#\/schema\/person\/04a4954373ebc4051f46e8c65ff78622","name":"David Andr\u00e9s Aguirre","image":{"@type":"ImageObject","inLanguage":"es","@id":"https:\/\/ciudadyregion.com.co\/#\/schema\/person\/image\/","url":"https:\/\/secure.gravatar.com\/avatar\/bc3c655860202182ee6d1b5edd042dbe?s=96&d=mm&r=g","contentUrl":"https:\/\/secure.gravatar.com\/avatar\/bc3c655860202182ee6d1b5edd042dbe?s=96&d=mm&r=g","caption":"David Andr\u00e9s Aguirre"},"url":"https:\/\/ciudadyregion.com.co\/index.php\/author\/diegoaguirre\/"}]}},"jetpack_featured_media_url":"https:\/\/i0.wp.com\/ciudadyregion.com.co\/wp-content\/uploads\/2024\/02\/NINOS-johana.jpg?fit=800%2C445&ssl=1","jetpack_sharing_enabled":true,"jetpack_shortlink":"https:\/\/wp.me\/pbS7hh-2dJ","jetpack-related-posts":[],"_links":{"self":[{"href":"https:\/\/ciudadyregion.com.co\/index.php\/wp-json\/wp\/v2\/posts\/8539"}],"collection":[{"href":"https:\/\/ciudadyregion.com.co\/index.php\/wp-json\/wp\/v2\/posts"}],"about":[{"href":"https:\/\/ciudadyregion.com.co\/index.php\/wp-json\/wp\/v2\/types\/post"}],"author":[{"embeddable":true,"href":"https:\/\/ciudadyregion.com.co\/index.php\/wp-json\/wp\/v2\/users\/2"}],"replies":[{"embeddable":true,"href":"https:\/\/ciudadyregion.com.co\/index.php\/wp-json\/wp\/v2\/comments?post=8539"}],"version-history":[{"count":1,"href":"https:\/\/ciudadyregion.com.co\/index.php\/wp-json\/wp\/v2\/posts\/8539\/revisions"}],"predecessor-version":[{"id":8541,"href":"https:\/\/ciudadyregion.com.co\/index.php\/wp-json\/wp\/v2\/posts\/8539\/revisions\/8541"}],"wp:featuredmedia":[{"embeddable":true,"href":"https:\/\/ciudadyregion.com.co\/index.php\/wp-json\/wp\/v2\/media\/8540"}],"wp:attachment":[{"href":"https:\/\/ciudadyregion.com.co\/index.php\/wp-json\/wp\/v2\/media?parent=8539"}],"wp:term":[{"taxonomy":"category","embeddable":true,"href":"https:\/\/ciudadyregion.com.co\/index.php\/wp-json\/wp\/v2\/categories?post=8539"},{"taxonomy":"post_tag","embeddable":true,"href":"https:\/\/ciudadyregion.com.co\/index.php\/wp-json\/wp\/v2\/tags?post=8539"}],"curies":[{"name":"wp","href":"https:\/\/api.w.org\/{rel}","templated":true}]}}