{"id":8536,"date":"2024-02-28T08:00:19","date_gmt":"2024-02-28T13:00:19","guid":{"rendered":"https:\/\/ciudadyregion.com.co\/?p=8536"},"modified":"2024-02-28T08:00:19","modified_gmt":"2024-02-28T13:00:19","slug":"ibague-se-ha-convertido-en-la-segunda-casa-de-los-colombianos-alcaldesa-de-ibague-johana-aranda","status":"publish","type":"post","link":"https:\/\/ciudadyregion.com.co\/index.php\/ibague-se-ha-convertido-en-la-segunda-casa-de-los-colombianos-alcaldesa-de-ibague-johana-aranda\/ibague\/","title":{"rendered":"\u201cIbagu\u00e9 se ha convertido en la segunda casa de los colombianos\u201d: Alcaldesa de Ibagu\u00e9, Johana Aranda"},"content":{"rendered":"<div><span style=\"font-family: Arial;\">Durante el foro \u2018Confianza, competitividad y regi\u00f3n, Tolima, centro de inversi\u00f3n\u2019, la alcaldesa Johana Aranda asegur\u00f3 que su gobierno trabaja en la creaci\u00f3n de incentivos tributarios para beneficiar a los empresarios locales y atraer nuevas empresas a la ciudad.\u00a0\u00a0<\/span><\/div>\n<div><span style=\"font-family: Arial;\">\u00a0<\/span><\/div>\n<blockquote>\n<div><span style=\"font-family: Arial;\"><i>\u201cBeneficios ambiciosos, que nos permitan aliviar la carga tributaria de nuestros empresarios. Una ciudad atractiva es una ciudad que permita ventajas comparativas y competitivas\u201d,<\/i>\u00a0afirm\u00f3 la Mandataria durante el evento efectuado este lunes en el Centro de Convenciones Alfonso L\u00f3pez Pumarejo.\u00a0<\/span><\/div>\n<\/blockquote>\n<div><span style=\"font-family: Arial;\">\u00a0<\/span><\/div>\n<div><span style=\"font-family: Arial;\">Asimismo, dijo que el 80 por ciento de la vivienda que se construye en la capital del Tolima es adquirida por habitantes de Bogot\u00e1, Pereira y otras ciudades capitales, lo que evidencia las\u00a0<i>\u201cventajas especiales\u201d<\/i>\u00a0que hacen atractiva a Ibagu\u00e9.<\/span><\/div>\n<div><span style=\"font-family: Arial;\">\u00a0<\/span><\/div>\n<blockquote>\n<div><span style=\"font-family: Arial;\"><i>\u201cCreo que esa tiene que seguir siendo la apuesta, volvernos atractivos para el turista, para el inversionista y generar esos espacios que nos permitan fortalecer el sector empresarial de Ibagu\u00e9\u201d,<\/i>\u00a0a\u00f1adi\u00f3 Aranda.\u00a0<\/span><\/div>\n<\/blockquote>\n<div><span style=\"font-family: Arial;\">\u00a0<\/span><\/div>\n<div><span style=\"font-family: Arial;\">De la misma manera, la Alcaldesa dijo que devolver\u00e1 la confianza a los ciudadanos en lo p\u00fablico, a partir del trabajo articulado con el Gobierno Departamental, los gremios econ\u00f3micos y la academia, lo cual se ha evidenciado a lo largo de 58 d\u00edas de gobierno.<\/span><\/div>\n","protected":false},"excerpt":{"rendered":"<p>Durante el foro \u2018Confianza, competitividad y regi\u00f3n, Tolima, centro de inversi\u00f3n\u2019, la alcaldesa Johana Aranda asegur\u00f3 que su gobierno trabaja en la creaci\u00f3n de incentivos tributarios para beneficiar a los empresarios locales y atraer nuevas empresas a la ciudad.\u00a0\u00a0 \u00a0 \u201cBeneficios ambiciosos, que nos permitan aliviar la carga tributaria de<span class=\"more-link\"><a href=\"https:\/\/ciudadyregion.com.co\/index.php\/ibague-se-ha-convertido-en-la-segunda-casa-de-los-colombianos-alcaldesa-de-ibague-johana-aranda\/ibague\/\">Continuar Leyendo<\/a><\/span><\/p>\n","protected":false},"author":2,"featured_media":8537,"comment_status":"open","ping_status":"open","sticky":false,"template":"","format":"standard","meta":{"_uf_show_specific_survey":0,"_uf_disable_surveys":false,"_jetpack_memberships_contains_paid_content":false,"footnotes":"","jetpack_publicize_message":"","jetpack_publicize_feature_enabled":true,"jetpack_social_post_already_shared":true,"jetpack_social_options":{"image_generator_settings":{"template":"highway","enabled":false},"version":2}},"categories":[14],"tags":[],"class_list":["entry","author-diegoaguirre","post-8536","post","type-post","status-publish","format-standard","has-post-thumbnail","category-ibague"],"jetpack_publicize_connections":[],"yoast_head":"<!-- This site is optimized with the Yoast SEO plugin v24.3 - https:\/\/yoast.com\/wordpress\/plugins\/seo\/ -->\n<title>\u201cIbagu\u00e9 se ha convertido en la segunda casa de los colombianos\u201d: Alcaldesa de Ibagu\u00e9, Johana Aranda - Ciudad y Region<\/title>\n<meta name=\"robots\" content=\"index, follow, max-snippet:-1, max-image-preview:large, max-video-preview:-1\" \/>\n<link rel=\"canonical\" href=\"https:\/\/ciudadyregion.com.co\/index.php\/ibague-se-ha-convertido-en-la-segunda-casa-de-los-colombianos-alcaldesa-de-ibague-johana-aranda\/ibague\/\" \/>\n<meta property=\"og:locale\" content=\"es_ES\" \/>\n<meta property=\"og:type\" content=\"article\" \/>\n<meta property=\"og:title\" content=\"\u201cIbagu\u00e9 se ha convertido en la segunda casa de los colombianos\u201d: Alcaldesa de Ibagu\u00e9, Johana Aranda - Ciudad y Region\" \/>\n<meta property=\"og:description\" content=\"Durante el foro \u2018Confianza, competitividad y regi\u00f3n, Tolima, centro de inversi\u00f3n\u2019, la alcaldesa Johana Aranda asegur\u00f3 que su gobierno trabaja en la creaci\u00f3n de incentivos tributarios para beneficiar a los empresarios locales y atraer nuevas empresas a la ciudad.\u00a0\u00a0 \u00a0 \u201cBeneficios ambiciosos, que nos permitan aliviar la carga tributaria deContinuar Leyendo\" \/>\n<meta property=\"og:url\" content=\"https:\/\/ciudadyregion.com.co\/index.php\/ibague-se-ha-convertido-en-la-segunda-casa-de-los-colombianos-alcaldesa-de-ibague-johana-aranda\/ibague\/\" \/>\n<meta property=\"og:site_name\" content=\"Ciudad y Region\" \/>\n<meta property=\"article:published_time\" content=\"2024-02-28T13:00:19+00:00\" \/>\n<meta property=\"og:image\" content=\"https:\/\/ciudadyregion.com.co\/wp-content\/uploads\/2024\/02\/johana-aranda.jpg\" \/>\n\t<meta property=\"og:image:width\" content=\"800\" \/>\n\t<meta property=\"og:image:height\" content=\"445\" \/>\n\t<meta property=\"og:image:type\" content=\"image\/jpeg\" \/>\n<meta name=\"author\" content=\"David Andr\u00e9s Aguirre\" \/>\n<meta name=\"twitter:card\" content=\"summary_large_image\" \/>\n<meta name=\"twitter:label1\" content=\"Escrito por\" \/>\n\t<meta name=\"twitter:data1\" content=\"David Andr\u00e9s Aguirre\" \/>\n\t<meta name=\"twitter:label2\" content=\"Tiempo de lectura\" \/>\n\t<meta name=\"twitter:data2\" content=\"1 minuto\" \/>\n<script type=\"application\/ld+json\" class=\"yoast-schema-graph\">{\"@context\":\"https:\/\/schema.org\",\"@graph\":[{\"@type\":\"WebPage\",\"@id\":\"https:\/\/ciudadyregion.com.co\/index.php\/ibague-se-ha-convertido-en-la-segunda-casa-de-los-colombianos-alcaldesa-de-ibague-johana-aranda\/ibague\/\",\"url\":\"https:\/\/ciudadyregion.com.co\/index.php\/ibague-se-ha-convertido-en-la-segunda-casa-de-los-colombianos-alcaldesa-de-ibague-johana-aranda\/ibague\/\",\"name\":\"\u201cIbagu\u00e9 se ha convertido en la segunda casa de los colombianos\u201d: Alcaldesa de Ibagu\u00e9, Johana Aranda - Ciudad y Region\",\"isPartOf\":{\"@id\":\"https:\/\/ciudadyregion.com.co\/#website\"},\"primaryImageOfPage\":{\"@id\":\"https:\/\/ciudadyregion.com.co\/index.php\/ibague-se-ha-convertido-en-la-segunda-casa-de-los-colombianos-alcaldesa-de-ibague-johana-aranda\/ibague\/#primaryimage\"},\"image\":{\"@id\":\"https:\/\/ciudadyregion.com.co\/index.php\/ibague-se-ha-convertido-en-la-segunda-casa-de-los-colombianos-alcaldesa-de-ibague-johana-aranda\/ibague\/#primaryimage\"},\"thumbnailUrl\":\"https:\/\/i0.wp.com\/ciudadyregion.com.co\/wp-content\/uploads\/2024\/02\/johana-aranda.jpg?fit=800%2C445&ssl=1\",\"datePublished\":\"2024-02-28T13:00:19+00:00\",\"dateModified\":\"2024-02-28T13:00:19+00:00\",\"author\":{\"@id\":\"https:\/\/ciudadyregion.com.co\/#\/schema\/person\/04a4954373ebc4051f46e8c65ff78622\"},\"breadcrumb\":{\"@id\":\"https:\/\/ciudadyregion.com.co\/index.php\/ibague-se-ha-convertido-en-la-segunda-casa-de-los-colombianos-alcaldesa-de-ibague-johana-aranda\/ibague\/#breadcrumb\"},\"inLanguage\":\"es\",\"potentialAction\":[{\"@type\":\"ReadAction\",\"target\":[\"https:\/\/ciudadyregion.com.co\/index.php\/ibague-se-ha-convertido-en-la-segunda-casa-de-los-colombianos-alcaldesa-de-ibague-johana-aranda\/ibague\/\"]}]},{\"@type\":\"ImageObject\",\"inLanguage\":\"es\",\"@id\":\"https:\/\/ciudadyregion.com.co\/index.php\/ibague-se-ha-convertido-en-la-segunda-casa-de-los-colombianos-alcaldesa-de-ibague-johana-aranda\/ibague\/#primaryimage\",\"url\":\"https:\/\/i0.wp.com\/ciudadyregion.com.co\/wp-content\/uploads\/2024\/02\/johana-aranda.jpg?fit=800%2C445&ssl=1\",\"contentUrl\":\"https:\/\/i0.wp.com\/ciudadyregion.com.co\/wp-content\/uploads\/2024\/02\/johana-aranda.jpg?fit=800%2C445&ssl=1\",\"width\":800,\"height\":445},{\"@type\":\"BreadcrumbList\",\"@id\":\"https:\/\/ciudadyregion.com.co\/index.php\/ibague-se-ha-convertido-en-la-segunda-casa-de-los-colombianos-alcaldesa-de-ibague-johana-aranda\/ibague\/#breadcrumb\",\"itemListElement\":[{\"@type\":\"ListItem\",\"position\":1,\"name\":\"Portada\",\"item\":\"https:\/\/ciudadyregion.com.co\/\"},{\"@type\":\"ListItem\",\"position\":2,\"name\":\"\u201cIbagu\u00e9 se ha convertido en la segunda casa de los colombianos\u201d: Alcaldesa de Ibagu\u00e9, Johana Aranda\"}]},{\"@type\":\"WebSite\",\"@id\":\"https:\/\/ciudadyregion.com.co\/#website\",\"url\":\"https:\/\/ciudadyregion.com.co\/\",\"name\":\"Ciudad y Region\",\"description\":\"\",\"potentialAction\":[{\"@type\":\"SearchAction\",\"target\":{\"@type\":\"EntryPoint\",\"urlTemplate\":\"https:\/\/ciudadyregion.com.co\/?s={search_term_string}\"},\"query-input\":{\"@type\":\"PropertyValueSpecification\",\"valueRequired\":true,\"valueName\":\"search_term_string\"}}],\"inLanguage\":\"es\"},{\"@type\":\"Person\",\"@id\":\"https:\/\/ciudadyregion.com.co\/#\/schema\/person\/04a4954373ebc4051f46e8c65ff78622\",\"name\":\"David Andr\u00e9s Aguirre\",\"image\":{\"@type\":\"ImageObject\",\"inLanguage\":\"es\",\"@id\":\"https:\/\/ciudadyregion.com.co\/#\/schema\/person\/image\/\",\"url\":\"https:\/\/secure.gravatar.com\/avatar\/bc3c655860202182ee6d1b5edd042dbe?s=96&d=mm&r=g\",\"contentUrl\":\"https:\/\/secure.gravatar.com\/avatar\/bc3c655860202182ee6d1b5edd042dbe?s=96&d=mm&r=g\",\"caption\":\"David Andr\u00e9s Aguirre\"},\"url\":\"https:\/\/ciudadyregion.com.co\/index.php\/author\/diegoaguirre\/\"}]}<\/script>\n<!-- \/ Yoast SEO plugin. -->","yoast_head_json":{"title":"\u201cIbagu\u00e9 se ha convertido en la segunda casa de los colombianos\u201d: Alcaldesa de Ibagu\u00e9, Johana Aranda - Ciudad y Region","robots":{"index":"index","follow":"follow","max-snippet":"max-snippet:-1","max-image-preview":"max-image-preview:large","max-video-preview":"max-video-preview:-1"},"canonical":"https:\/\/ciudadyregion.com.co\/index.php\/ibague-se-ha-convertido-en-la-segunda-casa-de-los-colombianos-alcaldesa-de-ibague-johana-aranda\/ibague\/","og_locale":"es_ES","og_type":"article","og_title":"\u201cIbagu\u00e9 se ha convertido en la segunda casa de los colombianos\u201d: Alcaldesa de Ibagu\u00e9, Johana Aranda - Ciudad y Region","og_description":"Durante el foro \u2018Confianza, competitividad y regi\u00f3n, Tolima, centro de inversi\u00f3n\u2019, la alcaldesa Johana Aranda asegur\u00f3 que su gobierno trabaja en la creaci\u00f3n de incentivos tributarios para beneficiar a los empresarios locales y atraer nuevas empresas a la ciudad.\u00a0\u00a0 \u00a0 \u201cBeneficios ambiciosos, que nos permitan aliviar la carga tributaria deContinuar Leyendo","og_url":"https:\/\/ciudadyregion.com.co\/index.php\/ibague-se-ha-convertido-en-la-segunda-casa-de-los-colombianos-alcaldesa-de-ibague-johana-aranda\/ibague\/","og_site_name":"Ciudad y Region","article_published_time":"2024-02-28T13:00:19+00:00","og_image":[{"width":800,"height":445,"url":"https:\/\/ciudadyregion.com.co\/wp-content\/uploads\/2024\/02\/johana-aranda.jpg","type":"image\/jpeg"}],"author":"David Andr\u00e9s Aguirre","twitter_card":"summary_large_image","twitter_misc":{"Escrito por":"David Andr\u00e9s Aguirre","Tiempo de lectura":"1 minuto"},"schema":{"@context":"https:\/\/schema.org","@graph":[{"@type":"WebPage","@id":"https:\/\/ciudadyregion.com.co\/index.php\/ibague-se-ha-convertido-en-la-segunda-casa-de-los-colombianos-alcaldesa-de-ibague-johana-aranda\/ibague\/","url":"https:\/\/ciudadyregion.com.co\/index.php\/ibague-se-ha-convertido-en-la-segunda-casa-de-los-colombianos-alcaldesa-de-ibague-johana-aranda\/ibague\/","name":"\u201cIbagu\u00e9 se ha convertido en la segunda casa de los colombianos\u201d: Alcaldesa de Ibagu\u00e9, Johana Aranda - Ciudad y Region","isPartOf":{"@id":"https:\/\/ciudadyregion.com.co\/#website"},"primaryImageOfPage":{"@id":"https:\/\/ciudadyregion.com.co\/index.php\/ibague-se-ha-convertido-en-la-segunda-casa-de-los-colombianos-alcaldesa-de-ibague-johana-aranda\/ibague\/#primaryimage"},"image":{"@id":"https:\/\/ciudadyregion.com.co\/index.php\/ibague-se-ha-convertido-en-la-segunda-casa-de-los-colombianos-alcaldesa-de-ibague-johana-aranda\/ibague\/#primaryimage"},"thumbnailUrl":"https:\/\/i0.wp.com\/ciudadyregion.com.co\/wp-content\/uploads\/2024\/02\/johana-aranda.jpg?fit=800%2C445&ssl=1","datePublished":"2024-02-28T13:00:19+00:00","dateModified":"2024-02-28T13:00:19+00:00","author":{"@id":"https:\/\/ciudadyregion.com.co\/#\/schema\/person\/04a4954373ebc4051f46e8c65ff78622"},"breadcrumb":{"@id":"https:\/\/ciudadyregion.com.co\/index.php\/ibague-se-ha-convertido-en-la-segunda-casa-de-los-colombianos-alcaldesa-de-ibague-johana-aranda\/ibague\/#breadcrumb"},"inLanguage":"es","potentialAction":[{"@type":"ReadAction","target":["https:\/\/ciudadyregion.com.co\/index.php\/ibague-se-ha-convertido-en-la-segunda-casa-de-los-colombianos-alcaldesa-de-ibague-johana-aranda\/ibague\/"]}]},{"@type":"ImageObject","inLanguage":"es","@id":"https:\/\/ciudadyregion.com.co\/index.php\/ibague-se-ha-convertido-en-la-segunda-casa-de-los-colombianos-alcaldesa-de-ibague-johana-aranda\/ibague\/#primaryimage","url":"https:\/\/i0.wp.com\/ciudadyregion.com.co\/wp-content\/uploads\/2024\/02\/johana-aranda.jpg?fit=800%2C445&ssl=1","contentUrl":"https:\/\/i0.wp.com\/ciudadyregion.com.co\/wp-content\/uploads\/2024\/02\/johana-aranda.jpg?fit=800%2C445&ssl=1","width":800,"height":445},{"@type":"BreadcrumbList","@id":"https:\/\/ciudadyregion.com.co\/index.php\/ibague-se-ha-convertido-en-la-segunda-casa-de-los-colombianos-alcaldesa-de-ibague-johana-aranda\/ibague\/#breadcrumb","itemListElement":[{"@type":"ListItem","position":1,"name":"Portada","item":"https:\/\/ciudadyregion.com.co\/"},{"@type":"ListItem","position":2,"name":"\u201cIbagu\u00e9 se ha convertido en la segunda casa de los colombianos\u201d: Alcaldesa de Ibagu\u00e9, Johana Aranda"}]},{"@type":"WebSite","@id":"https:\/\/ciudadyregion.com.co\/#website","url":"https:\/\/ciudadyregion.com.co\/","name":"Ciudad y Region","description":"","potentialAction":[{"@type":"SearchAction","target":{"@type":"EntryPoint","urlTemplate":"https:\/\/ciudadyregion.com.co\/?s={search_term_string}"},"query-input":{"@type":"PropertyValueSpecification","valueRequired":true,"valueName":"search_term_string"}}],"inLanguage":"es"},{"@type":"Person","@id":"https:\/\/ciudadyregion.com.co\/#\/schema\/person\/04a4954373ebc4051f46e8c65ff78622","name":"David Andr\u00e9s Aguirre","image":{"@type":"ImageObject","inLanguage":"es","@id":"https:\/\/ciudadyregion.com.co\/#\/schema\/person\/image\/","url":"https:\/\/secure.gravatar.com\/avatar\/bc3c655860202182ee6d1b5edd042dbe?s=96&d=mm&r=g","contentUrl":"https:\/\/secure.gravatar.com\/avatar\/bc3c655860202182ee6d1b5edd042dbe?s=96&d=mm&r=g","caption":"David Andr\u00e9s Aguirre"},"url":"https:\/\/ciudadyregion.com.co\/index.php\/author\/diegoaguirre\/"}]}},"jetpack_featured_media_url":"https:\/\/i0.wp.com\/ciudadyregion.com.co\/wp-content\/uploads\/2024\/02\/johana-aranda.jpg?fit=800%2C445&ssl=1","jetpack_sharing_enabled":true,"jetpack_shortlink":"https:\/\/wp.me\/pbS7hh-2dG","jetpack-related-posts":[],"_links":{"self":[{"href":"https:\/\/ciudadyregion.com.co\/index.php\/wp-json\/wp\/v2\/posts\/8536"}],"collection":[{"href":"https:\/\/ciudadyregion.com.co\/index.php\/wp-json\/wp\/v2\/posts"}],"about":[{"href":"https:\/\/ciudadyregion.com.co\/index.php\/wp-json\/wp\/v2\/types\/post"}],"author":[{"embeddable":true,"href":"https:\/\/ciudadyregion.com.co\/index.php\/wp-json\/wp\/v2\/users\/2"}],"replies":[{"embeddable":true,"href":"https:\/\/ciudadyregion.com.co\/index.php\/wp-json\/wp\/v2\/comments?post=8536"}],"version-history":[{"count":1,"href":"https:\/\/ciudadyregion.com.co\/index.php\/wp-json\/wp\/v2\/posts\/8536\/revisions"}],"predecessor-version":[{"id":8538,"href":"https:\/\/ciudadyregion.com.co\/index.php\/wp-json\/wp\/v2\/posts\/8536\/revisions\/8538"}],"wp:featuredmedia":[{"embeddable":true,"href":"https:\/\/ciudadyregion.com.co\/index.php\/wp-json\/wp\/v2\/media\/8537"}],"wp:attachment":[{"href":"https:\/\/ciudadyregion.com.co\/index.php\/wp-json\/wp\/v2\/media?parent=8536"}],"wp:term":[{"taxonomy":"category","embeddable":true,"href":"https:\/\/ciudadyregion.com.co\/index.php\/wp-json\/wp\/v2\/categories?post=8536"},{"taxonomy":"post_tag","embeddable":true,"href":"https:\/\/ciudadyregion.com.co\/index.php\/wp-json\/wp\/v2\/tags?post=8536"}],"curies":[{"name":"wp","href":"https:\/\/api.w.org\/{rel}","templated":true}]}}