{"id":8533,"date":"2024-02-28T07:56:55","date_gmt":"2024-02-28T12:56:55","guid":{"rendered":"https:\/\/ciudadyregion.com.co\/?p=8533"},"modified":"2024-02-28T07:56:55","modified_gmt":"2024-02-28T12:56:55","slug":"excelentes-noticias-ibague-tendra-una-de-las-granjas-solares-mas-grandes-del-pais","status":"publish","type":"post","link":"https:\/\/ciudadyregion.com.co\/index.php\/excelentes-noticias-ibague-tendra-una-de-las-granjas-solares-mas-grandes-del-pais\/medio-ambiente\/","title":{"rendered":"Excelentes noticias: Ibagu\u00e9 tendr\u00e1 una de las granjas solares m\u00e1s grandes del pa\u00eds"},"content":{"rendered":"<div>Uno de los megaproyectos de energ\u00eda renovable m\u00e1s importantes del pa\u00eds, ser\u00e1 ejecutado en la Capital Musical.<\/div>\n<div><span style=\"font-family: Arial, Verdana;\">\u00a0<\/span><\/div>\n<div><span style=\"font-family: Arial, Verdana;\">La alcaldesa de Ibagu\u00e9, Johana Aranda, inform\u00f3 que de acuerdo como est\u00e1 concebida la iniciativa, se generar\u00e1n alrededor de 1.000 empleos directos.\u00a0\u00a0<\/span><\/div>\n<div><span style=\"font-family: Arial, Verdana;\">\u00a0<\/span><\/div>\n<blockquote>\n<div><span style=\"font-family: Arial, Verdana;\"><i>\u201cAtlas energ\u00eda Renovable, eligi\u00f3 a nuestra Capital Musical para construir una de las granjas solares m\u00e1s grandes de Colombia\u201d,<\/i>\u00a0asegur\u00f3 la mandataria, en compa\u00f1\u00eda de Rub\u00e9n Borja y Catalina P\u00e9rez, representantes de la compa\u00f1\u00eda.\u00a0<\/span><\/div>\n<\/blockquote>\n<div><span style=\"font-family: Arial, Verdana;\">\u00a0<\/span><\/div>\n<div><span style=\"font-family: Arial, Verdana;\">De acuerdo con Catalina P\u00e9rez, se trata de una revoluci\u00f3n de paneles inclusivos en el que se convocar\u00e1 a mujeres de Ibagu\u00e9 para capacitarlas en temas t\u00e9cnicos asociados a las energ\u00edas renovables.\u00a0<\/span><\/div>\n<div><span style=\"font-family: Arial, Verdana;\">\u00a0<\/span><\/div>\n<blockquote>\n<div><span style=\"font-family: Arial, Verdana;\"><i>\u201cNos sentimos orgullosos de poder traer, no solo estos planes sociales, sino una inversi\u00f3n cercana a los 200 millones de d\u00f3lares y donde en el pico de la construcci\u00f3n podremos generar alrededor de entre 800 y 1.000 empleos\u201d<\/i>, afirm\u00f3 Rub\u00e9n Borja.<\/span><\/div>\n<\/blockquote>\n","protected":false},"excerpt":{"rendered":"<p>Uno de los megaproyectos de energ\u00eda renovable m\u00e1s importantes del pa\u00eds, ser\u00e1 ejecutado en la Capital Musical. \u00a0 La alcaldesa de Ibagu\u00e9, Johana Aranda, inform\u00f3 que de acuerdo como est\u00e1 concebida la iniciativa, se generar\u00e1n alrededor de 1.000 empleos directos.\u00a0\u00a0 \u00a0 \u201cAtlas energ\u00eda Renovable, eligi\u00f3 a nuestra Capital Musical para<span class=\"more-link\"><a href=\"https:\/\/ciudadyregion.com.co\/index.php\/excelentes-noticias-ibague-tendra-una-de-las-granjas-solares-mas-grandes-del-pais\/medio-ambiente\/\">Continuar Leyendo<\/a><\/span><\/p>\n","protected":false},"author":2,"featured_media":8534,"comment_status":"open","ping_status":"open","sticky":false,"template":"","format":"standard","meta":{"_uf_show_specific_survey":0,"_uf_disable_surveys":false,"_jetpack_memberships_contains_paid_content":false,"footnotes":"","jetpack_publicize_message":"","jetpack_publicize_feature_enabled":true,"jetpack_social_post_already_shared":true,"jetpack_social_options":{"image_generator_settings":{"template":"highway","enabled":false},"version":2}},"categories":[32],"tags":[],"class_list":["entry","author-diegoaguirre","post-8533","post","type-post","status-publish","format-standard","has-post-thumbnail","category-medio-ambiente"],"jetpack_publicize_connections":[],"yoast_head":"<!-- This site is optimized with the Yoast SEO plugin v24.3 - https:\/\/yoast.com\/wordpress\/plugins\/seo\/ -->\n<title>Excelentes noticias: Ibagu\u00e9 tendr\u00e1 una de las granjas solares m\u00e1s grandes del pa\u00eds - Ciudad y Region<\/title>\n<meta name=\"robots\" content=\"index, follow, max-snippet:-1, max-image-preview:large, max-video-preview:-1\" \/>\n<link rel=\"canonical\" href=\"https:\/\/ciudadyregion.com.co\/index.php\/excelentes-noticias-ibague-tendra-una-de-las-granjas-solares-mas-grandes-del-pais\/medio-ambiente\/\" \/>\n<meta property=\"og:locale\" content=\"es_ES\" \/>\n<meta property=\"og:type\" content=\"article\" \/>\n<meta property=\"og:title\" content=\"Excelentes noticias: Ibagu\u00e9 tendr\u00e1 una de las granjas solares m\u00e1s grandes del pa\u00eds - Ciudad y Region\" \/>\n<meta property=\"og:description\" content=\"Uno de los megaproyectos de energ\u00eda renovable m\u00e1s importantes del pa\u00eds, ser\u00e1 ejecutado en la Capital Musical. \u00a0 La alcaldesa de Ibagu\u00e9, Johana Aranda, inform\u00f3 que de acuerdo como est\u00e1 concebida la iniciativa, se generar\u00e1n alrededor de 1.000 empleos directos.\u00a0\u00a0 \u00a0 \u201cAtlas energ\u00eda Renovable, eligi\u00f3 a nuestra Capital Musical paraContinuar Leyendo\" \/>\n<meta property=\"og:url\" content=\"https:\/\/ciudadyregion.com.co\/index.php\/excelentes-noticias-ibague-tendra-una-de-las-granjas-solares-mas-grandes-del-pais\/medio-ambiente\/\" \/>\n<meta property=\"og:site_name\" content=\"Ciudad y Region\" \/>\n<meta property=\"article:published_time\" content=\"2024-02-28T12:56:55+00:00\" \/>\n<meta property=\"og:image\" content=\"https:\/\/ciudadyregion.com.co\/wp-content\/uploads\/2024\/02\/paneles-solares.jpg\" \/>\n\t<meta property=\"og:image:width\" content=\"800\" \/>\n\t<meta property=\"og:image:height\" content=\"445\" \/>\n\t<meta property=\"og:image:type\" content=\"image\/jpeg\" \/>\n<meta name=\"author\" content=\"David Andr\u00e9s Aguirre\" \/>\n<meta name=\"twitter:card\" content=\"summary_large_image\" \/>\n<meta name=\"twitter:label1\" content=\"Escrito por\" \/>\n\t<meta name=\"twitter:data1\" content=\"David Andr\u00e9s Aguirre\" \/>\n\t<meta name=\"twitter:label2\" content=\"Tiempo de lectura\" \/>\n\t<meta name=\"twitter:data2\" content=\"1 minuto\" \/>\n<script type=\"application\/ld+json\" class=\"yoast-schema-graph\">{\"@context\":\"https:\/\/schema.org\",\"@graph\":[{\"@type\":\"WebPage\",\"@id\":\"https:\/\/ciudadyregion.com.co\/index.php\/excelentes-noticias-ibague-tendra-una-de-las-granjas-solares-mas-grandes-del-pais\/medio-ambiente\/\",\"url\":\"https:\/\/ciudadyregion.com.co\/index.php\/excelentes-noticias-ibague-tendra-una-de-las-granjas-solares-mas-grandes-del-pais\/medio-ambiente\/\",\"name\":\"Excelentes noticias: Ibagu\u00e9 tendr\u00e1 una de las granjas solares m\u00e1s grandes del pa\u00eds - Ciudad y Region\",\"isPartOf\":{\"@id\":\"https:\/\/ciudadyregion.com.co\/#website\"},\"primaryImageOfPage\":{\"@id\":\"https:\/\/ciudadyregion.com.co\/index.php\/excelentes-noticias-ibague-tendra-una-de-las-granjas-solares-mas-grandes-del-pais\/medio-ambiente\/#primaryimage\"},\"image\":{\"@id\":\"https:\/\/ciudadyregion.com.co\/index.php\/excelentes-noticias-ibague-tendra-una-de-las-granjas-solares-mas-grandes-del-pais\/medio-ambiente\/#primaryimage\"},\"thumbnailUrl\":\"https:\/\/i0.wp.com\/ciudadyregion.com.co\/wp-content\/uploads\/2024\/02\/paneles-solares.jpg?fit=800%2C445&ssl=1\",\"datePublished\":\"2024-02-28T12:56:55+00:00\",\"dateModified\":\"2024-02-28T12:56:55+00:00\",\"author\":{\"@id\":\"https:\/\/ciudadyregion.com.co\/#\/schema\/person\/04a4954373ebc4051f46e8c65ff78622\"},\"breadcrumb\":{\"@id\":\"https:\/\/ciudadyregion.com.co\/index.php\/excelentes-noticias-ibague-tendra-una-de-las-granjas-solares-mas-grandes-del-pais\/medio-ambiente\/#breadcrumb\"},\"inLanguage\":\"es\",\"potentialAction\":[{\"@type\":\"ReadAction\",\"target\":[\"https:\/\/ciudadyregion.com.co\/index.php\/excelentes-noticias-ibague-tendra-una-de-las-granjas-solares-mas-grandes-del-pais\/medio-ambiente\/\"]}]},{\"@type\":\"ImageObject\",\"inLanguage\":\"es\",\"@id\":\"https:\/\/ciudadyregion.com.co\/index.php\/excelentes-noticias-ibague-tendra-una-de-las-granjas-solares-mas-grandes-del-pais\/medio-ambiente\/#primaryimage\",\"url\":\"https:\/\/i0.wp.com\/ciudadyregion.com.co\/wp-content\/uploads\/2024\/02\/paneles-solares.jpg?fit=800%2C445&ssl=1\",\"contentUrl\":\"https:\/\/i0.wp.com\/ciudadyregion.com.co\/wp-content\/uploads\/2024\/02\/paneles-solares.jpg?fit=800%2C445&ssl=1\",\"width\":800,\"height\":445},{\"@type\":\"BreadcrumbList\",\"@id\":\"https:\/\/ciudadyregion.com.co\/index.php\/excelentes-noticias-ibague-tendra-una-de-las-granjas-solares-mas-grandes-del-pais\/medio-ambiente\/#breadcrumb\",\"itemListElement\":[{\"@type\":\"ListItem\",\"position\":1,\"name\":\"Portada\",\"item\":\"https:\/\/ciudadyregion.com.co\/\"},{\"@type\":\"ListItem\",\"position\":2,\"name\":\"Excelentes noticias: Ibagu\u00e9 tendr\u00e1 una de las granjas solares m\u00e1s grandes del pa\u00eds\"}]},{\"@type\":\"WebSite\",\"@id\":\"https:\/\/ciudadyregion.com.co\/#website\",\"url\":\"https:\/\/ciudadyregion.com.co\/\",\"name\":\"Ciudad y Region\",\"description\":\"\",\"potentialAction\":[{\"@type\":\"SearchAction\",\"target\":{\"@type\":\"EntryPoint\",\"urlTemplate\":\"https:\/\/ciudadyregion.com.co\/?s={search_term_string}\"},\"query-input\":{\"@type\":\"PropertyValueSpecification\",\"valueRequired\":true,\"valueName\":\"search_term_string\"}}],\"inLanguage\":\"es\"},{\"@type\":\"Person\",\"@id\":\"https:\/\/ciudadyregion.com.co\/#\/schema\/person\/04a4954373ebc4051f46e8c65ff78622\",\"name\":\"David Andr\u00e9s Aguirre\",\"image\":{\"@type\":\"ImageObject\",\"inLanguage\":\"es\",\"@id\":\"https:\/\/ciudadyregion.com.co\/#\/schema\/person\/image\/\",\"url\":\"https:\/\/secure.gravatar.com\/avatar\/bc3c655860202182ee6d1b5edd042dbe?s=96&d=mm&r=g\",\"contentUrl\":\"https:\/\/secure.gravatar.com\/avatar\/bc3c655860202182ee6d1b5edd042dbe?s=96&d=mm&r=g\",\"caption\":\"David Andr\u00e9s Aguirre\"},\"url\":\"https:\/\/ciudadyregion.com.co\/index.php\/author\/diegoaguirre\/\"}]}<\/script>\n<!-- \/ Yoast SEO plugin. -->","yoast_head_json":{"title":"Excelentes noticias: Ibagu\u00e9 tendr\u00e1 una de las granjas solares m\u00e1s grandes del pa\u00eds - Ciudad y Region","robots":{"index":"index","follow":"follow","max-snippet":"max-snippet:-1","max-image-preview":"max-image-preview:large","max-video-preview":"max-video-preview:-1"},"canonical":"https:\/\/ciudadyregion.com.co\/index.php\/excelentes-noticias-ibague-tendra-una-de-las-granjas-solares-mas-grandes-del-pais\/medio-ambiente\/","og_locale":"es_ES","og_type":"article","og_title":"Excelentes noticias: Ibagu\u00e9 tendr\u00e1 una de las granjas solares m\u00e1s grandes del pa\u00eds - Ciudad y Region","og_description":"Uno de los megaproyectos de energ\u00eda renovable m\u00e1s importantes del pa\u00eds, ser\u00e1 ejecutado en la Capital Musical. \u00a0 La alcaldesa de Ibagu\u00e9, Johana Aranda, inform\u00f3 que de acuerdo como est\u00e1 concebida la iniciativa, se generar\u00e1n alrededor de 1.000 empleos directos.\u00a0\u00a0 \u00a0 \u201cAtlas energ\u00eda Renovable, eligi\u00f3 a nuestra Capital Musical paraContinuar Leyendo","og_url":"https:\/\/ciudadyregion.com.co\/index.php\/excelentes-noticias-ibague-tendra-una-de-las-granjas-solares-mas-grandes-del-pais\/medio-ambiente\/","og_site_name":"Ciudad y Region","article_published_time":"2024-02-28T12:56:55+00:00","og_image":[{"width":800,"height":445,"url":"https:\/\/ciudadyregion.com.co\/wp-content\/uploads\/2024\/02\/paneles-solares.jpg","type":"image\/jpeg"}],"author":"David Andr\u00e9s Aguirre","twitter_card":"summary_large_image","twitter_misc":{"Escrito por":"David Andr\u00e9s Aguirre","Tiempo de lectura":"1 minuto"},"schema":{"@context":"https:\/\/schema.org","@graph":[{"@type":"WebPage","@id":"https:\/\/ciudadyregion.com.co\/index.php\/excelentes-noticias-ibague-tendra-una-de-las-granjas-solares-mas-grandes-del-pais\/medio-ambiente\/","url":"https:\/\/ciudadyregion.com.co\/index.php\/excelentes-noticias-ibague-tendra-una-de-las-granjas-solares-mas-grandes-del-pais\/medio-ambiente\/","name":"Excelentes noticias: Ibagu\u00e9 tendr\u00e1 una de las granjas solares m\u00e1s grandes del pa\u00eds - Ciudad y Region","isPartOf":{"@id":"https:\/\/ciudadyregion.com.co\/#website"},"primaryImageOfPage":{"@id":"https:\/\/ciudadyregion.com.co\/index.php\/excelentes-noticias-ibague-tendra-una-de-las-granjas-solares-mas-grandes-del-pais\/medio-ambiente\/#primaryimage"},"image":{"@id":"https:\/\/ciudadyregion.com.co\/index.php\/excelentes-noticias-ibague-tendra-una-de-las-granjas-solares-mas-grandes-del-pais\/medio-ambiente\/#primaryimage"},"thumbnailUrl":"https:\/\/i0.wp.com\/ciudadyregion.com.co\/wp-content\/uploads\/2024\/02\/paneles-solares.jpg?fit=800%2C445&ssl=1","datePublished":"2024-02-28T12:56:55+00:00","dateModified":"2024-02-28T12:56:55+00:00","author":{"@id":"https:\/\/ciudadyregion.com.co\/#\/schema\/person\/04a4954373ebc4051f46e8c65ff78622"},"breadcrumb":{"@id":"https:\/\/ciudadyregion.com.co\/index.php\/excelentes-noticias-ibague-tendra-una-de-las-granjas-solares-mas-grandes-del-pais\/medio-ambiente\/#breadcrumb"},"inLanguage":"es","potentialAction":[{"@type":"ReadAction","target":["https:\/\/ciudadyregion.com.co\/index.php\/excelentes-noticias-ibague-tendra-una-de-las-granjas-solares-mas-grandes-del-pais\/medio-ambiente\/"]}]},{"@type":"ImageObject","inLanguage":"es","@id":"https:\/\/ciudadyregion.com.co\/index.php\/excelentes-noticias-ibague-tendra-una-de-las-granjas-solares-mas-grandes-del-pais\/medio-ambiente\/#primaryimage","url":"https:\/\/i0.wp.com\/ciudadyregion.com.co\/wp-content\/uploads\/2024\/02\/paneles-solares.jpg?fit=800%2C445&ssl=1","contentUrl":"https:\/\/i0.wp.com\/ciudadyregion.com.co\/wp-content\/uploads\/2024\/02\/paneles-solares.jpg?fit=800%2C445&ssl=1","width":800,"height":445},{"@type":"BreadcrumbList","@id":"https:\/\/ciudadyregion.com.co\/index.php\/excelentes-noticias-ibague-tendra-una-de-las-granjas-solares-mas-grandes-del-pais\/medio-ambiente\/#breadcrumb","itemListElement":[{"@type":"ListItem","position":1,"name":"Portada","item":"https:\/\/ciudadyregion.com.co\/"},{"@type":"ListItem","position":2,"name":"Excelentes noticias: Ibagu\u00e9 tendr\u00e1 una de las granjas solares m\u00e1s grandes del pa\u00eds"}]},{"@type":"WebSite","@id":"https:\/\/ciudadyregion.com.co\/#website","url":"https:\/\/ciudadyregion.com.co\/","name":"Ciudad y Region","description":"","potentialAction":[{"@type":"SearchAction","target":{"@type":"EntryPoint","urlTemplate":"https:\/\/ciudadyregion.com.co\/?s={search_term_string}"},"query-input":{"@type":"PropertyValueSpecification","valueRequired":true,"valueName":"search_term_string"}}],"inLanguage":"es"},{"@type":"Person","@id":"https:\/\/ciudadyregion.com.co\/#\/schema\/person\/04a4954373ebc4051f46e8c65ff78622","name":"David Andr\u00e9s Aguirre","image":{"@type":"ImageObject","inLanguage":"es","@id":"https:\/\/ciudadyregion.com.co\/#\/schema\/person\/image\/","url":"https:\/\/secure.gravatar.com\/avatar\/bc3c655860202182ee6d1b5edd042dbe?s=96&d=mm&r=g","contentUrl":"https:\/\/secure.gravatar.com\/avatar\/bc3c655860202182ee6d1b5edd042dbe?s=96&d=mm&r=g","caption":"David Andr\u00e9s Aguirre"},"url":"https:\/\/ciudadyregion.com.co\/index.php\/author\/diegoaguirre\/"}]}},"jetpack_featured_media_url":"https:\/\/i0.wp.com\/ciudadyregion.com.co\/wp-content\/uploads\/2024\/02\/paneles-solares.jpg?fit=800%2C445&ssl=1","jetpack_sharing_enabled":true,"jetpack_shortlink":"https:\/\/wp.me\/pbS7hh-2dD","jetpack-related-posts":[],"_links":{"self":[{"href":"https:\/\/ciudadyregion.com.co\/index.php\/wp-json\/wp\/v2\/posts\/8533"}],"collection":[{"href":"https:\/\/ciudadyregion.com.co\/index.php\/wp-json\/wp\/v2\/posts"}],"about":[{"href":"https:\/\/ciudadyregion.com.co\/index.php\/wp-json\/wp\/v2\/types\/post"}],"author":[{"embeddable":true,"href":"https:\/\/ciudadyregion.com.co\/index.php\/wp-json\/wp\/v2\/users\/2"}],"replies":[{"embeddable":true,"href":"https:\/\/ciudadyregion.com.co\/index.php\/wp-json\/wp\/v2\/comments?post=8533"}],"version-history":[{"count":1,"href":"https:\/\/ciudadyregion.com.co\/index.php\/wp-json\/wp\/v2\/posts\/8533\/revisions"}],"predecessor-version":[{"id":8535,"href":"https:\/\/ciudadyregion.com.co\/index.php\/wp-json\/wp\/v2\/posts\/8533\/revisions\/8535"}],"wp:featuredmedia":[{"embeddable":true,"href":"https:\/\/ciudadyregion.com.co\/index.php\/wp-json\/wp\/v2\/media\/8534"}],"wp:attachment":[{"href":"https:\/\/ciudadyregion.com.co\/index.php\/wp-json\/wp\/v2\/media?parent=8533"}],"wp:term":[{"taxonomy":"category","embeddable":true,"href":"https:\/\/ciudadyregion.com.co\/index.php\/wp-json\/wp\/v2\/categories?post=8533"},{"taxonomy":"post_tag","embeddable":true,"href":"https:\/\/ciudadyregion.com.co\/index.php\/wp-json\/wp\/v2\/tags?post=8533"}],"curies":[{"name":"wp","href":"https:\/\/api.w.org\/{rel}","templated":true}]}}