{"id":818,"date":"2023-10-30T10:41:47","date_gmt":"2023-10-30T15:41:47","guid":{"rendered":"https:\/\/ciudadyregion.com.co\/?p=818"},"modified":"2023-10-30T10:41:47","modified_gmt":"2023-10-30T15:41:47","slug":"el-pueblo-colombiano-voto-en-paz-y-pensando-en-el-porvenir-del-pais-gustavo-petro","status":"publish","type":"post","link":"https:\/\/ciudadyregion.com.co\/index.php\/el-pueblo-colombiano-voto-en-paz-y-pensando-en-el-porvenir-del-pais-gustavo-petro\/nacional\/","title":{"rendered":"\u201cEl pueblo colombiano vot\u00f3 en paz y pensando en el porvenir del pa\u00eds\u201d: Gustavo Petro"},"content":{"rendered":"<p>El Presidente de la Rep\u00fablica dio declaraciones a todo el territorio Colombiano despu\u00e9s de culminar la jornada electoral, en donde se destacan importantes temas, este es el comunicado completo del Presidente de la Rep\u00fablica de Colombia, Gustavo Petro:<\/p>\n<p>En el d\u00eda de hoy, el pa\u00eds acudi\u00f3 a las urnas para elegir a sus Ediles, Concejales, Diputados, Alcaldes, y Gobernadores. Sin importar los resultados, es un d\u00eda en el que el pueblo colombiano vot\u00f3 en paz y pensando en el porvenir del pa\u00eds, en una sociedad m\u00e1s solidaria, justa, y afectuosa, pensando en el mundo que le vamos a dejar a nuestros hijos y nietos, sin que predomine el miedo a la muerte.<\/p>\n<p>En total, los colombianos eligieron 20.137 por ciento entre representantes locales y departamentales de elecci\u00f3n popular para los pr\u00f3ximos cuatro a\u00f1os. La capacidad de la Fuerza P\u00fablica y los avances en la paz garantizaron en el territorio nacional una jornada tranquila y donde los colombianos y colombianas de zonas rurales y apartadas pudieron salir a votar sin la amenaza de organizaciones armadas o grupos pol\u00edticos.<\/p>\n<p>Lamentablemente ayer en Gamarra, Cesar, incendiaron la Registradur\u00eda Municipal y dentro de sus instalaciones muri\u00f3 calcinada Duperly Ar\u00e9valo Carrascal, una madre de dos hijos, de 13 y 7 a\u00f1os de edad, y funcionaria de la Registradur\u00eda. Esto nunca m\u00e1s puede volver a pasar.<\/p>\n<p>Como rechazo a este hecho, en Gamarra, gan\u00f3 el voto en blanco. La lucha pol\u00edtica no puede exacerbar odios. Debemos llegar al punto de poder discutir, plantear diferencias y desacuerdos, y que el conflicto no se tramite a trav\u00e9s de la eliminaci\u00f3n del contrario. Que sea la vida lo que salga m\u00e1s fortalecida de la discusi\u00f3n pol\u00edtica, no la muerte.<\/p>\n<p>Esperamos que las autoridades judiciales y los organismos competentes hagan justicia y se determinen las causas de este conflicto que termin\u00f3 con esta muerte.<\/p>\n<p>Por otro lado, se ha desplazado a toda la Fuerza P\u00fablica para dar con el paradero del se\u00f1or Luis Manuel D\u00edaz, padre del futbolista Luis D\u00edaz. Se ha establecido un per\u00edmetro de b\u00fasqueda ya m\u00e1s cerrado en La Guajira para encontrarlo.<\/p>\n<p>Tanto la Polic\u00eda Nacional como el Ej\u00e9rcito tienen la orden presidencial de garantizar su vida y libertad en el menor tiempo posible y ubicar a los responsables de este lamentable hecho.<\/p>\n<p>En Santiago, Putumayo, y Ricaurte, Nari\u00f1o, se suspendieron las elecciones. Se recibieron m\u00e1s de 8.850 quejas ciudadanas por conductas inapropiadas y presuntos delitos electorales durante las votaciones de hoy.<\/p>\n<p>Gracias a las denuncias de la ciudadan\u00eda y las recompensas econ\u00f3micas, pudimos encontrar situaciones irregulares que entorpecieron la jornada democr\u00e1tica. Con la compra de votos, se construy\u00f3 un r\u00e9gimen de corrupci\u00f3n.<\/p>\n<p>Los resultados que arroj\u00f3 el Plan Democracia 2023, liderado por el Gobierno Nacional y la Fuerza P\u00fablica, tuvo un total de 92 capturados y se incaut\u00f3 un total de 1.112 millones de pesos y 13.700 Euros.<\/p>\n<p>Un aumento en 258% en plata recuperada comparado con el a\u00f1o 2019.<\/p>\n<p>No hubo fallas el\u00e9ctricas ni ataques a la infraestructura el\u00e9ctrica. No hubo muertos ni heridos, ni ning\u00fan enfrentamiento armado.<\/p>\n<p>Hoy hubo un d\u00eda de paz en Colombia. Si hay alg\u00fan tipo de inconformidad, le pedimos a la ciudadan\u00eda calma y prudencia ante los resultados. El Gobierno enviar\u00e1 delegaciones para resolver las quejas de la ciudadan\u00eda de acuerdo a la ley.<\/p>\n<p>Felicito a todos los gobernantes y representantes electos en el d\u00eda de hoy. Trabajaremos para articular sus propuestas de campa\u00f1a y que podamos construir en com\u00fan un pa\u00eds que combata la corrupci\u00f3n, la injusticia y le haga frente a la crisis del cambio clim\u00e1tico.<\/p>\n<p>Nos reuniremos en los pr\u00f3ximos d\u00edas para articular planes locales electos con el Plan del Cambio, la potencia mundial de la vida. Hoy la democracia se pronunci\u00f3 y es nuestro deber como gobernantes acatar y respetar la voz del pueblo.<\/p>\n<p>La base de la paz, la base de la transparencia y la base de la democracia est\u00e1 en el poder de elegir y ser elegido. Muchas gracias y buenas noches.<\/p>\n<p>&nbsp;<\/p>\n","protected":false},"excerpt":{"rendered":"<p>El Presidente de la Rep\u00fablica dio declaraciones a todo el territorio Colombiano despu\u00e9s de culminar la jornada electoral, en donde se destacan importantes temas, este es el comunicado completo del Presidente de la Rep\u00fablica de Colombia, Gustavo Petro: En el d\u00eda de hoy, el pa\u00eds acudi\u00f3 a las urnas para<span class=\"more-link\"><a href=\"https:\/\/ciudadyregion.com.co\/index.php\/el-pueblo-colombiano-voto-en-paz-y-pensando-en-el-porvenir-del-pais-gustavo-petro\/nacional\/\">Continuar Leyendo<\/a><\/span><\/p>\n","protected":false},"author":2,"featured_media":824,"comment_status":"open","ping_status":"open","sticky":false,"template":"","format":"standard","meta":{"_uf_show_specific_survey":0,"_uf_disable_surveys":false,"_jetpack_memberships_contains_paid_content":false,"footnotes":"","jetpack_publicize_message":"","jetpack_publicize_feature_enabled":true,"jetpack_social_post_already_shared":false,"jetpack_social_options":{"image_generator_settings":{"template":"highway","enabled":false},"version":2}},"categories":[23],"tags":[],"class_list":["entry","author-diegoaguirre","post-818","post","type-post","status-publish","format-standard","has-post-thumbnail","category-nacional"],"jetpack_publicize_connections":[],"yoast_head":"<!-- This site is optimized with the Yoast SEO plugin v24.3 - https:\/\/yoast.com\/wordpress\/plugins\/seo\/ -->\n<title>\u201cEl pueblo colombiano vot\u00f3 en paz y pensando en el porvenir del pa\u00eds\u201d: Gustavo Petro - Ciudad y Region<\/title>\n<meta name=\"robots\" content=\"index, follow, max-snippet:-1, max-image-preview:large, max-video-preview:-1\" \/>\n<link rel=\"canonical\" href=\"https:\/\/ciudadyregion.com.co\/index.php\/el-pueblo-colombiano-voto-en-paz-y-pensando-en-el-porvenir-del-pais-gustavo-petro\/nacional\/\" \/>\n<meta property=\"og:locale\" content=\"es_ES\" \/>\n<meta property=\"og:type\" content=\"article\" \/>\n<meta property=\"og:title\" content=\"\u201cEl pueblo colombiano vot\u00f3 en paz y pensando en el porvenir del pa\u00eds\u201d: Gustavo Petro - Ciudad y Region\" \/>\n<meta property=\"og:description\" content=\"El Presidente de la Rep\u00fablica dio declaraciones a todo el territorio Colombiano despu\u00e9s de culminar la jornada electoral, en donde se destacan importantes temas, este es el comunicado completo del Presidente de la Rep\u00fablica de Colombia, Gustavo Petro: En el d\u00eda de hoy, el pa\u00eds acudi\u00f3 a las urnas paraContinuar Leyendo\" \/>\n<meta property=\"og:url\" content=\"https:\/\/ciudadyregion.com.co\/index.php\/el-pueblo-colombiano-voto-en-paz-y-pensando-en-el-porvenir-del-pais-gustavo-petro\/nacional\/\" \/>\n<meta property=\"og:site_name\" content=\"Ciudad y Region\" \/>\n<meta property=\"article:published_time\" content=\"2023-10-30T15:41:47+00:00\" \/>\n<meta property=\"og:image\" content=\"https:\/\/ciudadyregion.com.co\/wp-content\/uploads\/2023\/10\/PETRO-1.jpg\" \/>\n\t<meta property=\"og:image:width\" content=\"800\" \/>\n\t<meta property=\"og:image:height\" content=\"445\" \/>\n\t<meta property=\"og:image:type\" content=\"image\/jpeg\" \/>\n<meta name=\"author\" content=\"David Andr\u00e9s Aguirre\" \/>\n<meta name=\"twitter:card\" content=\"summary_large_image\" \/>\n<meta name=\"twitter:label1\" content=\"Escrito por\" \/>\n\t<meta name=\"twitter:data1\" content=\"David Andr\u00e9s Aguirre\" \/>\n\t<meta name=\"twitter:label2\" content=\"Tiempo de lectura\" \/>\n\t<meta name=\"twitter:data2\" content=\"4 minutos\" \/>\n<script type=\"application\/ld+json\" class=\"yoast-schema-graph\">{\"@context\":\"https:\/\/schema.org\",\"@graph\":[{\"@type\":\"WebPage\",\"@id\":\"https:\/\/ciudadyregion.com.co\/index.php\/el-pueblo-colombiano-voto-en-paz-y-pensando-en-el-porvenir-del-pais-gustavo-petro\/nacional\/\",\"url\":\"https:\/\/ciudadyregion.com.co\/index.php\/el-pueblo-colombiano-voto-en-paz-y-pensando-en-el-porvenir-del-pais-gustavo-petro\/nacional\/\",\"name\":\"\u201cEl pueblo colombiano vot\u00f3 en paz y pensando en el porvenir del pa\u00eds\u201d: Gustavo Petro - Ciudad y Region\",\"isPartOf\":{\"@id\":\"https:\/\/ciudadyregion.com.co\/#website\"},\"primaryImageOfPage\":{\"@id\":\"https:\/\/ciudadyregion.com.co\/index.php\/el-pueblo-colombiano-voto-en-paz-y-pensando-en-el-porvenir-del-pais-gustavo-petro\/nacional\/#primaryimage\"},\"image\":{\"@id\":\"https:\/\/ciudadyregion.com.co\/index.php\/el-pueblo-colombiano-voto-en-paz-y-pensando-en-el-porvenir-del-pais-gustavo-petro\/nacional\/#primaryimage\"},\"thumbnailUrl\":\"https:\/\/i0.wp.com\/ciudadyregion.com.co\/wp-content\/uploads\/2023\/10\/PETRO-1.jpg?fit=800%2C445&ssl=1\",\"datePublished\":\"2023-10-30T15:41:47+00:00\",\"dateModified\":\"2023-10-30T15:41:47+00:00\",\"author\":{\"@id\":\"https:\/\/ciudadyregion.com.co\/#\/schema\/person\/04a4954373ebc4051f46e8c65ff78622\"},\"breadcrumb\":{\"@id\":\"https:\/\/ciudadyregion.com.co\/index.php\/el-pueblo-colombiano-voto-en-paz-y-pensando-en-el-porvenir-del-pais-gustavo-petro\/nacional\/#breadcrumb\"},\"inLanguage\":\"es\",\"potentialAction\":[{\"@type\":\"ReadAction\",\"target\":[\"https:\/\/ciudadyregion.com.co\/index.php\/el-pueblo-colombiano-voto-en-paz-y-pensando-en-el-porvenir-del-pais-gustavo-petro\/nacional\/\"]}]},{\"@type\":\"ImageObject\",\"inLanguage\":\"es\",\"@id\":\"https:\/\/ciudadyregion.com.co\/index.php\/el-pueblo-colombiano-voto-en-paz-y-pensando-en-el-porvenir-del-pais-gustavo-petro\/nacional\/#primaryimage\",\"url\":\"https:\/\/i0.wp.com\/ciudadyregion.com.co\/wp-content\/uploads\/2023\/10\/PETRO-1.jpg?fit=800%2C445&ssl=1\",\"contentUrl\":\"https:\/\/i0.wp.com\/ciudadyregion.com.co\/wp-content\/uploads\/2023\/10\/PETRO-1.jpg?fit=800%2C445&ssl=1\",\"width\":800,\"height\":445},{\"@type\":\"BreadcrumbList\",\"@id\":\"https:\/\/ciudadyregion.com.co\/index.php\/el-pueblo-colombiano-voto-en-paz-y-pensando-en-el-porvenir-del-pais-gustavo-petro\/nacional\/#breadcrumb\",\"itemListElement\":[{\"@type\":\"ListItem\",\"position\":1,\"name\":\"Portada\",\"item\":\"https:\/\/ciudadyregion.com.co\/\"},{\"@type\":\"ListItem\",\"position\":2,\"name\":\"\u201cEl pueblo colombiano vot\u00f3 en paz y pensando en el porvenir del pa\u00eds\u201d: Gustavo Petro\"}]},{\"@type\":\"WebSite\",\"@id\":\"https:\/\/ciudadyregion.com.co\/#website\",\"url\":\"https:\/\/ciudadyregion.com.co\/\",\"name\":\"Ciudad y Region\",\"description\":\"\",\"potentialAction\":[{\"@type\":\"SearchAction\",\"target\":{\"@type\":\"EntryPoint\",\"urlTemplate\":\"https:\/\/ciudadyregion.com.co\/?s={search_term_string}\"},\"query-input\":{\"@type\":\"PropertyValueSpecification\",\"valueRequired\":true,\"valueName\":\"search_term_string\"}}],\"inLanguage\":\"es\"},{\"@type\":\"Person\",\"@id\":\"https:\/\/ciudadyregion.com.co\/#\/schema\/person\/04a4954373ebc4051f46e8c65ff78622\",\"name\":\"David Andr\u00e9s Aguirre\",\"image\":{\"@type\":\"ImageObject\",\"inLanguage\":\"es\",\"@id\":\"https:\/\/ciudadyregion.com.co\/#\/schema\/person\/image\/\",\"url\":\"https:\/\/secure.gravatar.com\/avatar\/bc3c655860202182ee6d1b5edd042dbe?s=96&d=mm&r=g\",\"contentUrl\":\"https:\/\/secure.gravatar.com\/avatar\/bc3c655860202182ee6d1b5edd042dbe?s=96&d=mm&r=g\",\"caption\":\"David Andr\u00e9s Aguirre\"},\"url\":\"https:\/\/ciudadyregion.com.co\/index.php\/author\/diegoaguirre\/\"}]}<\/script>\n<!-- \/ Yoast SEO plugin. -->","yoast_head_json":{"title":"\u201cEl pueblo colombiano vot\u00f3 en paz y pensando en el porvenir del pa\u00eds\u201d: Gustavo Petro - Ciudad y Region","robots":{"index":"index","follow":"follow","max-snippet":"max-snippet:-1","max-image-preview":"max-image-preview:large","max-video-preview":"max-video-preview:-1"},"canonical":"https:\/\/ciudadyregion.com.co\/index.php\/el-pueblo-colombiano-voto-en-paz-y-pensando-en-el-porvenir-del-pais-gustavo-petro\/nacional\/","og_locale":"es_ES","og_type":"article","og_title":"\u201cEl pueblo colombiano vot\u00f3 en paz y pensando en el porvenir del pa\u00eds\u201d: Gustavo Petro - Ciudad y Region","og_description":"El Presidente de la Rep\u00fablica dio declaraciones a todo el territorio Colombiano despu\u00e9s de culminar la jornada electoral, en donde se destacan importantes temas, este es el comunicado completo del Presidente de la Rep\u00fablica de Colombia, Gustavo Petro: En el d\u00eda de hoy, el pa\u00eds acudi\u00f3 a las urnas paraContinuar Leyendo","og_url":"https:\/\/ciudadyregion.com.co\/index.php\/el-pueblo-colombiano-voto-en-paz-y-pensando-en-el-porvenir-del-pais-gustavo-petro\/nacional\/","og_site_name":"Ciudad y Region","article_published_time":"2023-10-30T15:41:47+00:00","og_image":[{"width":800,"height":445,"url":"https:\/\/ciudadyregion.com.co\/wp-content\/uploads\/2023\/10\/PETRO-1.jpg","type":"image\/jpeg"}],"author":"David Andr\u00e9s Aguirre","twitter_card":"summary_large_image","twitter_misc":{"Escrito por":"David Andr\u00e9s Aguirre","Tiempo de lectura":"4 minutos"},"schema":{"@context":"https:\/\/schema.org","@graph":[{"@type":"WebPage","@id":"https:\/\/ciudadyregion.com.co\/index.php\/el-pueblo-colombiano-voto-en-paz-y-pensando-en-el-porvenir-del-pais-gustavo-petro\/nacional\/","url":"https:\/\/ciudadyregion.com.co\/index.php\/el-pueblo-colombiano-voto-en-paz-y-pensando-en-el-porvenir-del-pais-gustavo-petro\/nacional\/","name":"\u201cEl pueblo colombiano vot\u00f3 en paz y pensando en el porvenir del pa\u00eds\u201d: Gustavo Petro - Ciudad y Region","isPartOf":{"@id":"https:\/\/ciudadyregion.com.co\/#website"},"primaryImageOfPage":{"@id":"https:\/\/ciudadyregion.com.co\/index.php\/el-pueblo-colombiano-voto-en-paz-y-pensando-en-el-porvenir-del-pais-gustavo-petro\/nacional\/#primaryimage"},"image":{"@id":"https:\/\/ciudadyregion.com.co\/index.php\/el-pueblo-colombiano-voto-en-paz-y-pensando-en-el-porvenir-del-pais-gustavo-petro\/nacional\/#primaryimage"},"thumbnailUrl":"https:\/\/i0.wp.com\/ciudadyregion.com.co\/wp-content\/uploads\/2023\/10\/PETRO-1.jpg?fit=800%2C445&ssl=1","datePublished":"2023-10-30T15:41:47+00:00","dateModified":"2023-10-30T15:41:47+00:00","author":{"@id":"https:\/\/ciudadyregion.com.co\/#\/schema\/person\/04a4954373ebc4051f46e8c65ff78622"},"breadcrumb":{"@id":"https:\/\/ciudadyregion.com.co\/index.php\/el-pueblo-colombiano-voto-en-paz-y-pensando-en-el-porvenir-del-pais-gustavo-petro\/nacional\/#breadcrumb"},"inLanguage":"es","potentialAction":[{"@type":"ReadAction","target":["https:\/\/ciudadyregion.com.co\/index.php\/el-pueblo-colombiano-voto-en-paz-y-pensando-en-el-porvenir-del-pais-gustavo-petro\/nacional\/"]}]},{"@type":"ImageObject","inLanguage":"es","@id":"https:\/\/ciudadyregion.com.co\/index.php\/el-pueblo-colombiano-voto-en-paz-y-pensando-en-el-porvenir-del-pais-gustavo-petro\/nacional\/#primaryimage","url":"https:\/\/i0.wp.com\/ciudadyregion.com.co\/wp-content\/uploads\/2023\/10\/PETRO-1.jpg?fit=800%2C445&ssl=1","contentUrl":"https:\/\/i0.wp.com\/ciudadyregion.com.co\/wp-content\/uploads\/2023\/10\/PETRO-1.jpg?fit=800%2C445&ssl=1","width":800,"height":445},{"@type":"BreadcrumbList","@id":"https:\/\/ciudadyregion.com.co\/index.php\/el-pueblo-colombiano-voto-en-paz-y-pensando-en-el-porvenir-del-pais-gustavo-petro\/nacional\/#breadcrumb","itemListElement":[{"@type":"ListItem","position":1,"name":"Portada","item":"https:\/\/ciudadyregion.com.co\/"},{"@type":"ListItem","position":2,"name":"\u201cEl pueblo colombiano vot\u00f3 en paz y pensando en el porvenir del pa\u00eds\u201d: Gustavo Petro"}]},{"@type":"WebSite","@id":"https:\/\/ciudadyregion.com.co\/#website","url":"https:\/\/ciudadyregion.com.co\/","name":"Ciudad y Region","description":"","potentialAction":[{"@type":"SearchAction","target":{"@type":"EntryPoint","urlTemplate":"https:\/\/ciudadyregion.com.co\/?s={search_term_string}"},"query-input":{"@type":"PropertyValueSpecification","valueRequired":true,"valueName":"search_term_string"}}],"inLanguage":"es"},{"@type":"Person","@id":"https:\/\/ciudadyregion.com.co\/#\/schema\/person\/04a4954373ebc4051f46e8c65ff78622","name":"David Andr\u00e9s Aguirre","image":{"@type":"ImageObject","inLanguage":"es","@id":"https:\/\/ciudadyregion.com.co\/#\/schema\/person\/image\/","url":"https:\/\/secure.gravatar.com\/avatar\/bc3c655860202182ee6d1b5edd042dbe?s=96&d=mm&r=g","contentUrl":"https:\/\/secure.gravatar.com\/avatar\/bc3c655860202182ee6d1b5edd042dbe?s=96&d=mm&r=g","caption":"David Andr\u00e9s Aguirre"},"url":"https:\/\/ciudadyregion.com.co\/index.php\/author\/diegoaguirre\/"}]}},"jetpack_featured_media_url":"https:\/\/i0.wp.com\/ciudadyregion.com.co\/wp-content\/uploads\/2023\/10\/PETRO-1.jpg?fit=800%2C445&ssl=1","jetpack_sharing_enabled":true,"jetpack_shortlink":"https:\/\/wp.me\/pbS7hh-dc","jetpack-related-posts":[],"_links":{"self":[{"href":"https:\/\/ciudadyregion.com.co\/index.php\/wp-json\/wp\/v2\/posts\/818"}],"collection":[{"href":"https:\/\/ciudadyregion.com.co\/index.php\/wp-json\/wp\/v2\/posts"}],"about":[{"href":"https:\/\/ciudadyregion.com.co\/index.php\/wp-json\/wp\/v2\/types\/post"}],"author":[{"embeddable":true,"href":"https:\/\/ciudadyregion.com.co\/index.php\/wp-json\/wp\/v2\/users\/2"}],"replies":[{"embeddable":true,"href":"https:\/\/ciudadyregion.com.co\/index.php\/wp-json\/wp\/v2\/comments?post=818"}],"version-history":[{"count":1,"href":"https:\/\/ciudadyregion.com.co\/index.php\/wp-json\/wp\/v2\/posts\/818\/revisions"}],"predecessor-version":[{"id":819,"href":"https:\/\/ciudadyregion.com.co\/index.php\/wp-json\/wp\/v2\/posts\/818\/revisions\/819"}],"wp:featuredmedia":[{"embeddable":true,"href":"https:\/\/ciudadyregion.com.co\/index.php\/wp-json\/wp\/v2\/media\/824"}],"wp:attachment":[{"href":"https:\/\/ciudadyregion.com.co\/index.php\/wp-json\/wp\/v2\/media?parent=818"}],"wp:term":[{"taxonomy":"category","embeddable":true,"href":"https:\/\/ciudadyregion.com.co\/index.php\/wp-json\/wp\/v2\/categories?post=818"},{"taxonomy":"post_tag","embeddable":true,"href":"https:\/\/ciudadyregion.com.co\/index.php\/wp-json\/wp\/v2\/tags?post=818"}],"curies":[{"name":"wp","href":"https:\/\/api.w.org\/{rel}","templated":true}]}}