{"id":8019,"date":"2024-02-21T08:58:42","date_gmt":"2024-02-21T13:58:42","guid":{"rendered":"https:\/\/ciudadyregion.com.co\/?p=8019"},"modified":"2024-02-21T08:58:42","modified_gmt":"2024-02-21T13:58:42","slug":"3-personas-fueron-enviadas-a-prision-por-homicidio-tentativa-de-homicidio-uy-porte-ilegal-de-armas","status":"publish","type":"post","link":"https:\/\/ciudadyregion.com.co\/index.php\/3-personas-fueron-enviadas-a-prision-por-homicidio-tentativa-de-homicidio-uy-porte-ilegal-de-armas\/judicial\/","title":{"rendered":"3 Personas fueron enviadas a prisi\u00f3n por homicidio, tentativa de homicidio uy porte ilegal de armas"},"content":{"rendered":"<ul>\n<li><em>Se trata de dos hechos aislados en donde una persona perdi\u00f3 la vida y la otra logr\u00f3 ser estabilizada en un centro asistencial de Ibagu\u00e9.<\/em><\/li>\n<\/ul>\n<p>La Fiscal\u00eda en el Tolima logr\u00f3 la judicializaci\u00f3n de tres personas que, en hechos aislados, atentaron contra la vida de dos personas en Ibagu\u00e9, Tolima, el fin de semana \u00faltimo, y de otra en noviembre del a\u00f1o 2023.<\/p>\n<p>El caso m\u00e1s reciente hace referencia a Alexander Soto Esterlin, cuando este se movilizaba en una camioneta de su propiedad en compa\u00f1\u00eda de su esposa y fue v\u00edctima de un ataque sicarial. El hecho se registr\u00f3 en la v\u00eda que de Ibagu\u00e9 conduce al municipio tolimense de Alvarado, a la altura de la vereda Chucun\u00ed.<\/p>\n<p>Wilmer Albeiro Becerra Jacanamejoy, de 30 a\u00f1os, ser\u00eda una de las personas responsables de este hecho y quien se desplazaba en la moto desde la cual le dispararon a la v\u00edctima, siendo capturado en flagrancia por parte de la Polic\u00eda Nacional.<\/p>\n<p>Le fue imputado el delito de homicidio agravado en concurso heterog\u00e9neo con fabricaci\u00f3n, tr\u00e1fico, porte o tenencia de armas de fuego, partes o municiones que no acept\u00f3 haber cometido y fue enviado a prisi\u00f3n de manera preventiva.<\/p>\n<p>En el otro caso, la v\u00edctima de tentativa de homicidio es un hombre de 32 a\u00f1os identificado como Gustavo Adolfo Saavedra, quien result\u00f3 herido el 18 de noviembre de 2023 en inmediaciones de la terminal de transportes de la ciudad.<\/p>\n<p><img data-recalc-dims=\"1\" loading=\"lazy\" decoding=\"async\" class=\"alignnone wp-image-8020 size-full\" src=\"https:\/\/i0.wp.com\/ciudadyregion.com.co\/wp-content\/uploads\/2024\/02\/WhatsApp-Image-2024-02-20-at-5.16.16-PM.jpeg?resize=1440%2C1146&#038;ssl=1\" alt=\"\" width=\"1440\" height=\"1146\" srcset=\"https:\/\/i0.wp.com\/ciudadyregion.com.co\/wp-content\/uploads\/2024\/02\/WhatsApp-Image-2024-02-20-at-5.16.16-PM.jpeg?w=1596&amp;ssl=1 1596w, https:\/\/i0.wp.com\/ciudadyregion.com.co\/wp-content\/uploads\/2024\/02\/WhatsApp-Image-2024-02-20-at-5.16.16-PM.jpeg?resize=300%2C239&amp;ssl=1 300w, https:\/\/i0.wp.com\/ciudadyregion.com.co\/wp-content\/uploads\/2024\/02\/WhatsApp-Image-2024-02-20-at-5.16.16-PM.jpeg?resize=1024%2C815&amp;ssl=1 1024w, https:\/\/i0.wp.com\/ciudadyregion.com.co\/wp-content\/uploads\/2024\/02\/WhatsApp-Image-2024-02-20-at-5.16.16-PM.jpeg?resize=768%2C611&amp;ssl=1 768w, https:\/\/i0.wp.com\/ciudadyregion.com.co\/wp-content\/uploads\/2024\/02\/WhatsApp-Image-2024-02-20-at-5.16.16-PM.jpeg?resize=1536%2C1222&amp;ssl=1 1536w, https:\/\/i0.wp.com\/ciudadyregion.com.co\/wp-content\/uploads\/2024\/02\/WhatsApp-Image-2024-02-20-at-5.16.16-PM.jpeg?resize=465%2C370&amp;ssl=1 465w, https:\/\/i0.wp.com\/ciudadyregion.com.co\/wp-content\/uploads\/2024\/02\/WhatsApp-Image-2024-02-20-at-5.16.16-PM.jpeg?resize=690%2C550&amp;ssl=1 690w, https:\/\/i0.wp.com\/ciudadyregion.com.co\/wp-content\/uploads\/2024\/02\/WhatsApp-Image-2024-02-20-at-5.16.16-PM.jpeg?resize=628%2C500&amp;ssl=1 628w\" sizes=\"(max-width: 1440px) 100vw, 1440px\" \/><\/p>\n<p>Era cerca de la 1:30 de la madrugada cuando Daniel Alejandro Tapiero Machado y Jos\u00e9 Manuel D\u00edaz se movilizaban a bordo de un veh\u00edculo particular y presuntamente desde el rodante abrieron fuego en su contra. Saavedra fue trasladado de emergencia a un centro asistencial en donde lograron estabilizarlo.<\/p>\n<p>Alias \u2018Yiyo\u2019 de 21 a\u00f1os y alias \u2018Escorpi\u00f3n\u2019 de 44 a\u00f1os de edad, este \u00faltimo con un ampli\u00f3 prontuario delictivo, fueron detenidos por orden judicial gracias a la investigaci\u00f3n que adelanta en su contra un despacho adscrito a la Unidad de Vida de la Seccional Tolima.<\/p>\n<p>Tambi\u00e9n fueron privados de la libertad con medida intramuros por los delitos de tentativa de homicidio y fabricaci\u00f3n, tr\u00e1fico, porte o tenencia de armas de fuego, partes o municiones los cuales no aceptaron haber cometido.<\/p>\n<p>Estos resultados se logran de acuerdo con el compromiso adquirido por la Fiscal General de la Naci\u00f3n (e), Martha Janeth Mancera, de contrarrestar los delitos que afectan la seguridad ciudadana.<\/p>\n","protected":false},"excerpt":{"rendered":"<p>Se trata de dos hechos aislados en donde una persona perdi\u00f3 la vida y la otra logr\u00f3 ser estabilizada en un centro asistencial de Ibagu\u00e9. La Fiscal\u00eda en el Tolima logr\u00f3 la judicializaci\u00f3n de tres personas que, en hechos aislados, atentaron contra la vida de dos personas en Ibagu\u00e9, Tolima,<span class=\"more-link\"><a href=\"https:\/\/ciudadyregion.com.co\/index.php\/3-personas-fueron-enviadas-a-prision-por-homicidio-tentativa-de-homicidio-uy-porte-ilegal-de-armas\/judicial\/\">Continuar Leyendo<\/a><\/span><\/p>\n","protected":false},"author":2,"featured_media":6295,"comment_status":"open","ping_status":"open","sticky":false,"template":"","format":"standard","meta":{"_uf_show_specific_survey":0,"_uf_disable_surveys":false,"_jetpack_memberships_contains_paid_content":false,"footnotes":"","jetpack_publicize_message":"","jetpack_publicize_feature_enabled":true,"jetpack_social_post_already_shared":true,"jetpack_social_options":{"image_generator_settings":{"template":"highway","enabled":false},"version":2}},"categories":[18],"tags":[],"class_list":["entry","author-diegoaguirre","post-8019","post","type-post","status-publish","format-standard","has-post-thumbnail","category-judicial"],"jetpack_publicize_connections":[],"yoast_head":"<!-- This site is optimized with the Yoast SEO plugin v24.3 - https:\/\/yoast.com\/wordpress\/plugins\/seo\/ -->\n<title>3 Personas fueron enviadas a prisi\u00f3n por homicidio, tentativa de homicidio uy porte ilegal de armas - Ciudad y Region<\/title>\n<meta name=\"robots\" content=\"index, follow, max-snippet:-1, max-image-preview:large, max-video-preview:-1\" \/>\n<link rel=\"canonical\" href=\"https:\/\/ciudadyregion.com.co\/index.php\/3-personas-fueron-enviadas-a-prision-por-homicidio-tentativa-de-homicidio-uy-porte-ilegal-de-armas\/judicial\/\" \/>\n<meta property=\"og:locale\" content=\"es_ES\" \/>\n<meta property=\"og:type\" content=\"article\" \/>\n<meta property=\"og:title\" content=\"3 Personas fueron enviadas a prisi\u00f3n por homicidio, tentativa de homicidio uy porte ilegal de armas - Ciudad y Region\" \/>\n<meta property=\"og:description\" content=\"Se trata de dos hechos aislados en donde una persona perdi\u00f3 la vida y la otra logr\u00f3 ser estabilizada en un centro asistencial de Ibagu\u00e9. La Fiscal\u00eda en el Tolima logr\u00f3 la judicializaci\u00f3n de tres personas que, en hechos aislados, atentaron contra la vida de dos personas en Ibagu\u00e9, Tolima,Continuar Leyendo\" \/>\n<meta property=\"og:url\" content=\"https:\/\/ciudadyregion.com.co\/index.php\/3-personas-fueron-enviadas-a-prision-por-homicidio-tentativa-de-homicidio-uy-porte-ilegal-de-armas\/judicial\/\" \/>\n<meta property=\"og:site_name\" content=\"Ciudad y Region\" \/>\n<meta property=\"article:published_time\" content=\"2024-02-21T13:58:42+00:00\" \/>\n<meta property=\"og:image\" content=\"https:\/\/ciudadyregion.com.co\/wp-content\/uploads\/2024\/01\/2-hurto-ladrones-robo-homicidio-asesinato-muerto.jpg\" \/>\n\t<meta property=\"og:image:width\" content=\"800\" \/>\n\t<meta property=\"og:image:height\" content=\"445\" \/>\n\t<meta property=\"og:image:type\" content=\"image\/jpeg\" \/>\n<meta name=\"author\" content=\"David Andr\u00e9s Aguirre\" \/>\n<meta name=\"twitter:card\" content=\"summary_large_image\" \/>\n<meta name=\"twitter:label1\" content=\"Escrito por\" \/>\n\t<meta name=\"twitter:data1\" content=\"David Andr\u00e9s Aguirre\" \/>\n\t<meta name=\"twitter:label2\" content=\"Tiempo de lectura\" \/>\n\t<meta name=\"twitter:data2\" content=\"3 minutos\" \/>\n<script type=\"application\/ld+json\" class=\"yoast-schema-graph\">{\"@context\":\"https:\/\/schema.org\",\"@graph\":[{\"@type\":\"WebPage\",\"@id\":\"https:\/\/ciudadyregion.com.co\/index.php\/3-personas-fueron-enviadas-a-prision-por-homicidio-tentativa-de-homicidio-uy-porte-ilegal-de-armas\/judicial\/\",\"url\":\"https:\/\/ciudadyregion.com.co\/index.php\/3-personas-fueron-enviadas-a-prision-por-homicidio-tentativa-de-homicidio-uy-porte-ilegal-de-armas\/judicial\/\",\"name\":\"3 Personas fueron enviadas a prisi\u00f3n por homicidio, tentativa de homicidio uy porte ilegal de armas - Ciudad y Region\",\"isPartOf\":{\"@id\":\"https:\/\/ciudadyregion.com.co\/#website\"},\"primaryImageOfPage\":{\"@id\":\"https:\/\/ciudadyregion.com.co\/index.php\/3-personas-fueron-enviadas-a-prision-por-homicidio-tentativa-de-homicidio-uy-porte-ilegal-de-armas\/judicial\/#primaryimage\"},\"image\":{\"@id\":\"https:\/\/ciudadyregion.com.co\/index.php\/3-personas-fueron-enviadas-a-prision-por-homicidio-tentativa-de-homicidio-uy-porte-ilegal-de-armas\/judicial\/#primaryimage\"},\"thumbnailUrl\":\"https:\/\/i0.wp.com\/ciudadyregion.com.co\/wp-content\/uploads\/2024\/01\/2-hurto-ladrones-robo-homicidio-asesinato-muerto.jpg?fit=800%2C445&ssl=1\",\"datePublished\":\"2024-02-21T13:58:42+00:00\",\"dateModified\":\"2024-02-21T13:58:42+00:00\",\"author\":{\"@id\":\"https:\/\/ciudadyregion.com.co\/#\/schema\/person\/04a4954373ebc4051f46e8c65ff78622\"},\"breadcrumb\":{\"@id\":\"https:\/\/ciudadyregion.com.co\/index.php\/3-personas-fueron-enviadas-a-prision-por-homicidio-tentativa-de-homicidio-uy-porte-ilegal-de-armas\/judicial\/#breadcrumb\"},\"inLanguage\":\"es\",\"potentialAction\":[{\"@type\":\"ReadAction\",\"target\":[\"https:\/\/ciudadyregion.com.co\/index.php\/3-personas-fueron-enviadas-a-prision-por-homicidio-tentativa-de-homicidio-uy-porte-ilegal-de-armas\/judicial\/\"]}]},{\"@type\":\"ImageObject\",\"inLanguage\":\"es\",\"@id\":\"https:\/\/ciudadyregion.com.co\/index.php\/3-personas-fueron-enviadas-a-prision-por-homicidio-tentativa-de-homicidio-uy-porte-ilegal-de-armas\/judicial\/#primaryimage\",\"url\":\"https:\/\/i0.wp.com\/ciudadyregion.com.co\/wp-content\/uploads\/2024\/01\/2-hurto-ladrones-robo-homicidio-asesinato-muerto.jpg?fit=800%2C445&ssl=1\",\"contentUrl\":\"https:\/\/i0.wp.com\/ciudadyregion.com.co\/wp-content\/uploads\/2024\/01\/2-hurto-ladrones-robo-homicidio-asesinato-muerto.jpg?fit=800%2C445&ssl=1\",\"width\":800,\"height\":445},{\"@type\":\"BreadcrumbList\",\"@id\":\"https:\/\/ciudadyregion.com.co\/index.php\/3-personas-fueron-enviadas-a-prision-por-homicidio-tentativa-de-homicidio-uy-porte-ilegal-de-armas\/judicial\/#breadcrumb\",\"itemListElement\":[{\"@type\":\"ListItem\",\"position\":1,\"name\":\"Portada\",\"item\":\"https:\/\/ciudadyregion.com.co\/\"},{\"@type\":\"ListItem\",\"position\":2,\"name\":\"3 Personas fueron enviadas a prisi\u00f3n por homicidio, tentativa de homicidio uy porte ilegal de armas\"}]},{\"@type\":\"WebSite\",\"@id\":\"https:\/\/ciudadyregion.com.co\/#website\",\"url\":\"https:\/\/ciudadyregion.com.co\/\",\"name\":\"Ciudad y Region\",\"description\":\"\",\"potentialAction\":[{\"@type\":\"SearchAction\",\"target\":{\"@type\":\"EntryPoint\",\"urlTemplate\":\"https:\/\/ciudadyregion.com.co\/?s={search_term_string}\"},\"query-input\":{\"@type\":\"PropertyValueSpecification\",\"valueRequired\":true,\"valueName\":\"search_term_string\"}}],\"inLanguage\":\"es\"},{\"@type\":\"Person\",\"@id\":\"https:\/\/ciudadyregion.com.co\/#\/schema\/person\/04a4954373ebc4051f46e8c65ff78622\",\"name\":\"David Andr\u00e9s Aguirre\",\"image\":{\"@type\":\"ImageObject\",\"inLanguage\":\"es\",\"@id\":\"https:\/\/ciudadyregion.com.co\/#\/schema\/person\/image\/\",\"url\":\"https:\/\/secure.gravatar.com\/avatar\/bc3c655860202182ee6d1b5edd042dbe?s=96&d=mm&r=g\",\"contentUrl\":\"https:\/\/secure.gravatar.com\/avatar\/bc3c655860202182ee6d1b5edd042dbe?s=96&d=mm&r=g\",\"caption\":\"David Andr\u00e9s Aguirre\"},\"url\":\"https:\/\/ciudadyregion.com.co\/index.php\/author\/diegoaguirre\/\"}]}<\/script>\n<!-- \/ Yoast SEO plugin. -->","yoast_head_json":{"title":"3 Personas fueron enviadas a prisi\u00f3n por homicidio, tentativa de homicidio uy porte ilegal de armas - Ciudad y Region","robots":{"index":"index","follow":"follow","max-snippet":"max-snippet:-1","max-image-preview":"max-image-preview:large","max-video-preview":"max-video-preview:-1"},"canonical":"https:\/\/ciudadyregion.com.co\/index.php\/3-personas-fueron-enviadas-a-prision-por-homicidio-tentativa-de-homicidio-uy-porte-ilegal-de-armas\/judicial\/","og_locale":"es_ES","og_type":"article","og_title":"3 Personas fueron enviadas a prisi\u00f3n por homicidio, tentativa de homicidio uy porte ilegal de armas - Ciudad y Region","og_description":"Se trata de dos hechos aislados en donde una persona perdi\u00f3 la vida y la otra logr\u00f3 ser estabilizada en un centro asistencial de Ibagu\u00e9. La Fiscal\u00eda en el Tolima logr\u00f3 la judicializaci\u00f3n de tres personas que, en hechos aislados, atentaron contra la vida de dos personas en Ibagu\u00e9, Tolima,Continuar Leyendo","og_url":"https:\/\/ciudadyregion.com.co\/index.php\/3-personas-fueron-enviadas-a-prision-por-homicidio-tentativa-de-homicidio-uy-porte-ilegal-de-armas\/judicial\/","og_site_name":"Ciudad y Region","article_published_time":"2024-02-21T13:58:42+00:00","og_image":[{"width":800,"height":445,"url":"https:\/\/ciudadyregion.com.co\/wp-content\/uploads\/2024\/01\/2-hurto-ladrones-robo-homicidio-asesinato-muerto.jpg","type":"image\/jpeg"}],"author":"David Andr\u00e9s Aguirre","twitter_card":"summary_large_image","twitter_misc":{"Escrito por":"David Andr\u00e9s Aguirre","Tiempo de lectura":"3 minutos"},"schema":{"@context":"https:\/\/schema.org","@graph":[{"@type":"WebPage","@id":"https:\/\/ciudadyregion.com.co\/index.php\/3-personas-fueron-enviadas-a-prision-por-homicidio-tentativa-de-homicidio-uy-porte-ilegal-de-armas\/judicial\/","url":"https:\/\/ciudadyregion.com.co\/index.php\/3-personas-fueron-enviadas-a-prision-por-homicidio-tentativa-de-homicidio-uy-porte-ilegal-de-armas\/judicial\/","name":"3 Personas fueron enviadas a prisi\u00f3n por homicidio, tentativa de homicidio uy porte ilegal de armas - Ciudad y Region","isPartOf":{"@id":"https:\/\/ciudadyregion.com.co\/#website"},"primaryImageOfPage":{"@id":"https:\/\/ciudadyregion.com.co\/index.php\/3-personas-fueron-enviadas-a-prision-por-homicidio-tentativa-de-homicidio-uy-porte-ilegal-de-armas\/judicial\/#primaryimage"},"image":{"@id":"https:\/\/ciudadyregion.com.co\/index.php\/3-personas-fueron-enviadas-a-prision-por-homicidio-tentativa-de-homicidio-uy-porte-ilegal-de-armas\/judicial\/#primaryimage"},"thumbnailUrl":"https:\/\/i0.wp.com\/ciudadyregion.com.co\/wp-content\/uploads\/2024\/01\/2-hurto-ladrones-robo-homicidio-asesinato-muerto.jpg?fit=800%2C445&ssl=1","datePublished":"2024-02-21T13:58:42+00:00","dateModified":"2024-02-21T13:58:42+00:00","author":{"@id":"https:\/\/ciudadyregion.com.co\/#\/schema\/person\/04a4954373ebc4051f46e8c65ff78622"},"breadcrumb":{"@id":"https:\/\/ciudadyregion.com.co\/index.php\/3-personas-fueron-enviadas-a-prision-por-homicidio-tentativa-de-homicidio-uy-porte-ilegal-de-armas\/judicial\/#breadcrumb"},"inLanguage":"es","potentialAction":[{"@type":"ReadAction","target":["https:\/\/ciudadyregion.com.co\/index.php\/3-personas-fueron-enviadas-a-prision-por-homicidio-tentativa-de-homicidio-uy-porte-ilegal-de-armas\/judicial\/"]}]},{"@type":"ImageObject","inLanguage":"es","@id":"https:\/\/ciudadyregion.com.co\/index.php\/3-personas-fueron-enviadas-a-prision-por-homicidio-tentativa-de-homicidio-uy-porte-ilegal-de-armas\/judicial\/#primaryimage","url":"https:\/\/i0.wp.com\/ciudadyregion.com.co\/wp-content\/uploads\/2024\/01\/2-hurto-ladrones-robo-homicidio-asesinato-muerto.jpg?fit=800%2C445&ssl=1","contentUrl":"https:\/\/i0.wp.com\/ciudadyregion.com.co\/wp-content\/uploads\/2024\/01\/2-hurto-ladrones-robo-homicidio-asesinato-muerto.jpg?fit=800%2C445&ssl=1","width":800,"height":445},{"@type":"BreadcrumbList","@id":"https:\/\/ciudadyregion.com.co\/index.php\/3-personas-fueron-enviadas-a-prision-por-homicidio-tentativa-de-homicidio-uy-porte-ilegal-de-armas\/judicial\/#breadcrumb","itemListElement":[{"@type":"ListItem","position":1,"name":"Portada","item":"https:\/\/ciudadyregion.com.co\/"},{"@type":"ListItem","position":2,"name":"3 Personas fueron enviadas a prisi\u00f3n por homicidio, tentativa de homicidio uy porte ilegal de armas"}]},{"@type":"WebSite","@id":"https:\/\/ciudadyregion.com.co\/#website","url":"https:\/\/ciudadyregion.com.co\/","name":"Ciudad y Region","description":"","potentialAction":[{"@type":"SearchAction","target":{"@type":"EntryPoint","urlTemplate":"https:\/\/ciudadyregion.com.co\/?s={search_term_string}"},"query-input":{"@type":"PropertyValueSpecification","valueRequired":true,"valueName":"search_term_string"}}],"inLanguage":"es"},{"@type":"Person","@id":"https:\/\/ciudadyregion.com.co\/#\/schema\/person\/04a4954373ebc4051f46e8c65ff78622","name":"David Andr\u00e9s Aguirre","image":{"@type":"ImageObject","inLanguage":"es","@id":"https:\/\/ciudadyregion.com.co\/#\/schema\/person\/image\/","url":"https:\/\/secure.gravatar.com\/avatar\/bc3c655860202182ee6d1b5edd042dbe?s=96&d=mm&r=g","contentUrl":"https:\/\/secure.gravatar.com\/avatar\/bc3c655860202182ee6d1b5edd042dbe?s=96&d=mm&r=g","caption":"David Andr\u00e9s Aguirre"},"url":"https:\/\/ciudadyregion.com.co\/index.php\/author\/diegoaguirre\/"}]}},"jetpack_featured_media_url":"https:\/\/i0.wp.com\/ciudadyregion.com.co\/wp-content\/uploads\/2024\/01\/2-hurto-ladrones-robo-homicidio-asesinato-muerto.jpg?fit=800%2C445&ssl=1","jetpack_sharing_enabled":true,"jetpack_shortlink":"https:\/\/wp.me\/pbS7hh-25l","jetpack-related-posts":[],"_links":{"self":[{"href":"https:\/\/ciudadyregion.com.co\/index.php\/wp-json\/wp\/v2\/posts\/8019"}],"collection":[{"href":"https:\/\/ciudadyregion.com.co\/index.php\/wp-json\/wp\/v2\/posts"}],"about":[{"href":"https:\/\/ciudadyregion.com.co\/index.php\/wp-json\/wp\/v2\/types\/post"}],"author":[{"embeddable":true,"href":"https:\/\/ciudadyregion.com.co\/index.php\/wp-json\/wp\/v2\/users\/2"}],"replies":[{"embeddable":true,"href":"https:\/\/ciudadyregion.com.co\/index.php\/wp-json\/wp\/v2\/comments?post=8019"}],"version-history":[{"count":1,"href":"https:\/\/ciudadyregion.com.co\/index.php\/wp-json\/wp\/v2\/posts\/8019\/revisions"}],"predecessor-version":[{"id":8021,"href":"https:\/\/ciudadyregion.com.co\/index.php\/wp-json\/wp\/v2\/posts\/8019\/revisions\/8021"}],"wp:featuredmedia":[{"embeddable":true,"href":"https:\/\/ciudadyregion.com.co\/index.php\/wp-json\/wp\/v2\/media\/6295"}],"wp:attachment":[{"href":"https:\/\/ciudadyregion.com.co\/index.php\/wp-json\/wp\/v2\/media?parent=8019"}],"wp:term":[{"taxonomy":"category","embeddable":true,"href":"https:\/\/ciudadyregion.com.co\/index.php\/wp-json\/wp\/v2\/categories?post=8019"},{"taxonomy":"post_tag","embeddable":true,"href":"https:\/\/ciudadyregion.com.co\/index.php\/wp-json\/wp\/v2\/tags?post=8019"}],"curies":[{"name":"wp","href":"https:\/\/api.w.org\/{rel}","templated":true}]}}