{"id":8017,"date":"2024-02-21T08:50:34","date_gmt":"2024-02-21T13:50:34","guid":{"rendered":"https:\/\/ciudadyregion.com.co\/?p=8017"},"modified":"2024-02-21T08:50:34","modified_gmt":"2024-02-21T13:50:34","slug":"condenan-a-2-oficiales-del-ejercito-nacional-por-concusion","status":"publish","type":"post","link":"https:\/\/ciudadyregion.com.co\/index.php\/condenan-a-2-oficiales-del-ejercito-nacional-por-concusion\/judicial\/","title":{"rendered":"Condenan a 2 oficiales del Ej\u00e9rcito Nacional por concusi\u00f3n"},"content":{"rendered":"<ul>\n<li><em>El Juzgado 3\u00b0 Penal del Circuito de Ibagu\u00e9, con funciones de conocimiento los conden\u00f3 en noviembre del a\u00f1o 2023 a m\u00e1s de 9 a\u00f1os de prisi\u00f3n.<\/em><\/li>\n<\/ul>\n<p>La Sala Penal del Tribunal Superior de Ibagu\u00e9 le concedi\u00f3 la raz\u00f3n a la Fiscal\u00eda General de la Naci\u00f3n y confirm\u00f3 la condena a 9 a\u00f1os y 7 meses de prisi\u00f3n contra dos integrantes del Ej\u00e9rcito quienes le exigieron a una mujer la suma de $278.000.000 de $400.000.000 que recibi\u00f3 de una recompensa. Adem\u00e1s, el tribunal modific\u00f3 la pena para el ejercicio de derechos y funciones p\u00fablicas a 96 meses.<\/p>\n<p>Se trata de Hoover Yarley R\u00edos Rom\u00e1n, quien para esa \u00e9poca era mayor del Ej\u00e9rcito, y Giovany Andr\u00e9s Cruz Mart\u00ednez, oficial de la misma instituci\u00f3n, quienes seg\u00fan logr\u00f3 demostrar el ente acusador, el 7 de octubre del a\u00f1o 2009 persuadieron a una informante de 23 a\u00f1os para que les entregara el dinero que le hab\u00eda sido depositado el 1 de octubre del mismo a\u00f1o en una cuenta de ahorros que ellos le obligaron a abrir en un banco de Ibagu\u00e9.<\/p>\n<p>Los condenados se apoderaron del dinero mediante dos retiros efectuados a trav\u00e9s de otro funcionario que les sirvi\u00f3 de c\u00f3mplice. Gracias a registros f\u00edlmicos y fotogr\u00e1ficos de las c\u00e1maras de seguridad de la entidad crediticia se logr\u00f3 evidenciar que los condenados se valieron de enga\u00f1os y artima\u00f1as para hacerle creer que ten\u00eda que entregarles una parte de la recompensa porque supuestamente otras personas tambi\u00e9n hab\u00edan brindado\u00a0 informaci\u00f3n.<\/p>\n<p>La v\u00edctima asegur\u00f3 que los uniformados la coaccionaron, al decirle que, si no les entregaba una parte del dinero, la exhibir\u00edan ante miembros de la guerrilla como la persona que brind\u00f3 la informaci\u00f3n.<\/p>\n<p>De esto no s\u00f3lo dan cuenta personas allegadas a la v\u00edctima sino tambi\u00e9n empleados del banco quienes los atendieron ese d\u00eda, asegurando que los oficiales recibieron una cantidad de dinero, y que otra parte fue consignada a la cuenta de un tercero, tambi\u00e9n integrante de las Fuerzas Militares.<\/p>\n<p>Esta decisi\u00f3n es de segunda instancia y sobre ella procede elrecurso extraordinario de casaci\u00f3n. Estos resultados se logran de acuerdo con el compromiso adquirido por la Fiscal General de la Naci\u00f3n (e), Martha Janeth Mancera, de contrarrestar la corrupci\u00f3n en las instituciones.<\/p>\n","protected":false},"excerpt":{"rendered":"<p>El Juzgado 3\u00b0 Penal del Circuito de Ibagu\u00e9, con funciones de conocimiento los conden\u00f3 en noviembre del a\u00f1o 2023 a m\u00e1s de 9 a\u00f1os de prisi\u00f3n. La Sala Penal del Tribunal Superior de Ibagu\u00e9 le concedi\u00f3 la raz\u00f3n a la Fiscal\u00eda General de la Naci\u00f3n y confirm\u00f3 la condena a<span class=\"more-link\"><a href=\"https:\/\/ciudadyregion.com.co\/index.php\/condenan-a-2-oficiales-del-ejercito-nacional-por-concusion\/judicial\/\">Continuar Leyendo<\/a><\/span><\/p>\n","protected":false},"author":2,"featured_media":6586,"comment_status":"open","ping_status":"open","sticky":false,"template":"","format":"standard","meta":{"_uf_show_specific_survey":0,"_uf_disable_surveys":false,"_jetpack_memberships_contains_paid_content":false,"footnotes":"","jetpack_publicize_message":"","jetpack_publicize_feature_enabled":true,"jetpack_social_post_already_shared":true,"jetpack_social_options":{"image_generator_settings":{"template":"highway","enabled":false},"version":2}},"categories":[18],"tags":[],"class_list":["entry","author-diegoaguirre","post-8017","post","type-post","status-publish","format-standard","has-post-thumbnail","category-judicial"],"jetpack_publicize_connections":[],"yoast_head":"<!-- This site is optimized with the Yoast SEO plugin v24.3 - https:\/\/yoast.com\/wordpress\/plugins\/seo\/ -->\n<title>Condenan a 2 oficiales del Ej\u00e9rcito Nacional por concusi\u00f3n - Ciudad y Region<\/title>\n<meta name=\"robots\" content=\"index, follow, max-snippet:-1, max-image-preview:large, max-video-preview:-1\" \/>\n<link rel=\"canonical\" href=\"https:\/\/ciudadyregion.com.co\/index.php\/condenan-a-2-oficiales-del-ejercito-nacional-por-concusion\/judicial\/\" \/>\n<meta property=\"og:locale\" content=\"es_ES\" \/>\n<meta property=\"og:type\" content=\"article\" \/>\n<meta property=\"og:title\" content=\"Condenan a 2 oficiales del Ej\u00e9rcito Nacional por concusi\u00f3n - Ciudad y Region\" \/>\n<meta property=\"og:description\" content=\"El Juzgado 3\u00b0 Penal del Circuito de Ibagu\u00e9, con funciones de conocimiento los conden\u00f3 en noviembre del a\u00f1o 2023 a m\u00e1s de 9 a\u00f1os de prisi\u00f3n. La Sala Penal del Tribunal Superior de Ibagu\u00e9 le concedi\u00f3 la raz\u00f3n a la Fiscal\u00eda General de la Naci\u00f3n y confirm\u00f3 la condena aContinuar Leyendo\" \/>\n<meta property=\"og:url\" content=\"https:\/\/ciudadyregion.com.co\/index.php\/condenan-a-2-oficiales-del-ejercito-nacional-por-concusion\/judicial\/\" \/>\n<meta property=\"og:site_name\" content=\"Ciudad y Region\" \/>\n<meta property=\"article:published_time\" content=\"2024-02-21T13:50:34+00:00\" \/>\n<meta property=\"og:image\" content=\"https:\/\/ciudadyregion.com.co\/wp-content\/uploads\/2024\/02\/4-soldado-ejercito-nacional.jpg\" \/>\n\t<meta property=\"og:image:width\" content=\"800\" \/>\n\t<meta property=\"og:image:height\" content=\"445\" \/>\n\t<meta property=\"og:image:type\" content=\"image\/jpeg\" \/>\n<meta name=\"author\" content=\"David Andr\u00e9s Aguirre\" \/>\n<meta name=\"twitter:card\" content=\"summary_large_image\" \/>\n<meta name=\"twitter:label1\" content=\"Escrito por\" \/>\n\t<meta name=\"twitter:data1\" content=\"David Andr\u00e9s Aguirre\" \/>\n\t<meta name=\"twitter:label2\" content=\"Tiempo de lectura\" \/>\n\t<meta name=\"twitter:data2\" content=\"2 minutos\" \/>\n<script type=\"application\/ld+json\" class=\"yoast-schema-graph\">{\"@context\":\"https:\/\/schema.org\",\"@graph\":[{\"@type\":\"WebPage\",\"@id\":\"https:\/\/ciudadyregion.com.co\/index.php\/condenan-a-2-oficiales-del-ejercito-nacional-por-concusion\/judicial\/\",\"url\":\"https:\/\/ciudadyregion.com.co\/index.php\/condenan-a-2-oficiales-del-ejercito-nacional-por-concusion\/judicial\/\",\"name\":\"Condenan a 2 oficiales del Ej\u00e9rcito Nacional por concusi\u00f3n - Ciudad y Region\",\"isPartOf\":{\"@id\":\"https:\/\/ciudadyregion.com.co\/#website\"},\"primaryImageOfPage\":{\"@id\":\"https:\/\/ciudadyregion.com.co\/index.php\/condenan-a-2-oficiales-del-ejercito-nacional-por-concusion\/judicial\/#primaryimage\"},\"image\":{\"@id\":\"https:\/\/ciudadyregion.com.co\/index.php\/condenan-a-2-oficiales-del-ejercito-nacional-por-concusion\/judicial\/#primaryimage\"},\"thumbnailUrl\":\"https:\/\/i0.wp.com\/ciudadyregion.com.co\/wp-content\/uploads\/2024\/02\/4-soldado-ejercito-nacional.jpg?fit=800%2C445&ssl=1\",\"datePublished\":\"2024-02-21T13:50:34+00:00\",\"dateModified\":\"2024-02-21T13:50:34+00:00\",\"author\":{\"@id\":\"https:\/\/ciudadyregion.com.co\/#\/schema\/person\/04a4954373ebc4051f46e8c65ff78622\"},\"breadcrumb\":{\"@id\":\"https:\/\/ciudadyregion.com.co\/index.php\/condenan-a-2-oficiales-del-ejercito-nacional-por-concusion\/judicial\/#breadcrumb\"},\"inLanguage\":\"es\",\"potentialAction\":[{\"@type\":\"ReadAction\",\"target\":[\"https:\/\/ciudadyregion.com.co\/index.php\/condenan-a-2-oficiales-del-ejercito-nacional-por-concusion\/judicial\/\"]}]},{\"@type\":\"ImageObject\",\"inLanguage\":\"es\",\"@id\":\"https:\/\/ciudadyregion.com.co\/index.php\/condenan-a-2-oficiales-del-ejercito-nacional-por-concusion\/judicial\/#primaryimage\",\"url\":\"https:\/\/i0.wp.com\/ciudadyregion.com.co\/wp-content\/uploads\/2024\/02\/4-soldado-ejercito-nacional.jpg?fit=800%2C445&ssl=1\",\"contentUrl\":\"https:\/\/i0.wp.com\/ciudadyregion.com.co\/wp-content\/uploads\/2024\/02\/4-soldado-ejercito-nacional.jpg?fit=800%2C445&ssl=1\",\"width\":800,\"height\":445},{\"@type\":\"BreadcrumbList\",\"@id\":\"https:\/\/ciudadyregion.com.co\/index.php\/condenan-a-2-oficiales-del-ejercito-nacional-por-concusion\/judicial\/#breadcrumb\",\"itemListElement\":[{\"@type\":\"ListItem\",\"position\":1,\"name\":\"Portada\",\"item\":\"https:\/\/ciudadyregion.com.co\/\"},{\"@type\":\"ListItem\",\"position\":2,\"name\":\"Condenan a 2 oficiales del Ej\u00e9rcito Nacional por concusi\u00f3n\"}]},{\"@type\":\"WebSite\",\"@id\":\"https:\/\/ciudadyregion.com.co\/#website\",\"url\":\"https:\/\/ciudadyregion.com.co\/\",\"name\":\"Ciudad y Region\",\"description\":\"\",\"potentialAction\":[{\"@type\":\"SearchAction\",\"target\":{\"@type\":\"EntryPoint\",\"urlTemplate\":\"https:\/\/ciudadyregion.com.co\/?s={search_term_string}\"},\"query-input\":{\"@type\":\"PropertyValueSpecification\",\"valueRequired\":true,\"valueName\":\"search_term_string\"}}],\"inLanguage\":\"es\"},{\"@type\":\"Person\",\"@id\":\"https:\/\/ciudadyregion.com.co\/#\/schema\/person\/04a4954373ebc4051f46e8c65ff78622\",\"name\":\"David Andr\u00e9s Aguirre\",\"image\":{\"@type\":\"ImageObject\",\"inLanguage\":\"es\",\"@id\":\"https:\/\/ciudadyregion.com.co\/#\/schema\/person\/image\/\",\"url\":\"https:\/\/secure.gravatar.com\/avatar\/bc3c655860202182ee6d1b5edd042dbe?s=96&d=mm&r=g\",\"contentUrl\":\"https:\/\/secure.gravatar.com\/avatar\/bc3c655860202182ee6d1b5edd042dbe?s=96&d=mm&r=g\",\"caption\":\"David Andr\u00e9s Aguirre\"},\"url\":\"https:\/\/ciudadyregion.com.co\/index.php\/author\/diegoaguirre\/\"}]}<\/script>\n<!-- \/ Yoast SEO plugin. -->","yoast_head_json":{"title":"Condenan a 2 oficiales del Ej\u00e9rcito Nacional por concusi\u00f3n - Ciudad y Region","robots":{"index":"index","follow":"follow","max-snippet":"max-snippet:-1","max-image-preview":"max-image-preview:large","max-video-preview":"max-video-preview:-1"},"canonical":"https:\/\/ciudadyregion.com.co\/index.php\/condenan-a-2-oficiales-del-ejercito-nacional-por-concusion\/judicial\/","og_locale":"es_ES","og_type":"article","og_title":"Condenan a 2 oficiales del Ej\u00e9rcito Nacional por concusi\u00f3n - Ciudad y Region","og_description":"El Juzgado 3\u00b0 Penal del Circuito de Ibagu\u00e9, con funciones de conocimiento los conden\u00f3 en noviembre del a\u00f1o 2023 a m\u00e1s de 9 a\u00f1os de prisi\u00f3n. La Sala Penal del Tribunal Superior de Ibagu\u00e9 le concedi\u00f3 la raz\u00f3n a la Fiscal\u00eda General de la Naci\u00f3n y confirm\u00f3 la condena aContinuar Leyendo","og_url":"https:\/\/ciudadyregion.com.co\/index.php\/condenan-a-2-oficiales-del-ejercito-nacional-por-concusion\/judicial\/","og_site_name":"Ciudad y Region","article_published_time":"2024-02-21T13:50:34+00:00","og_image":[{"width":800,"height":445,"url":"https:\/\/ciudadyregion.com.co\/wp-content\/uploads\/2024\/02\/4-soldado-ejercito-nacional.jpg","type":"image\/jpeg"}],"author":"David Andr\u00e9s Aguirre","twitter_card":"summary_large_image","twitter_misc":{"Escrito por":"David Andr\u00e9s Aguirre","Tiempo de lectura":"2 minutos"},"schema":{"@context":"https:\/\/schema.org","@graph":[{"@type":"WebPage","@id":"https:\/\/ciudadyregion.com.co\/index.php\/condenan-a-2-oficiales-del-ejercito-nacional-por-concusion\/judicial\/","url":"https:\/\/ciudadyregion.com.co\/index.php\/condenan-a-2-oficiales-del-ejercito-nacional-por-concusion\/judicial\/","name":"Condenan a 2 oficiales del Ej\u00e9rcito Nacional por concusi\u00f3n - Ciudad y Region","isPartOf":{"@id":"https:\/\/ciudadyregion.com.co\/#website"},"primaryImageOfPage":{"@id":"https:\/\/ciudadyregion.com.co\/index.php\/condenan-a-2-oficiales-del-ejercito-nacional-por-concusion\/judicial\/#primaryimage"},"image":{"@id":"https:\/\/ciudadyregion.com.co\/index.php\/condenan-a-2-oficiales-del-ejercito-nacional-por-concusion\/judicial\/#primaryimage"},"thumbnailUrl":"https:\/\/i0.wp.com\/ciudadyregion.com.co\/wp-content\/uploads\/2024\/02\/4-soldado-ejercito-nacional.jpg?fit=800%2C445&ssl=1","datePublished":"2024-02-21T13:50:34+00:00","dateModified":"2024-02-21T13:50:34+00:00","author":{"@id":"https:\/\/ciudadyregion.com.co\/#\/schema\/person\/04a4954373ebc4051f46e8c65ff78622"},"breadcrumb":{"@id":"https:\/\/ciudadyregion.com.co\/index.php\/condenan-a-2-oficiales-del-ejercito-nacional-por-concusion\/judicial\/#breadcrumb"},"inLanguage":"es","potentialAction":[{"@type":"ReadAction","target":["https:\/\/ciudadyregion.com.co\/index.php\/condenan-a-2-oficiales-del-ejercito-nacional-por-concusion\/judicial\/"]}]},{"@type":"ImageObject","inLanguage":"es","@id":"https:\/\/ciudadyregion.com.co\/index.php\/condenan-a-2-oficiales-del-ejercito-nacional-por-concusion\/judicial\/#primaryimage","url":"https:\/\/i0.wp.com\/ciudadyregion.com.co\/wp-content\/uploads\/2024\/02\/4-soldado-ejercito-nacional.jpg?fit=800%2C445&ssl=1","contentUrl":"https:\/\/i0.wp.com\/ciudadyregion.com.co\/wp-content\/uploads\/2024\/02\/4-soldado-ejercito-nacional.jpg?fit=800%2C445&ssl=1","width":800,"height":445},{"@type":"BreadcrumbList","@id":"https:\/\/ciudadyregion.com.co\/index.php\/condenan-a-2-oficiales-del-ejercito-nacional-por-concusion\/judicial\/#breadcrumb","itemListElement":[{"@type":"ListItem","position":1,"name":"Portada","item":"https:\/\/ciudadyregion.com.co\/"},{"@type":"ListItem","position":2,"name":"Condenan a 2 oficiales del Ej\u00e9rcito Nacional por concusi\u00f3n"}]},{"@type":"WebSite","@id":"https:\/\/ciudadyregion.com.co\/#website","url":"https:\/\/ciudadyregion.com.co\/","name":"Ciudad y Region","description":"","potentialAction":[{"@type":"SearchAction","target":{"@type":"EntryPoint","urlTemplate":"https:\/\/ciudadyregion.com.co\/?s={search_term_string}"},"query-input":{"@type":"PropertyValueSpecification","valueRequired":true,"valueName":"search_term_string"}}],"inLanguage":"es"},{"@type":"Person","@id":"https:\/\/ciudadyregion.com.co\/#\/schema\/person\/04a4954373ebc4051f46e8c65ff78622","name":"David Andr\u00e9s Aguirre","image":{"@type":"ImageObject","inLanguage":"es","@id":"https:\/\/ciudadyregion.com.co\/#\/schema\/person\/image\/","url":"https:\/\/secure.gravatar.com\/avatar\/bc3c655860202182ee6d1b5edd042dbe?s=96&d=mm&r=g","contentUrl":"https:\/\/secure.gravatar.com\/avatar\/bc3c655860202182ee6d1b5edd042dbe?s=96&d=mm&r=g","caption":"David Andr\u00e9s Aguirre"},"url":"https:\/\/ciudadyregion.com.co\/index.php\/author\/diegoaguirre\/"}]}},"jetpack_featured_media_url":"https:\/\/i0.wp.com\/ciudadyregion.com.co\/wp-content\/uploads\/2024\/02\/4-soldado-ejercito-nacional.jpg?fit=800%2C445&ssl=1","jetpack_sharing_enabled":true,"jetpack_shortlink":"https:\/\/wp.me\/pbS7hh-25j","jetpack-related-posts":[],"_links":{"self":[{"href":"https:\/\/ciudadyregion.com.co\/index.php\/wp-json\/wp\/v2\/posts\/8017"}],"collection":[{"href":"https:\/\/ciudadyregion.com.co\/index.php\/wp-json\/wp\/v2\/posts"}],"about":[{"href":"https:\/\/ciudadyregion.com.co\/index.php\/wp-json\/wp\/v2\/types\/post"}],"author":[{"embeddable":true,"href":"https:\/\/ciudadyregion.com.co\/index.php\/wp-json\/wp\/v2\/users\/2"}],"replies":[{"embeddable":true,"href":"https:\/\/ciudadyregion.com.co\/index.php\/wp-json\/wp\/v2\/comments?post=8017"}],"version-history":[{"count":1,"href":"https:\/\/ciudadyregion.com.co\/index.php\/wp-json\/wp\/v2\/posts\/8017\/revisions"}],"predecessor-version":[{"id":8018,"href":"https:\/\/ciudadyregion.com.co\/index.php\/wp-json\/wp\/v2\/posts\/8017\/revisions\/8018"}],"wp:featuredmedia":[{"embeddable":true,"href":"https:\/\/ciudadyregion.com.co\/index.php\/wp-json\/wp\/v2\/media\/6586"}],"wp:attachment":[{"href":"https:\/\/ciudadyregion.com.co\/index.php\/wp-json\/wp\/v2\/media?parent=8017"}],"wp:term":[{"taxonomy":"category","embeddable":true,"href":"https:\/\/ciudadyregion.com.co\/index.php\/wp-json\/wp\/v2\/categories?post=8017"},{"taxonomy":"post_tag","embeddable":true,"href":"https:\/\/ciudadyregion.com.co\/index.php\/wp-json\/wp\/v2\/tags?post=8017"}],"curies":[{"name":"wp","href":"https:\/\/api.w.org\/{rel}","templated":true}]}}