{"id":8010,"date":"2024-02-21T08:35:17","date_gmt":"2024-02-21T13:35:17","guid":{"rendered":"https:\/\/ciudadyregion.com.co\/?p=8010"},"modified":"2024-02-21T08:35:17","modified_gmt":"2024-02-21T13:35:17","slug":"hoy-es-el-dia-internacional-para-la-proteccion-de-los-osos-del-mundo","status":"publish","type":"post","link":"https:\/\/ciudadyregion.com.co\/index.php\/hoy-es-el-dia-internacional-para-la-proteccion-de-los-osos-del-mundo\/medio-ambiente\/","title":{"rendered":"Hoy es el D\u00eda Internacional para la Protecci\u00f3n de los Osos del Mundo"},"content":{"rendered":"<ul>\n<li><em>Cortolima se une a esta conmemoraci\u00f3n este 21 de febrero con la protecci\u00f3n del Oso de Anteojos <\/em><\/li>\n<li><em>En el mundo existen ocho especies de osos <\/em><\/li>\n<\/ul>\n<p>CORTOLIMA hace un llamado a todos los tolimenses, sobre la importancia de la protecci\u00f3n y conservaci\u00f3n de nuestro OSO DE ANTEOJOS (Tremarctos ornatus)<\/p>\n<p>El Oso de Anteojos en el Tolima hace presencia en al menos en 17 municipios, es decir en el 27,66 % del territorio tolimense (Anzo\u00e1tegui, Cajamarca, Casabianca, Chaparral, Cunday, Dolores, Herveo, Ibagu\u00e9, Murillo, Planadas, Rioblanco, Roncesvalles, Rovira, San Antonio, Santa Isabel, Villahermosa, Villarrica).\u00a0 Se estima una poblaci\u00f3n en el Tolima de al menos de 150 individuos de Oso de anteojos<\/p>\n<p>&nbsp;<\/p>\n<p><img data-recalc-dims=\"1\" loading=\"lazy\" decoding=\"async\" class=\"alignnone wp-image-8011 size-full\" src=\"https:\/\/i0.wp.com\/ciudadyregion.com.co\/wp-content\/uploads\/2024\/02\/WhatsApp-Image-2024-02-21-at-8.10.54-AM.jpeg?resize=1280%2C1600&#038;ssl=1\" alt=\"\" width=\"1280\" height=\"1600\" srcset=\"https:\/\/i0.wp.com\/ciudadyregion.com.co\/wp-content\/uploads\/2024\/02\/WhatsApp-Image-2024-02-21-at-8.10.54-AM.jpeg?w=1280&amp;ssl=1 1280w, https:\/\/i0.wp.com\/ciudadyregion.com.co\/wp-content\/uploads\/2024\/02\/WhatsApp-Image-2024-02-21-at-8.10.54-AM.jpeg?resize=240%2C300&amp;ssl=1 240w, https:\/\/i0.wp.com\/ciudadyregion.com.co\/wp-content\/uploads\/2024\/02\/WhatsApp-Image-2024-02-21-at-8.10.54-AM.jpeg?resize=819%2C1024&amp;ssl=1 819w, https:\/\/i0.wp.com\/ciudadyregion.com.co\/wp-content\/uploads\/2024\/02\/WhatsApp-Image-2024-02-21-at-8.10.54-AM.jpeg?resize=768%2C960&amp;ssl=1 768w, https:\/\/i0.wp.com\/ciudadyregion.com.co\/wp-content\/uploads\/2024\/02\/WhatsApp-Image-2024-02-21-at-8.10.54-AM.jpeg?resize=1229%2C1536&amp;ssl=1 1229w, https:\/\/i0.wp.com\/ciudadyregion.com.co\/wp-content\/uploads\/2024\/02\/WhatsApp-Image-2024-02-21-at-8.10.54-AM.jpeg?resize=440%2C550&amp;ssl=1 440w, https:\/\/i0.wp.com\/ciudadyregion.com.co\/wp-content\/uploads\/2024\/02\/WhatsApp-Image-2024-02-21-at-8.10.54-AM.jpeg?resize=400%2C500&amp;ssl=1 400w\" sizes=\"(max-width: 1280px) 100vw, 1280px\" \/><\/p>\n<p>La ampliaci\u00f3n de la frontera agr\u00edcola y la deforestaci\u00f3n son las principales amenazas que enfrenta. Hay cada vez m\u00e1s interacci\u00f3n entre los osos y los humanos, lo que provoca tensiones y conflictos ambientales. El compromiso de todos los Tolimenses es de protegerlos y conservarlos.<\/p>\n<p>Tenga en cuenta:<\/p>\n<ul>\n<li>El oso de Anteojos es OMNIVORO y se alimenta generalmente de plantas.<\/li>\n<li>El Oso de Anteojos no ataca a los humanos<\/li>\n<li>Evitar la tala del bosque y ampliar la frontera agr\u00edcola<\/li>\n<li>Evitar su caza y muerte, pues est\u00e1 prohibida por la ley colombiana y es penalizada.<\/li>\n<li>Evite la quema de los bosques y paramos, pues es su h\u00e1bitat natural.<\/li>\n<\/ul>\n<p>&nbsp;<\/p>\n<p>&nbsp;<\/p>\n","protected":false},"excerpt":{"rendered":"<p>Cortolima se une a esta conmemoraci\u00f3n este 21 de febrero con la protecci\u00f3n del Oso de Anteojos En el mundo existen ocho especies de osos CORTOLIMA hace un llamado a todos los tolimenses, sobre la importancia de la protecci\u00f3n y conservaci\u00f3n de nuestro OSO DE ANTEOJOS (Tremarctos ornatus) El Oso<span class=\"more-link\"><a href=\"https:\/\/ciudadyregion.com.co\/index.php\/hoy-es-el-dia-internacional-para-la-proteccion-de-los-osos-del-mundo\/medio-ambiente\/\">Continuar Leyendo<\/a><\/span><\/p>\n","protected":false},"author":2,"featured_media":8012,"comment_status":"open","ping_status":"open","sticky":false,"template":"","format":"standard","meta":{"_uf_show_specific_survey":0,"_uf_disable_surveys":false,"_jetpack_memberships_contains_paid_content":false,"footnotes":"","jetpack_publicize_message":"","jetpack_publicize_feature_enabled":true,"jetpack_social_post_already_shared":true,"jetpack_social_options":{"image_generator_settings":{"template":"highway","enabled":false},"version":2}},"categories":[32],"tags":[],"class_list":["entry","author-diegoaguirre","post-8010","post","type-post","status-publish","format-standard","has-post-thumbnail","category-medio-ambiente"],"jetpack_publicize_connections":[],"yoast_head":"<!-- This site is optimized with the Yoast SEO plugin v24.3 - https:\/\/yoast.com\/wordpress\/plugins\/seo\/ -->\n<title>Hoy es el D\u00eda Internacional para la Protecci\u00f3n de los Osos del Mundo - Ciudad y Region<\/title>\n<meta name=\"robots\" content=\"index, follow, max-snippet:-1, max-image-preview:large, max-video-preview:-1\" \/>\n<link rel=\"canonical\" href=\"https:\/\/ciudadyregion.com.co\/index.php\/hoy-es-el-dia-internacional-para-la-proteccion-de-los-osos-del-mundo\/medio-ambiente\/\" \/>\n<meta property=\"og:locale\" content=\"es_ES\" \/>\n<meta property=\"og:type\" content=\"article\" \/>\n<meta property=\"og:title\" content=\"Hoy es el D\u00eda Internacional para la Protecci\u00f3n de los Osos del Mundo - Ciudad y Region\" \/>\n<meta property=\"og:description\" content=\"Cortolima se une a esta conmemoraci\u00f3n este 21 de febrero con la protecci\u00f3n del Oso de Anteojos En el mundo existen ocho especies de osos CORTOLIMA hace un llamado a todos los tolimenses, sobre la importancia de la protecci\u00f3n y conservaci\u00f3n de nuestro OSO DE ANTEOJOS (Tremarctos ornatus) El OsoContinuar Leyendo\" \/>\n<meta property=\"og:url\" content=\"https:\/\/ciudadyregion.com.co\/index.php\/hoy-es-el-dia-internacional-para-la-proteccion-de-los-osos-del-mundo\/medio-ambiente\/\" \/>\n<meta property=\"og:site_name\" content=\"Ciudad y Region\" \/>\n<meta property=\"article:published_time\" content=\"2024-02-21T13:35:17+00:00\" \/>\n<meta property=\"og:image\" content=\"https:\/\/ciudadyregion.com.co\/wp-content\/uploads\/2024\/02\/4-oso-de-anteojos.jpg\" \/>\n\t<meta property=\"og:image:width\" content=\"800\" \/>\n\t<meta property=\"og:image:height\" content=\"445\" \/>\n\t<meta property=\"og:image:type\" content=\"image\/jpeg\" \/>\n<meta name=\"author\" content=\"David Andr\u00e9s Aguirre\" \/>\n<meta name=\"twitter:card\" content=\"summary_large_image\" \/>\n<meta name=\"twitter:label1\" content=\"Escrito por\" \/>\n\t<meta name=\"twitter:data1\" content=\"David Andr\u00e9s Aguirre\" \/>\n\t<meta name=\"twitter:label2\" content=\"Tiempo de lectura\" \/>\n\t<meta name=\"twitter:data2\" content=\"2 minutos\" \/>\n<script type=\"application\/ld+json\" class=\"yoast-schema-graph\">{\"@context\":\"https:\/\/schema.org\",\"@graph\":[{\"@type\":\"WebPage\",\"@id\":\"https:\/\/ciudadyregion.com.co\/index.php\/hoy-es-el-dia-internacional-para-la-proteccion-de-los-osos-del-mundo\/medio-ambiente\/\",\"url\":\"https:\/\/ciudadyregion.com.co\/index.php\/hoy-es-el-dia-internacional-para-la-proteccion-de-los-osos-del-mundo\/medio-ambiente\/\",\"name\":\"Hoy es el D\u00eda Internacional para la Protecci\u00f3n de los Osos del Mundo - Ciudad y Region\",\"isPartOf\":{\"@id\":\"https:\/\/ciudadyregion.com.co\/#website\"},\"primaryImageOfPage\":{\"@id\":\"https:\/\/ciudadyregion.com.co\/index.php\/hoy-es-el-dia-internacional-para-la-proteccion-de-los-osos-del-mundo\/medio-ambiente\/#primaryimage\"},\"image\":{\"@id\":\"https:\/\/ciudadyregion.com.co\/index.php\/hoy-es-el-dia-internacional-para-la-proteccion-de-los-osos-del-mundo\/medio-ambiente\/#primaryimage\"},\"thumbnailUrl\":\"https:\/\/i0.wp.com\/ciudadyregion.com.co\/wp-content\/uploads\/2024\/02\/4-oso-de-anteojos.jpg?fit=800%2C445&ssl=1\",\"datePublished\":\"2024-02-21T13:35:17+00:00\",\"dateModified\":\"2024-02-21T13:35:17+00:00\",\"author\":{\"@id\":\"https:\/\/ciudadyregion.com.co\/#\/schema\/person\/04a4954373ebc4051f46e8c65ff78622\"},\"breadcrumb\":{\"@id\":\"https:\/\/ciudadyregion.com.co\/index.php\/hoy-es-el-dia-internacional-para-la-proteccion-de-los-osos-del-mundo\/medio-ambiente\/#breadcrumb\"},\"inLanguage\":\"es\",\"potentialAction\":[{\"@type\":\"ReadAction\",\"target\":[\"https:\/\/ciudadyregion.com.co\/index.php\/hoy-es-el-dia-internacional-para-la-proteccion-de-los-osos-del-mundo\/medio-ambiente\/\"]}]},{\"@type\":\"ImageObject\",\"inLanguage\":\"es\",\"@id\":\"https:\/\/ciudadyregion.com.co\/index.php\/hoy-es-el-dia-internacional-para-la-proteccion-de-los-osos-del-mundo\/medio-ambiente\/#primaryimage\",\"url\":\"https:\/\/i0.wp.com\/ciudadyregion.com.co\/wp-content\/uploads\/2024\/02\/4-oso-de-anteojos.jpg?fit=800%2C445&ssl=1\",\"contentUrl\":\"https:\/\/i0.wp.com\/ciudadyregion.com.co\/wp-content\/uploads\/2024\/02\/4-oso-de-anteojos.jpg?fit=800%2C445&ssl=1\",\"width\":800,\"height\":445},{\"@type\":\"BreadcrumbList\",\"@id\":\"https:\/\/ciudadyregion.com.co\/index.php\/hoy-es-el-dia-internacional-para-la-proteccion-de-los-osos-del-mundo\/medio-ambiente\/#breadcrumb\",\"itemListElement\":[{\"@type\":\"ListItem\",\"position\":1,\"name\":\"Portada\",\"item\":\"https:\/\/ciudadyregion.com.co\/\"},{\"@type\":\"ListItem\",\"position\":2,\"name\":\"Hoy es el D\u00eda Internacional para la Protecci\u00f3n de los Osos del Mundo\"}]},{\"@type\":\"WebSite\",\"@id\":\"https:\/\/ciudadyregion.com.co\/#website\",\"url\":\"https:\/\/ciudadyregion.com.co\/\",\"name\":\"Ciudad y Region\",\"description\":\"\",\"potentialAction\":[{\"@type\":\"SearchAction\",\"target\":{\"@type\":\"EntryPoint\",\"urlTemplate\":\"https:\/\/ciudadyregion.com.co\/?s={search_term_string}\"},\"query-input\":{\"@type\":\"PropertyValueSpecification\",\"valueRequired\":true,\"valueName\":\"search_term_string\"}}],\"inLanguage\":\"es\"},{\"@type\":\"Person\",\"@id\":\"https:\/\/ciudadyregion.com.co\/#\/schema\/person\/04a4954373ebc4051f46e8c65ff78622\",\"name\":\"David Andr\u00e9s Aguirre\",\"image\":{\"@type\":\"ImageObject\",\"inLanguage\":\"es\",\"@id\":\"https:\/\/ciudadyregion.com.co\/#\/schema\/person\/image\/\",\"url\":\"https:\/\/secure.gravatar.com\/avatar\/bc3c655860202182ee6d1b5edd042dbe?s=96&d=mm&r=g\",\"contentUrl\":\"https:\/\/secure.gravatar.com\/avatar\/bc3c655860202182ee6d1b5edd042dbe?s=96&d=mm&r=g\",\"caption\":\"David Andr\u00e9s Aguirre\"},\"url\":\"https:\/\/ciudadyregion.com.co\/index.php\/author\/diegoaguirre\/\"}]}<\/script>\n<!-- \/ Yoast SEO plugin. -->","yoast_head_json":{"title":"Hoy es el D\u00eda Internacional para la Protecci\u00f3n de los Osos del Mundo - Ciudad y Region","robots":{"index":"index","follow":"follow","max-snippet":"max-snippet:-1","max-image-preview":"max-image-preview:large","max-video-preview":"max-video-preview:-1"},"canonical":"https:\/\/ciudadyregion.com.co\/index.php\/hoy-es-el-dia-internacional-para-la-proteccion-de-los-osos-del-mundo\/medio-ambiente\/","og_locale":"es_ES","og_type":"article","og_title":"Hoy es el D\u00eda Internacional para la Protecci\u00f3n de los Osos del Mundo - Ciudad y Region","og_description":"Cortolima se une a esta conmemoraci\u00f3n este 21 de febrero con la protecci\u00f3n del Oso de Anteojos En el mundo existen ocho especies de osos CORTOLIMA hace un llamado a todos los tolimenses, sobre la importancia de la protecci\u00f3n y conservaci\u00f3n de nuestro OSO DE ANTEOJOS (Tremarctos ornatus) El OsoContinuar Leyendo","og_url":"https:\/\/ciudadyregion.com.co\/index.php\/hoy-es-el-dia-internacional-para-la-proteccion-de-los-osos-del-mundo\/medio-ambiente\/","og_site_name":"Ciudad y Region","article_published_time":"2024-02-21T13:35:17+00:00","og_image":[{"width":800,"height":445,"url":"https:\/\/ciudadyregion.com.co\/wp-content\/uploads\/2024\/02\/4-oso-de-anteojos.jpg","type":"image\/jpeg"}],"author":"David Andr\u00e9s Aguirre","twitter_card":"summary_large_image","twitter_misc":{"Escrito por":"David Andr\u00e9s Aguirre","Tiempo de lectura":"2 minutos"},"schema":{"@context":"https:\/\/schema.org","@graph":[{"@type":"WebPage","@id":"https:\/\/ciudadyregion.com.co\/index.php\/hoy-es-el-dia-internacional-para-la-proteccion-de-los-osos-del-mundo\/medio-ambiente\/","url":"https:\/\/ciudadyregion.com.co\/index.php\/hoy-es-el-dia-internacional-para-la-proteccion-de-los-osos-del-mundo\/medio-ambiente\/","name":"Hoy es el D\u00eda Internacional para la Protecci\u00f3n de los Osos del Mundo - Ciudad y Region","isPartOf":{"@id":"https:\/\/ciudadyregion.com.co\/#website"},"primaryImageOfPage":{"@id":"https:\/\/ciudadyregion.com.co\/index.php\/hoy-es-el-dia-internacional-para-la-proteccion-de-los-osos-del-mundo\/medio-ambiente\/#primaryimage"},"image":{"@id":"https:\/\/ciudadyregion.com.co\/index.php\/hoy-es-el-dia-internacional-para-la-proteccion-de-los-osos-del-mundo\/medio-ambiente\/#primaryimage"},"thumbnailUrl":"https:\/\/i0.wp.com\/ciudadyregion.com.co\/wp-content\/uploads\/2024\/02\/4-oso-de-anteojos.jpg?fit=800%2C445&ssl=1","datePublished":"2024-02-21T13:35:17+00:00","dateModified":"2024-02-21T13:35:17+00:00","author":{"@id":"https:\/\/ciudadyregion.com.co\/#\/schema\/person\/04a4954373ebc4051f46e8c65ff78622"},"breadcrumb":{"@id":"https:\/\/ciudadyregion.com.co\/index.php\/hoy-es-el-dia-internacional-para-la-proteccion-de-los-osos-del-mundo\/medio-ambiente\/#breadcrumb"},"inLanguage":"es","potentialAction":[{"@type":"ReadAction","target":["https:\/\/ciudadyregion.com.co\/index.php\/hoy-es-el-dia-internacional-para-la-proteccion-de-los-osos-del-mundo\/medio-ambiente\/"]}]},{"@type":"ImageObject","inLanguage":"es","@id":"https:\/\/ciudadyregion.com.co\/index.php\/hoy-es-el-dia-internacional-para-la-proteccion-de-los-osos-del-mundo\/medio-ambiente\/#primaryimage","url":"https:\/\/i0.wp.com\/ciudadyregion.com.co\/wp-content\/uploads\/2024\/02\/4-oso-de-anteojos.jpg?fit=800%2C445&ssl=1","contentUrl":"https:\/\/i0.wp.com\/ciudadyregion.com.co\/wp-content\/uploads\/2024\/02\/4-oso-de-anteojos.jpg?fit=800%2C445&ssl=1","width":800,"height":445},{"@type":"BreadcrumbList","@id":"https:\/\/ciudadyregion.com.co\/index.php\/hoy-es-el-dia-internacional-para-la-proteccion-de-los-osos-del-mundo\/medio-ambiente\/#breadcrumb","itemListElement":[{"@type":"ListItem","position":1,"name":"Portada","item":"https:\/\/ciudadyregion.com.co\/"},{"@type":"ListItem","position":2,"name":"Hoy es el D\u00eda Internacional para la Protecci\u00f3n de los Osos del Mundo"}]},{"@type":"WebSite","@id":"https:\/\/ciudadyregion.com.co\/#website","url":"https:\/\/ciudadyregion.com.co\/","name":"Ciudad y Region","description":"","potentialAction":[{"@type":"SearchAction","target":{"@type":"EntryPoint","urlTemplate":"https:\/\/ciudadyregion.com.co\/?s={search_term_string}"},"query-input":{"@type":"PropertyValueSpecification","valueRequired":true,"valueName":"search_term_string"}}],"inLanguage":"es"},{"@type":"Person","@id":"https:\/\/ciudadyregion.com.co\/#\/schema\/person\/04a4954373ebc4051f46e8c65ff78622","name":"David Andr\u00e9s Aguirre","image":{"@type":"ImageObject","inLanguage":"es","@id":"https:\/\/ciudadyregion.com.co\/#\/schema\/person\/image\/","url":"https:\/\/secure.gravatar.com\/avatar\/bc3c655860202182ee6d1b5edd042dbe?s=96&d=mm&r=g","contentUrl":"https:\/\/secure.gravatar.com\/avatar\/bc3c655860202182ee6d1b5edd042dbe?s=96&d=mm&r=g","caption":"David Andr\u00e9s Aguirre"},"url":"https:\/\/ciudadyregion.com.co\/index.php\/author\/diegoaguirre\/"}]}},"jetpack_featured_media_url":"https:\/\/i0.wp.com\/ciudadyregion.com.co\/wp-content\/uploads\/2024\/02\/4-oso-de-anteojos.jpg?fit=800%2C445&ssl=1","jetpack_sharing_enabled":true,"jetpack_shortlink":"https:\/\/wp.me\/pbS7hh-25c","jetpack-related-posts":[],"_links":{"self":[{"href":"https:\/\/ciudadyregion.com.co\/index.php\/wp-json\/wp\/v2\/posts\/8010"}],"collection":[{"href":"https:\/\/ciudadyregion.com.co\/index.php\/wp-json\/wp\/v2\/posts"}],"about":[{"href":"https:\/\/ciudadyregion.com.co\/index.php\/wp-json\/wp\/v2\/types\/post"}],"author":[{"embeddable":true,"href":"https:\/\/ciudadyregion.com.co\/index.php\/wp-json\/wp\/v2\/users\/2"}],"replies":[{"embeddable":true,"href":"https:\/\/ciudadyregion.com.co\/index.php\/wp-json\/wp\/v2\/comments?post=8010"}],"version-history":[{"count":1,"href":"https:\/\/ciudadyregion.com.co\/index.php\/wp-json\/wp\/v2\/posts\/8010\/revisions"}],"predecessor-version":[{"id":8013,"href":"https:\/\/ciudadyregion.com.co\/index.php\/wp-json\/wp\/v2\/posts\/8010\/revisions\/8013"}],"wp:featuredmedia":[{"embeddable":true,"href":"https:\/\/ciudadyregion.com.co\/index.php\/wp-json\/wp\/v2\/media\/8012"}],"wp:attachment":[{"href":"https:\/\/ciudadyregion.com.co\/index.php\/wp-json\/wp\/v2\/media?parent=8010"}],"wp:term":[{"taxonomy":"category","embeddable":true,"href":"https:\/\/ciudadyregion.com.co\/index.php\/wp-json\/wp\/v2\/categories?post=8010"},{"taxonomy":"post_tag","embeddable":true,"href":"https:\/\/ciudadyregion.com.co\/index.php\/wp-json\/wp\/v2\/tags?post=8010"}],"curies":[{"name":"wp","href":"https:\/\/api.w.org\/{rel}","templated":true}]}}