{"id":8004,"date":"2024-02-21T08:22:51","date_gmt":"2024-02-21T13:22:51","guid":{"rendered":"https:\/\/ciudadyregion.com.co\/?p=8004"},"modified":"2024-02-21T08:22:51","modified_gmt":"2024-02-21T13:22:51","slug":"en-natagaima-al-son-de-un-tiple-una-guitarra-y-un-buen-tambor-se-celebrara-el-dia-del-tolima","status":"publish","type":"post","link":"https:\/\/ciudadyregion.com.co\/index.php\/en-natagaima-al-son-de-un-tiple-una-guitarra-y-un-buen-tambor-se-celebrara-el-dia-del-tolima\/regional\/","title":{"rendered":"En Natagaima, al son de un tiple, una guitarra y un buen tambor, se celebrar\u00e1 el D\u00eda del Tolima"},"content":{"rendered":"<ul>\n<li><em>En tierra ind\u00edgena, el pr\u00f3ximo viernes 12 de abril la Gobernaci\u00f3n del Tolima celebrar\u00e1 el D\u00eda del Tolima.<\/em><\/li>\n<\/ul>\n<p>Como un homenaje a todas las comunidades ind\u00edgenas del departamento, la gobernadora Adriana Magali Matiz anunci\u00f3 que el pr\u00f3ximo 12 de abril de 2024 la celebraci\u00f3n del D\u00eda del Tolima ser\u00e1 en el municipio de Natagaima.<\/p>\n<p>En este 2024 se celebran 163 a\u00f1os de fundaci\u00f3n del Departamento del Tolima y la gobernadora Matiz Vargas anunci\u00f3, durante la realizaci\u00f3n de las Mesas de Innovaci\u00f3n Ciudadana para la construcci\u00f3n del Plan de Desarrollo en Chaparral, que las actividades centrales de esta celebraci\u00f3n se realizar\u00e1n en el municipio surtolimense que concentra la mayor cantidad de poblaci\u00f3n pijao.<\/p>\n<blockquote><p>\u201cHe tomado la decisi\u00f3n, en homenaje a ustedes las comunidades ind\u00edgenas, que la celebraci\u00f3n del D\u00eda Tolima ser\u00e1 en el municipio de Natagaima. All\u00ed donde est\u00e1 la gran mayor\u00eda d e nuestras comunidades ind\u00edgenas le vamos a decir a todos los tolimenses: Tolima Soy Yo\u201d, afirm\u00f3 Matiz.<\/p><\/blockquote>\n<p>Seg\u00fan el Departamento Administrativo Nacional de Estad\u00edstica Dane, Natagaima tiene una poblaci\u00f3n aproximada a los 14.700 habitantes. El 86% de esos habitantes corresponde a poblaci\u00f3n ind\u00edgena perteneciente a 28 resguardos y 24 cabildos.<\/p>\n<p>El Museo Nacional de Colombia, afirma que, el 12 de abril de 1861 el general Tom\u00e1s Cipriano de Mosquera, nombrado presidente de facto de la Confederaci\u00f3n Granadina tras haber vencido en la guerra civil de 1860-1862, decret\u00f3 la creaci\u00f3n del Estado del Tolima. Se trat\u00f3 del noveno estado que conform\u00f3 en 1863 los Estados Unidos de Colombia, dicho Estado estaba constituido por los actuales departamentos de Tolima y Huila.<\/p>\n","protected":false},"excerpt":{"rendered":"<p>En tierra ind\u00edgena, el pr\u00f3ximo viernes 12 de abril la Gobernaci\u00f3n del Tolima celebrar\u00e1 el D\u00eda del Tolima. Como un homenaje a todas las comunidades ind\u00edgenas del departamento, la gobernadora Adriana Magali Matiz anunci\u00f3 que el pr\u00f3ximo 12 de abril de 2024 la celebraci\u00f3n del D\u00eda del Tolima ser\u00e1 en<span class=\"more-link\"><a href=\"https:\/\/ciudadyregion.com.co\/index.php\/en-natagaima-al-son-de-un-tiple-una-guitarra-y-un-buen-tambor-se-celebrara-el-dia-del-tolima\/regional\/\">Continuar Leyendo<\/a><\/span><\/p>\n","protected":false},"author":2,"featured_media":8005,"comment_status":"open","ping_status":"open","sticky":false,"template":"","format":"standard","meta":{"_uf_show_specific_survey":0,"_uf_disable_surveys":false,"_jetpack_memberships_contains_paid_content":false,"footnotes":"","jetpack_publicize_message":"","jetpack_publicize_feature_enabled":true,"jetpack_social_post_already_shared":true,"jetpack_social_options":{"image_generator_settings":{"template":"highway","enabled":false},"version":2}},"categories":[13],"tags":[],"class_list":["entry","author-diegoaguirre","post-8004","post","type-post","status-publish","format-standard","has-post-thumbnail","category-regional"],"jetpack_publicize_connections":[],"yoast_head":"<!-- This site is optimized with the Yoast SEO plugin v24.3 - https:\/\/yoast.com\/wordpress\/plugins\/seo\/ -->\n<title>En Natagaima, al son de un tiple, una guitarra y un buen tambor, se celebrar\u00e1 el D\u00eda del Tolima - Ciudad y Region<\/title>\n<meta name=\"robots\" content=\"index, follow, max-snippet:-1, max-image-preview:large, max-video-preview:-1\" \/>\n<link rel=\"canonical\" href=\"https:\/\/ciudadyregion.com.co\/index.php\/en-natagaima-al-son-de-un-tiple-una-guitarra-y-un-buen-tambor-se-celebrara-el-dia-del-tolima\/regional\/\" \/>\n<meta property=\"og:locale\" content=\"es_ES\" \/>\n<meta property=\"og:type\" content=\"article\" \/>\n<meta property=\"og:title\" content=\"En Natagaima, al son de un tiple, una guitarra y un buen tambor, se celebrar\u00e1 el D\u00eda del Tolima - Ciudad y Region\" \/>\n<meta property=\"og:description\" content=\"En tierra ind\u00edgena, el pr\u00f3ximo viernes 12 de abril la Gobernaci\u00f3n del Tolima celebrar\u00e1 el D\u00eda del Tolima. Como un homenaje a todas las comunidades ind\u00edgenas del departamento, la gobernadora Adriana Magali Matiz anunci\u00f3 que el pr\u00f3ximo 12 de abril de 2024 la celebraci\u00f3n del D\u00eda del Tolima ser\u00e1 enContinuar Leyendo\" \/>\n<meta property=\"og:url\" content=\"https:\/\/ciudadyregion.com.co\/index.php\/en-natagaima-al-son-de-un-tiple-una-guitarra-y-un-buen-tambor-se-celebrara-el-dia-del-tolima\/regional\/\" \/>\n<meta property=\"og:site_name\" content=\"Ciudad y Region\" \/>\n<meta property=\"article:published_time\" content=\"2024-02-21T13:22:51+00:00\" \/>\n<meta property=\"og:image\" content=\"https:\/\/ciudadyregion.com.co\/wp-content\/uploads\/2024\/02\/2-natagaima.jpg\" \/>\n\t<meta property=\"og:image:width\" content=\"800\" \/>\n\t<meta property=\"og:image:height\" content=\"445\" \/>\n\t<meta property=\"og:image:type\" content=\"image\/jpeg\" \/>\n<meta name=\"author\" content=\"David Andr\u00e9s Aguirre\" \/>\n<meta name=\"twitter:card\" content=\"summary_large_image\" \/>\n<meta name=\"twitter:label1\" content=\"Escrito por\" \/>\n\t<meta name=\"twitter:data1\" content=\"David Andr\u00e9s Aguirre\" \/>\n\t<meta name=\"twitter:label2\" content=\"Tiempo de lectura\" \/>\n\t<meta name=\"twitter:data2\" content=\"1 minuto\" \/>\n<script type=\"application\/ld+json\" class=\"yoast-schema-graph\">{\"@context\":\"https:\/\/schema.org\",\"@graph\":[{\"@type\":\"WebPage\",\"@id\":\"https:\/\/ciudadyregion.com.co\/index.php\/en-natagaima-al-son-de-un-tiple-una-guitarra-y-un-buen-tambor-se-celebrara-el-dia-del-tolima\/regional\/\",\"url\":\"https:\/\/ciudadyregion.com.co\/index.php\/en-natagaima-al-son-de-un-tiple-una-guitarra-y-un-buen-tambor-se-celebrara-el-dia-del-tolima\/regional\/\",\"name\":\"En Natagaima, al son de un tiple, una guitarra y un buen tambor, se celebrar\u00e1 el D\u00eda del Tolima - Ciudad y Region\",\"isPartOf\":{\"@id\":\"https:\/\/ciudadyregion.com.co\/#website\"},\"primaryImageOfPage\":{\"@id\":\"https:\/\/ciudadyregion.com.co\/index.php\/en-natagaima-al-son-de-un-tiple-una-guitarra-y-un-buen-tambor-se-celebrara-el-dia-del-tolima\/regional\/#primaryimage\"},\"image\":{\"@id\":\"https:\/\/ciudadyregion.com.co\/index.php\/en-natagaima-al-son-de-un-tiple-una-guitarra-y-un-buen-tambor-se-celebrara-el-dia-del-tolima\/regional\/#primaryimage\"},\"thumbnailUrl\":\"https:\/\/i0.wp.com\/ciudadyregion.com.co\/wp-content\/uploads\/2024\/02\/2-natagaima.jpg?fit=800%2C445&ssl=1\",\"datePublished\":\"2024-02-21T13:22:51+00:00\",\"dateModified\":\"2024-02-21T13:22:51+00:00\",\"author\":{\"@id\":\"https:\/\/ciudadyregion.com.co\/#\/schema\/person\/04a4954373ebc4051f46e8c65ff78622\"},\"breadcrumb\":{\"@id\":\"https:\/\/ciudadyregion.com.co\/index.php\/en-natagaima-al-son-de-un-tiple-una-guitarra-y-un-buen-tambor-se-celebrara-el-dia-del-tolima\/regional\/#breadcrumb\"},\"inLanguage\":\"es\",\"potentialAction\":[{\"@type\":\"ReadAction\",\"target\":[\"https:\/\/ciudadyregion.com.co\/index.php\/en-natagaima-al-son-de-un-tiple-una-guitarra-y-un-buen-tambor-se-celebrara-el-dia-del-tolima\/regional\/\"]}]},{\"@type\":\"ImageObject\",\"inLanguage\":\"es\",\"@id\":\"https:\/\/ciudadyregion.com.co\/index.php\/en-natagaima-al-son-de-un-tiple-una-guitarra-y-un-buen-tambor-se-celebrara-el-dia-del-tolima\/regional\/#primaryimage\",\"url\":\"https:\/\/i0.wp.com\/ciudadyregion.com.co\/wp-content\/uploads\/2024\/02\/2-natagaima.jpg?fit=800%2C445&ssl=1\",\"contentUrl\":\"https:\/\/i0.wp.com\/ciudadyregion.com.co\/wp-content\/uploads\/2024\/02\/2-natagaima.jpg?fit=800%2C445&ssl=1\",\"width\":800,\"height\":445},{\"@type\":\"BreadcrumbList\",\"@id\":\"https:\/\/ciudadyregion.com.co\/index.php\/en-natagaima-al-son-de-un-tiple-una-guitarra-y-un-buen-tambor-se-celebrara-el-dia-del-tolima\/regional\/#breadcrumb\",\"itemListElement\":[{\"@type\":\"ListItem\",\"position\":1,\"name\":\"Portada\",\"item\":\"https:\/\/ciudadyregion.com.co\/\"},{\"@type\":\"ListItem\",\"position\":2,\"name\":\"En Natagaima, al son de un tiple, una guitarra y un buen tambor, se celebrar\u00e1 el D\u00eda del Tolima\"}]},{\"@type\":\"WebSite\",\"@id\":\"https:\/\/ciudadyregion.com.co\/#website\",\"url\":\"https:\/\/ciudadyregion.com.co\/\",\"name\":\"Ciudad y Region\",\"description\":\"\",\"potentialAction\":[{\"@type\":\"SearchAction\",\"target\":{\"@type\":\"EntryPoint\",\"urlTemplate\":\"https:\/\/ciudadyregion.com.co\/?s={search_term_string}\"},\"query-input\":{\"@type\":\"PropertyValueSpecification\",\"valueRequired\":true,\"valueName\":\"search_term_string\"}}],\"inLanguage\":\"es\"},{\"@type\":\"Person\",\"@id\":\"https:\/\/ciudadyregion.com.co\/#\/schema\/person\/04a4954373ebc4051f46e8c65ff78622\",\"name\":\"David Andr\u00e9s Aguirre\",\"image\":{\"@type\":\"ImageObject\",\"inLanguage\":\"es\",\"@id\":\"https:\/\/ciudadyregion.com.co\/#\/schema\/person\/image\/\",\"url\":\"https:\/\/secure.gravatar.com\/avatar\/bc3c655860202182ee6d1b5edd042dbe?s=96&d=mm&r=g\",\"contentUrl\":\"https:\/\/secure.gravatar.com\/avatar\/bc3c655860202182ee6d1b5edd042dbe?s=96&d=mm&r=g\",\"caption\":\"David Andr\u00e9s Aguirre\"},\"url\":\"https:\/\/ciudadyregion.com.co\/index.php\/author\/diegoaguirre\/\"}]}<\/script>\n<!-- \/ Yoast SEO plugin. -->","yoast_head_json":{"title":"En Natagaima, al son de un tiple, una guitarra y un buen tambor, se celebrar\u00e1 el D\u00eda del Tolima - Ciudad y Region","robots":{"index":"index","follow":"follow","max-snippet":"max-snippet:-1","max-image-preview":"max-image-preview:large","max-video-preview":"max-video-preview:-1"},"canonical":"https:\/\/ciudadyregion.com.co\/index.php\/en-natagaima-al-son-de-un-tiple-una-guitarra-y-un-buen-tambor-se-celebrara-el-dia-del-tolima\/regional\/","og_locale":"es_ES","og_type":"article","og_title":"En Natagaima, al son de un tiple, una guitarra y un buen tambor, se celebrar\u00e1 el D\u00eda del Tolima - Ciudad y Region","og_description":"En tierra ind\u00edgena, el pr\u00f3ximo viernes 12 de abril la Gobernaci\u00f3n del Tolima celebrar\u00e1 el D\u00eda del Tolima. Como un homenaje a todas las comunidades ind\u00edgenas del departamento, la gobernadora Adriana Magali Matiz anunci\u00f3 que el pr\u00f3ximo 12 de abril de 2024 la celebraci\u00f3n del D\u00eda del Tolima ser\u00e1 enContinuar Leyendo","og_url":"https:\/\/ciudadyregion.com.co\/index.php\/en-natagaima-al-son-de-un-tiple-una-guitarra-y-un-buen-tambor-se-celebrara-el-dia-del-tolima\/regional\/","og_site_name":"Ciudad y Region","article_published_time":"2024-02-21T13:22:51+00:00","og_image":[{"width":800,"height":445,"url":"https:\/\/ciudadyregion.com.co\/wp-content\/uploads\/2024\/02\/2-natagaima.jpg","type":"image\/jpeg"}],"author":"David Andr\u00e9s Aguirre","twitter_card":"summary_large_image","twitter_misc":{"Escrito por":"David Andr\u00e9s Aguirre","Tiempo de lectura":"1 minuto"},"schema":{"@context":"https:\/\/schema.org","@graph":[{"@type":"WebPage","@id":"https:\/\/ciudadyregion.com.co\/index.php\/en-natagaima-al-son-de-un-tiple-una-guitarra-y-un-buen-tambor-se-celebrara-el-dia-del-tolima\/regional\/","url":"https:\/\/ciudadyregion.com.co\/index.php\/en-natagaima-al-son-de-un-tiple-una-guitarra-y-un-buen-tambor-se-celebrara-el-dia-del-tolima\/regional\/","name":"En Natagaima, al son de un tiple, una guitarra y un buen tambor, se celebrar\u00e1 el D\u00eda del Tolima - Ciudad y Region","isPartOf":{"@id":"https:\/\/ciudadyregion.com.co\/#website"},"primaryImageOfPage":{"@id":"https:\/\/ciudadyregion.com.co\/index.php\/en-natagaima-al-son-de-un-tiple-una-guitarra-y-un-buen-tambor-se-celebrara-el-dia-del-tolima\/regional\/#primaryimage"},"image":{"@id":"https:\/\/ciudadyregion.com.co\/index.php\/en-natagaima-al-son-de-un-tiple-una-guitarra-y-un-buen-tambor-se-celebrara-el-dia-del-tolima\/regional\/#primaryimage"},"thumbnailUrl":"https:\/\/i0.wp.com\/ciudadyregion.com.co\/wp-content\/uploads\/2024\/02\/2-natagaima.jpg?fit=800%2C445&ssl=1","datePublished":"2024-02-21T13:22:51+00:00","dateModified":"2024-02-21T13:22:51+00:00","author":{"@id":"https:\/\/ciudadyregion.com.co\/#\/schema\/person\/04a4954373ebc4051f46e8c65ff78622"},"breadcrumb":{"@id":"https:\/\/ciudadyregion.com.co\/index.php\/en-natagaima-al-son-de-un-tiple-una-guitarra-y-un-buen-tambor-se-celebrara-el-dia-del-tolima\/regional\/#breadcrumb"},"inLanguage":"es","potentialAction":[{"@type":"ReadAction","target":["https:\/\/ciudadyregion.com.co\/index.php\/en-natagaima-al-son-de-un-tiple-una-guitarra-y-un-buen-tambor-se-celebrara-el-dia-del-tolima\/regional\/"]}]},{"@type":"ImageObject","inLanguage":"es","@id":"https:\/\/ciudadyregion.com.co\/index.php\/en-natagaima-al-son-de-un-tiple-una-guitarra-y-un-buen-tambor-se-celebrara-el-dia-del-tolima\/regional\/#primaryimage","url":"https:\/\/i0.wp.com\/ciudadyregion.com.co\/wp-content\/uploads\/2024\/02\/2-natagaima.jpg?fit=800%2C445&ssl=1","contentUrl":"https:\/\/i0.wp.com\/ciudadyregion.com.co\/wp-content\/uploads\/2024\/02\/2-natagaima.jpg?fit=800%2C445&ssl=1","width":800,"height":445},{"@type":"BreadcrumbList","@id":"https:\/\/ciudadyregion.com.co\/index.php\/en-natagaima-al-son-de-un-tiple-una-guitarra-y-un-buen-tambor-se-celebrara-el-dia-del-tolima\/regional\/#breadcrumb","itemListElement":[{"@type":"ListItem","position":1,"name":"Portada","item":"https:\/\/ciudadyregion.com.co\/"},{"@type":"ListItem","position":2,"name":"En Natagaima, al son de un tiple, una guitarra y un buen tambor, se celebrar\u00e1 el D\u00eda del Tolima"}]},{"@type":"WebSite","@id":"https:\/\/ciudadyregion.com.co\/#website","url":"https:\/\/ciudadyregion.com.co\/","name":"Ciudad y Region","description":"","potentialAction":[{"@type":"SearchAction","target":{"@type":"EntryPoint","urlTemplate":"https:\/\/ciudadyregion.com.co\/?s={search_term_string}"},"query-input":{"@type":"PropertyValueSpecification","valueRequired":true,"valueName":"search_term_string"}}],"inLanguage":"es"},{"@type":"Person","@id":"https:\/\/ciudadyregion.com.co\/#\/schema\/person\/04a4954373ebc4051f46e8c65ff78622","name":"David Andr\u00e9s Aguirre","image":{"@type":"ImageObject","inLanguage":"es","@id":"https:\/\/ciudadyregion.com.co\/#\/schema\/person\/image\/","url":"https:\/\/secure.gravatar.com\/avatar\/bc3c655860202182ee6d1b5edd042dbe?s=96&d=mm&r=g","contentUrl":"https:\/\/secure.gravatar.com\/avatar\/bc3c655860202182ee6d1b5edd042dbe?s=96&d=mm&r=g","caption":"David Andr\u00e9s Aguirre"},"url":"https:\/\/ciudadyregion.com.co\/index.php\/author\/diegoaguirre\/"}]}},"jetpack_featured_media_url":"https:\/\/i0.wp.com\/ciudadyregion.com.co\/wp-content\/uploads\/2024\/02\/2-natagaima.jpg?fit=800%2C445&ssl=1","jetpack_sharing_enabled":true,"jetpack_shortlink":"https:\/\/wp.me\/pbS7hh-256","jetpack-related-posts":[],"_links":{"self":[{"href":"https:\/\/ciudadyregion.com.co\/index.php\/wp-json\/wp\/v2\/posts\/8004"}],"collection":[{"href":"https:\/\/ciudadyregion.com.co\/index.php\/wp-json\/wp\/v2\/posts"}],"about":[{"href":"https:\/\/ciudadyregion.com.co\/index.php\/wp-json\/wp\/v2\/types\/post"}],"author":[{"embeddable":true,"href":"https:\/\/ciudadyregion.com.co\/index.php\/wp-json\/wp\/v2\/users\/2"}],"replies":[{"embeddable":true,"href":"https:\/\/ciudadyregion.com.co\/index.php\/wp-json\/wp\/v2\/comments?post=8004"}],"version-history":[{"count":1,"href":"https:\/\/ciudadyregion.com.co\/index.php\/wp-json\/wp\/v2\/posts\/8004\/revisions"}],"predecessor-version":[{"id":8006,"href":"https:\/\/ciudadyregion.com.co\/index.php\/wp-json\/wp\/v2\/posts\/8004\/revisions\/8006"}],"wp:featuredmedia":[{"embeddable":true,"href":"https:\/\/ciudadyregion.com.co\/index.php\/wp-json\/wp\/v2\/media\/8005"}],"wp:attachment":[{"href":"https:\/\/ciudadyregion.com.co\/index.php\/wp-json\/wp\/v2\/media?parent=8004"}],"wp:term":[{"taxonomy":"category","embeddable":true,"href":"https:\/\/ciudadyregion.com.co\/index.php\/wp-json\/wp\/v2\/categories?post=8004"},{"taxonomy":"post_tag","embeddable":true,"href":"https:\/\/ciudadyregion.com.co\/index.php\/wp-json\/wp\/v2\/tags?post=8004"}],"curies":[{"name":"wp","href":"https:\/\/api.w.org\/{rel}","templated":true}]}}