{"id":7583,"date":"2024-02-14T04:41:42","date_gmt":"2024-02-14T09:41:42","guid":{"rendered":"https:\/\/ciudadyregion.com.co\/?p=7583"},"modified":"2024-02-13T12:07:40","modified_gmt":"2024-02-13T17:07:40","slug":"no-hay-que-bajar-los-brazos-pese-al-regreso-de-las-altas-temperaturas-ya-van-9-dias-sin-incendios-forestales-en-ibague","status":"publish","type":"post","link":"https:\/\/ciudadyregion.com.co\/index.php\/no-hay-que-bajar-los-brazos-pese-al-regreso-de-las-altas-temperaturas-ya-van-9-dias-sin-incendios-forestales-en-ibague\/ibague\/","title":{"rendered":"No hay que bajar los brazos: Pese al regreso de las altas temperaturas, ya van 9 d\u00edas sin incendios forestales en Ibagu\u00e9"},"content":{"rendered":"<div><span style=\"font-family: Arial;\">Aunque la capital del Tolima sigue en alerta naranja por el fen\u00f3meno del Ni\u00f1o, hasta el 4 de febrero se registraron incendios forestales, seg\u00fan lo confirm\u00f3 Jessica Salcedo, secretaria de Ambiente y Gesti\u00f3n del Riesgo.\u00a0<\/span><\/div>\n<div><span style=\"font-family: Arial;\">\u00a0<\/span><\/div>\n<div><span style=\"font-family: Arial;\">De igual manera, la funcionaria mencion\u00f3 que la ciudad lleva ocho d\u00edas sin este tipo de emergencias, a cuenta de la variaci\u00f3n clim\u00e1tica de la temporada seca que atraviesa todo el pa\u00eds.\u00a0<\/span><\/div>\n<div><span style=\"font-family: Arial;\">\u00a0<\/span><\/div>\n<blockquote>\n<div><span style=\"font-family: Arial;\">\u00abLas lluvias que est\u00e1 generando el fen\u00f3meno del Ni\u00f1o han apaciguado los incendios forestales, pero mantenemos la alerta donde se pueden presentar algunas quemas que atendemos con nuestro personal de Bomberos, como ocurri\u00f3 este domingo en Altos de Las Nieves controladas por pobladores y personal de Parques Nacionales\u00bb, explic\u00f3 Salcedo.\u00a0<\/span><\/div>\n<\/blockquote>\n<div><span style=\"font-family: Arial;\">\u00a0<\/span><\/div>\n<div><span style=\"font-family: Arial;\">Asimismo, la Secretaria se\u00f1al\u00f3 que es importante mantener en cuenta varias recomendaciones:\u00a0<\/span><\/div>\n<div><span style=\"font-family: Arial;\">\u00a0<\/span><\/div>\n<ul>\n<li><span style=\"font-family: Arial;\">Cuando se tenga sol debe aplicarse bloqueador y usar sombrilla.<\/span><\/li>\n<li><span style=\"font-family: Arial;\">Cuando llueva abrigarse, no arroje basura al piso para evitar inundaciones por insuficiencia de colectores por acumulaci\u00f3n de inservibles.<\/span><\/li>\n<\/ul>\n","protected":false},"excerpt":{"rendered":"<p>Aunque la capital del Tolima sigue en alerta naranja por el fen\u00f3meno del Ni\u00f1o, hasta el 4 de febrero se registraron incendios forestales, seg\u00fan lo confirm\u00f3 Jessica Salcedo, secretaria de Ambiente y Gesti\u00f3n del Riesgo.\u00a0 \u00a0 De igual manera, la funcionaria mencion\u00f3 que la ciudad lleva ocho d\u00edas sin este<span class=\"more-link\"><a href=\"https:\/\/ciudadyregion.com.co\/index.php\/no-hay-que-bajar-los-brazos-pese-al-regreso-de-las-altas-temperaturas-ya-van-9-dias-sin-incendios-forestales-en-ibague\/ibague\/\">Continuar Leyendo<\/a><\/span><\/p>\n","protected":false},"author":2,"featured_media":7586,"comment_status":"open","ping_status":"open","sticky":false,"template":"","format":"standard","meta":{"_uf_show_specific_survey":0,"_uf_disable_surveys":false,"_jetpack_memberships_contains_paid_content":false,"footnotes":"","jetpack_publicize_message":"","jetpack_publicize_feature_enabled":true,"jetpack_social_post_already_shared":true,"jetpack_social_options":{"image_generator_settings":{"template":"highway","enabled":false},"version":2}},"categories":[14],"tags":[],"class_list":["entry","author-diegoaguirre","post-7583","post","type-post","status-publish","format-standard","has-post-thumbnail","category-ibague"],"jetpack_publicize_connections":[],"yoast_head":"<!-- This site is optimized with the Yoast SEO plugin v24.3 - https:\/\/yoast.com\/wordpress\/plugins\/seo\/ -->\n<title>No hay que bajar los brazos: Pese al regreso de las altas temperaturas, ya van 9 d\u00edas sin incendios forestales en Ibagu\u00e9 - Ciudad y Region<\/title>\n<meta name=\"robots\" content=\"index, follow, max-snippet:-1, max-image-preview:large, max-video-preview:-1\" \/>\n<link rel=\"canonical\" href=\"https:\/\/ciudadyregion.com.co\/index.php\/no-hay-que-bajar-los-brazos-pese-al-regreso-de-las-altas-temperaturas-ya-van-9-dias-sin-incendios-forestales-en-ibague\/ibague\/\" \/>\n<meta property=\"og:locale\" content=\"es_ES\" \/>\n<meta property=\"og:type\" content=\"article\" \/>\n<meta property=\"og:title\" content=\"No hay que bajar los brazos: Pese al regreso de las altas temperaturas, ya van 9 d\u00edas sin incendios forestales en Ibagu\u00e9 - Ciudad y Region\" \/>\n<meta property=\"og:description\" content=\"Aunque la capital del Tolima sigue en alerta naranja por el fen\u00f3meno del Ni\u00f1o, hasta el 4 de febrero se registraron incendios forestales, seg\u00fan lo confirm\u00f3 Jessica Salcedo, secretaria de Ambiente y Gesti\u00f3n del Riesgo.\u00a0 \u00a0 De igual manera, la funcionaria mencion\u00f3 que la ciudad lleva ocho d\u00edas sin esteContinuar Leyendo\" \/>\n<meta property=\"og:url\" content=\"https:\/\/ciudadyregion.com.co\/index.php\/no-hay-que-bajar-los-brazos-pese-al-regreso-de-las-altas-temperaturas-ya-van-9-dias-sin-incendios-forestales-en-ibague\/ibague\/\" \/>\n<meta property=\"og:site_name\" content=\"Ciudad y Region\" \/>\n<meta property=\"article:published_time\" content=\"2024-02-14T09:41:42+00:00\" \/>\n<meta property=\"article:modified_time\" content=\"2024-02-13T17:07:40+00:00\" \/>\n<meta property=\"og:image\" content=\"https:\/\/i0.wp.com\/ciudadyregion.com.co\/wp-content\/uploads\/2024\/02\/bomberos-incendios-forestales.jpg?fit=800%2C445&ssl=1\" \/>\n\t<meta property=\"og:image:width\" content=\"800\" \/>\n\t<meta property=\"og:image:height\" content=\"445\" \/>\n\t<meta property=\"og:image:type\" content=\"image\/jpeg\" \/>\n<meta name=\"author\" content=\"David Andr\u00e9s Aguirre\" \/>\n<meta name=\"twitter:card\" content=\"summary_large_image\" \/>\n<meta name=\"twitter:label1\" content=\"Escrito por\" \/>\n\t<meta name=\"twitter:data1\" content=\"David Andr\u00e9s Aguirre\" \/>\n\t<meta name=\"twitter:label2\" content=\"Tiempo de lectura\" \/>\n\t<meta name=\"twitter:data2\" content=\"1 minuto\" \/>\n<script type=\"application\/ld+json\" class=\"yoast-schema-graph\">{\"@context\":\"https:\/\/schema.org\",\"@graph\":[{\"@type\":\"WebPage\",\"@id\":\"https:\/\/ciudadyregion.com.co\/index.php\/no-hay-que-bajar-los-brazos-pese-al-regreso-de-las-altas-temperaturas-ya-van-9-dias-sin-incendios-forestales-en-ibague\/ibague\/\",\"url\":\"https:\/\/ciudadyregion.com.co\/index.php\/no-hay-que-bajar-los-brazos-pese-al-regreso-de-las-altas-temperaturas-ya-van-9-dias-sin-incendios-forestales-en-ibague\/ibague\/\",\"name\":\"No hay que bajar los brazos: Pese al regreso de las altas temperaturas, ya van 9 d\u00edas sin incendios forestales en Ibagu\u00e9 - Ciudad y Region\",\"isPartOf\":{\"@id\":\"https:\/\/ciudadyregion.com.co\/#website\"},\"primaryImageOfPage\":{\"@id\":\"https:\/\/ciudadyregion.com.co\/index.php\/no-hay-que-bajar-los-brazos-pese-al-regreso-de-las-altas-temperaturas-ya-van-9-dias-sin-incendios-forestales-en-ibague\/ibague\/#primaryimage\"},\"image\":{\"@id\":\"https:\/\/ciudadyregion.com.co\/index.php\/no-hay-que-bajar-los-brazos-pese-al-regreso-de-las-altas-temperaturas-ya-van-9-dias-sin-incendios-forestales-en-ibague\/ibague\/#primaryimage\"},\"thumbnailUrl\":\"https:\/\/i0.wp.com\/ciudadyregion.com.co\/wp-content\/uploads\/2024\/02\/bomberos-incendios-forestales.jpg?fit=800%2C445&ssl=1\",\"datePublished\":\"2024-02-14T09:41:42+00:00\",\"dateModified\":\"2024-02-13T17:07:40+00:00\",\"author\":{\"@id\":\"https:\/\/ciudadyregion.com.co\/#\/schema\/person\/04a4954373ebc4051f46e8c65ff78622\"},\"breadcrumb\":{\"@id\":\"https:\/\/ciudadyregion.com.co\/index.php\/no-hay-que-bajar-los-brazos-pese-al-regreso-de-las-altas-temperaturas-ya-van-9-dias-sin-incendios-forestales-en-ibague\/ibague\/#breadcrumb\"},\"inLanguage\":\"es\",\"potentialAction\":[{\"@type\":\"ReadAction\",\"target\":[\"https:\/\/ciudadyregion.com.co\/index.php\/no-hay-que-bajar-los-brazos-pese-al-regreso-de-las-altas-temperaturas-ya-van-9-dias-sin-incendios-forestales-en-ibague\/ibague\/\"]}]},{\"@type\":\"ImageObject\",\"inLanguage\":\"es\",\"@id\":\"https:\/\/ciudadyregion.com.co\/index.php\/no-hay-que-bajar-los-brazos-pese-al-regreso-de-las-altas-temperaturas-ya-van-9-dias-sin-incendios-forestales-en-ibague\/ibague\/#primaryimage\",\"url\":\"https:\/\/i0.wp.com\/ciudadyregion.com.co\/wp-content\/uploads\/2024\/02\/bomberos-incendios-forestales.jpg?fit=800%2C445&ssl=1\",\"contentUrl\":\"https:\/\/i0.wp.com\/ciudadyregion.com.co\/wp-content\/uploads\/2024\/02\/bomberos-incendios-forestales.jpg?fit=800%2C445&ssl=1\",\"width\":800,\"height\":445},{\"@type\":\"BreadcrumbList\",\"@id\":\"https:\/\/ciudadyregion.com.co\/index.php\/no-hay-que-bajar-los-brazos-pese-al-regreso-de-las-altas-temperaturas-ya-van-9-dias-sin-incendios-forestales-en-ibague\/ibague\/#breadcrumb\",\"itemListElement\":[{\"@type\":\"ListItem\",\"position\":1,\"name\":\"Portada\",\"item\":\"https:\/\/ciudadyregion.com.co\/\"},{\"@type\":\"ListItem\",\"position\":2,\"name\":\"No hay que bajar los brazos: Pese al regreso de las altas temperaturas, ya van 9 d\u00edas sin incendios forestales en Ibagu\u00e9\"}]},{\"@type\":\"WebSite\",\"@id\":\"https:\/\/ciudadyregion.com.co\/#website\",\"url\":\"https:\/\/ciudadyregion.com.co\/\",\"name\":\"Ciudad y Region\",\"description\":\"\",\"potentialAction\":[{\"@type\":\"SearchAction\",\"target\":{\"@type\":\"EntryPoint\",\"urlTemplate\":\"https:\/\/ciudadyregion.com.co\/?s={search_term_string}\"},\"query-input\":{\"@type\":\"PropertyValueSpecification\",\"valueRequired\":true,\"valueName\":\"search_term_string\"}}],\"inLanguage\":\"es\"},{\"@type\":\"Person\",\"@id\":\"https:\/\/ciudadyregion.com.co\/#\/schema\/person\/04a4954373ebc4051f46e8c65ff78622\",\"name\":\"David Andr\u00e9s Aguirre\",\"image\":{\"@type\":\"ImageObject\",\"inLanguage\":\"es\",\"@id\":\"https:\/\/ciudadyregion.com.co\/#\/schema\/person\/image\/\",\"url\":\"https:\/\/secure.gravatar.com\/avatar\/bc3c655860202182ee6d1b5edd042dbe?s=96&d=mm&r=g\",\"contentUrl\":\"https:\/\/secure.gravatar.com\/avatar\/bc3c655860202182ee6d1b5edd042dbe?s=96&d=mm&r=g\",\"caption\":\"David Andr\u00e9s Aguirre\"},\"url\":\"https:\/\/ciudadyregion.com.co\/index.php\/author\/diegoaguirre\/\"}]}<\/script>\n<!-- \/ Yoast SEO plugin. -->","yoast_head_json":{"title":"No hay que bajar los brazos: Pese al regreso de las altas temperaturas, ya van 9 d\u00edas sin incendios forestales en Ibagu\u00e9 - Ciudad y Region","robots":{"index":"index","follow":"follow","max-snippet":"max-snippet:-1","max-image-preview":"max-image-preview:large","max-video-preview":"max-video-preview:-1"},"canonical":"https:\/\/ciudadyregion.com.co\/index.php\/no-hay-que-bajar-los-brazos-pese-al-regreso-de-las-altas-temperaturas-ya-van-9-dias-sin-incendios-forestales-en-ibague\/ibague\/","og_locale":"es_ES","og_type":"article","og_title":"No hay que bajar los brazos: Pese al regreso de las altas temperaturas, ya van 9 d\u00edas sin incendios forestales en Ibagu\u00e9 - Ciudad y Region","og_description":"Aunque la capital del Tolima sigue en alerta naranja por el fen\u00f3meno del Ni\u00f1o, hasta el 4 de febrero se registraron incendios forestales, seg\u00fan lo confirm\u00f3 Jessica Salcedo, secretaria de Ambiente y Gesti\u00f3n del Riesgo.\u00a0 \u00a0 De igual manera, la funcionaria mencion\u00f3 que la ciudad lleva ocho d\u00edas sin esteContinuar Leyendo","og_url":"https:\/\/ciudadyregion.com.co\/index.php\/no-hay-que-bajar-los-brazos-pese-al-regreso-de-las-altas-temperaturas-ya-van-9-dias-sin-incendios-forestales-en-ibague\/ibague\/","og_site_name":"Ciudad y Region","article_published_time":"2024-02-14T09:41:42+00:00","article_modified_time":"2024-02-13T17:07:40+00:00","og_image":[{"width":800,"height":445,"url":"https:\/\/i0.wp.com\/ciudadyregion.com.co\/wp-content\/uploads\/2024\/02\/bomberos-incendios-forestales.jpg?fit=800%2C445&ssl=1","type":"image\/jpeg"}],"author":"David Andr\u00e9s Aguirre","twitter_card":"summary_large_image","twitter_misc":{"Escrito por":"David Andr\u00e9s Aguirre","Tiempo de lectura":"1 minuto"},"schema":{"@context":"https:\/\/schema.org","@graph":[{"@type":"WebPage","@id":"https:\/\/ciudadyregion.com.co\/index.php\/no-hay-que-bajar-los-brazos-pese-al-regreso-de-las-altas-temperaturas-ya-van-9-dias-sin-incendios-forestales-en-ibague\/ibague\/","url":"https:\/\/ciudadyregion.com.co\/index.php\/no-hay-que-bajar-los-brazos-pese-al-regreso-de-las-altas-temperaturas-ya-van-9-dias-sin-incendios-forestales-en-ibague\/ibague\/","name":"No hay que bajar los brazos: Pese al regreso de las altas temperaturas, ya van 9 d\u00edas sin incendios forestales en Ibagu\u00e9 - Ciudad y Region","isPartOf":{"@id":"https:\/\/ciudadyregion.com.co\/#website"},"primaryImageOfPage":{"@id":"https:\/\/ciudadyregion.com.co\/index.php\/no-hay-que-bajar-los-brazos-pese-al-regreso-de-las-altas-temperaturas-ya-van-9-dias-sin-incendios-forestales-en-ibague\/ibague\/#primaryimage"},"image":{"@id":"https:\/\/ciudadyregion.com.co\/index.php\/no-hay-que-bajar-los-brazos-pese-al-regreso-de-las-altas-temperaturas-ya-van-9-dias-sin-incendios-forestales-en-ibague\/ibague\/#primaryimage"},"thumbnailUrl":"https:\/\/i0.wp.com\/ciudadyregion.com.co\/wp-content\/uploads\/2024\/02\/bomberos-incendios-forestales.jpg?fit=800%2C445&ssl=1","datePublished":"2024-02-14T09:41:42+00:00","dateModified":"2024-02-13T17:07:40+00:00","author":{"@id":"https:\/\/ciudadyregion.com.co\/#\/schema\/person\/04a4954373ebc4051f46e8c65ff78622"},"breadcrumb":{"@id":"https:\/\/ciudadyregion.com.co\/index.php\/no-hay-que-bajar-los-brazos-pese-al-regreso-de-las-altas-temperaturas-ya-van-9-dias-sin-incendios-forestales-en-ibague\/ibague\/#breadcrumb"},"inLanguage":"es","potentialAction":[{"@type":"ReadAction","target":["https:\/\/ciudadyregion.com.co\/index.php\/no-hay-que-bajar-los-brazos-pese-al-regreso-de-las-altas-temperaturas-ya-van-9-dias-sin-incendios-forestales-en-ibague\/ibague\/"]}]},{"@type":"ImageObject","inLanguage":"es","@id":"https:\/\/ciudadyregion.com.co\/index.php\/no-hay-que-bajar-los-brazos-pese-al-regreso-de-las-altas-temperaturas-ya-van-9-dias-sin-incendios-forestales-en-ibague\/ibague\/#primaryimage","url":"https:\/\/i0.wp.com\/ciudadyregion.com.co\/wp-content\/uploads\/2024\/02\/bomberos-incendios-forestales.jpg?fit=800%2C445&ssl=1","contentUrl":"https:\/\/i0.wp.com\/ciudadyregion.com.co\/wp-content\/uploads\/2024\/02\/bomberos-incendios-forestales.jpg?fit=800%2C445&ssl=1","width":800,"height":445},{"@type":"BreadcrumbList","@id":"https:\/\/ciudadyregion.com.co\/index.php\/no-hay-que-bajar-los-brazos-pese-al-regreso-de-las-altas-temperaturas-ya-van-9-dias-sin-incendios-forestales-en-ibague\/ibague\/#breadcrumb","itemListElement":[{"@type":"ListItem","position":1,"name":"Portada","item":"https:\/\/ciudadyregion.com.co\/"},{"@type":"ListItem","position":2,"name":"No hay que bajar los brazos: Pese al regreso de las altas temperaturas, ya van 9 d\u00edas sin incendios forestales en Ibagu\u00e9"}]},{"@type":"WebSite","@id":"https:\/\/ciudadyregion.com.co\/#website","url":"https:\/\/ciudadyregion.com.co\/","name":"Ciudad y Region","description":"","potentialAction":[{"@type":"SearchAction","target":{"@type":"EntryPoint","urlTemplate":"https:\/\/ciudadyregion.com.co\/?s={search_term_string}"},"query-input":{"@type":"PropertyValueSpecification","valueRequired":true,"valueName":"search_term_string"}}],"inLanguage":"es"},{"@type":"Person","@id":"https:\/\/ciudadyregion.com.co\/#\/schema\/person\/04a4954373ebc4051f46e8c65ff78622","name":"David Andr\u00e9s Aguirre","image":{"@type":"ImageObject","inLanguage":"es","@id":"https:\/\/ciudadyregion.com.co\/#\/schema\/person\/image\/","url":"https:\/\/secure.gravatar.com\/avatar\/bc3c655860202182ee6d1b5edd042dbe?s=96&d=mm&r=g","contentUrl":"https:\/\/secure.gravatar.com\/avatar\/bc3c655860202182ee6d1b5edd042dbe?s=96&d=mm&r=g","caption":"David Andr\u00e9s Aguirre"},"url":"https:\/\/ciudadyregion.com.co\/index.php\/author\/diegoaguirre\/"}]}},"jetpack_featured_media_url":"https:\/\/i0.wp.com\/ciudadyregion.com.co\/wp-content\/uploads\/2024\/02\/bomberos-incendios-forestales.jpg?fit=800%2C445&ssl=1","jetpack_sharing_enabled":true,"jetpack_shortlink":"https:\/\/wp.me\/pbS7hh-1Yj","jetpack-related-posts":[],"_links":{"self":[{"href":"https:\/\/ciudadyregion.com.co\/index.php\/wp-json\/wp\/v2\/posts\/7583"}],"collection":[{"href":"https:\/\/ciudadyregion.com.co\/index.php\/wp-json\/wp\/v2\/posts"}],"about":[{"href":"https:\/\/ciudadyregion.com.co\/index.php\/wp-json\/wp\/v2\/types\/post"}],"author":[{"embeddable":true,"href":"https:\/\/ciudadyregion.com.co\/index.php\/wp-json\/wp\/v2\/users\/2"}],"replies":[{"embeddable":true,"href":"https:\/\/ciudadyregion.com.co\/index.php\/wp-json\/wp\/v2\/comments?post=7583"}],"version-history":[{"count":1,"href":"https:\/\/ciudadyregion.com.co\/index.php\/wp-json\/wp\/v2\/posts\/7583\/revisions"}],"predecessor-version":[{"id":7589,"href":"https:\/\/ciudadyregion.com.co\/index.php\/wp-json\/wp\/v2\/posts\/7583\/revisions\/7589"}],"wp:featuredmedia":[{"embeddable":true,"href":"https:\/\/ciudadyregion.com.co\/index.php\/wp-json\/wp\/v2\/media\/7586"}],"wp:attachment":[{"href":"https:\/\/ciudadyregion.com.co\/index.php\/wp-json\/wp\/v2\/media?parent=7583"}],"wp:term":[{"taxonomy":"category","embeddable":true,"href":"https:\/\/ciudadyregion.com.co\/index.php\/wp-json\/wp\/v2\/categories?post=7583"},{"taxonomy":"post_tag","embeddable":true,"href":"https:\/\/ciudadyregion.com.co\/index.php\/wp-json\/wp\/v2\/tags?post=7583"}],"curies":[{"name":"wp","href":"https:\/\/api.w.org\/{rel}","templated":true}]}}