{"id":7580,"date":"2024-02-13T10:18:20","date_gmt":"2024-02-13T15:18:20","guid":{"rendered":"https:\/\/ciudadyregion.com.co\/?p=7580"},"modified":"2024-02-13T10:18:20","modified_gmt":"2024-02-13T15:18:20","slug":"a-la-carcel-el-sujeto-que-estaria-implicado-en-el-hurto-a-personas-y-motocicletas-sobre-la-via-nacional-del-espinal","status":"publish","type":"post","link":"https:\/\/ciudadyregion.com.co\/index.php\/a-la-carcel-el-sujeto-que-estaria-implicado-en-el-hurto-a-personas-y-motocicletas-sobre-la-via-nacional-del-espinal\/judicial\/","title":{"rendered":"A la c\u00e1rcel el sujeto que estar\u00eda implicado en el hurto a personas y motocicletas sobre la v\u00eda Nacional del Espinal"},"content":{"rendered":"<ul>\n<li><em>Este nuevo resultado se logr\u00f3 en el barrio Nacional de el Espinal.<\/em><\/li>\n<li><em>El hoy capturado, contaba con anotaciones judiciales por los delitos de hurto y violencia intrafamiliar.<\/em><\/li>\n<\/ul>\n<p>En desarrollo a la ofensiva contra el hurto en todas sus modalidades, la Polic\u00eda Tolima en cabeza del se\u00f1or coronel Libardo Fabio Ojeda Eraso, en las \u00faltimas horas con su personal de la Unidad B\u00e1sica de Investigaci\u00f3n criminal Sijin de la estaci\u00f3n de Polic\u00eda, lograron la captura de un sujeto requerido por autoridades del municipio de El Espinal.<\/p>\n<p>El hecho se present\u00f3 siendo las 06:42 de la tarde, hora donde los uniformados de la Sijin con inteligencia y acompa\u00f1ados de los cuadrantes, llegaron hasta v\u00eda p\u00fablica del barrio Nacional de la poblaci\u00f3n en menci\u00f3n, lugar donde lograron la materializaci\u00f3n y captura de un sujeto de 28 a\u00f1os conocido como \u2018Mueco\u2019, a quien le figuraba una orden de captura vigente, emanada por el juzgado segundo penal municipal con funci\u00f3n de conocimiento de Espinal, por el delito de hurto calificado.<\/p>\n<p>El capturado fue dejado a disposici\u00f3n de la autoridad competente, por el delito antes en menci\u00f3n, el cual despu\u00e9s de audiencia virtual fue cobijado con medida de aseguramiento intramural con el fin de cumplir condena.<\/p>\n<p>Es de anotar que esta persona al parecer estar\u00eda implicada en hurto a personas y motocicletas sobre la v\u00eda nacional.<\/p>\n<p>El otro caso es un sujeto de 28 a\u00f1os, dedicado al hurto. Esta persona est\u00e1 afectando a la comunidad, a los estudiantes que salen de las universidades en horas de la noche y van al Guamo a las veredas y le robaba la moto, gobernadora. Lo capturamos y alias &#8216;El Mueco&#8217; ya est\u00e1 a buen recado de las autoridades.\u201d Agrego el coronel Libardo Fabio Ojeda Eraso comandante de departamento de Polic\u00eda Tolima.<\/p>\n","protected":false},"excerpt":{"rendered":"<p>Este nuevo resultado se logr\u00f3 en el barrio Nacional de el Espinal. El hoy capturado, contaba con anotaciones judiciales por los delitos de hurto y violencia intrafamiliar. En desarrollo a la ofensiva contra el hurto en todas sus modalidades, la Polic\u00eda Tolima en cabeza del se\u00f1or coronel Libardo Fabio Ojeda<span class=\"more-link\"><a href=\"https:\/\/ciudadyregion.com.co\/index.php\/a-la-carcel-el-sujeto-que-estaria-implicado-en-el-hurto-a-personas-y-motocicletas-sobre-la-via-nacional-del-espinal\/judicial\/\">Continuar Leyendo<\/a><\/span><\/p>\n","protected":false},"author":2,"featured_media":7581,"comment_status":"open","ping_status":"open","sticky":false,"template":"","format":"standard","meta":{"_uf_show_specific_survey":0,"_uf_disable_surveys":false,"_jetpack_memberships_contains_paid_content":false,"footnotes":"","jetpack_publicize_message":"","jetpack_publicize_feature_enabled":true,"jetpack_social_post_already_shared":true,"jetpack_social_options":{"image_generator_settings":{"template":"highway","enabled":false},"version":2}},"categories":[18],"tags":[],"class_list":["entry","author-diegoaguirre","post-7580","post","type-post","status-publish","format-standard","has-post-thumbnail","category-judicial"],"jetpack_publicize_connections":[],"yoast_head":"<!-- This site is optimized with the Yoast SEO plugin v24.3 - https:\/\/yoast.com\/wordpress\/plugins\/seo\/ -->\n<title>A la c\u00e1rcel el sujeto que estar\u00eda implicado en el hurto a personas y motocicletas sobre la v\u00eda Nacional del Espinal - Ciudad y Region<\/title>\n<meta name=\"robots\" content=\"index, follow, max-snippet:-1, max-image-preview:large, max-video-preview:-1\" \/>\n<link rel=\"canonical\" href=\"https:\/\/ciudadyregion.com.co\/index.php\/a-la-carcel-el-sujeto-que-estaria-implicado-en-el-hurto-a-personas-y-motocicletas-sobre-la-via-nacional-del-espinal\/judicial\/\" \/>\n<meta property=\"og:locale\" content=\"es_ES\" \/>\n<meta property=\"og:type\" content=\"article\" \/>\n<meta property=\"og:title\" content=\"A la c\u00e1rcel el sujeto que estar\u00eda implicado en el hurto a personas y motocicletas sobre la v\u00eda Nacional del Espinal - Ciudad y Region\" \/>\n<meta property=\"og:description\" content=\"Este nuevo resultado se logr\u00f3 en el barrio Nacional de el Espinal. El hoy capturado, contaba con anotaciones judiciales por los delitos de hurto y violencia intrafamiliar. En desarrollo a la ofensiva contra el hurto en todas sus modalidades, la Polic\u00eda Tolima en cabeza del se\u00f1or coronel Libardo Fabio OjedaContinuar Leyendo\" \/>\n<meta property=\"og:url\" content=\"https:\/\/ciudadyregion.com.co\/index.php\/a-la-carcel-el-sujeto-que-estaria-implicado-en-el-hurto-a-personas-y-motocicletas-sobre-la-via-nacional-del-espinal\/judicial\/\" \/>\n<meta property=\"og:site_name\" content=\"Ciudad y Region\" \/>\n<meta property=\"article:published_time\" content=\"2024-02-13T15:18:20+00:00\" \/>\n<meta property=\"og:image\" content=\"https:\/\/ciudadyregion.com.co\/wp-content\/uploads\/2024\/02\/7-12.jpg\" \/>\n\t<meta property=\"og:image:width\" content=\"800\" \/>\n\t<meta property=\"og:image:height\" content=\"445\" \/>\n\t<meta property=\"og:image:type\" content=\"image\/jpeg\" \/>\n<meta name=\"author\" content=\"David Andr\u00e9s Aguirre\" \/>\n<meta name=\"twitter:card\" content=\"summary_large_image\" \/>\n<meta name=\"twitter:label1\" content=\"Escrito por\" \/>\n\t<meta name=\"twitter:data1\" content=\"David Andr\u00e9s Aguirre\" \/>\n\t<meta name=\"twitter:label2\" content=\"Tiempo de lectura\" \/>\n\t<meta name=\"twitter:data2\" content=\"2 minutos\" \/>\n<script type=\"application\/ld+json\" class=\"yoast-schema-graph\">{\"@context\":\"https:\/\/schema.org\",\"@graph\":[{\"@type\":\"WebPage\",\"@id\":\"https:\/\/ciudadyregion.com.co\/index.php\/a-la-carcel-el-sujeto-que-estaria-implicado-en-el-hurto-a-personas-y-motocicletas-sobre-la-via-nacional-del-espinal\/judicial\/\",\"url\":\"https:\/\/ciudadyregion.com.co\/index.php\/a-la-carcel-el-sujeto-que-estaria-implicado-en-el-hurto-a-personas-y-motocicletas-sobre-la-via-nacional-del-espinal\/judicial\/\",\"name\":\"A la c\u00e1rcel el sujeto que estar\u00eda implicado en el hurto a personas y motocicletas sobre la v\u00eda Nacional del Espinal - Ciudad y Region\",\"isPartOf\":{\"@id\":\"https:\/\/ciudadyregion.com.co\/#website\"},\"primaryImageOfPage\":{\"@id\":\"https:\/\/ciudadyregion.com.co\/index.php\/a-la-carcel-el-sujeto-que-estaria-implicado-en-el-hurto-a-personas-y-motocicletas-sobre-la-via-nacional-del-espinal\/judicial\/#primaryimage\"},\"image\":{\"@id\":\"https:\/\/ciudadyregion.com.co\/index.php\/a-la-carcel-el-sujeto-que-estaria-implicado-en-el-hurto-a-personas-y-motocicletas-sobre-la-via-nacional-del-espinal\/judicial\/#primaryimage\"},\"thumbnailUrl\":\"https:\/\/i0.wp.com\/ciudadyregion.com.co\/wp-content\/uploads\/2024\/02\/7-12.jpg?fit=800%2C445&ssl=1\",\"datePublished\":\"2024-02-13T15:18:20+00:00\",\"dateModified\":\"2024-02-13T15:18:20+00:00\",\"author\":{\"@id\":\"https:\/\/ciudadyregion.com.co\/#\/schema\/person\/04a4954373ebc4051f46e8c65ff78622\"},\"breadcrumb\":{\"@id\":\"https:\/\/ciudadyregion.com.co\/index.php\/a-la-carcel-el-sujeto-que-estaria-implicado-en-el-hurto-a-personas-y-motocicletas-sobre-la-via-nacional-del-espinal\/judicial\/#breadcrumb\"},\"inLanguage\":\"es\",\"potentialAction\":[{\"@type\":\"ReadAction\",\"target\":[\"https:\/\/ciudadyregion.com.co\/index.php\/a-la-carcel-el-sujeto-que-estaria-implicado-en-el-hurto-a-personas-y-motocicletas-sobre-la-via-nacional-del-espinal\/judicial\/\"]}]},{\"@type\":\"ImageObject\",\"inLanguage\":\"es\",\"@id\":\"https:\/\/ciudadyregion.com.co\/index.php\/a-la-carcel-el-sujeto-que-estaria-implicado-en-el-hurto-a-personas-y-motocicletas-sobre-la-via-nacional-del-espinal\/judicial\/#primaryimage\",\"url\":\"https:\/\/i0.wp.com\/ciudadyregion.com.co\/wp-content\/uploads\/2024\/02\/7-12.jpg?fit=800%2C445&ssl=1\",\"contentUrl\":\"https:\/\/i0.wp.com\/ciudadyregion.com.co\/wp-content\/uploads\/2024\/02\/7-12.jpg?fit=800%2C445&ssl=1\",\"width\":800,\"height\":445},{\"@type\":\"BreadcrumbList\",\"@id\":\"https:\/\/ciudadyregion.com.co\/index.php\/a-la-carcel-el-sujeto-que-estaria-implicado-en-el-hurto-a-personas-y-motocicletas-sobre-la-via-nacional-del-espinal\/judicial\/#breadcrumb\",\"itemListElement\":[{\"@type\":\"ListItem\",\"position\":1,\"name\":\"Portada\",\"item\":\"https:\/\/ciudadyregion.com.co\/\"},{\"@type\":\"ListItem\",\"position\":2,\"name\":\"A la c\u00e1rcel el sujeto que estar\u00eda implicado en el hurto a personas y motocicletas sobre la v\u00eda Nacional del Espinal\"}]},{\"@type\":\"WebSite\",\"@id\":\"https:\/\/ciudadyregion.com.co\/#website\",\"url\":\"https:\/\/ciudadyregion.com.co\/\",\"name\":\"Ciudad y Region\",\"description\":\"\",\"potentialAction\":[{\"@type\":\"SearchAction\",\"target\":{\"@type\":\"EntryPoint\",\"urlTemplate\":\"https:\/\/ciudadyregion.com.co\/?s={search_term_string}\"},\"query-input\":{\"@type\":\"PropertyValueSpecification\",\"valueRequired\":true,\"valueName\":\"search_term_string\"}}],\"inLanguage\":\"es\"},{\"@type\":\"Person\",\"@id\":\"https:\/\/ciudadyregion.com.co\/#\/schema\/person\/04a4954373ebc4051f46e8c65ff78622\",\"name\":\"David Andr\u00e9s Aguirre\",\"image\":{\"@type\":\"ImageObject\",\"inLanguage\":\"es\",\"@id\":\"https:\/\/ciudadyregion.com.co\/#\/schema\/person\/image\/\",\"url\":\"https:\/\/secure.gravatar.com\/avatar\/bc3c655860202182ee6d1b5edd042dbe?s=96&d=mm&r=g\",\"contentUrl\":\"https:\/\/secure.gravatar.com\/avatar\/bc3c655860202182ee6d1b5edd042dbe?s=96&d=mm&r=g\",\"caption\":\"David Andr\u00e9s Aguirre\"},\"url\":\"https:\/\/ciudadyregion.com.co\/index.php\/author\/diegoaguirre\/\"}]}<\/script>\n<!-- \/ Yoast SEO plugin. -->","yoast_head_json":{"title":"A la c\u00e1rcel el sujeto que estar\u00eda implicado en el hurto a personas y motocicletas sobre la v\u00eda Nacional del Espinal - Ciudad y Region","robots":{"index":"index","follow":"follow","max-snippet":"max-snippet:-1","max-image-preview":"max-image-preview:large","max-video-preview":"max-video-preview:-1"},"canonical":"https:\/\/ciudadyregion.com.co\/index.php\/a-la-carcel-el-sujeto-que-estaria-implicado-en-el-hurto-a-personas-y-motocicletas-sobre-la-via-nacional-del-espinal\/judicial\/","og_locale":"es_ES","og_type":"article","og_title":"A la c\u00e1rcel el sujeto que estar\u00eda implicado en el hurto a personas y motocicletas sobre la v\u00eda Nacional del Espinal - Ciudad y Region","og_description":"Este nuevo resultado se logr\u00f3 en el barrio Nacional de el Espinal. El hoy capturado, contaba con anotaciones judiciales por los delitos de hurto y violencia intrafamiliar. En desarrollo a la ofensiva contra el hurto en todas sus modalidades, la Polic\u00eda Tolima en cabeza del se\u00f1or coronel Libardo Fabio OjedaContinuar Leyendo","og_url":"https:\/\/ciudadyregion.com.co\/index.php\/a-la-carcel-el-sujeto-que-estaria-implicado-en-el-hurto-a-personas-y-motocicletas-sobre-la-via-nacional-del-espinal\/judicial\/","og_site_name":"Ciudad y Region","article_published_time":"2024-02-13T15:18:20+00:00","og_image":[{"width":800,"height":445,"url":"https:\/\/ciudadyregion.com.co\/wp-content\/uploads\/2024\/02\/7-12.jpg","type":"image\/jpeg"}],"author":"David Andr\u00e9s Aguirre","twitter_card":"summary_large_image","twitter_misc":{"Escrito por":"David Andr\u00e9s Aguirre","Tiempo de lectura":"2 minutos"},"schema":{"@context":"https:\/\/schema.org","@graph":[{"@type":"WebPage","@id":"https:\/\/ciudadyregion.com.co\/index.php\/a-la-carcel-el-sujeto-que-estaria-implicado-en-el-hurto-a-personas-y-motocicletas-sobre-la-via-nacional-del-espinal\/judicial\/","url":"https:\/\/ciudadyregion.com.co\/index.php\/a-la-carcel-el-sujeto-que-estaria-implicado-en-el-hurto-a-personas-y-motocicletas-sobre-la-via-nacional-del-espinal\/judicial\/","name":"A la c\u00e1rcel el sujeto que estar\u00eda implicado en el hurto a personas y motocicletas sobre la v\u00eda Nacional del Espinal - Ciudad y Region","isPartOf":{"@id":"https:\/\/ciudadyregion.com.co\/#website"},"primaryImageOfPage":{"@id":"https:\/\/ciudadyregion.com.co\/index.php\/a-la-carcel-el-sujeto-que-estaria-implicado-en-el-hurto-a-personas-y-motocicletas-sobre-la-via-nacional-del-espinal\/judicial\/#primaryimage"},"image":{"@id":"https:\/\/ciudadyregion.com.co\/index.php\/a-la-carcel-el-sujeto-que-estaria-implicado-en-el-hurto-a-personas-y-motocicletas-sobre-la-via-nacional-del-espinal\/judicial\/#primaryimage"},"thumbnailUrl":"https:\/\/i0.wp.com\/ciudadyregion.com.co\/wp-content\/uploads\/2024\/02\/7-12.jpg?fit=800%2C445&ssl=1","datePublished":"2024-02-13T15:18:20+00:00","dateModified":"2024-02-13T15:18:20+00:00","author":{"@id":"https:\/\/ciudadyregion.com.co\/#\/schema\/person\/04a4954373ebc4051f46e8c65ff78622"},"breadcrumb":{"@id":"https:\/\/ciudadyregion.com.co\/index.php\/a-la-carcel-el-sujeto-que-estaria-implicado-en-el-hurto-a-personas-y-motocicletas-sobre-la-via-nacional-del-espinal\/judicial\/#breadcrumb"},"inLanguage":"es","potentialAction":[{"@type":"ReadAction","target":["https:\/\/ciudadyregion.com.co\/index.php\/a-la-carcel-el-sujeto-que-estaria-implicado-en-el-hurto-a-personas-y-motocicletas-sobre-la-via-nacional-del-espinal\/judicial\/"]}]},{"@type":"ImageObject","inLanguage":"es","@id":"https:\/\/ciudadyregion.com.co\/index.php\/a-la-carcel-el-sujeto-que-estaria-implicado-en-el-hurto-a-personas-y-motocicletas-sobre-la-via-nacional-del-espinal\/judicial\/#primaryimage","url":"https:\/\/i0.wp.com\/ciudadyregion.com.co\/wp-content\/uploads\/2024\/02\/7-12.jpg?fit=800%2C445&ssl=1","contentUrl":"https:\/\/i0.wp.com\/ciudadyregion.com.co\/wp-content\/uploads\/2024\/02\/7-12.jpg?fit=800%2C445&ssl=1","width":800,"height":445},{"@type":"BreadcrumbList","@id":"https:\/\/ciudadyregion.com.co\/index.php\/a-la-carcel-el-sujeto-que-estaria-implicado-en-el-hurto-a-personas-y-motocicletas-sobre-la-via-nacional-del-espinal\/judicial\/#breadcrumb","itemListElement":[{"@type":"ListItem","position":1,"name":"Portada","item":"https:\/\/ciudadyregion.com.co\/"},{"@type":"ListItem","position":2,"name":"A la c\u00e1rcel el sujeto que estar\u00eda implicado en el hurto a personas y motocicletas sobre la v\u00eda Nacional del Espinal"}]},{"@type":"WebSite","@id":"https:\/\/ciudadyregion.com.co\/#website","url":"https:\/\/ciudadyregion.com.co\/","name":"Ciudad y Region","description":"","potentialAction":[{"@type":"SearchAction","target":{"@type":"EntryPoint","urlTemplate":"https:\/\/ciudadyregion.com.co\/?s={search_term_string}"},"query-input":{"@type":"PropertyValueSpecification","valueRequired":true,"valueName":"search_term_string"}}],"inLanguage":"es"},{"@type":"Person","@id":"https:\/\/ciudadyregion.com.co\/#\/schema\/person\/04a4954373ebc4051f46e8c65ff78622","name":"David Andr\u00e9s Aguirre","image":{"@type":"ImageObject","inLanguage":"es","@id":"https:\/\/ciudadyregion.com.co\/#\/schema\/person\/image\/","url":"https:\/\/secure.gravatar.com\/avatar\/bc3c655860202182ee6d1b5edd042dbe?s=96&d=mm&r=g","contentUrl":"https:\/\/secure.gravatar.com\/avatar\/bc3c655860202182ee6d1b5edd042dbe?s=96&d=mm&r=g","caption":"David Andr\u00e9s Aguirre"},"url":"https:\/\/ciudadyregion.com.co\/index.php\/author\/diegoaguirre\/"}]}},"jetpack_featured_media_url":"https:\/\/i0.wp.com\/ciudadyregion.com.co\/wp-content\/uploads\/2024\/02\/7-12.jpg?fit=800%2C445&ssl=1","jetpack_sharing_enabled":true,"jetpack_shortlink":"https:\/\/wp.me\/pbS7hh-1Yg","jetpack-related-posts":[],"_links":{"self":[{"href":"https:\/\/ciudadyregion.com.co\/index.php\/wp-json\/wp\/v2\/posts\/7580"}],"collection":[{"href":"https:\/\/ciudadyregion.com.co\/index.php\/wp-json\/wp\/v2\/posts"}],"about":[{"href":"https:\/\/ciudadyregion.com.co\/index.php\/wp-json\/wp\/v2\/types\/post"}],"author":[{"embeddable":true,"href":"https:\/\/ciudadyregion.com.co\/index.php\/wp-json\/wp\/v2\/users\/2"}],"replies":[{"embeddable":true,"href":"https:\/\/ciudadyregion.com.co\/index.php\/wp-json\/wp\/v2\/comments?post=7580"}],"version-history":[{"count":1,"href":"https:\/\/ciudadyregion.com.co\/index.php\/wp-json\/wp\/v2\/posts\/7580\/revisions"}],"predecessor-version":[{"id":7582,"href":"https:\/\/ciudadyregion.com.co\/index.php\/wp-json\/wp\/v2\/posts\/7580\/revisions\/7582"}],"wp:featuredmedia":[{"embeddable":true,"href":"https:\/\/ciudadyregion.com.co\/index.php\/wp-json\/wp\/v2\/media\/7581"}],"wp:attachment":[{"href":"https:\/\/ciudadyregion.com.co\/index.php\/wp-json\/wp\/v2\/media?parent=7580"}],"wp:term":[{"taxonomy":"category","embeddable":true,"href":"https:\/\/ciudadyregion.com.co\/index.php\/wp-json\/wp\/v2\/categories?post=7580"},{"taxonomy":"post_tag","embeddable":true,"href":"https:\/\/ciudadyregion.com.co\/index.php\/wp-json\/wp\/v2\/tags?post=7580"}],"curies":[{"name":"wp","href":"https:\/\/api.w.org\/{rel}","templated":true}]}}