{"id":7577,"date":"2024-02-13T10:11:10","date_gmt":"2024-02-13T15:11:10","guid":{"rendered":"https:\/\/ciudadyregion.com.co\/?p=7577"},"modified":"2024-02-13T10:11:10","modified_gmt":"2024-02-13T15:11:10","slug":"la-alcaldia-de-ibague-solicito-proteger-a-guardianes-del-inpec-ante-amenaza-del-plan-pistola-nacional","status":"publish","type":"post","link":"https:\/\/ciudadyregion.com.co\/index.php\/la-alcaldia-de-ibague-solicito-proteger-a-guardianes-del-inpec-ante-amenaza-del-plan-pistola-nacional\/ibague\/","title":{"rendered":"La Alcald\u00eda de Ibagu\u00e9 solicit\u00f3 proteger a guardianes del INPEC ante amenaza del plan pistola nacional"},"content":{"rendered":"<div><span style=\"font-family: Arial;\">La alcaldesa de Ibagu\u00e9, Johana Aranda, lider\u00f3 un consejo de seguridad con el prop\u00f3sito de solicitar la protecci\u00f3n permanente de los guardianes del Inpec, quienes han sido objeto de ataques terroristas en diferentes municipios del pa\u00eds.<\/span><\/div>\n<div><span style=\"font-family: Arial;\">\u00a0<\/span><\/div>\n<blockquote>\n<div><span style=\"font-family: Arial;\"><i>\u201dNos reunimos para analizar el plan pistola contra los guardianes del Inpec, en donde hemos pedido a la Polic\u00eda Nacional y el Ej\u00e9rcito continuar con el acompa\u00f1amiento a funcionarios en los alrededores del Coiba de Picale\u00f1a, toda vez que la banda tiene algunos cabecillas en Tulu\u00e1, Bogot\u00e1 e Ibagu\u00e9\u201d,<\/i>\u00a0inform\u00f3 Edward Amaya, secretario de Gobierno.<\/span><\/div>\n<\/blockquote>\n<div><img data-recalc-dims=\"1\" decoding=\"async\" src=\"https:\/\/i0.wp.com\/ibague.gov.co\/portal\/admin\/archivos\/imagenes\/noticias\/2024\/16278\/20240212-16278-1.jpeg?w=1440&#038;ssl=1\" \/><\/div>\n<div><span style=\"font-family: Arial;\">\u00a0<\/span><\/div>\n<div><span style=\"font-family: Arial;\">Igualmente, desde las 6:00 de la tarde de este lunes se instal\u00f3 el Centro Integrado de Inteligencia, para analizar de fondo la situaci\u00f3n en la capital del departamento.<\/span><\/div>\n<div><span style=\"font-family: Arial;\">\u00a0<\/span><\/div>\n<blockquote>\n<div><span style=\"font-family: Arial;\"><i>\u201dSe determin\u00f3 que hasta el momento no hay una afectaci\u00f3n directa contra alg\u00fan guardi\u00e1n del Inpec, tenemos solo una denuncia formulada y estamos trabajando articuladamente para fijar par\u00e1metros de prevenci\u00f3n\u201d,<\/i>\u00a0agreg\u00f3 \u00c1ngela Mar\u00eda Bedoya, directora Seccional de Fiscal\u00eda Tolima.\u00a0<\/span><\/div>\n<\/blockquote>\n<div><span style=\"font-family: Arial;\">\u00a0<\/span><\/div>\n<div><span style=\"font-family: Arial;\">As\u00ed las cosas, la alcaldesa solicit\u00f3 a la Fuerza P\u00fablica y dem\u00e1s autoridades presentes, continuar en constante comunicaci\u00f3n para brindar la protecci\u00f3n oportuna a los funcionarios, como tambi\u00e9n con el acompa\u00f1amiento del Ej\u00e9rcito en el momento de las remisiones de reclusos.<\/span><\/div>\n","protected":false},"excerpt":{"rendered":"<p>La alcaldesa de Ibagu\u00e9, Johana Aranda, lider\u00f3 un consejo de seguridad con el prop\u00f3sito de solicitar la protecci\u00f3n permanente de los guardianes del Inpec, quienes han sido objeto de ataques terroristas en diferentes municipios del pa\u00eds. \u00a0 \u201dNos reunimos para analizar el plan pistola contra los guardianes del Inpec, en<span class=\"more-link\"><a href=\"https:\/\/ciudadyregion.com.co\/index.php\/la-alcaldia-de-ibague-solicito-proteger-a-guardianes-del-inpec-ante-amenaza-del-plan-pistola-nacional\/ibague\/\">Continuar Leyendo<\/a><\/span><\/p>\n","protected":false},"author":2,"featured_media":7578,"comment_status":"open","ping_status":"open","sticky":false,"template":"","format":"standard","meta":{"_uf_show_specific_survey":0,"_uf_disable_surveys":false,"_jetpack_memberships_contains_paid_content":false,"footnotes":"","jetpack_publicize_message":"","jetpack_publicize_feature_enabled":true,"jetpack_social_post_already_shared":true,"jetpack_social_options":{"image_generator_settings":{"template":"highway","enabled":false},"version":2}},"categories":[14],"tags":[],"class_list":["entry","author-diegoaguirre","post-7577","post","type-post","status-publish","format-standard","has-post-thumbnail","category-ibague"],"jetpack_publicize_connections":[],"yoast_head":"<!-- This site is optimized with the Yoast SEO plugin v24.3 - https:\/\/yoast.com\/wordpress\/plugins\/seo\/ -->\n<title>La Alcald\u00eda de Ibagu\u00e9 solicit\u00f3 proteger a guardianes del INPEC ante amenaza del plan pistola nacional - Ciudad y Region<\/title>\n<meta name=\"robots\" content=\"index, follow, max-snippet:-1, max-image-preview:large, max-video-preview:-1\" \/>\n<link rel=\"canonical\" href=\"https:\/\/ciudadyregion.com.co\/index.php\/la-alcaldia-de-ibague-solicito-proteger-a-guardianes-del-inpec-ante-amenaza-del-plan-pistola-nacional\/ibague\/\" \/>\n<meta property=\"og:locale\" content=\"es_ES\" \/>\n<meta property=\"og:type\" content=\"article\" \/>\n<meta property=\"og:title\" content=\"La Alcald\u00eda de Ibagu\u00e9 solicit\u00f3 proteger a guardianes del INPEC ante amenaza del plan pistola nacional - Ciudad y Region\" \/>\n<meta property=\"og:description\" content=\"La alcaldesa de Ibagu\u00e9, Johana Aranda, lider\u00f3 un consejo de seguridad con el prop\u00f3sito de solicitar la protecci\u00f3n permanente de los guardianes del Inpec, quienes han sido objeto de ataques terroristas en diferentes municipios del pa\u00eds. \u00a0 \u201dNos reunimos para analizar el plan pistola contra los guardianes del Inpec, enContinuar Leyendo\" \/>\n<meta property=\"og:url\" content=\"https:\/\/ciudadyregion.com.co\/index.php\/la-alcaldia-de-ibague-solicito-proteger-a-guardianes-del-inpec-ante-amenaza-del-plan-pistola-nacional\/ibague\/\" \/>\n<meta property=\"og:site_name\" content=\"Ciudad y Region\" \/>\n<meta property=\"article:published_time\" content=\"2024-02-13T15:11:10+00:00\" \/>\n<meta property=\"og:image\" content=\"https:\/\/ciudadyregion.com.co\/wp-content\/uploads\/2024\/02\/6-plan-pistola-inpec.jpg\" \/>\n\t<meta property=\"og:image:width\" content=\"800\" \/>\n\t<meta property=\"og:image:height\" content=\"445\" \/>\n\t<meta property=\"og:image:type\" content=\"image\/jpeg\" \/>\n<meta name=\"author\" content=\"David Andr\u00e9s Aguirre\" \/>\n<meta name=\"twitter:card\" content=\"summary_large_image\" \/>\n<meta name=\"twitter:label1\" content=\"Escrito por\" \/>\n\t<meta name=\"twitter:data1\" content=\"David Andr\u00e9s Aguirre\" \/>\n\t<meta name=\"twitter:label2\" content=\"Tiempo de lectura\" \/>\n\t<meta name=\"twitter:data2\" content=\"1 minuto\" \/>\n<script type=\"application\/ld+json\" class=\"yoast-schema-graph\">{\"@context\":\"https:\/\/schema.org\",\"@graph\":[{\"@type\":\"WebPage\",\"@id\":\"https:\/\/ciudadyregion.com.co\/index.php\/la-alcaldia-de-ibague-solicito-proteger-a-guardianes-del-inpec-ante-amenaza-del-plan-pistola-nacional\/ibague\/\",\"url\":\"https:\/\/ciudadyregion.com.co\/index.php\/la-alcaldia-de-ibague-solicito-proteger-a-guardianes-del-inpec-ante-amenaza-del-plan-pistola-nacional\/ibague\/\",\"name\":\"La Alcald\u00eda de Ibagu\u00e9 solicit\u00f3 proteger a guardianes del INPEC ante amenaza del plan pistola nacional - Ciudad y Region\",\"isPartOf\":{\"@id\":\"https:\/\/ciudadyregion.com.co\/#website\"},\"primaryImageOfPage\":{\"@id\":\"https:\/\/ciudadyregion.com.co\/index.php\/la-alcaldia-de-ibague-solicito-proteger-a-guardianes-del-inpec-ante-amenaza-del-plan-pistola-nacional\/ibague\/#primaryimage\"},\"image\":{\"@id\":\"https:\/\/ciudadyregion.com.co\/index.php\/la-alcaldia-de-ibague-solicito-proteger-a-guardianes-del-inpec-ante-amenaza-del-plan-pistola-nacional\/ibague\/#primaryimage\"},\"thumbnailUrl\":\"https:\/\/i0.wp.com\/ciudadyregion.com.co\/wp-content\/uploads\/2024\/02\/6-plan-pistola-inpec.jpg?fit=800%2C445&ssl=1\",\"datePublished\":\"2024-02-13T15:11:10+00:00\",\"dateModified\":\"2024-02-13T15:11:10+00:00\",\"author\":{\"@id\":\"https:\/\/ciudadyregion.com.co\/#\/schema\/person\/04a4954373ebc4051f46e8c65ff78622\"},\"breadcrumb\":{\"@id\":\"https:\/\/ciudadyregion.com.co\/index.php\/la-alcaldia-de-ibague-solicito-proteger-a-guardianes-del-inpec-ante-amenaza-del-plan-pistola-nacional\/ibague\/#breadcrumb\"},\"inLanguage\":\"es\",\"potentialAction\":[{\"@type\":\"ReadAction\",\"target\":[\"https:\/\/ciudadyregion.com.co\/index.php\/la-alcaldia-de-ibague-solicito-proteger-a-guardianes-del-inpec-ante-amenaza-del-plan-pistola-nacional\/ibague\/\"]}]},{\"@type\":\"ImageObject\",\"inLanguage\":\"es\",\"@id\":\"https:\/\/ciudadyregion.com.co\/index.php\/la-alcaldia-de-ibague-solicito-proteger-a-guardianes-del-inpec-ante-amenaza-del-plan-pistola-nacional\/ibague\/#primaryimage\",\"url\":\"https:\/\/i0.wp.com\/ciudadyregion.com.co\/wp-content\/uploads\/2024\/02\/6-plan-pistola-inpec.jpg?fit=800%2C445&ssl=1\",\"contentUrl\":\"https:\/\/i0.wp.com\/ciudadyregion.com.co\/wp-content\/uploads\/2024\/02\/6-plan-pistola-inpec.jpg?fit=800%2C445&ssl=1\",\"width\":800,\"height\":445},{\"@type\":\"BreadcrumbList\",\"@id\":\"https:\/\/ciudadyregion.com.co\/index.php\/la-alcaldia-de-ibague-solicito-proteger-a-guardianes-del-inpec-ante-amenaza-del-plan-pistola-nacional\/ibague\/#breadcrumb\",\"itemListElement\":[{\"@type\":\"ListItem\",\"position\":1,\"name\":\"Portada\",\"item\":\"https:\/\/ciudadyregion.com.co\/\"},{\"@type\":\"ListItem\",\"position\":2,\"name\":\"La Alcald\u00eda de Ibagu\u00e9 solicit\u00f3 proteger a guardianes del INPEC ante amenaza del plan pistola nacional\"}]},{\"@type\":\"WebSite\",\"@id\":\"https:\/\/ciudadyregion.com.co\/#website\",\"url\":\"https:\/\/ciudadyregion.com.co\/\",\"name\":\"Ciudad y Region\",\"description\":\"\",\"potentialAction\":[{\"@type\":\"SearchAction\",\"target\":{\"@type\":\"EntryPoint\",\"urlTemplate\":\"https:\/\/ciudadyregion.com.co\/?s={search_term_string}\"},\"query-input\":{\"@type\":\"PropertyValueSpecification\",\"valueRequired\":true,\"valueName\":\"search_term_string\"}}],\"inLanguage\":\"es\"},{\"@type\":\"Person\",\"@id\":\"https:\/\/ciudadyregion.com.co\/#\/schema\/person\/04a4954373ebc4051f46e8c65ff78622\",\"name\":\"David Andr\u00e9s Aguirre\",\"image\":{\"@type\":\"ImageObject\",\"inLanguage\":\"es\",\"@id\":\"https:\/\/ciudadyregion.com.co\/#\/schema\/person\/image\/\",\"url\":\"https:\/\/secure.gravatar.com\/avatar\/bc3c655860202182ee6d1b5edd042dbe?s=96&d=mm&r=g\",\"contentUrl\":\"https:\/\/secure.gravatar.com\/avatar\/bc3c655860202182ee6d1b5edd042dbe?s=96&d=mm&r=g\",\"caption\":\"David Andr\u00e9s Aguirre\"},\"url\":\"https:\/\/ciudadyregion.com.co\/index.php\/author\/diegoaguirre\/\"}]}<\/script>\n<!-- \/ Yoast SEO plugin. -->","yoast_head_json":{"title":"La Alcald\u00eda de Ibagu\u00e9 solicit\u00f3 proteger a guardianes del INPEC ante amenaza del plan pistola nacional - Ciudad y Region","robots":{"index":"index","follow":"follow","max-snippet":"max-snippet:-1","max-image-preview":"max-image-preview:large","max-video-preview":"max-video-preview:-1"},"canonical":"https:\/\/ciudadyregion.com.co\/index.php\/la-alcaldia-de-ibague-solicito-proteger-a-guardianes-del-inpec-ante-amenaza-del-plan-pistola-nacional\/ibague\/","og_locale":"es_ES","og_type":"article","og_title":"La Alcald\u00eda de Ibagu\u00e9 solicit\u00f3 proteger a guardianes del INPEC ante amenaza del plan pistola nacional - Ciudad y Region","og_description":"La alcaldesa de Ibagu\u00e9, Johana Aranda, lider\u00f3 un consejo de seguridad con el prop\u00f3sito de solicitar la protecci\u00f3n permanente de los guardianes del Inpec, quienes han sido objeto de ataques terroristas en diferentes municipios del pa\u00eds. \u00a0 \u201dNos reunimos para analizar el plan pistola contra los guardianes del Inpec, enContinuar Leyendo","og_url":"https:\/\/ciudadyregion.com.co\/index.php\/la-alcaldia-de-ibague-solicito-proteger-a-guardianes-del-inpec-ante-amenaza-del-plan-pistola-nacional\/ibague\/","og_site_name":"Ciudad y Region","article_published_time":"2024-02-13T15:11:10+00:00","og_image":[{"width":800,"height":445,"url":"https:\/\/ciudadyregion.com.co\/wp-content\/uploads\/2024\/02\/6-plan-pistola-inpec.jpg","type":"image\/jpeg"}],"author":"David Andr\u00e9s Aguirre","twitter_card":"summary_large_image","twitter_misc":{"Escrito por":"David Andr\u00e9s Aguirre","Tiempo de lectura":"1 minuto"},"schema":{"@context":"https:\/\/schema.org","@graph":[{"@type":"WebPage","@id":"https:\/\/ciudadyregion.com.co\/index.php\/la-alcaldia-de-ibague-solicito-proteger-a-guardianes-del-inpec-ante-amenaza-del-plan-pistola-nacional\/ibague\/","url":"https:\/\/ciudadyregion.com.co\/index.php\/la-alcaldia-de-ibague-solicito-proteger-a-guardianes-del-inpec-ante-amenaza-del-plan-pistola-nacional\/ibague\/","name":"La Alcald\u00eda de Ibagu\u00e9 solicit\u00f3 proteger a guardianes del INPEC ante amenaza del plan pistola nacional - Ciudad y Region","isPartOf":{"@id":"https:\/\/ciudadyregion.com.co\/#website"},"primaryImageOfPage":{"@id":"https:\/\/ciudadyregion.com.co\/index.php\/la-alcaldia-de-ibague-solicito-proteger-a-guardianes-del-inpec-ante-amenaza-del-plan-pistola-nacional\/ibague\/#primaryimage"},"image":{"@id":"https:\/\/ciudadyregion.com.co\/index.php\/la-alcaldia-de-ibague-solicito-proteger-a-guardianes-del-inpec-ante-amenaza-del-plan-pistola-nacional\/ibague\/#primaryimage"},"thumbnailUrl":"https:\/\/i0.wp.com\/ciudadyregion.com.co\/wp-content\/uploads\/2024\/02\/6-plan-pistola-inpec.jpg?fit=800%2C445&ssl=1","datePublished":"2024-02-13T15:11:10+00:00","dateModified":"2024-02-13T15:11:10+00:00","author":{"@id":"https:\/\/ciudadyregion.com.co\/#\/schema\/person\/04a4954373ebc4051f46e8c65ff78622"},"breadcrumb":{"@id":"https:\/\/ciudadyregion.com.co\/index.php\/la-alcaldia-de-ibague-solicito-proteger-a-guardianes-del-inpec-ante-amenaza-del-plan-pistola-nacional\/ibague\/#breadcrumb"},"inLanguage":"es","potentialAction":[{"@type":"ReadAction","target":["https:\/\/ciudadyregion.com.co\/index.php\/la-alcaldia-de-ibague-solicito-proteger-a-guardianes-del-inpec-ante-amenaza-del-plan-pistola-nacional\/ibague\/"]}]},{"@type":"ImageObject","inLanguage":"es","@id":"https:\/\/ciudadyregion.com.co\/index.php\/la-alcaldia-de-ibague-solicito-proteger-a-guardianes-del-inpec-ante-amenaza-del-plan-pistola-nacional\/ibague\/#primaryimage","url":"https:\/\/i0.wp.com\/ciudadyregion.com.co\/wp-content\/uploads\/2024\/02\/6-plan-pistola-inpec.jpg?fit=800%2C445&ssl=1","contentUrl":"https:\/\/i0.wp.com\/ciudadyregion.com.co\/wp-content\/uploads\/2024\/02\/6-plan-pistola-inpec.jpg?fit=800%2C445&ssl=1","width":800,"height":445},{"@type":"BreadcrumbList","@id":"https:\/\/ciudadyregion.com.co\/index.php\/la-alcaldia-de-ibague-solicito-proteger-a-guardianes-del-inpec-ante-amenaza-del-plan-pistola-nacional\/ibague\/#breadcrumb","itemListElement":[{"@type":"ListItem","position":1,"name":"Portada","item":"https:\/\/ciudadyregion.com.co\/"},{"@type":"ListItem","position":2,"name":"La Alcald\u00eda de Ibagu\u00e9 solicit\u00f3 proteger a guardianes del INPEC ante amenaza del plan pistola nacional"}]},{"@type":"WebSite","@id":"https:\/\/ciudadyregion.com.co\/#website","url":"https:\/\/ciudadyregion.com.co\/","name":"Ciudad y Region","description":"","potentialAction":[{"@type":"SearchAction","target":{"@type":"EntryPoint","urlTemplate":"https:\/\/ciudadyregion.com.co\/?s={search_term_string}"},"query-input":{"@type":"PropertyValueSpecification","valueRequired":true,"valueName":"search_term_string"}}],"inLanguage":"es"},{"@type":"Person","@id":"https:\/\/ciudadyregion.com.co\/#\/schema\/person\/04a4954373ebc4051f46e8c65ff78622","name":"David Andr\u00e9s Aguirre","image":{"@type":"ImageObject","inLanguage":"es","@id":"https:\/\/ciudadyregion.com.co\/#\/schema\/person\/image\/","url":"https:\/\/secure.gravatar.com\/avatar\/bc3c655860202182ee6d1b5edd042dbe?s=96&d=mm&r=g","contentUrl":"https:\/\/secure.gravatar.com\/avatar\/bc3c655860202182ee6d1b5edd042dbe?s=96&d=mm&r=g","caption":"David Andr\u00e9s Aguirre"},"url":"https:\/\/ciudadyregion.com.co\/index.php\/author\/diegoaguirre\/"}]}},"jetpack_featured_media_url":"https:\/\/i0.wp.com\/ciudadyregion.com.co\/wp-content\/uploads\/2024\/02\/6-plan-pistola-inpec.jpg?fit=800%2C445&ssl=1","jetpack_sharing_enabled":true,"jetpack_shortlink":"https:\/\/wp.me\/pbS7hh-1Yd","jetpack-related-posts":[],"_links":{"self":[{"href":"https:\/\/ciudadyregion.com.co\/index.php\/wp-json\/wp\/v2\/posts\/7577"}],"collection":[{"href":"https:\/\/ciudadyregion.com.co\/index.php\/wp-json\/wp\/v2\/posts"}],"about":[{"href":"https:\/\/ciudadyregion.com.co\/index.php\/wp-json\/wp\/v2\/types\/post"}],"author":[{"embeddable":true,"href":"https:\/\/ciudadyregion.com.co\/index.php\/wp-json\/wp\/v2\/users\/2"}],"replies":[{"embeddable":true,"href":"https:\/\/ciudadyregion.com.co\/index.php\/wp-json\/wp\/v2\/comments?post=7577"}],"version-history":[{"count":1,"href":"https:\/\/ciudadyregion.com.co\/index.php\/wp-json\/wp\/v2\/posts\/7577\/revisions"}],"predecessor-version":[{"id":7579,"href":"https:\/\/ciudadyregion.com.co\/index.php\/wp-json\/wp\/v2\/posts\/7577\/revisions\/7579"}],"wp:featuredmedia":[{"embeddable":true,"href":"https:\/\/ciudadyregion.com.co\/index.php\/wp-json\/wp\/v2\/media\/7578"}],"wp:attachment":[{"href":"https:\/\/ciudadyregion.com.co\/index.php\/wp-json\/wp\/v2\/media?parent=7577"}],"wp:term":[{"taxonomy":"category","embeddable":true,"href":"https:\/\/ciudadyregion.com.co\/index.php\/wp-json\/wp\/v2\/categories?post=7577"},{"taxonomy":"post_tag","embeddable":true,"href":"https:\/\/ciudadyregion.com.co\/index.php\/wp-json\/wp\/v2\/tags?post=7577"}],"curies":[{"name":"wp","href":"https:\/\/api.w.org\/{rel}","templated":true}]}}