{"id":7356,"date":"2024-02-12T08:39:20","date_gmt":"2024-02-12T13:39:20","guid":{"rendered":"https:\/\/ciudadyregion.com.co\/?p=7356"},"modified":"2024-02-12T08:39:23","modified_gmt":"2024-02-12T13:39:23","slug":"acusan-a-un-policia-y-un-particular-por-presuntamente-facilitar-la-interceptacion-ilegal-de-los-celulares-de-marelbys-meza","status":"publish","type":"post","link":"https:\/\/ciudadyregion.com.co\/index.php\/acusan-a-un-policia-y-un-particular-por-presuntamente-facilitar-la-interceptacion-ilegal-de-los-celulares-de-marelbys-meza\/judicial\/","title":{"rendered":"Acusan a un Polic\u00eda y un particular por presuntamente facilitar la interceptaci\u00f3n ilegal de los celulares de Marelbys Meza"},"content":{"rendered":"<ul>\n<li><em>Son se\u00f1alados de entregar informaci\u00f3n falsa que indujo en error a una fiscal que solicit\u00f3 las escuchas a la exempleada de la exjefe de Gabinete de la Presidencia de la Rep\u00fablica, Laura Sarabia.<\/em><\/li>\n<\/ul>\n<p>La Fiscal\u00eda General de la Naci\u00f3n cuenta con evidencia f\u00edsica y elementos materiales probatorios para demostrar que el subintendente Fredy Alexander G\u00f3mez Bustamante y el particular Rafael Ricardo Santos\u00a0 Fuentes, quien fung\u00eda como fuente humana, no se reunieron los primeros d\u00edas de febrero de 2023, en las instalaciones de la SIJIN en Bogot\u00e1, para\u00a0 hablar sobre el paradero de unos d\u00f3lares.<\/p>\n<p>Los supuestos detalles de ese encuentro, que nunca ocurri\u00f3, fueron consignados en un informe de polic\u00eda judicial por parte de otros integrantes de la Polic\u00eda Nacional, que indujeron en error a una fiscal de la Seccional Bogot\u00e1 que ten\u00eda a su cargo la indagaci\u00f3n por el hurto de unos d\u00f3lares en el apartamento de la exjefe de Gabinete de la Presidencia de la Rep\u00fablica, Laura Camila Sarabia Torres.<\/p>\n<p>En ese sentido, la fiscal termin\u00f3 por avalar la intervenci\u00f3n de las l\u00edneas de Marelbys Meza Buelvas, exni\u00f1era en la casa de la se\u00f1ora Sarabia Torres; y de un hombre. Esta actuaci\u00f3n solo se pudo concretar con un abonado telef\u00f3nico, pues el de la exempleada estaba interceptado por instrucci\u00f3n de una fiscal\u00eda adscrita a la Direcci\u00f3n Especializada contra las Organizaciones Criminales, con sede en Quibd\u00f3 (Choc\u00f3).<\/p>\n<p>Posteriormente, G\u00f3mez Bustamante y Santos Fuentes rindieron declaraciones juramentadas falsas ante una fiscal de la Direcci\u00f3n Especializada contra la Corrupci\u00f3n, con el objetivo de desviar la investigaci\u00f3n que se segu\u00eda en contra de algunos servidores de la Polic\u00eda Nacional.<\/p>\n<p>Para la Fiscal\u00eda, estas personas actuaron en com\u00fan acuerdo y suministraron declaraciones espurias con las que pretendieron inducir en error a funcionarios judiciales, en relaci\u00f3n con las circunstancias que conllevaron a la orden de interceptaci\u00f3n telef\u00f3nica sobre los tel\u00e9fonos que usaban Marelbys Meza y a un amigo de ella.<\/p>\n<p>Por todo lo anterior, una fiscal adscrita al CTI los acus\u00f3 por el delito de fraude procesal. Esta informaci\u00f3n se publica por razones de inter\u00e9s general.<\/p>\n","protected":false},"excerpt":{"rendered":"<p>Son se\u00f1alados de entregar informaci\u00f3n falsa que indujo en error a una fiscal que solicit\u00f3 las escuchas a la exempleada de la exjefe de Gabinete de la Presidencia de la Rep\u00fablica, Laura Sarabia. La Fiscal\u00eda General de la Naci\u00f3n cuenta con evidencia f\u00edsica y elementos materiales probatorios para demostrar que<span class=\"more-link\"><a href=\"https:\/\/ciudadyregion.com.co\/index.php\/acusan-a-un-policia-y-un-particular-por-presuntamente-facilitar-la-interceptacion-ilegal-de-los-celulares-de-marelbys-meza\/judicial\/\">Continuar Leyendo<\/a><\/span><\/p>\n","protected":false},"author":2,"featured_media":7357,"comment_status":"open","ping_status":"open","sticky":false,"template":"","format":"standard","meta":{"_uf_show_specific_survey":0,"_uf_disable_surveys":false,"_jetpack_memberships_contains_paid_content":false,"footnotes":"","jetpack_publicize_message":"","jetpack_publicize_feature_enabled":true,"jetpack_social_post_already_shared":true,"jetpack_social_options":{"image_generator_settings":{"template":"highway","enabled":false},"version":2}},"categories":[18],"tags":[],"class_list":["entry","author-diegoaguirre","post-7356","post","type-post","status-publish","format-standard","has-post-thumbnail","category-judicial"],"jetpack_publicize_connections":[],"yoast_head":"<!-- This site is optimized with the Yoast SEO plugin v24.3 - https:\/\/yoast.com\/wordpress\/plugins\/seo\/ -->\n<title>Acusan a un Polic\u00eda y un particular por presuntamente facilitar la interceptaci\u00f3n ilegal de los celulares de Marelbys Meza - Ciudad y Region<\/title>\n<meta name=\"robots\" content=\"index, follow, max-snippet:-1, max-image-preview:large, max-video-preview:-1\" \/>\n<link rel=\"canonical\" href=\"https:\/\/ciudadyregion.com.co\/index.php\/acusan-a-un-policia-y-un-particular-por-presuntamente-facilitar-la-interceptacion-ilegal-de-los-celulares-de-marelbys-meza\/judicial\/\" \/>\n<meta property=\"og:locale\" content=\"es_ES\" \/>\n<meta property=\"og:type\" content=\"article\" \/>\n<meta property=\"og:title\" content=\"Acusan a un Polic\u00eda y un particular por presuntamente facilitar la interceptaci\u00f3n ilegal de los celulares de Marelbys Meza - Ciudad y Region\" \/>\n<meta property=\"og:description\" content=\"Son se\u00f1alados de entregar informaci\u00f3n falsa que indujo en error a una fiscal que solicit\u00f3 las escuchas a la exempleada de la exjefe de Gabinete de la Presidencia de la Rep\u00fablica, Laura Sarabia. La Fiscal\u00eda General de la Naci\u00f3n cuenta con evidencia f\u00edsica y elementos materiales probatorios para demostrar queContinuar Leyendo\" \/>\n<meta property=\"og:url\" content=\"https:\/\/ciudadyregion.com.co\/index.php\/acusan-a-un-policia-y-un-particular-por-presuntamente-facilitar-la-interceptacion-ilegal-de-los-celulares-de-marelbys-meza\/judicial\/\" \/>\n<meta property=\"og:site_name\" content=\"Ciudad y Region\" \/>\n<meta property=\"article:published_time\" content=\"2024-02-12T13:39:20+00:00\" \/>\n<meta property=\"article:modified_time\" content=\"2024-02-12T13:39:23+00:00\" \/>\n<meta property=\"og:image\" content=\"https:\/\/ciudadyregion.com.co\/wp-content\/uploads\/2024\/02\/3-marelbyz-meza-polciia.jpg\" \/>\n\t<meta property=\"og:image:width\" content=\"800\" \/>\n\t<meta property=\"og:image:height\" content=\"445\" \/>\n\t<meta property=\"og:image:type\" content=\"image\/jpeg\" \/>\n<meta name=\"author\" content=\"David Andr\u00e9s Aguirre\" \/>\n<meta name=\"twitter:card\" content=\"summary_large_image\" \/>\n<meta name=\"twitter:label1\" content=\"Escrito por\" \/>\n\t<meta name=\"twitter:data1\" content=\"David Andr\u00e9s Aguirre\" \/>\n\t<meta name=\"twitter:label2\" content=\"Tiempo de lectura\" \/>\n\t<meta name=\"twitter:data2\" content=\"2 minutos\" \/>\n<script type=\"application\/ld+json\" class=\"yoast-schema-graph\">{\"@context\":\"https:\/\/schema.org\",\"@graph\":[{\"@type\":\"WebPage\",\"@id\":\"https:\/\/ciudadyregion.com.co\/index.php\/acusan-a-un-policia-y-un-particular-por-presuntamente-facilitar-la-interceptacion-ilegal-de-los-celulares-de-marelbys-meza\/judicial\/\",\"url\":\"https:\/\/ciudadyregion.com.co\/index.php\/acusan-a-un-policia-y-un-particular-por-presuntamente-facilitar-la-interceptacion-ilegal-de-los-celulares-de-marelbys-meza\/judicial\/\",\"name\":\"Acusan a un Polic\u00eda y un particular por presuntamente facilitar la interceptaci\u00f3n ilegal de los celulares de Marelbys Meza - Ciudad y Region\",\"isPartOf\":{\"@id\":\"https:\/\/ciudadyregion.com.co\/#website\"},\"primaryImageOfPage\":{\"@id\":\"https:\/\/ciudadyregion.com.co\/index.php\/acusan-a-un-policia-y-un-particular-por-presuntamente-facilitar-la-interceptacion-ilegal-de-los-celulares-de-marelbys-meza\/judicial\/#primaryimage\"},\"image\":{\"@id\":\"https:\/\/ciudadyregion.com.co\/index.php\/acusan-a-un-policia-y-un-particular-por-presuntamente-facilitar-la-interceptacion-ilegal-de-los-celulares-de-marelbys-meza\/judicial\/#primaryimage\"},\"thumbnailUrl\":\"https:\/\/i0.wp.com\/ciudadyregion.com.co\/wp-content\/uploads\/2024\/02\/3-marelbyz-meza-polciia.jpg?fit=800%2C445&ssl=1\",\"datePublished\":\"2024-02-12T13:39:20+00:00\",\"dateModified\":\"2024-02-12T13:39:23+00:00\",\"author\":{\"@id\":\"https:\/\/ciudadyregion.com.co\/#\/schema\/person\/04a4954373ebc4051f46e8c65ff78622\"},\"breadcrumb\":{\"@id\":\"https:\/\/ciudadyregion.com.co\/index.php\/acusan-a-un-policia-y-un-particular-por-presuntamente-facilitar-la-interceptacion-ilegal-de-los-celulares-de-marelbys-meza\/judicial\/#breadcrumb\"},\"inLanguage\":\"es\",\"potentialAction\":[{\"@type\":\"ReadAction\",\"target\":[\"https:\/\/ciudadyregion.com.co\/index.php\/acusan-a-un-policia-y-un-particular-por-presuntamente-facilitar-la-interceptacion-ilegal-de-los-celulares-de-marelbys-meza\/judicial\/\"]}]},{\"@type\":\"ImageObject\",\"inLanguage\":\"es\",\"@id\":\"https:\/\/ciudadyregion.com.co\/index.php\/acusan-a-un-policia-y-un-particular-por-presuntamente-facilitar-la-interceptacion-ilegal-de-los-celulares-de-marelbys-meza\/judicial\/#primaryimage\",\"url\":\"https:\/\/i0.wp.com\/ciudadyregion.com.co\/wp-content\/uploads\/2024\/02\/3-marelbyz-meza-polciia.jpg?fit=800%2C445&ssl=1\",\"contentUrl\":\"https:\/\/i0.wp.com\/ciudadyregion.com.co\/wp-content\/uploads\/2024\/02\/3-marelbyz-meza-polciia.jpg?fit=800%2C445&ssl=1\",\"width\":800,\"height\":445},{\"@type\":\"BreadcrumbList\",\"@id\":\"https:\/\/ciudadyregion.com.co\/index.php\/acusan-a-un-policia-y-un-particular-por-presuntamente-facilitar-la-interceptacion-ilegal-de-los-celulares-de-marelbys-meza\/judicial\/#breadcrumb\",\"itemListElement\":[{\"@type\":\"ListItem\",\"position\":1,\"name\":\"Portada\",\"item\":\"https:\/\/ciudadyregion.com.co\/\"},{\"@type\":\"ListItem\",\"position\":2,\"name\":\"Acusan a un Polic\u00eda y un particular por presuntamente facilitar la interceptaci\u00f3n ilegal de los celulares de Marelbys Meza\"}]},{\"@type\":\"WebSite\",\"@id\":\"https:\/\/ciudadyregion.com.co\/#website\",\"url\":\"https:\/\/ciudadyregion.com.co\/\",\"name\":\"Ciudad y Region\",\"description\":\"\",\"potentialAction\":[{\"@type\":\"SearchAction\",\"target\":{\"@type\":\"EntryPoint\",\"urlTemplate\":\"https:\/\/ciudadyregion.com.co\/?s={search_term_string}\"},\"query-input\":{\"@type\":\"PropertyValueSpecification\",\"valueRequired\":true,\"valueName\":\"search_term_string\"}}],\"inLanguage\":\"es\"},{\"@type\":\"Person\",\"@id\":\"https:\/\/ciudadyregion.com.co\/#\/schema\/person\/04a4954373ebc4051f46e8c65ff78622\",\"name\":\"David Andr\u00e9s Aguirre\",\"image\":{\"@type\":\"ImageObject\",\"inLanguage\":\"es\",\"@id\":\"https:\/\/ciudadyregion.com.co\/#\/schema\/person\/image\/\",\"url\":\"https:\/\/secure.gravatar.com\/avatar\/bc3c655860202182ee6d1b5edd042dbe?s=96&d=mm&r=g\",\"contentUrl\":\"https:\/\/secure.gravatar.com\/avatar\/bc3c655860202182ee6d1b5edd042dbe?s=96&d=mm&r=g\",\"caption\":\"David Andr\u00e9s Aguirre\"},\"url\":\"https:\/\/ciudadyregion.com.co\/index.php\/author\/diegoaguirre\/\"}]}<\/script>\n<!-- \/ Yoast SEO plugin. -->","yoast_head_json":{"title":"Acusan a un Polic\u00eda y un particular por presuntamente facilitar la interceptaci\u00f3n ilegal de los celulares de Marelbys Meza - Ciudad y Region","robots":{"index":"index","follow":"follow","max-snippet":"max-snippet:-1","max-image-preview":"max-image-preview:large","max-video-preview":"max-video-preview:-1"},"canonical":"https:\/\/ciudadyregion.com.co\/index.php\/acusan-a-un-policia-y-un-particular-por-presuntamente-facilitar-la-interceptacion-ilegal-de-los-celulares-de-marelbys-meza\/judicial\/","og_locale":"es_ES","og_type":"article","og_title":"Acusan a un Polic\u00eda y un particular por presuntamente facilitar la interceptaci\u00f3n ilegal de los celulares de Marelbys Meza - Ciudad y Region","og_description":"Son se\u00f1alados de entregar informaci\u00f3n falsa que indujo en error a una fiscal que solicit\u00f3 las escuchas a la exempleada de la exjefe de Gabinete de la Presidencia de la Rep\u00fablica, Laura Sarabia. La Fiscal\u00eda General de la Naci\u00f3n cuenta con evidencia f\u00edsica y elementos materiales probatorios para demostrar queContinuar Leyendo","og_url":"https:\/\/ciudadyregion.com.co\/index.php\/acusan-a-un-policia-y-un-particular-por-presuntamente-facilitar-la-interceptacion-ilegal-de-los-celulares-de-marelbys-meza\/judicial\/","og_site_name":"Ciudad y Region","article_published_time":"2024-02-12T13:39:20+00:00","article_modified_time":"2024-02-12T13:39:23+00:00","og_image":[{"width":800,"height":445,"url":"https:\/\/ciudadyregion.com.co\/wp-content\/uploads\/2024\/02\/3-marelbyz-meza-polciia.jpg","type":"image\/jpeg"}],"author":"David Andr\u00e9s Aguirre","twitter_card":"summary_large_image","twitter_misc":{"Escrito por":"David Andr\u00e9s Aguirre","Tiempo de lectura":"2 minutos"},"schema":{"@context":"https:\/\/schema.org","@graph":[{"@type":"WebPage","@id":"https:\/\/ciudadyregion.com.co\/index.php\/acusan-a-un-policia-y-un-particular-por-presuntamente-facilitar-la-interceptacion-ilegal-de-los-celulares-de-marelbys-meza\/judicial\/","url":"https:\/\/ciudadyregion.com.co\/index.php\/acusan-a-un-policia-y-un-particular-por-presuntamente-facilitar-la-interceptacion-ilegal-de-los-celulares-de-marelbys-meza\/judicial\/","name":"Acusan a un Polic\u00eda y un particular por presuntamente facilitar la interceptaci\u00f3n ilegal de los celulares de Marelbys Meza - Ciudad y Region","isPartOf":{"@id":"https:\/\/ciudadyregion.com.co\/#website"},"primaryImageOfPage":{"@id":"https:\/\/ciudadyregion.com.co\/index.php\/acusan-a-un-policia-y-un-particular-por-presuntamente-facilitar-la-interceptacion-ilegal-de-los-celulares-de-marelbys-meza\/judicial\/#primaryimage"},"image":{"@id":"https:\/\/ciudadyregion.com.co\/index.php\/acusan-a-un-policia-y-un-particular-por-presuntamente-facilitar-la-interceptacion-ilegal-de-los-celulares-de-marelbys-meza\/judicial\/#primaryimage"},"thumbnailUrl":"https:\/\/i0.wp.com\/ciudadyregion.com.co\/wp-content\/uploads\/2024\/02\/3-marelbyz-meza-polciia.jpg?fit=800%2C445&ssl=1","datePublished":"2024-02-12T13:39:20+00:00","dateModified":"2024-02-12T13:39:23+00:00","author":{"@id":"https:\/\/ciudadyregion.com.co\/#\/schema\/person\/04a4954373ebc4051f46e8c65ff78622"},"breadcrumb":{"@id":"https:\/\/ciudadyregion.com.co\/index.php\/acusan-a-un-policia-y-un-particular-por-presuntamente-facilitar-la-interceptacion-ilegal-de-los-celulares-de-marelbys-meza\/judicial\/#breadcrumb"},"inLanguage":"es","potentialAction":[{"@type":"ReadAction","target":["https:\/\/ciudadyregion.com.co\/index.php\/acusan-a-un-policia-y-un-particular-por-presuntamente-facilitar-la-interceptacion-ilegal-de-los-celulares-de-marelbys-meza\/judicial\/"]}]},{"@type":"ImageObject","inLanguage":"es","@id":"https:\/\/ciudadyregion.com.co\/index.php\/acusan-a-un-policia-y-un-particular-por-presuntamente-facilitar-la-interceptacion-ilegal-de-los-celulares-de-marelbys-meza\/judicial\/#primaryimage","url":"https:\/\/i0.wp.com\/ciudadyregion.com.co\/wp-content\/uploads\/2024\/02\/3-marelbyz-meza-polciia.jpg?fit=800%2C445&ssl=1","contentUrl":"https:\/\/i0.wp.com\/ciudadyregion.com.co\/wp-content\/uploads\/2024\/02\/3-marelbyz-meza-polciia.jpg?fit=800%2C445&ssl=1","width":800,"height":445},{"@type":"BreadcrumbList","@id":"https:\/\/ciudadyregion.com.co\/index.php\/acusan-a-un-policia-y-un-particular-por-presuntamente-facilitar-la-interceptacion-ilegal-de-los-celulares-de-marelbys-meza\/judicial\/#breadcrumb","itemListElement":[{"@type":"ListItem","position":1,"name":"Portada","item":"https:\/\/ciudadyregion.com.co\/"},{"@type":"ListItem","position":2,"name":"Acusan a un Polic\u00eda y un particular por presuntamente facilitar la interceptaci\u00f3n ilegal de los celulares de Marelbys Meza"}]},{"@type":"WebSite","@id":"https:\/\/ciudadyregion.com.co\/#website","url":"https:\/\/ciudadyregion.com.co\/","name":"Ciudad y Region","description":"","potentialAction":[{"@type":"SearchAction","target":{"@type":"EntryPoint","urlTemplate":"https:\/\/ciudadyregion.com.co\/?s={search_term_string}"},"query-input":{"@type":"PropertyValueSpecification","valueRequired":true,"valueName":"search_term_string"}}],"inLanguage":"es"},{"@type":"Person","@id":"https:\/\/ciudadyregion.com.co\/#\/schema\/person\/04a4954373ebc4051f46e8c65ff78622","name":"David Andr\u00e9s Aguirre","image":{"@type":"ImageObject","inLanguage":"es","@id":"https:\/\/ciudadyregion.com.co\/#\/schema\/person\/image\/","url":"https:\/\/secure.gravatar.com\/avatar\/bc3c655860202182ee6d1b5edd042dbe?s=96&d=mm&r=g","contentUrl":"https:\/\/secure.gravatar.com\/avatar\/bc3c655860202182ee6d1b5edd042dbe?s=96&d=mm&r=g","caption":"David Andr\u00e9s Aguirre"},"url":"https:\/\/ciudadyregion.com.co\/index.php\/author\/diegoaguirre\/"}]}},"jetpack_featured_media_url":"https:\/\/i0.wp.com\/ciudadyregion.com.co\/wp-content\/uploads\/2024\/02\/3-marelbyz-meza-polciia.jpg?fit=800%2C445&ssl=1","jetpack_sharing_enabled":true,"jetpack_shortlink":"https:\/\/wp.me\/pbS7hh-1UE","jetpack-related-posts":[],"_links":{"self":[{"href":"https:\/\/ciudadyregion.com.co\/index.php\/wp-json\/wp\/v2\/posts\/7356"}],"collection":[{"href":"https:\/\/ciudadyregion.com.co\/index.php\/wp-json\/wp\/v2\/posts"}],"about":[{"href":"https:\/\/ciudadyregion.com.co\/index.php\/wp-json\/wp\/v2\/types\/post"}],"author":[{"embeddable":true,"href":"https:\/\/ciudadyregion.com.co\/index.php\/wp-json\/wp\/v2\/users\/2"}],"replies":[{"embeddable":true,"href":"https:\/\/ciudadyregion.com.co\/index.php\/wp-json\/wp\/v2\/comments?post=7356"}],"version-history":[{"count":1,"href":"https:\/\/ciudadyregion.com.co\/index.php\/wp-json\/wp\/v2\/posts\/7356\/revisions"}],"predecessor-version":[{"id":7358,"href":"https:\/\/ciudadyregion.com.co\/index.php\/wp-json\/wp\/v2\/posts\/7356\/revisions\/7358"}],"wp:featuredmedia":[{"embeddable":true,"href":"https:\/\/ciudadyregion.com.co\/index.php\/wp-json\/wp\/v2\/media\/7357"}],"wp:attachment":[{"href":"https:\/\/ciudadyregion.com.co\/index.php\/wp-json\/wp\/v2\/media?parent=7356"}],"wp:term":[{"taxonomy":"category","embeddable":true,"href":"https:\/\/ciudadyregion.com.co\/index.php\/wp-json\/wp\/v2\/categories?post=7356"},{"taxonomy":"post_tag","embeddable":true,"href":"https:\/\/ciudadyregion.com.co\/index.php\/wp-json\/wp\/v2\/tags?post=7356"}],"curies":[{"name":"wp","href":"https:\/\/api.w.org\/{rel}","templated":true}]}}