{"id":7350,"date":"2024-02-12T08:26:48","date_gmt":"2024-02-12T13:26:48","guid":{"rendered":"https:\/\/ciudadyregion.com.co\/?p=7350"},"modified":"2024-02-12T08:26:48","modified_gmt":"2024-02-12T13:26:48","slug":"capital-musical-tv-es-el-primer-canal-publico-de-los-ibaguerenos","status":"publish","type":"post","link":"https:\/\/ciudadyregion.com.co\/index.php\/capital-musical-tv-es-el-primer-canal-publico-de-los-ibaguerenos\/ibague\/","title":{"rendered":"Capital Musical TV: Es el primer canal p\u00fablico de los ibaguere\u00f1os"},"content":{"rendered":"<div><span style=\"font-family: Arial;\">Con el fin de seguir fortaleciendo los medios de comunicaci\u00f3n de la Administraci\u00f3n Municipal, ahora los ibaguere\u00f1os contar\u00e1n con su primer canal p\u00fablico: Capital Musical TV, un espacio participativo, incluyente y social, que mantendr\u00e1 informado a todos los ciudadanos.\u00a0<\/span><\/div>\n<div><span style=\"font-family: Arial;\"><i>\u00a0<\/i><\/span><\/div>\n<blockquote>\n<div><span style=\"font-family: Arial;\"><i>\u201cEste es un canal que tiene un enfoque muy social, estamos en estos momentos en toda la estructuraci\u00f3n de la parilla de programaci\u00f3n, y queremos darle el espacio a todos los sectores sociales, a los l\u00edderes, concejales, gremios econ\u00f3micos, secretarios, gerentes de institutos descentralizados y ciudadan\u00eda en general, con el fin de tener una programaci\u00f3n amplia, participativa y plural\u201d,<\/i>\u00a0 inform\u00f3 Juan David Ortiz, jefe de Comunicaciones de la Alcald\u00eda.\u00a0<\/span><\/div>\n<\/blockquote>\n<div><span style=\"font-family: Arial;\">\u00a0<\/span><\/div>\n<div><span style=\"font-family: Arial;\">El canal, ya emiti\u00f3 sus primeros productos, a trav\u00e9s de YouTube y Facebook Live, donde se han dado anuncios, acciones y logros del equipo de gobierno de la alcaldesa Johana Aranda. Asimismo, Capital Musical TV cuenta con grandes herramientas tecnol\u00f3gicas para su oportuno funcionamiento.\u00a0<\/span><\/div>\n<div><span style=\"font-family: Arial;\"><i>\u00a0<\/i><\/span><\/div>\n<blockquote>\n<div><span style=\"font-family: Arial;\"><i>\u201cEl proyecto se empez\u00f3 a implementar el a\u00f1o pasado, pero este a\u00f1o va a tener una segunda etapa de inversi\u00f3n, cercana a los $500 millones, los cuales se van a invertir en la adquisici\u00f3n de m\u00e1s elementos que nos permitan desarrollar un mejor trabajo en el canal\u201d<\/i>, concluy\u00f3.<\/span><\/div>\n<\/blockquote>\n<div><span style=\"font-family: Arial;\">\u00a0<\/span><\/div>\n<div><span style=\"font-family: Arial;\">Se espera que en el pr\u00f3ximo mes de marzo, inicie oficialmente toda la parrilla de programaci\u00f3n y el noticiero de este proyecto televisivo, donde se dar\u00e1n a conocer importantes hechos de la ciudad y de suma relevancia para los ibaguere\u00f1os.<\/span><\/div>\n","protected":false},"excerpt":{"rendered":"<p>Con el fin de seguir fortaleciendo los medios de comunicaci\u00f3n de la Administraci\u00f3n Municipal, ahora los ibaguere\u00f1os contar\u00e1n con su primer canal p\u00fablico: Capital Musical TV, un espacio participativo, incluyente y social, que mantendr\u00e1 informado a todos los ciudadanos.\u00a0 \u00a0 \u201cEste es un canal que tiene un enfoque muy social,<span class=\"more-link\"><a href=\"https:\/\/ciudadyregion.com.co\/index.php\/capital-musical-tv-es-el-primer-canal-publico-de-los-ibaguerenos\/ibague\/\">Continuar Leyendo<\/a><\/span><\/p>\n","protected":false},"author":2,"featured_media":7351,"comment_status":"open","ping_status":"open","sticky":false,"template":"","format":"standard","meta":{"_uf_show_specific_survey":0,"_uf_disable_surveys":false,"_jetpack_memberships_contains_paid_content":false,"footnotes":"","jetpack_publicize_message":"","jetpack_publicize_feature_enabled":true,"jetpack_social_post_already_shared":true,"jetpack_social_options":{"image_generator_settings":{"template":"highway","enabled":false},"version":2}},"categories":[14],"tags":[],"class_list":["entry","author-diegoaguirre","post-7350","post","type-post","status-publish","format-standard","has-post-thumbnail","category-ibague"],"jetpack_publicize_connections":[],"yoast_head":"<!-- This site is optimized with the Yoast SEO plugin v24.3 - https:\/\/yoast.com\/wordpress\/plugins\/seo\/ -->\n<title>Capital Musical TV: Es el primer canal p\u00fablico de los ibaguere\u00f1os - Ciudad y Region<\/title>\n<meta name=\"robots\" content=\"index, follow, max-snippet:-1, max-image-preview:large, max-video-preview:-1\" \/>\n<link rel=\"canonical\" href=\"https:\/\/ciudadyregion.com.co\/index.php\/capital-musical-tv-es-el-primer-canal-publico-de-los-ibaguerenos\/ibague\/\" \/>\n<meta property=\"og:locale\" content=\"es_ES\" \/>\n<meta property=\"og:type\" content=\"article\" \/>\n<meta property=\"og:title\" content=\"Capital Musical TV: Es el primer canal p\u00fablico de los ibaguere\u00f1os - Ciudad y Region\" \/>\n<meta property=\"og:description\" content=\"Con el fin de seguir fortaleciendo los medios de comunicaci\u00f3n de la Administraci\u00f3n Municipal, ahora los ibaguere\u00f1os contar\u00e1n con su primer canal p\u00fablico: Capital Musical TV, un espacio participativo, incluyente y social, que mantendr\u00e1 informado a todos los ciudadanos.\u00a0 \u00a0 \u201cEste es un canal que tiene un enfoque muy social,Continuar Leyendo\" \/>\n<meta property=\"og:url\" content=\"https:\/\/ciudadyregion.com.co\/index.php\/capital-musical-tv-es-el-primer-canal-publico-de-los-ibaguerenos\/ibague\/\" \/>\n<meta property=\"og:site_name\" content=\"Ciudad y Region\" \/>\n<meta property=\"article:published_time\" content=\"2024-02-12T13:26:48+00:00\" \/>\n<meta property=\"og:image\" content=\"https:\/\/ciudadyregion.com.co\/wp-content\/uploads\/2024\/02\/1-capital-musical-tv.jpg\" \/>\n\t<meta property=\"og:image:width\" content=\"800\" \/>\n\t<meta property=\"og:image:height\" content=\"445\" \/>\n\t<meta property=\"og:image:type\" content=\"image\/jpeg\" \/>\n<meta name=\"author\" content=\"David Andr\u00e9s Aguirre\" \/>\n<meta name=\"twitter:card\" content=\"summary_large_image\" \/>\n<meta name=\"twitter:label1\" content=\"Escrito por\" \/>\n\t<meta name=\"twitter:data1\" content=\"David Andr\u00e9s Aguirre\" \/>\n\t<meta name=\"twitter:label2\" content=\"Tiempo de lectura\" \/>\n\t<meta name=\"twitter:data2\" content=\"1 minuto\" \/>\n<script type=\"application\/ld+json\" class=\"yoast-schema-graph\">{\"@context\":\"https:\/\/schema.org\",\"@graph\":[{\"@type\":\"WebPage\",\"@id\":\"https:\/\/ciudadyregion.com.co\/index.php\/capital-musical-tv-es-el-primer-canal-publico-de-los-ibaguerenos\/ibague\/\",\"url\":\"https:\/\/ciudadyregion.com.co\/index.php\/capital-musical-tv-es-el-primer-canal-publico-de-los-ibaguerenos\/ibague\/\",\"name\":\"Capital Musical TV: Es el primer canal p\u00fablico de los ibaguere\u00f1os - Ciudad y Region\",\"isPartOf\":{\"@id\":\"https:\/\/ciudadyregion.com.co\/#website\"},\"primaryImageOfPage\":{\"@id\":\"https:\/\/ciudadyregion.com.co\/index.php\/capital-musical-tv-es-el-primer-canal-publico-de-los-ibaguerenos\/ibague\/#primaryimage\"},\"image\":{\"@id\":\"https:\/\/ciudadyregion.com.co\/index.php\/capital-musical-tv-es-el-primer-canal-publico-de-los-ibaguerenos\/ibague\/#primaryimage\"},\"thumbnailUrl\":\"https:\/\/i0.wp.com\/ciudadyregion.com.co\/wp-content\/uploads\/2024\/02\/1-capital-musical-tv.jpg?fit=800%2C445&ssl=1\",\"datePublished\":\"2024-02-12T13:26:48+00:00\",\"dateModified\":\"2024-02-12T13:26:48+00:00\",\"author\":{\"@id\":\"https:\/\/ciudadyregion.com.co\/#\/schema\/person\/04a4954373ebc4051f46e8c65ff78622\"},\"breadcrumb\":{\"@id\":\"https:\/\/ciudadyregion.com.co\/index.php\/capital-musical-tv-es-el-primer-canal-publico-de-los-ibaguerenos\/ibague\/#breadcrumb\"},\"inLanguage\":\"es\",\"potentialAction\":[{\"@type\":\"ReadAction\",\"target\":[\"https:\/\/ciudadyregion.com.co\/index.php\/capital-musical-tv-es-el-primer-canal-publico-de-los-ibaguerenos\/ibague\/\"]}]},{\"@type\":\"ImageObject\",\"inLanguage\":\"es\",\"@id\":\"https:\/\/ciudadyregion.com.co\/index.php\/capital-musical-tv-es-el-primer-canal-publico-de-los-ibaguerenos\/ibague\/#primaryimage\",\"url\":\"https:\/\/i0.wp.com\/ciudadyregion.com.co\/wp-content\/uploads\/2024\/02\/1-capital-musical-tv.jpg?fit=800%2C445&ssl=1\",\"contentUrl\":\"https:\/\/i0.wp.com\/ciudadyregion.com.co\/wp-content\/uploads\/2024\/02\/1-capital-musical-tv.jpg?fit=800%2C445&ssl=1\",\"width\":800,\"height\":445},{\"@type\":\"BreadcrumbList\",\"@id\":\"https:\/\/ciudadyregion.com.co\/index.php\/capital-musical-tv-es-el-primer-canal-publico-de-los-ibaguerenos\/ibague\/#breadcrumb\",\"itemListElement\":[{\"@type\":\"ListItem\",\"position\":1,\"name\":\"Portada\",\"item\":\"https:\/\/ciudadyregion.com.co\/\"},{\"@type\":\"ListItem\",\"position\":2,\"name\":\"Capital Musical TV: Es el primer canal p\u00fablico de los ibaguere\u00f1os\"}]},{\"@type\":\"WebSite\",\"@id\":\"https:\/\/ciudadyregion.com.co\/#website\",\"url\":\"https:\/\/ciudadyregion.com.co\/\",\"name\":\"Ciudad y Region\",\"description\":\"\",\"potentialAction\":[{\"@type\":\"SearchAction\",\"target\":{\"@type\":\"EntryPoint\",\"urlTemplate\":\"https:\/\/ciudadyregion.com.co\/?s={search_term_string}\"},\"query-input\":{\"@type\":\"PropertyValueSpecification\",\"valueRequired\":true,\"valueName\":\"search_term_string\"}}],\"inLanguage\":\"es\"},{\"@type\":\"Person\",\"@id\":\"https:\/\/ciudadyregion.com.co\/#\/schema\/person\/04a4954373ebc4051f46e8c65ff78622\",\"name\":\"David Andr\u00e9s Aguirre\",\"image\":{\"@type\":\"ImageObject\",\"inLanguage\":\"es\",\"@id\":\"https:\/\/ciudadyregion.com.co\/#\/schema\/person\/image\/\",\"url\":\"https:\/\/secure.gravatar.com\/avatar\/bc3c655860202182ee6d1b5edd042dbe?s=96&d=mm&r=g\",\"contentUrl\":\"https:\/\/secure.gravatar.com\/avatar\/bc3c655860202182ee6d1b5edd042dbe?s=96&d=mm&r=g\",\"caption\":\"David Andr\u00e9s Aguirre\"},\"url\":\"https:\/\/ciudadyregion.com.co\/index.php\/author\/diegoaguirre\/\"}]}<\/script>\n<!-- \/ Yoast SEO plugin. -->","yoast_head_json":{"title":"Capital Musical TV: Es el primer canal p\u00fablico de los ibaguere\u00f1os - Ciudad y Region","robots":{"index":"index","follow":"follow","max-snippet":"max-snippet:-1","max-image-preview":"max-image-preview:large","max-video-preview":"max-video-preview:-1"},"canonical":"https:\/\/ciudadyregion.com.co\/index.php\/capital-musical-tv-es-el-primer-canal-publico-de-los-ibaguerenos\/ibague\/","og_locale":"es_ES","og_type":"article","og_title":"Capital Musical TV: Es el primer canal p\u00fablico de los ibaguere\u00f1os - Ciudad y Region","og_description":"Con el fin de seguir fortaleciendo los medios de comunicaci\u00f3n de la Administraci\u00f3n Municipal, ahora los ibaguere\u00f1os contar\u00e1n con su primer canal p\u00fablico: Capital Musical TV, un espacio participativo, incluyente y social, que mantendr\u00e1 informado a todos los ciudadanos.\u00a0 \u00a0 \u201cEste es un canal que tiene un enfoque muy social,Continuar Leyendo","og_url":"https:\/\/ciudadyregion.com.co\/index.php\/capital-musical-tv-es-el-primer-canal-publico-de-los-ibaguerenos\/ibague\/","og_site_name":"Ciudad y Region","article_published_time":"2024-02-12T13:26:48+00:00","og_image":[{"width":800,"height":445,"url":"https:\/\/ciudadyregion.com.co\/wp-content\/uploads\/2024\/02\/1-capital-musical-tv.jpg","type":"image\/jpeg"}],"author":"David Andr\u00e9s Aguirre","twitter_card":"summary_large_image","twitter_misc":{"Escrito por":"David Andr\u00e9s Aguirre","Tiempo de lectura":"1 minuto"},"schema":{"@context":"https:\/\/schema.org","@graph":[{"@type":"WebPage","@id":"https:\/\/ciudadyregion.com.co\/index.php\/capital-musical-tv-es-el-primer-canal-publico-de-los-ibaguerenos\/ibague\/","url":"https:\/\/ciudadyregion.com.co\/index.php\/capital-musical-tv-es-el-primer-canal-publico-de-los-ibaguerenos\/ibague\/","name":"Capital Musical TV: Es el primer canal p\u00fablico de los ibaguere\u00f1os - Ciudad y Region","isPartOf":{"@id":"https:\/\/ciudadyregion.com.co\/#website"},"primaryImageOfPage":{"@id":"https:\/\/ciudadyregion.com.co\/index.php\/capital-musical-tv-es-el-primer-canal-publico-de-los-ibaguerenos\/ibague\/#primaryimage"},"image":{"@id":"https:\/\/ciudadyregion.com.co\/index.php\/capital-musical-tv-es-el-primer-canal-publico-de-los-ibaguerenos\/ibague\/#primaryimage"},"thumbnailUrl":"https:\/\/i0.wp.com\/ciudadyregion.com.co\/wp-content\/uploads\/2024\/02\/1-capital-musical-tv.jpg?fit=800%2C445&ssl=1","datePublished":"2024-02-12T13:26:48+00:00","dateModified":"2024-02-12T13:26:48+00:00","author":{"@id":"https:\/\/ciudadyregion.com.co\/#\/schema\/person\/04a4954373ebc4051f46e8c65ff78622"},"breadcrumb":{"@id":"https:\/\/ciudadyregion.com.co\/index.php\/capital-musical-tv-es-el-primer-canal-publico-de-los-ibaguerenos\/ibague\/#breadcrumb"},"inLanguage":"es","potentialAction":[{"@type":"ReadAction","target":["https:\/\/ciudadyregion.com.co\/index.php\/capital-musical-tv-es-el-primer-canal-publico-de-los-ibaguerenos\/ibague\/"]}]},{"@type":"ImageObject","inLanguage":"es","@id":"https:\/\/ciudadyregion.com.co\/index.php\/capital-musical-tv-es-el-primer-canal-publico-de-los-ibaguerenos\/ibague\/#primaryimage","url":"https:\/\/i0.wp.com\/ciudadyregion.com.co\/wp-content\/uploads\/2024\/02\/1-capital-musical-tv.jpg?fit=800%2C445&ssl=1","contentUrl":"https:\/\/i0.wp.com\/ciudadyregion.com.co\/wp-content\/uploads\/2024\/02\/1-capital-musical-tv.jpg?fit=800%2C445&ssl=1","width":800,"height":445},{"@type":"BreadcrumbList","@id":"https:\/\/ciudadyregion.com.co\/index.php\/capital-musical-tv-es-el-primer-canal-publico-de-los-ibaguerenos\/ibague\/#breadcrumb","itemListElement":[{"@type":"ListItem","position":1,"name":"Portada","item":"https:\/\/ciudadyregion.com.co\/"},{"@type":"ListItem","position":2,"name":"Capital Musical TV: Es el primer canal p\u00fablico de los ibaguere\u00f1os"}]},{"@type":"WebSite","@id":"https:\/\/ciudadyregion.com.co\/#website","url":"https:\/\/ciudadyregion.com.co\/","name":"Ciudad y Region","description":"","potentialAction":[{"@type":"SearchAction","target":{"@type":"EntryPoint","urlTemplate":"https:\/\/ciudadyregion.com.co\/?s={search_term_string}"},"query-input":{"@type":"PropertyValueSpecification","valueRequired":true,"valueName":"search_term_string"}}],"inLanguage":"es"},{"@type":"Person","@id":"https:\/\/ciudadyregion.com.co\/#\/schema\/person\/04a4954373ebc4051f46e8c65ff78622","name":"David Andr\u00e9s Aguirre","image":{"@type":"ImageObject","inLanguage":"es","@id":"https:\/\/ciudadyregion.com.co\/#\/schema\/person\/image\/","url":"https:\/\/secure.gravatar.com\/avatar\/bc3c655860202182ee6d1b5edd042dbe?s=96&d=mm&r=g","contentUrl":"https:\/\/secure.gravatar.com\/avatar\/bc3c655860202182ee6d1b5edd042dbe?s=96&d=mm&r=g","caption":"David Andr\u00e9s Aguirre"},"url":"https:\/\/ciudadyregion.com.co\/index.php\/author\/diegoaguirre\/"}]}},"jetpack_featured_media_url":"https:\/\/i0.wp.com\/ciudadyregion.com.co\/wp-content\/uploads\/2024\/02\/1-capital-musical-tv.jpg?fit=800%2C445&ssl=1","jetpack_sharing_enabled":true,"jetpack_shortlink":"https:\/\/wp.me\/pbS7hh-1Uy","jetpack-related-posts":[],"_links":{"self":[{"href":"https:\/\/ciudadyregion.com.co\/index.php\/wp-json\/wp\/v2\/posts\/7350"}],"collection":[{"href":"https:\/\/ciudadyregion.com.co\/index.php\/wp-json\/wp\/v2\/posts"}],"about":[{"href":"https:\/\/ciudadyregion.com.co\/index.php\/wp-json\/wp\/v2\/types\/post"}],"author":[{"embeddable":true,"href":"https:\/\/ciudadyregion.com.co\/index.php\/wp-json\/wp\/v2\/users\/2"}],"replies":[{"embeddable":true,"href":"https:\/\/ciudadyregion.com.co\/index.php\/wp-json\/wp\/v2\/comments?post=7350"}],"version-history":[{"count":1,"href":"https:\/\/ciudadyregion.com.co\/index.php\/wp-json\/wp\/v2\/posts\/7350\/revisions"}],"predecessor-version":[{"id":7352,"href":"https:\/\/ciudadyregion.com.co\/index.php\/wp-json\/wp\/v2\/posts\/7350\/revisions\/7352"}],"wp:featuredmedia":[{"embeddable":true,"href":"https:\/\/ciudadyregion.com.co\/index.php\/wp-json\/wp\/v2\/media\/7351"}],"wp:attachment":[{"href":"https:\/\/ciudadyregion.com.co\/index.php\/wp-json\/wp\/v2\/media?parent=7350"}],"wp:term":[{"taxonomy":"category","embeddable":true,"href":"https:\/\/ciudadyregion.com.co\/index.php\/wp-json\/wp\/v2\/categories?post=7350"},{"taxonomy":"post_tag","embeddable":true,"href":"https:\/\/ciudadyregion.com.co\/index.php\/wp-json\/wp\/v2\/tags?post=7350"}],"curies":[{"name":"wp","href":"https:\/\/api.w.org\/{rel}","templated":true}]}}