{"id":7283,"date":"2024-02-10T04:35:10","date_gmt":"2024-02-10T09:35:10","guid":{"rendered":"https:\/\/ciudadyregion.com.co\/?p=7283"},"modified":"2024-02-09T19:35:27","modified_gmt":"2024-02-10T00:35:27","slug":"gobierno-y-mandatarios-de-la-region-acordaron-invertir-22-billones-para-recuperar-la-mojana","status":"publish","type":"post","link":"https:\/\/ciudadyregion.com.co\/index.php\/gobierno-y-mandatarios-de-la-region-acordaron-invertir-22-billones-para-recuperar-la-mojana\/nacional\/","title":{"rendered":"Gobierno y mandatarios de la regi\u00f3n acordaron invertir $2,2 billones para recuperar La Mojana"},"content":{"rendered":"<ul>\n<li><em>La Ministra de Ambiente anunci\u00f3 que el Gobierno del Cambio financiar\u00e1 la obra de reconexi\u00f3n del r\u00edo Cauca con La Mojana, que es el mayor problema de inundaciones en la zona.\u00a0<\/em><\/li>\n<\/ul>\n<p>El Gobierno Nacional anunci\u00f3 una inversi\u00f3n de 2,2 billones de pesos para la recuperaci\u00f3n de La Mojana, estrategia que contar\u00e1 con la participaci\u00f3n de las comunidades y que es fruto de un Acuerdo Regional pactado con los gobernadores de la regi\u00f3n.<\/p>\n<p>La ministra de Ambiente y Desarrollo Sostenible, Susana Muhamad \u2013quien lidera el acuerdo regional\u2013 precis\u00f3 que de estos recursos el Gobierno Nacional aportar\u00e1 m\u00e1s de 1,6 billones de pesos y el \u00d3rgano Colegiado de Administraci\u00f3n y Decisi\u00f3n (OCAD) de la Regi\u00f3n Caribe cerca de medio bill\u00f3n de pesos.<\/p>\n<blockquote><p>\u201cEl OCAD Caribe se suma a este gran esfuerzo de recuperar La Mojana. Logramos un pacto. El Gobierno Nacional ya dispuso del dinero de la financiaci\u00f3n para la obra de la reconexi\u00f3n del r\u00edo Cauca con La Mojana, que es el problema de inundaci\u00f3n fundamental\u00bb en la zona,\u00a0<a href=\"https:\/\/youtu.be\/2p2_Vy6TwiE\" target=\"_blank\" rel=\"noopener\">indic\u00f3<\/a>\u00a0titular de la cartera de Ambiente.<\/p><\/blockquote>\n<p>A esta obra se suma medio bill\u00f3n de pesos del Sistema Nacional Ambiental para la recuperaci\u00f3n de ca\u00f1os, ci\u00e9nagas y restauraci\u00f3n ecol\u00f3gica con las comunidades.<\/p>\n<blockquote><p>\u201cEsto nos suma un proyecto de recuperaci\u00f3n integral de La Mojana por 2,2 billones de pesos\u00bb, recalc\u00f3 la ministra Muhamad.<\/p>\n<p>\u201cLo que queremos resaltar es la convergencia regional para un proyecto estrat\u00e9gico regional entre los gobernadores de la regi\u00f3n Caribe y el Gobierno Nacional\u00bb, dijo.<\/p><\/blockquote>\n<p>Tambi\u00e9n avanza una inversi\u00f3n adicional de 129 mil millones de Unidad Nacional para la Gesti\u00f3n del Riesgo de Desastres (UNGRD) para el cierre del chorro de Caregato en el r\u00edo Cauca.<\/p>\n<p>El Ministerio de Ambiente continuar\u00e1 con las labores de restauraci\u00f3n que se iniciaron desde al a\u00f1o pasado y se espera restaurar 30 mil hect\u00e1reas, de la mano de las comunidades.<\/p>\n<h2>Pacto por L\u200b\u200ba Mojana<\/h2>\n<p>\u200bEn agosto de 2022, durante uno de sus recorridos por la regi\u00f3n, el presidente Gustavo Petro\u00a0<a href=\"https:\/\/petro.presidencia.gov.co\/prensa\/Paginas\/Palabras-del-Presidente-Gustavo-Petro-luego-de-su-visita-a-zonas-afectadas-220825.aspx\">plante\u00f3 un Pacto por La Mojana<\/a>, que no solo incluye acciones urgentes para enfrentar las inundaciones y a atender a los damnificados, con proyectos de reubicaci\u00f3n de sus viviendas y soberan\u00eda alimentaria, sino tambi\u00e9n estrategias a mediano y largo plazo para resolver problemas estructurales relacionados con el cuidado del agua, la tenencia de tierras, el desarrollo agr\u00edcola, la industrializaci\u00f3n del campo, la salud, la educaci\u00f3n, el turismo y la consecuci\u00f3n de la Paz Total.<\/p>\n<blockquote><p>\u201cReubicaci\u00f3n inmediata de los m\u00e1s vulnerables en donde tenemos tierras como Estado; compras de tierras, si nos alcanza. Y un pacto que tiene que implicar liberar los espacios del agua en C\u00f3rdoba\u00bb, recalc\u00f3.<\/p>\n<p>\u200b\u201cLa Fuerza P\u00fablica tiene que estar lista con los planes para recuperar las aguas del r\u00edo Cauca, para recuperar los fluidos acu\u00e1ticos tradicionales, que nos permitan el equilibrio entre el ser humano y la naturaleza y no tengamos este tipo de crisis, que cada vez va a ser peor si no nos preparamos, si no actuamos\u00bb, puntualiz\u00f3 el presidente de la Rep\u00fablica.<\/p><\/blockquote>\n","protected":false},"excerpt":{"rendered":"<p>La Ministra de Ambiente anunci\u00f3 que el Gobierno del Cambio financiar\u00e1 la obra de reconexi\u00f3n del r\u00edo Cauca con La Mojana, que es el mayor problema de inundaciones en la zona.\u00a0 El Gobierno Nacional anunci\u00f3 una inversi\u00f3n de 2,2 billones de pesos para la recuperaci\u00f3n de La Mojana, estrategia que<span class=\"more-link\"><a href=\"https:\/\/ciudadyregion.com.co\/index.php\/gobierno-y-mandatarios-de-la-region-acordaron-invertir-22-billones-para-recuperar-la-mojana\/nacional\/\">Continuar Leyendo<\/a><\/span><\/p>\n","protected":false},"author":2,"featured_media":7284,"comment_status":"open","ping_status":"open","sticky":false,"template":"","format":"standard","meta":{"_uf_show_specific_survey":0,"_uf_disable_surveys":false,"_jetpack_memberships_contains_paid_content":false,"footnotes":"","jetpack_publicize_message":"","jetpack_publicize_feature_enabled":true,"jetpack_social_post_already_shared":true,"jetpack_social_options":{"image_generator_settings":{"template":"highway","enabled":false},"version":2}},"categories":[23],"tags":[],"class_list":["entry","author-diegoaguirre","post-7283","post","type-post","status-publish","format-standard","has-post-thumbnail","category-nacional"],"jetpack_publicize_connections":[],"yoast_head":"<!-- This site is optimized with the Yoast SEO plugin v24.3 - https:\/\/yoast.com\/wordpress\/plugins\/seo\/ -->\n<title>Gobierno y mandatarios de la regi\u00f3n acordaron invertir $2,2 billones para recuperar La Mojana - Ciudad y Region<\/title>\n<meta name=\"robots\" content=\"index, follow, max-snippet:-1, max-image-preview:large, max-video-preview:-1\" \/>\n<link rel=\"canonical\" href=\"https:\/\/ciudadyregion.com.co\/index.php\/gobierno-y-mandatarios-de-la-region-acordaron-invertir-22-billones-para-recuperar-la-mojana\/nacional\/\" \/>\n<meta property=\"og:locale\" content=\"es_ES\" \/>\n<meta property=\"og:type\" content=\"article\" \/>\n<meta property=\"og:title\" content=\"Gobierno y mandatarios de la regi\u00f3n acordaron invertir $2,2 billones para recuperar La Mojana - Ciudad y Region\" \/>\n<meta property=\"og:description\" content=\"La Ministra de Ambiente anunci\u00f3 que el Gobierno del Cambio financiar\u00e1 la obra de reconexi\u00f3n del r\u00edo Cauca con La Mojana, que es el mayor problema de inundaciones en la zona.\u00a0 El Gobierno Nacional anunci\u00f3 una inversi\u00f3n de 2,2 billones de pesos para la recuperaci\u00f3n de La Mojana, estrategia queContinuar Leyendo\" \/>\n<meta property=\"og:url\" content=\"https:\/\/ciudadyregion.com.co\/index.php\/gobierno-y-mandatarios-de-la-region-acordaron-invertir-22-billones-para-recuperar-la-mojana\/nacional\/\" \/>\n<meta property=\"og:site_name\" content=\"Ciudad y Region\" \/>\n<meta property=\"article:published_time\" content=\"2024-02-10T09:35:10+00:00\" \/>\n<meta property=\"article:modified_time\" content=\"2024-02-10T00:35:27+00:00\" \/>\n<meta property=\"og:image\" content=\"https:\/\/i0.wp.com\/ciudadyregion.com.co\/wp-content\/uploads\/2024\/02\/la-mojana.jpg?fit=800%2C445&ssl=1\" \/>\n\t<meta property=\"og:image:width\" content=\"800\" \/>\n\t<meta property=\"og:image:height\" content=\"445\" \/>\n\t<meta property=\"og:image:type\" content=\"image\/jpeg\" \/>\n<meta name=\"author\" content=\"David Andr\u00e9s Aguirre\" \/>\n<meta name=\"twitter:card\" content=\"summary_large_image\" \/>\n<meta name=\"twitter:label1\" content=\"Escrito por\" \/>\n\t<meta name=\"twitter:data1\" content=\"David Andr\u00e9s Aguirre\" \/>\n\t<meta name=\"twitter:label2\" content=\"Tiempo de lectura\" \/>\n\t<meta name=\"twitter:data2\" content=\"2 minutos\" \/>\n<script type=\"application\/ld+json\" class=\"yoast-schema-graph\">{\"@context\":\"https:\/\/schema.org\",\"@graph\":[{\"@type\":\"WebPage\",\"@id\":\"https:\/\/ciudadyregion.com.co\/index.php\/gobierno-y-mandatarios-de-la-region-acordaron-invertir-22-billones-para-recuperar-la-mojana\/nacional\/\",\"url\":\"https:\/\/ciudadyregion.com.co\/index.php\/gobierno-y-mandatarios-de-la-region-acordaron-invertir-22-billones-para-recuperar-la-mojana\/nacional\/\",\"name\":\"Gobierno y mandatarios de la regi\u00f3n acordaron invertir $2,2 billones para recuperar La Mojana - Ciudad y Region\",\"isPartOf\":{\"@id\":\"https:\/\/ciudadyregion.com.co\/#website\"},\"primaryImageOfPage\":{\"@id\":\"https:\/\/ciudadyregion.com.co\/index.php\/gobierno-y-mandatarios-de-la-region-acordaron-invertir-22-billones-para-recuperar-la-mojana\/nacional\/#primaryimage\"},\"image\":{\"@id\":\"https:\/\/ciudadyregion.com.co\/index.php\/gobierno-y-mandatarios-de-la-region-acordaron-invertir-22-billones-para-recuperar-la-mojana\/nacional\/#primaryimage\"},\"thumbnailUrl\":\"https:\/\/i0.wp.com\/ciudadyregion.com.co\/wp-content\/uploads\/2024\/02\/la-mojana.jpg?fit=800%2C445&ssl=1\",\"datePublished\":\"2024-02-10T09:35:10+00:00\",\"dateModified\":\"2024-02-10T00:35:27+00:00\",\"author\":{\"@id\":\"https:\/\/ciudadyregion.com.co\/#\/schema\/person\/04a4954373ebc4051f46e8c65ff78622\"},\"breadcrumb\":{\"@id\":\"https:\/\/ciudadyregion.com.co\/index.php\/gobierno-y-mandatarios-de-la-region-acordaron-invertir-22-billones-para-recuperar-la-mojana\/nacional\/#breadcrumb\"},\"inLanguage\":\"es\",\"potentialAction\":[{\"@type\":\"ReadAction\",\"target\":[\"https:\/\/ciudadyregion.com.co\/index.php\/gobierno-y-mandatarios-de-la-region-acordaron-invertir-22-billones-para-recuperar-la-mojana\/nacional\/\"]}]},{\"@type\":\"ImageObject\",\"inLanguage\":\"es\",\"@id\":\"https:\/\/ciudadyregion.com.co\/index.php\/gobierno-y-mandatarios-de-la-region-acordaron-invertir-22-billones-para-recuperar-la-mojana\/nacional\/#primaryimage\",\"url\":\"https:\/\/i0.wp.com\/ciudadyregion.com.co\/wp-content\/uploads\/2024\/02\/la-mojana.jpg?fit=800%2C445&ssl=1\",\"contentUrl\":\"https:\/\/i0.wp.com\/ciudadyregion.com.co\/wp-content\/uploads\/2024\/02\/la-mojana.jpg?fit=800%2C445&ssl=1\",\"width\":800,\"height\":445},{\"@type\":\"BreadcrumbList\",\"@id\":\"https:\/\/ciudadyregion.com.co\/index.php\/gobierno-y-mandatarios-de-la-region-acordaron-invertir-22-billones-para-recuperar-la-mojana\/nacional\/#breadcrumb\",\"itemListElement\":[{\"@type\":\"ListItem\",\"position\":1,\"name\":\"Portada\",\"item\":\"https:\/\/ciudadyregion.com.co\/\"},{\"@type\":\"ListItem\",\"position\":2,\"name\":\"Gobierno y mandatarios de la regi\u00f3n acordaron invertir $2,2 billones para recuperar La Mojana\"}]},{\"@type\":\"WebSite\",\"@id\":\"https:\/\/ciudadyregion.com.co\/#website\",\"url\":\"https:\/\/ciudadyregion.com.co\/\",\"name\":\"Ciudad y Region\",\"description\":\"\",\"potentialAction\":[{\"@type\":\"SearchAction\",\"target\":{\"@type\":\"EntryPoint\",\"urlTemplate\":\"https:\/\/ciudadyregion.com.co\/?s={search_term_string}\"},\"query-input\":{\"@type\":\"PropertyValueSpecification\",\"valueRequired\":true,\"valueName\":\"search_term_string\"}}],\"inLanguage\":\"es\"},{\"@type\":\"Person\",\"@id\":\"https:\/\/ciudadyregion.com.co\/#\/schema\/person\/04a4954373ebc4051f46e8c65ff78622\",\"name\":\"David Andr\u00e9s Aguirre\",\"image\":{\"@type\":\"ImageObject\",\"inLanguage\":\"es\",\"@id\":\"https:\/\/ciudadyregion.com.co\/#\/schema\/person\/image\/\",\"url\":\"https:\/\/secure.gravatar.com\/avatar\/bc3c655860202182ee6d1b5edd042dbe?s=96&d=mm&r=g\",\"contentUrl\":\"https:\/\/secure.gravatar.com\/avatar\/bc3c655860202182ee6d1b5edd042dbe?s=96&d=mm&r=g\",\"caption\":\"David Andr\u00e9s Aguirre\"},\"url\":\"https:\/\/ciudadyregion.com.co\/index.php\/author\/diegoaguirre\/\"}]}<\/script>\n<!-- \/ Yoast SEO plugin. -->","yoast_head_json":{"title":"Gobierno y mandatarios de la regi\u00f3n acordaron invertir $2,2 billones para recuperar La Mojana - Ciudad y Region","robots":{"index":"index","follow":"follow","max-snippet":"max-snippet:-1","max-image-preview":"max-image-preview:large","max-video-preview":"max-video-preview:-1"},"canonical":"https:\/\/ciudadyregion.com.co\/index.php\/gobierno-y-mandatarios-de-la-region-acordaron-invertir-22-billones-para-recuperar-la-mojana\/nacional\/","og_locale":"es_ES","og_type":"article","og_title":"Gobierno y mandatarios de la regi\u00f3n acordaron invertir $2,2 billones para recuperar La Mojana - Ciudad y Region","og_description":"La Ministra de Ambiente anunci\u00f3 que el Gobierno del Cambio financiar\u00e1 la obra de reconexi\u00f3n del r\u00edo Cauca con La Mojana, que es el mayor problema de inundaciones en la zona.\u00a0 El Gobierno Nacional anunci\u00f3 una inversi\u00f3n de 2,2 billones de pesos para la recuperaci\u00f3n de La Mojana, estrategia queContinuar Leyendo","og_url":"https:\/\/ciudadyregion.com.co\/index.php\/gobierno-y-mandatarios-de-la-region-acordaron-invertir-22-billones-para-recuperar-la-mojana\/nacional\/","og_site_name":"Ciudad y Region","article_published_time":"2024-02-10T09:35:10+00:00","article_modified_time":"2024-02-10T00:35:27+00:00","og_image":[{"width":800,"height":445,"url":"https:\/\/i0.wp.com\/ciudadyregion.com.co\/wp-content\/uploads\/2024\/02\/la-mojana.jpg?fit=800%2C445&ssl=1","type":"image\/jpeg"}],"author":"David Andr\u00e9s Aguirre","twitter_card":"summary_large_image","twitter_misc":{"Escrito por":"David Andr\u00e9s Aguirre","Tiempo de lectura":"2 minutos"},"schema":{"@context":"https:\/\/schema.org","@graph":[{"@type":"WebPage","@id":"https:\/\/ciudadyregion.com.co\/index.php\/gobierno-y-mandatarios-de-la-region-acordaron-invertir-22-billones-para-recuperar-la-mojana\/nacional\/","url":"https:\/\/ciudadyregion.com.co\/index.php\/gobierno-y-mandatarios-de-la-region-acordaron-invertir-22-billones-para-recuperar-la-mojana\/nacional\/","name":"Gobierno y mandatarios de la regi\u00f3n acordaron invertir $2,2 billones para recuperar La Mojana - Ciudad y Region","isPartOf":{"@id":"https:\/\/ciudadyregion.com.co\/#website"},"primaryImageOfPage":{"@id":"https:\/\/ciudadyregion.com.co\/index.php\/gobierno-y-mandatarios-de-la-region-acordaron-invertir-22-billones-para-recuperar-la-mojana\/nacional\/#primaryimage"},"image":{"@id":"https:\/\/ciudadyregion.com.co\/index.php\/gobierno-y-mandatarios-de-la-region-acordaron-invertir-22-billones-para-recuperar-la-mojana\/nacional\/#primaryimage"},"thumbnailUrl":"https:\/\/i0.wp.com\/ciudadyregion.com.co\/wp-content\/uploads\/2024\/02\/la-mojana.jpg?fit=800%2C445&ssl=1","datePublished":"2024-02-10T09:35:10+00:00","dateModified":"2024-02-10T00:35:27+00:00","author":{"@id":"https:\/\/ciudadyregion.com.co\/#\/schema\/person\/04a4954373ebc4051f46e8c65ff78622"},"breadcrumb":{"@id":"https:\/\/ciudadyregion.com.co\/index.php\/gobierno-y-mandatarios-de-la-region-acordaron-invertir-22-billones-para-recuperar-la-mojana\/nacional\/#breadcrumb"},"inLanguage":"es","potentialAction":[{"@type":"ReadAction","target":["https:\/\/ciudadyregion.com.co\/index.php\/gobierno-y-mandatarios-de-la-region-acordaron-invertir-22-billones-para-recuperar-la-mojana\/nacional\/"]}]},{"@type":"ImageObject","inLanguage":"es","@id":"https:\/\/ciudadyregion.com.co\/index.php\/gobierno-y-mandatarios-de-la-region-acordaron-invertir-22-billones-para-recuperar-la-mojana\/nacional\/#primaryimage","url":"https:\/\/i0.wp.com\/ciudadyregion.com.co\/wp-content\/uploads\/2024\/02\/la-mojana.jpg?fit=800%2C445&ssl=1","contentUrl":"https:\/\/i0.wp.com\/ciudadyregion.com.co\/wp-content\/uploads\/2024\/02\/la-mojana.jpg?fit=800%2C445&ssl=1","width":800,"height":445},{"@type":"BreadcrumbList","@id":"https:\/\/ciudadyregion.com.co\/index.php\/gobierno-y-mandatarios-de-la-region-acordaron-invertir-22-billones-para-recuperar-la-mojana\/nacional\/#breadcrumb","itemListElement":[{"@type":"ListItem","position":1,"name":"Portada","item":"https:\/\/ciudadyregion.com.co\/"},{"@type":"ListItem","position":2,"name":"Gobierno y mandatarios de la regi\u00f3n acordaron invertir $2,2 billones para recuperar La Mojana"}]},{"@type":"WebSite","@id":"https:\/\/ciudadyregion.com.co\/#website","url":"https:\/\/ciudadyregion.com.co\/","name":"Ciudad y Region","description":"","potentialAction":[{"@type":"SearchAction","target":{"@type":"EntryPoint","urlTemplate":"https:\/\/ciudadyregion.com.co\/?s={search_term_string}"},"query-input":{"@type":"PropertyValueSpecification","valueRequired":true,"valueName":"search_term_string"}}],"inLanguage":"es"},{"@type":"Person","@id":"https:\/\/ciudadyregion.com.co\/#\/schema\/person\/04a4954373ebc4051f46e8c65ff78622","name":"David Andr\u00e9s Aguirre","image":{"@type":"ImageObject","inLanguage":"es","@id":"https:\/\/ciudadyregion.com.co\/#\/schema\/person\/image\/","url":"https:\/\/secure.gravatar.com\/avatar\/bc3c655860202182ee6d1b5edd042dbe?s=96&d=mm&r=g","contentUrl":"https:\/\/secure.gravatar.com\/avatar\/bc3c655860202182ee6d1b5edd042dbe?s=96&d=mm&r=g","caption":"David Andr\u00e9s Aguirre"},"url":"https:\/\/ciudadyregion.com.co\/index.php\/author\/diegoaguirre\/"}]}},"jetpack_featured_media_url":"https:\/\/i0.wp.com\/ciudadyregion.com.co\/wp-content\/uploads\/2024\/02\/la-mojana.jpg?fit=800%2C445&ssl=1","jetpack_sharing_enabled":true,"jetpack_shortlink":"https:\/\/wp.me\/pbS7hh-1Tt","jetpack-related-posts":[],"_links":{"self":[{"href":"https:\/\/ciudadyregion.com.co\/index.php\/wp-json\/wp\/v2\/posts\/7283"}],"collection":[{"href":"https:\/\/ciudadyregion.com.co\/index.php\/wp-json\/wp\/v2\/posts"}],"about":[{"href":"https:\/\/ciudadyregion.com.co\/index.php\/wp-json\/wp\/v2\/types\/post"}],"author":[{"embeddable":true,"href":"https:\/\/ciudadyregion.com.co\/index.php\/wp-json\/wp\/v2\/users\/2"}],"replies":[{"embeddable":true,"href":"https:\/\/ciudadyregion.com.co\/index.php\/wp-json\/wp\/v2\/comments?post=7283"}],"version-history":[{"count":1,"href":"https:\/\/ciudadyregion.com.co\/index.php\/wp-json\/wp\/v2\/posts\/7283\/revisions"}],"predecessor-version":[{"id":7285,"href":"https:\/\/ciudadyregion.com.co\/index.php\/wp-json\/wp\/v2\/posts\/7283\/revisions\/7285"}],"wp:featuredmedia":[{"embeddable":true,"href":"https:\/\/ciudadyregion.com.co\/index.php\/wp-json\/wp\/v2\/media\/7284"}],"wp:attachment":[{"href":"https:\/\/ciudadyregion.com.co\/index.php\/wp-json\/wp\/v2\/media?parent=7283"}],"wp:term":[{"taxonomy":"category","embeddable":true,"href":"https:\/\/ciudadyregion.com.co\/index.php\/wp-json\/wp\/v2\/categories?post=7283"},{"taxonomy":"post_tag","embeddable":true,"href":"https:\/\/ciudadyregion.com.co\/index.php\/wp-json\/wp\/v2\/tags?post=7283"}],"curies":[{"name":"wp","href":"https:\/\/api.w.org\/{rel}","templated":true}]}}