{"id":7256,"date":"2024-02-09T18:48:11","date_gmt":"2024-02-09T23:48:11","guid":{"rendered":"https:\/\/ciudadyregion.com.co\/?p=7256"},"modified":"2024-02-09T18:48:11","modified_gmt":"2024-02-09T23:48:11","slug":"2-hombres-fueron-judicializados-en-el-guamo-tolima-por-presunto-feminicidio-y-tentativa-de-feminicidio-agravado","status":"publish","type":"post","link":"https:\/\/ciudadyregion.com.co\/index.php\/2-hombres-fueron-judicializados-en-el-guamo-tolima-por-presunto-feminicidio-y-tentativa-de-feminicidio-agravado\/judicial\/","title":{"rendered":"2 Hombres fueron judicializados en el Guamo, Tolima por presunto feminicidio y tentativa de feminicidio agravado"},"content":{"rendered":"<ul>\n<li><em>Uno de ellos fue se\u00f1alado de segar la vida de su esposa con un cuchillo, en el otro hecho, el hombre, al parecer, atac\u00f3 con un arma cortocontundente a su esposa dej\u00e1ndola gravemente herida. Se les imputaron los delitos de feminicidio agravado y feminicidio tentado agravado respectivamente.<\/em><\/li>\n<\/ul>\n<p>\u00c1ngel Ren\u00e9 Quintero Uribe de 34 a\u00f1os y Uldarico Vargas Mel\u00e9ndez de 56 a\u00f1os, fueron enviados a la c\u00e1rcel como medida de aseguramiento preventiva, por su presunta responsabilidad en delitos de violencia basada en g\u00e9nero de los que fueron v\u00edctimas sus parejas sentimentales en hechos aislados ocurridos a inicios de febrero en el Guamo, Tolima.<\/p>\n<p>El primero fue detenido en un trabajo conjunto entre investigadores del CTI y la Polic\u00eda del Tolima en cumplimiento a la orden judicial que pesaba en su contra por el punible de feminicidio agravado del que fue v\u00edctima su esposa, una mujer de 23 a\u00f1os a quien sorprendi\u00f3 en la casa de su hermana, el pasado 2 de febrero en el barrio Pablo Sexto. La joven se encontraba all\u00ed hospedada desde d\u00edas atr\u00e1s debido a que hab\u00eda tomado la decisi\u00f3n de terminar con la relaci\u00f3n.<\/p>\n<p>\u00c9ste ser\u00eda para la Fiscal\u00eda, el detonante que llev\u00f3 a la agresi\u00f3n contra la madre de sus hijos a quien sin mediar palabra golpe\u00f3 en el rostro y luego fue a la cocina por un cuchillo para agredirla.<\/p>\n<p>Relat\u00f3 la delegada fiscal de la Unidad de Vida que conoci\u00f3 el caso, que la joven sali\u00f3 de la casa pidiendo ayuda al ver que el hombre quer\u00eda herirla, pero nadie la socorri\u00f3. Finalmente, el sujeto la hiri\u00f3 en siete ocasiones quedando malherida a las afueras de la vivienda, y poco despu\u00e9s fue llevada a un centro asistencial donde lleg\u00f3 sin signos vitales, mientras que su agresor huy\u00f3.<\/p>\n<p>El otro procesado fue detenido por la Polic\u00eda del Tolima y est\u00e1 siendo investigado por la tentativa de feminicidio agravada igualmente contra su compa\u00f1era sentimental.<\/p>\n<p>Vargas Mel\u00e9ndez el 1 de febrero habr\u00eda sorprendido con un arma cortocontundente a la v\u00edctima de 48 a\u00f1os, ocasion\u00e1ndole heridas de gravedad en diferentes partes de su cuerpo.<\/p>\n<p>El hecho ocurri\u00f3 a las afueras de su casa ubicada en zona rural del mismo municipio, cuando la mujer llegaba en su motocicleta. El procesado que ya la hab\u00eda amenazado de muerte con anterioridad, se encontrar\u00eda al parecer, bajo los efectos del licor y huy\u00f3 cuando los vecinos atendieron a los llamados de auxilio de la v\u00edctima.<\/p>\n<p>Gracias a las actividades investigativas y labores propias de polic\u00eda judicial se logr\u00f3 la<br \/>\nidentificaci\u00f3n y judicializaci\u00f3n de ambos procesados dando como resultado sus posteriores capturas.<\/p>\n<p>El primero acept\u00f3 los cargos enrostrados por la delegada fiscal, mientras que el segundo que fue imputado por un fiscal del Guamo no acept\u00f3 responsabilidad alguna.<\/p>\n<p>Quintero Uribe fue enviado a la c\u00e1rcel Coiba Picale\u00f1a, mientras que Vargas Mel\u00e9ndez a la c\u00e1rcel del municipio.<\/p>\n","protected":false},"excerpt":{"rendered":"<p>Uno de ellos fue se\u00f1alado de segar la vida de su esposa con un cuchillo, en el otro hecho, el hombre, al parecer, atac\u00f3 con un arma cortocontundente a su esposa dej\u00e1ndola gravemente herida. Se les imputaron los delitos de feminicidio agravado y feminicidio tentado agravado respectivamente. \u00c1ngel Ren\u00e9 Quintero<span class=\"more-link\"><a href=\"https:\/\/ciudadyregion.com.co\/index.php\/2-hombres-fueron-judicializados-en-el-guamo-tolima-por-presunto-feminicidio-y-tentativa-de-feminicidio-agravado\/judicial\/\">Continuar Leyendo<\/a><\/span><\/p>\n","protected":false},"author":2,"featured_media":7258,"comment_status":"open","ping_status":"open","sticky":false,"template":"","format":"standard","meta":{"_uf_show_specific_survey":0,"_uf_disable_surveys":false,"_jetpack_memberships_contains_paid_content":false,"footnotes":"","jetpack_publicize_message":"","jetpack_publicize_feature_enabled":true,"jetpack_social_post_already_shared":true,"jetpack_social_options":{"image_generator_settings":{"template":"highway","enabled":false},"version":2}},"categories":[18],"tags":[],"class_list":["entry","author-diegoaguirre","post-7256","post","type-post","status-publish","format-standard","has-post-thumbnail","category-judicial"],"jetpack_publicize_connections":[],"yoast_head":"<!-- This site is optimized with the Yoast SEO plugin v24.3 - https:\/\/yoast.com\/wordpress\/plugins\/seo\/ -->\n<title>2 Hombres fueron judicializados en el Guamo, Tolima por presunto feminicidio y tentativa de feminicidio agravado - Ciudad y Region<\/title>\n<meta name=\"robots\" content=\"index, follow, max-snippet:-1, max-image-preview:large, max-video-preview:-1\" \/>\n<link rel=\"canonical\" href=\"https:\/\/ciudadyregion.com.co\/index.php\/2-hombres-fueron-judicializados-en-el-guamo-tolima-por-presunto-feminicidio-y-tentativa-de-feminicidio-agravado\/judicial\/\" \/>\n<meta property=\"og:locale\" content=\"es_ES\" \/>\n<meta property=\"og:type\" content=\"article\" \/>\n<meta property=\"og:title\" content=\"2 Hombres fueron judicializados en el Guamo, Tolima por presunto feminicidio y tentativa de feminicidio agravado - Ciudad y Region\" \/>\n<meta property=\"og:description\" content=\"Uno de ellos fue se\u00f1alado de segar la vida de su esposa con un cuchillo, en el otro hecho, el hombre, al parecer, atac\u00f3 con un arma cortocontundente a su esposa dej\u00e1ndola gravemente herida. Se les imputaron los delitos de feminicidio agravado y feminicidio tentado agravado respectivamente. \u00c1ngel Ren\u00e9 QuinteroContinuar Leyendo\" \/>\n<meta property=\"og:url\" content=\"https:\/\/ciudadyregion.com.co\/index.php\/2-hombres-fueron-judicializados-en-el-guamo-tolima-por-presunto-feminicidio-y-tentativa-de-feminicidio-agravado\/judicial\/\" \/>\n<meta property=\"og:site_name\" content=\"Ciudad y Region\" \/>\n<meta property=\"article:published_time\" content=\"2024-02-09T23:48:11+00:00\" \/>\n<meta property=\"og:image\" content=\"https:\/\/ciudadyregion.com.co\/wp-content\/uploads\/2024\/02\/4-10.jpg\" \/>\n\t<meta property=\"og:image:width\" content=\"800\" \/>\n\t<meta property=\"og:image:height\" content=\"445\" \/>\n\t<meta property=\"og:image:type\" content=\"image\/jpeg\" \/>\n<meta name=\"author\" content=\"David Andr\u00e9s Aguirre\" \/>\n<meta name=\"twitter:card\" content=\"summary_large_image\" \/>\n<meta name=\"twitter:label1\" content=\"Escrito por\" \/>\n\t<meta name=\"twitter:data1\" content=\"David Andr\u00e9s Aguirre\" \/>\n\t<meta name=\"twitter:label2\" content=\"Tiempo de lectura\" \/>\n\t<meta name=\"twitter:data2\" content=\"3 minutos\" \/>\n<script type=\"application\/ld+json\" class=\"yoast-schema-graph\">{\"@context\":\"https:\/\/schema.org\",\"@graph\":[{\"@type\":\"WebPage\",\"@id\":\"https:\/\/ciudadyregion.com.co\/index.php\/2-hombres-fueron-judicializados-en-el-guamo-tolima-por-presunto-feminicidio-y-tentativa-de-feminicidio-agravado\/judicial\/\",\"url\":\"https:\/\/ciudadyregion.com.co\/index.php\/2-hombres-fueron-judicializados-en-el-guamo-tolima-por-presunto-feminicidio-y-tentativa-de-feminicidio-agravado\/judicial\/\",\"name\":\"2 Hombres fueron judicializados en el Guamo, Tolima por presunto feminicidio y tentativa de feminicidio agravado - Ciudad y Region\",\"isPartOf\":{\"@id\":\"https:\/\/ciudadyregion.com.co\/#website\"},\"primaryImageOfPage\":{\"@id\":\"https:\/\/ciudadyregion.com.co\/index.php\/2-hombres-fueron-judicializados-en-el-guamo-tolima-por-presunto-feminicidio-y-tentativa-de-feminicidio-agravado\/judicial\/#primaryimage\"},\"image\":{\"@id\":\"https:\/\/ciudadyregion.com.co\/index.php\/2-hombres-fueron-judicializados-en-el-guamo-tolima-por-presunto-feminicidio-y-tentativa-de-feminicidio-agravado\/judicial\/#primaryimage\"},\"thumbnailUrl\":\"https:\/\/i0.wp.com\/ciudadyregion.com.co\/wp-content\/uploads\/2024\/02\/4-10.jpg?fit=800%2C445&ssl=1\",\"datePublished\":\"2024-02-09T23:48:11+00:00\",\"dateModified\":\"2024-02-09T23:48:11+00:00\",\"author\":{\"@id\":\"https:\/\/ciudadyregion.com.co\/#\/schema\/person\/04a4954373ebc4051f46e8c65ff78622\"},\"breadcrumb\":{\"@id\":\"https:\/\/ciudadyregion.com.co\/index.php\/2-hombres-fueron-judicializados-en-el-guamo-tolima-por-presunto-feminicidio-y-tentativa-de-feminicidio-agravado\/judicial\/#breadcrumb\"},\"inLanguage\":\"es\",\"potentialAction\":[{\"@type\":\"ReadAction\",\"target\":[\"https:\/\/ciudadyregion.com.co\/index.php\/2-hombres-fueron-judicializados-en-el-guamo-tolima-por-presunto-feminicidio-y-tentativa-de-feminicidio-agravado\/judicial\/\"]}]},{\"@type\":\"ImageObject\",\"inLanguage\":\"es\",\"@id\":\"https:\/\/ciudadyregion.com.co\/index.php\/2-hombres-fueron-judicializados-en-el-guamo-tolima-por-presunto-feminicidio-y-tentativa-de-feminicidio-agravado\/judicial\/#primaryimage\",\"url\":\"https:\/\/i0.wp.com\/ciudadyregion.com.co\/wp-content\/uploads\/2024\/02\/4-10.jpg?fit=800%2C445&ssl=1\",\"contentUrl\":\"https:\/\/i0.wp.com\/ciudadyregion.com.co\/wp-content\/uploads\/2024\/02\/4-10.jpg?fit=800%2C445&ssl=1\",\"width\":800,\"height\":445},{\"@type\":\"BreadcrumbList\",\"@id\":\"https:\/\/ciudadyregion.com.co\/index.php\/2-hombres-fueron-judicializados-en-el-guamo-tolima-por-presunto-feminicidio-y-tentativa-de-feminicidio-agravado\/judicial\/#breadcrumb\",\"itemListElement\":[{\"@type\":\"ListItem\",\"position\":1,\"name\":\"Portada\",\"item\":\"https:\/\/ciudadyregion.com.co\/\"},{\"@type\":\"ListItem\",\"position\":2,\"name\":\"2 Hombres fueron judicializados en el Guamo, Tolima por presunto feminicidio y tentativa de feminicidio agravado\"}]},{\"@type\":\"WebSite\",\"@id\":\"https:\/\/ciudadyregion.com.co\/#website\",\"url\":\"https:\/\/ciudadyregion.com.co\/\",\"name\":\"Ciudad y Region\",\"description\":\"\",\"potentialAction\":[{\"@type\":\"SearchAction\",\"target\":{\"@type\":\"EntryPoint\",\"urlTemplate\":\"https:\/\/ciudadyregion.com.co\/?s={search_term_string}\"},\"query-input\":{\"@type\":\"PropertyValueSpecification\",\"valueRequired\":true,\"valueName\":\"search_term_string\"}}],\"inLanguage\":\"es\"},{\"@type\":\"Person\",\"@id\":\"https:\/\/ciudadyregion.com.co\/#\/schema\/person\/04a4954373ebc4051f46e8c65ff78622\",\"name\":\"David Andr\u00e9s Aguirre\",\"image\":{\"@type\":\"ImageObject\",\"inLanguage\":\"es\",\"@id\":\"https:\/\/ciudadyregion.com.co\/#\/schema\/person\/image\/\",\"url\":\"https:\/\/secure.gravatar.com\/avatar\/bc3c655860202182ee6d1b5edd042dbe?s=96&d=mm&r=g\",\"contentUrl\":\"https:\/\/secure.gravatar.com\/avatar\/bc3c655860202182ee6d1b5edd042dbe?s=96&d=mm&r=g\",\"caption\":\"David Andr\u00e9s Aguirre\"},\"url\":\"https:\/\/ciudadyregion.com.co\/index.php\/author\/diegoaguirre\/\"}]}<\/script>\n<!-- \/ Yoast SEO plugin. -->","yoast_head_json":{"title":"2 Hombres fueron judicializados en el Guamo, Tolima por presunto feminicidio y tentativa de feminicidio agravado - Ciudad y Region","robots":{"index":"index","follow":"follow","max-snippet":"max-snippet:-1","max-image-preview":"max-image-preview:large","max-video-preview":"max-video-preview:-1"},"canonical":"https:\/\/ciudadyregion.com.co\/index.php\/2-hombres-fueron-judicializados-en-el-guamo-tolima-por-presunto-feminicidio-y-tentativa-de-feminicidio-agravado\/judicial\/","og_locale":"es_ES","og_type":"article","og_title":"2 Hombres fueron judicializados en el Guamo, Tolima por presunto feminicidio y tentativa de feminicidio agravado - Ciudad y Region","og_description":"Uno de ellos fue se\u00f1alado de segar la vida de su esposa con un cuchillo, en el otro hecho, el hombre, al parecer, atac\u00f3 con un arma cortocontundente a su esposa dej\u00e1ndola gravemente herida. Se les imputaron los delitos de feminicidio agravado y feminicidio tentado agravado respectivamente. \u00c1ngel Ren\u00e9 QuinteroContinuar Leyendo","og_url":"https:\/\/ciudadyregion.com.co\/index.php\/2-hombres-fueron-judicializados-en-el-guamo-tolima-por-presunto-feminicidio-y-tentativa-de-feminicidio-agravado\/judicial\/","og_site_name":"Ciudad y Region","article_published_time":"2024-02-09T23:48:11+00:00","og_image":[{"width":800,"height":445,"url":"https:\/\/ciudadyregion.com.co\/wp-content\/uploads\/2024\/02\/4-10.jpg","type":"image\/jpeg"}],"author":"David Andr\u00e9s Aguirre","twitter_card":"summary_large_image","twitter_misc":{"Escrito por":"David Andr\u00e9s Aguirre","Tiempo de lectura":"3 minutos"},"schema":{"@context":"https:\/\/schema.org","@graph":[{"@type":"WebPage","@id":"https:\/\/ciudadyregion.com.co\/index.php\/2-hombres-fueron-judicializados-en-el-guamo-tolima-por-presunto-feminicidio-y-tentativa-de-feminicidio-agravado\/judicial\/","url":"https:\/\/ciudadyregion.com.co\/index.php\/2-hombres-fueron-judicializados-en-el-guamo-tolima-por-presunto-feminicidio-y-tentativa-de-feminicidio-agravado\/judicial\/","name":"2 Hombres fueron judicializados en el Guamo, Tolima por presunto feminicidio y tentativa de feminicidio agravado - Ciudad y Region","isPartOf":{"@id":"https:\/\/ciudadyregion.com.co\/#website"},"primaryImageOfPage":{"@id":"https:\/\/ciudadyregion.com.co\/index.php\/2-hombres-fueron-judicializados-en-el-guamo-tolima-por-presunto-feminicidio-y-tentativa-de-feminicidio-agravado\/judicial\/#primaryimage"},"image":{"@id":"https:\/\/ciudadyregion.com.co\/index.php\/2-hombres-fueron-judicializados-en-el-guamo-tolima-por-presunto-feminicidio-y-tentativa-de-feminicidio-agravado\/judicial\/#primaryimage"},"thumbnailUrl":"https:\/\/i0.wp.com\/ciudadyregion.com.co\/wp-content\/uploads\/2024\/02\/4-10.jpg?fit=800%2C445&ssl=1","datePublished":"2024-02-09T23:48:11+00:00","dateModified":"2024-02-09T23:48:11+00:00","author":{"@id":"https:\/\/ciudadyregion.com.co\/#\/schema\/person\/04a4954373ebc4051f46e8c65ff78622"},"breadcrumb":{"@id":"https:\/\/ciudadyregion.com.co\/index.php\/2-hombres-fueron-judicializados-en-el-guamo-tolima-por-presunto-feminicidio-y-tentativa-de-feminicidio-agravado\/judicial\/#breadcrumb"},"inLanguage":"es","potentialAction":[{"@type":"ReadAction","target":["https:\/\/ciudadyregion.com.co\/index.php\/2-hombres-fueron-judicializados-en-el-guamo-tolima-por-presunto-feminicidio-y-tentativa-de-feminicidio-agravado\/judicial\/"]}]},{"@type":"ImageObject","inLanguage":"es","@id":"https:\/\/ciudadyregion.com.co\/index.php\/2-hombres-fueron-judicializados-en-el-guamo-tolima-por-presunto-feminicidio-y-tentativa-de-feminicidio-agravado\/judicial\/#primaryimage","url":"https:\/\/i0.wp.com\/ciudadyregion.com.co\/wp-content\/uploads\/2024\/02\/4-10.jpg?fit=800%2C445&ssl=1","contentUrl":"https:\/\/i0.wp.com\/ciudadyregion.com.co\/wp-content\/uploads\/2024\/02\/4-10.jpg?fit=800%2C445&ssl=1","width":800,"height":445},{"@type":"BreadcrumbList","@id":"https:\/\/ciudadyregion.com.co\/index.php\/2-hombres-fueron-judicializados-en-el-guamo-tolima-por-presunto-feminicidio-y-tentativa-de-feminicidio-agravado\/judicial\/#breadcrumb","itemListElement":[{"@type":"ListItem","position":1,"name":"Portada","item":"https:\/\/ciudadyregion.com.co\/"},{"@type":"ListItem","position":2,"name":"2 Hombres fueron judicializados en el Guamo, Tolima por presunto feminicidio y tentativa de feminicidio agravado"}]},{"@type":"WebSite","@id":"https:\/\/ciudadyregion.com.co\/#website","url":"https:\/\/ciudadyregion.com.co\/","name":"Ciudad y Region","description":"","potentialAction":[{"@type":"SearchAction","target":{"@type":"EntryPoint","urlTemplate":"https:\/\/ciudadyregion.com.co\/?s={search_term_string}"},"query-input":{"@type":"PropertyValueSpecification","valueRequired":true,"valueName":"search_term_string"}}],"inLanguage":"es"},{"@type":"Person","@id":"https:\/\/ciudadyregion.com.co\/#\/schema\/person\/04a4954373ebc4051f46e8c65ff78622","name":"David Andr\u00e9s Aguirre","image":{"@type":"ImageObject","inLanguage":"es","@id":"https:\/\/ciudadyregion.com.co\/#\/schema\/person\/image\/","url":"https:\/\/secure.gravatar.com\/avatar\/bc3c655860202182ee6d1b5edd042dbe?s=96&d=mm&r=g","contentUrl":"https:\/\/secure.gravatar.com\/avatar\/bc3c655860202182ee6d1b5edd042dbe?s=96&d=mm&r=g","caption":"David Andr\u00e9s Aguirre"},"url":"https:\/\/ciudadyregion.com.co\/index.php\/author\/diegoaguirre\/"}]}},"jetpack_featured_media_url":"https:\/\/i0.wp.com\/ciudadyregion.com.co\/wp-content\/uploads\/2024\/02\/4-10.jpg?fit=800%2C445&ssl=1","jetpack_sharing_enabled":true,"jetpack_shortlink":"https:\/\/wp.me\/pbS7hh-1T2","jetpack-related-posts":[],"_links":{"self":[{"href":"https:\/\/ciudadyregion.com.co\/index.php\/wp-json\/wp\/v2\/posts\/7256"}],"collection":[{"href":"https:\/\/ciudadyregion.com.co\/index.php\/wp-json\/wp\/v2\/posts"}],"about":[{"href":"https:\/\/ciudadyregion.com.co\/index.php\/wp-json\/wp\/v2\/types\/post"}],"author":[{"embeddable":true,"href":"https:\/\/ciudadyregion.com.co\/index.php\/wp-json\/wp\/v2\/users\/2"}],"replies":[{"embeddable":true,"href":"https:\/\/ciudadyregion.com.co\/index.php\/wp-json\/wp\/v2\/comments?post=7256"}],"version-history":[{"count":2,"href":"https:\/\/ciudadyregion.com.co\/index.php\/wp-json\/wp\/v2\/posts\/7256\/revisions"}],"predecessor-version":[{"id":7260,"href":"https:\/\/ciudadyregion.com.co\/index.php\/wp-json\/wp\/v2\/posts\/7256\/revisions\/7260"}],"wp:featuredmedia":[{"embeddable":true,"href":"https:\/\/ciudadyregion.com.co\/index.php\/wp-json\/wp\/v2\/media\/7258"}],"wp:attachment":[{"href":"https:\/\/ciudadyregion.com.co\/index.php\/wp-json\/wp\/v2\/media?parent=7256"}],"wp:term":[{"taxonomy":"category","embeddable":true,"href":"https:\/\/ciudadyregion.com.co\/index.php\/wp-json\/wp\/v2\/categories?post=7256"},{"taxonomy":"post_tag","embeddable":true,"href":"https:\/\/ciudadyregion.com.co\/index.php\/wp-json\/wp\/v2\/tags?post=7256"}],"curies":[{"name":"wp","href":"https:\/\/api.w.org\/{rel}","templated":true}]}}