{"id":7227,"date":"2024-02-08T21:38:53","date_gmt":"2024-02-09T02:38:53","guid":{"rendered":"https:\/\/ciudadyregion.com.co\/?p=7227"},"modified":"2024-02-08T21:38:53","modified_gmt":"2024-02-09T02:38:53","slug":"petro-designo-al-embajador-de-colombia-en-estados-unidos-como-ministro-de-relaciones-exteriores","status":"publish","type":"post","link":"https:\/\/ciudadyregion.com.co\/index.php\/petro-designo-al-embajador-de-colombia-en-estados-unidos-como-ministro-de-relaciones-exteriores\/nacional\/","title":{"rendered":"Petro design\u00f3 al embajador de Colombia en Estados Unidos como ministro de Relaciones Exteriores"},"content":{"rendered":"<ul>\n<li><em>Mediante el Decreto 150 de febrero en curso, se encarg\u00f3 al embajador Murillo del cargo de ministro de Relaciones Exteriores por un t\u00e9rmino de tres meses \u201csin perjuicio del ejercicio de las funciones propias de su cargo\u00bb.<\/em><\/li>\n<\/ul>\n<p>El presidente Gustavo Petro Urrego design\u00f3 este jueves al embajador de Colombia en Estados Unidos, Luis Gilberto Murillo Urrutia, como ministro de Relaciones Exteriores, por el t\u00e9rmino de tres meses.<\/p>\n<p>As\u00ed se dispuso por medio del\u00a0<a href=\"https:\/\/dapre.presidencia.gov.co\/normativa\/normativa\/DECRETO%200150%20DE%2008%20DE%20FEBRERO%20DE%202024.pdf\">Decreto 150<\/a>\u00a0de la fecha, \u201cpor el cual se hace efectiva la suspensi\u00f3n provisional del ministro de Relaciones Exteriores (\u00c1lvaro Leyva Dur\u00e1n), ordenada por la Procuradur\u00eda General de la Naci\u00f3n\u00bb.<\/p>\n<p>El decreto precisa que el encargo del embajador Murillo Urrutia \u201cpor el t\u00e9rmino de tres meses, contado a partir de la expedici\u00f3n del presente decreto\u00bb, se hace \u201csin perjuicio del ejercicio de las funciones propias de su cargo\u00bb.<\/p>\n","protected":false},"excerpt":{"rendered":"<p>Mediante el Decreto 150 de febrero en curso, se encarg\u00f3 al embajador Murillo del cargo de ministro de Relaciones Exteriores por un t\u00e9rmino de tres meses \u201csin perjuicio del ejercicio de las funciones propias de su cargo\u00bb. El presidente Gustavo Petro Urrego design\u00f3 este jueves al embajador de Colombia en<span class=\"more-link\"><a href=\"https:\/\/ciudadyregion.com.co\/index.php\/petro-designo-al-embajador-de-colombia-en-estados-unidos-como-ministro-de-relaciones-exteriores\/nacional\/\">Continuar Leyendo<\/a><\/span><\/p>\n","protected":false},"author":2,"featured_media":7228,"comment_status":"open","ping_status":"open","sticky":false,"template":"","format":"standard","meta":{"_uf_show_specific_survey":0,"_uf_disable_surveys":false,"_jetpack_memberships_contains_paid_content":false,"footnotes":"","jetpack_publicize_message":"","jetpack_publicize_feature_enabled":true,"jetpack_social_post_already_shared":true,"jetpack_social_options":{"image_generator_settings":{"template":"highway","enabled":false},"version":2}},"categories":[23],"tags":[],"class_list":["entry","author-diegoaguirre","post-7227","post","type-post","status-publish","format-standard","has-post-thumbnail","category-nacional"],"jetpack_publicize_connections":[],"yoast_head":"<!-- This site is optimized with the Yoast SEO plugin v24.3 - https:\/\/yoast.com\/wordpress\/plugins\/seo\/ -->\n<title>Petro design\u00f3 al embajador de Colombia en Estados Unidos como ministro de Relaciones Exteriores - Ciudad y Region<\/title>\n<meta name=\"robots\" content=\"index, follow, max-snippet:-1, max-image-preview:large, max-video-preview:-1\" \/>\n<link rel=\"canonical\" href=\"https:\/\/ciudadyregion.com.co\/index.php\/petro-designo-al-embajador-de-colombia-en-estados-unidos-como-ministro-de-relaciones-exteriores\/nacional\/\" \/>\n<meta property=\"og:locale\" content=\"es_ES\" \/>\n<meta property=\"og:type\" content=\"article\" \/>\n<meta property=\"og:title\" content=\"Petro design\u00f3 al embajador de Colombia en Estados Unidos como ministro de Relaciones Exteriores - Ciudad y Region\" \/>\n<meta property=\"og:description\" content=\"Mediante el Decreto 150 de febrero en curso, se encarg\u00f3 al embajador Murillo del cargo de ministro de Relaciones Exteriores por un t\u00e9rmino de tres meses \u201csin perjuicio del ejercicio de las funciones propias de su cargo\u00bb. El presidente Gustavo Petro Urrego design\u00f3 este jueves al embajador de Colombia enContinuar Leyendo\" \/>\n<meta property=\"og:url\" content=\"https:\/\/ciudadyregion.com.co\/index.php\/petro-designo-al-embajador-de-colombia-en-estados-unidos-como-ministro-de-relaciones-exteriores\/nacional\/\" \/>\n<meta property=\"og:site_name\" content=\"Ciudad y Region\" \/>\n<meta property=\"article:published_time\" content=\"2024-02-09T02:38:53+00:00\" \/>\n<meta property=\"og:image\" content=\"https:\/\/ciudadyregion.com.co\/wp-content\/uploads\/2024\/02\/1-13.jpg\" \/>\n\t<meta property=\"og:image:width\" content=\"800\" \/>\n\t<meta property=\"og:image:height\" content=\"445\" \/>\n\t<meta property=\"og:image:type\" content=\"image\/jpeg\" \/>\n<meta name=\"author\" content=\"David Andr\u00e9s Aguirre\" \/>\n<meta name=\"twitter:card\" content=\"summary_large_image\" \/>\n<meta name=\"twitter:label1\" content=\"Escrito por\" \/>\n\t<meta name=\"twitter:data1\" content=\"David Andr\u00e9s Aguirre\" \/>\n\t<meta name=\"twitter:label2\" content=\"Tiempo de lectura\" \/>\n\t<meta name=\"twitter:data2\" content=\"1 minuto\" \/>\n<script type=\"application\/ld+json\" class=\"yoast-schema-graph\">{\"@context\":\"https:\/\/schema.org\",\"@graph\":[{\"@type\":\"WebPage\",\"@id\":\"https:\/\/ciudadyregion.com.co\/index.php\/petro-designo-al-embajador-de-colombia-en-estados-unidos-como-ministro-de-relaciones-exteriores\/nacional\/\",\"url\":\"https:\/\/ciudadyregion.com.co\/index.php\/petro-designo-al-embajador-de-colombia-en-estados-unidos-como-ministro-de-relaciones-exteriores\/nacional\/\",\"name\":\"Petro design\u00f3 al embajador de Colombia en Estados Unidos como ministro de Relaciones Exteriores - Ciudad y Region\",\"isPartOf\":{\"@id\":\"https:\/\/ciudadyregion.com.co\/#website\"},\"primaryImageOfPage\":{\"@id\":\"https:\/\/ciudadyregion.com.co\/index.php\/petro-designo-al-embajador-de-colombia-en-estados-unidos-como-ministro-de-relaciones-exteriores\/nacional\/#primaryimage\"},\"image\":{\"@id\":\"https:\/\/ciudadyregion.com.co\/index.php\/petro-designo-al-embajador-de-colombia-en-estados-unidos-como-ministro-de-relaciones-exteriores\/nacional\/#primaryimage\"},\"thumbnailUrl\":\"https:\/\/i0.wp.com\/ciudadyregion.com.co\/wp-content\/uploads\/2024\/02\/1-13.jpg?fit=800%2C445&ssl=1\",\"datePublished\":\"2024-02-09T02:38:53+00:00\",\"dateModified\":\"2024-02-09T02:38:53+00:00\",\"author\":{\"@id\":\"https:\/\/ciudadyregion.com.co\/#\/schema\/person\/04a4954373ebc4051f46e8c65ff78622\"},\"breadcrumb\":{\"@id\":\"https:\/\/ciudadyregion.com.co\/index.php\/petro-designo-al-embajador-de-colombia-en-estados-unidos-como-ministro-de-relaciones-exteriores\/nacional\/#breadcrumb\"},\"inLanguage\":\"es\",\"potentialAction\":[{\"@type\":\"ReadAction\",\"target\":[\"https:\/\/ciudadyregion.com.co\/index.php\/petro-designo-al-embajador-de-colombia-en-estados-unidos-como-ministro-de-relaciones-exteriores\/nacional\/\"]}]},{\"@type\":\"ImageObject\",\"inLanguage\":\"es\",\"@id\":\"https:\/\/ciudadyregion.com.co\/index.php\/petro-designo-al-embajador-de-colombia-en-estados-unidos-como-ministro-de-relaciones-exteriores\/nacional\/#primaryimage\",\"url\":\"https:\/\/i0.wp.com\/ciudadyregion.com.co\/wp-content\/uploads\/2024\/02\/1-13.jpg?fit=800%2C445&ssl=1\",\"contentUrl\":\"https:\/\/i0.wp.com\/ciudadyregion.com.co\/wp-content\/uploads\/2024\/02\/1-13.jpg?fit=800%2C445&ssl=1\",\"width\":800,\"height\":445},{\"@type\":\"BreadcrumbList\",\"@id\":\"https:\/\/ciudadyregion.com.co\/index.php\/petro-designo-al-embajador-de-colombia-en-estados-unidos-como-ministro-de-relaciones-exteriores\/nacional\/#breadcrumb\",\"itemListElement\":[{\"@type\":\"ListItem\",\"position\":1,\"name\":\"Portada\",\"item\":\"https:\/\/ciudadyregion.com.co\/\"},{\"@type\":\"ListItem\",\"position\":2,\"name\":\"Petro design\u00f3 al embajador de Colombia en Estados Unidos como ministro de Relaciones Exteriores\"}]},{\"@type\":\"WebSite\",\"@id\":\"https:\/\/ciudadyregion.com.co\/#website\",\"url\":\"https:\/\/ciudadyregion.com.co\/\",\"name\":\"Ciudad y Region\",\"description\":\"\",\"potentialAction\":[{\"@type\":\"SearchAction\",\"target\":{\"@type\":\"EntryPoint\",\"urlTemplate\":\"https:\/\/ciudadyregion.com.co\/?s={search_term_string}\"},\"query-input\":{\"@type\":\"PropertyValueSpecification\",\"valueRequired\":true,\"valueName\":\"search_term_string\"}}],\"inLanguage\":\"es\"},{\"@type\":\"Person\",\"@id\":\"https:\/\/ciudadyregion.com.co\/#\/schema\/person\/04a4954373ebc4051f46e8c65ff78622\",\"name\":\"David Andr\u00e9s Aguirre\",\"image\":{\"@type\":\"ImageObject\",\"inLanguage\":\"es\",\"@id\":\"https:\/\/ciudadyregion.com.co\/#\/schema\/person\/image\/\",\"url\":\"https:\/\/secure.gravatar.com\/avatar\/bc3c655860202182ee6d1b5edd042dbe?s=96&d=mm&r=g\",\"contentUrl\":\"https:\/\/secure.gravatar.com\/avatar\/bc3c655860202182ee6d1b5edd042dbe?s=96&d=mm&r=g\",\"caption\":\"David Andr\u00e9s Aguirre\"},\"url\":\"https:\/\/ciudadyregion.com.co\/index.php\/author\/diegoaguirre\/\"}]}<\/script>\n<!-- \/ Yoast SEO plugin. -->","yoast_head_json":{"title":"Petro design\u00f3 al embajador de Colombia en Estados Unidos como ministro de Relaciones Exteriores - Ciudad y Region","robots":{"index":"index","follow":"follow","max-snippet":"max-snippet:-1","max-image-preview":"max-image-preview:large","max-video-preview":"max-video-preview:-1"},"canonical":"https:\/\/ciudadyregion.com.co\/index.php\/petro-designo-al-embajador-de-colombia-en-estados-unidos-como-ministro-de-relaciones-exteriores\/nacional\/","og_locale":"es_ES","og_type":"article","og_title":"Petro design\u00f3 al embajador de Colombia en Estados Unidos como ministro de Relaciones Exteriores - Ciudad y Region","og_description":"Mediante el Decreto 150 de febrero en curso, se encarg\u00f3 al embajador Murillo del cargo de ministro de Relaciones Exteriores por un t\u00e9rmino de tres meses \u201csin perjuicio del ejercicio de las funciones propias de su cargo\u00bb. El presidente Gustavo Petro Urrego design\u00f3 este jueves al embajador de Colombia enContinuar Leyendo","og_url":"https:\/\/ciudadyregion.com.co\/index.php\/petro-designo-al-embajador-de-colombia-en-estados-unidos-como-ministro-de-relaciones-exteriores\/nacional\/","og_site_name":"Ciudad y Region","article_published_time":"2024-02-09T02:38:53+00:00","og_image":[{"width":800,"height":445,"url":"https:\/\/ciudadyregion.com.co\/wp-content\/uploads\/2024\/02\/1-13.jpg","type":"image\/jpeg"}],"author":"David Andr\u00e9s Aguirre","twitter_card":"summary_large_image","twitter_misc":{"Escrito por":"David Andr\u00e9s Aguirre","Tiempo de lectura":"1 minuto"},"schema":{"@context":"https:\/\/schema.org","@graph":[{"@type":"WebPage","@id":"https:\/\/ciudadyregion.com.co\/index.php\/petro-designo-al-embajador-de-colombia-en-estados-unidos-como-ministro-de-relaciones-exteriores\/nacional\/","url":"https:\/\/ciudadyregion.com.co\/index.php\/petro-designo-al-embajador-de-colombia-en-estados-unidos-como-ministro-de-relaciones-exteriores\/nacional\/","name":"Petro design\u00f3 al embajador de Colombia en Estados Unidos como ministro de Relaciones Exteriores - Ciudad y Region","isPartOf":{"@id":"https:\/\/ciudadyregion.com.co\/#website"},"primaryImageOfPage":{"@id":"https:\/\/ciudadyregion.com.co\/index.php\/petro-designo-al-embajador-de-colombia-en-estados-unidos-como-ministro-de-relaciones-exteriores\/nacional\/#primaryimage"},"image":{"@id":"https:\/\/ciudadyregion.com.co\/index.php\/petro-designo-al-embajador-de-colombia-en-estados-unidos-como-ministro-de-relaciones-exteriores\/nacional\/#primaryimage"},"thumbnailUrl":"https:\/\/i0.wp.com\/ciudadyregion.com.co\/wp-content\/uploads\/2024\/02\/1-13.jpg?fit=800%2C445&ssl=1","datePublished":"2024-02-09T02:38:53+00:00","dateModified":"2024-02-09T02:38:53+00:00","author":{"@id":"https:\/\/ciudadyregion.com.co\/#\/schema\/person\/04a4954373ebc4051f46e8c65ff78622"},"breadcrumb":{"@id":"https:\/\/ciudadyregion.com.co\/index.php\/petro-designo-al-embajador-de-colombia-en-estados-unidos-como-ministro-de-relaciones-exteriores\/nacional\/#breadcrumb"},"inLanguage":"es","potentialAction":[{"@type":"ReadAction","target":["https:\/\/ciudadyregion.com.co\/index.php\/petro-designo-al-embajador-de-colombia-en-estados-unidos-como-ministro-de-relaciones-exteriores\/nacional\/"]}]},{"@type":"ImageObject","inLanguage":"es","@id":"https:\/\/ciudadyregion.com.co\/index.php\/petro-designo-al-embajador-de-colombia-en-estados-unidos-como-ministro-de-relaciones-exteriores\/nacional\/#primaryimage","url":"https:\/\/i0.wp.com\/ciudadyregion.com.co\/wp-content\/uploads\/2024\/02\/1-13.jpg?fit=800%2C445&ssl=1","contentUrl":"https:\/\/i0.wp.com\/ciudadyregion.com.co\/wp-content\/uploads\/2024\/02\/1-13.jpg?fit=800%2C445&ssl=1","width":800,"height":445},{"@type":"BreadcrumbList","@id":"https:\/\/ciudadyregion.com.co\/index.php\/petro-designo-al-embajador-de-colombia-en-estados-unidos-como-ministro-de-relaciones-exteriores\/nacional\/#breadcrumb","itemListElement":[{"@type":"ListItem","position":1,"name":"Portada","item":"https:\/\/ciudadyregion.com.co\/"},{"@type":"ListItem","position":2,"name":"Petro design\u00f3 al embajador de Colombia en Estados Unidos como ministro de Relaciones Exteriores"}]},{"@type":"WebSite","@id":"https:\/\/ciudadyregion.com.co\/#website","url":"https:\/\/ciudadyregion.com.co\/","name":"Ciudad y Region","description":"","potentialAction":[{"@type":"SearchAction","target":{"@type":"EntryPoint","urlTemplate":"https:\/\/ciudadyregion.com.co\/?s={search_term_string}"},"query-input":{"@type":"PropertyValueSpecification","valueRequired":true,"valueName":"search_term_string"}}],"inLanguage":"es"},{"@type":"Person","@id":"https:\/\/ciudadyregion.com.co\/#\/schema\/person\/04a4954373ebc4051f46e8c65ff78622","name":"David Andr\u00e9s Aguirre","image":{"@type":"ImageObject","inLanguage":"es","@id":"https:\/\/ciudadyregion.com.co\/#\/schema\/person\/image\/","url":"https:\/\/secure.gravatar.com\/avatar\/bc3c655860202182ee6d1b5edd042dbe?s=96&d=mm&r=g","contentUrl":"https:\/\/secure.gravatar.com\/avatar\/bc3c655860202182ee6d1b5edd042dbe?s=96&d=mm&r=g","caption":"David Andr\u00e9s Aguirre"},"url":"https:\/\/ciudadyregion.com.co\/index.php\/author\/diegoaguirre\/"}]}},"jetpack_featured_media_url":"https:\/\/i0.wp.com\/ciudadyregion.com.co\/wp-content\/uploads\/2024\/02\/1-13.jpg?fit=800%2C445&ssl=1","jetpack_sharing_enabled":true,"jetpack_shortlink":"https:\/\/wp.me\/pbS7hh-1Sz","jetpack-related-posts":[],"_links":{"self":[{"href":"https:\/\/ciudadyregion.com.co\/index.php\/wp-json\/wp\/v2\/posts\/7227"}],"collection":[{"href":"https:\/\/ciudadyregion.com.co\/index.php\/wp-json\/wp\/v2\/posts"}],"about":[{"href":"https:\/\/ciudadyregion.com.co\/index.php\/wp-json\/wp\/v2\/types\/post"}],"author":[{"embeddable":true,"href":"https:\/\/ciudadyregion.com.co\/index.php\/wp-json\/wp\/v2\/users\/2"}],"replies":[{"embeddable":true,"href":"https:\/\/ciudadyregion.com.co\/index.php\/wp-json\/wp\/v2\/comments?post=7227"}],"version-history":[{"count":1,"href":"https:\/\/ciudadyregion.com.co\/index.php\/wp-json\/wp\/v2\/posts\/7227\/revisions"}],"predecessor-version":[{"id":7229,"href":"https:\/\/ciudadyregion.com.co\/index.php\/wp-json\/wp\/v2\/posts\/7227\/revisions\/7229"}],"wp:featuredmedia":[{"embeddable":true,"href":"https:\/\/ciudadyregion.com.co\/index.php\/wp-json\/wp\/v2\/media\/7228"}],"wp:attachment":[{"href":"https:\/\/ciudadyregion.com.co\/index.php\/wp-json\/wp\/v2\/media?parent=7227"}],"wp:term":[{"taxonomy":"category","embeddable":true,"href":"https:\/\/ciudadyregion.com.co\/index.php\/wp-json\/wp\/v2\/categories?post=7227"},{"taxonomy":"post_tag","embeddable":true,"href":"https:\/\/ciudadyregion.com.co\/index.php\/wp-json\/wp\/v2\/tags?post=7227"}],"curies":[{"name":"wp","href":"https:\/\/api.w.org\/{rel}","templated":true}]}}