{"id":722,"date":"2023-10-27T04:50:26","date_gmt":"2023-10-27T09:50:26","guid":{"rendered":"https:\/\/ciudadyregion.com.co\/?p=722"},"modified":"2023-10-26T18:29:23","modified_gmt":"2023-10-26T23:29:23","slug":"la-facultad-de-salud-de-la-ut-y-departamento-de-salud-publica-de-ibague-realizaron-importante-jornada-de-bienestar","status":"publish","type":"post","link":"https:\/\/ciudadyregion.com.co\/index.php\/la-facultad-de-salud-de-la-ut-y-departamento-de-salud-publica-de-ibague-realizaron-importante-jornada-de-bienestar\/educacion\/","title":{"rendered":"La Facultad de Salud de la UT y Departamento de Salud P\u00fablica de Ibagu\u00e9 realizaron importante jornada de bienestar"},"content":{"rendered":"<p>En esfuerzo conjunto por promover la salud y el bienestar de la comunidad universitaria, la Facultad y el Departamento de Salud P\u00fablica se unieron en una emocionante jornada de proyecci\u00f3n social. El evento brind\u00f3 a la comunidad una valiosa oportunidad para evaluar su salud cardiovascular.<\/p>\n<p>El tamizaje de riesgo cardiovascular es una herramienta crucial para detectar afecciones y factores de riesgo relacionados con enfermedades del coraz\u00f3n. Durante la jornada, los asistentes pudieron someterse a pruebas de detecci\u00f3n que incluyeron mediciones de presi\u00f3n arterial, an\u00e1lisis de glucosa en sangre, \u00edndice de masa corporal (IMC) y evaluaciones de estilo de vida.<\/p>\n<p>Los profesionales de la salud del Departamento de Salud P\u00fablica jugaron un papel fundamental en la realizaci\u00f3n de las pruebas, brindando orientaci\u00f3n y asesoramiento a los participantes. Los resultados de las evaluaciones se entregaron de manera confidencial, y se proporcionaron recomendaciones personalizadas para aquellos que presentaron riesgos cardiovasculares.<\/p>\n<p>Este evento no solo promovi\u00f3 la conciencia sobre la importancia de la salud cardiovascular, sino que tambi\u00e9n resalt\u00f3 el compromiso de la Universidad, la Facultad de Ciencias de la Salud y el Departamento de Salud P\u00fablica con la comunidad local. La jornada de bienestar reflej\u00f3 la creencia en el poder de la colaboraci\u00f3n y la proyecci\u00f3n social para marcar una diferencia significativa en la salud de las personas.<\/p>\n<p>La comunidad agradeci\u00f3 a la Universidad, la Facultad y el Departamento de Salud P\u00fablica por esta iniciativa, que contribuye de manera importante a mejorar la calidad de vida y la salud de todos los involucrados. Este evento sirvi\u00f3 como un recordatorio de que la salud es un recurso invaluable y que el trabajo en equipo puede marcar una diferencia significativa en el bienestar de la comunidad.<\/p>\n<p>La UT espera seguir colaborando en futuras iniciativas de bienestar y proyecci\u00f3n social para beneficiar a la comunidad y fomentar un estilo de vida m\u00e1s saludable.<\/p>\n<p>&nbsp;<\/p>\n<p>&nbsp;<\/p>\n<p>&nbsp;<\/p>\n<p>&nbsp;<\/p>\n<p>Cr\u00e9ditos: Universidad del Tolima<\/p>\n","protected":false},"excerpt":{"rendered":"<p>En esfuerzo conjunto por promover la salud y el bienestar de la comunidad universitaria, la Facultad y el Departamento de Salud P\u00fablica se unieron en una emocionante jornada de proyecci\u00f3n social. El evento brind\u00f3 a la comunidad una valiosa oportunidad para evaluar su salud cardiovascular. El tamizaje de riesgo cardiovascular<span class=\"more-link\"><a href=\"https:\/\/ciudadyregion.com.co\/index.php\/la-facultad-de-salud-de-la-ut-y-departamento-de-salud-publica-de-ibague-realizaron-importante-jornada-de-bienestar\/educacion\/\">Continuar Leyendo<\/a><\/span><\/p>\n","protected":false},"author":2,"featured_media":723,"comment_status":"open","ping_status":"open","sticky":false,"template":"","format":"standard","meta":{"_uf_show_specific_survey":0,"_uf_disable_surveys":false,"_jetpack_memberships_contains_paid_content":false,"footnotes":"","jetpack_publicize_message":"","jetpack_publicize_feature_enabled":true,"jetpack_social_post_already_shared":false,"jetpack_social_options":{"image_generator_settings":{"template":"highway","enabled":false},"version":2}},"categories":[22],"tags":[],"class_list":["entry","author-diegoaguirre","post-722","post","type-post","status-publish","format-standard","has-post-thumbnail","category-educacion"],"jetpack_publicize_connections":[],"yoast_head":"<!-- This site is optimized with the Yoast SEO plugin v24.3 - https:\/\/yoast.com\/wordpress\/plugins\/seo\/ -->\n<title>La Facultad de Salud de la UT y Departamento de Salud P\u00fablica de Ibagu\u00e9 realizaron importante jornada de bienestar - Ciudad y Region<\/title>\n<meta name=\"robots\" content=\"index, follow, max-snippet:-1, max-image-preview:large, max-video-preview:-1\" \/>\n<link rel=\"canonical\" href=\"https:\/\/ciudadyregion.com.co\/index.php\/la-facultad-de-salud-de-la-ut-y-departamento-de-salud-publica-de-ibague-realizaron-importante-jornada-de-bienestar\/educacion\/\" \/>\n<meta property=\"og:locale\" content=\"es_ES\" \/>\n<meta property=\"og:type\" content=\"article\" \/>\n<meta property=\"og:title\" content=\"La Facultad de Salud de la UT y Departamento de Salud P\u00fablica de Ibagu\u00e9 realizaron importante jornada de bienestar - Ciudad y Region\" \/>\n<meta property=\"og:description\" content=\"En esfuerzo conjunto por promover la salud y el bienestar de la comunidad universitaria, la Facultad y el Departamento de Salud P\u00fablica se unieron en una emocionante jornada de proyecci\u00f3n social. El evento brind\u00f3 a la comunidad una valiosa oportunidad para evaluar su salud cardiovascular. El tamizaje de riesgo cardiovascularContinuar Leyendo\" \/>\n<meta property=\"og:url\" content=\"https:\/\/ciudadyregion.com.co\/index.php\/la-facultad-de-salud-de-la-ut-y-departamento-de-salud-publica-de-ibague-realizaron-importante-jornada-de-bienestar\/educacion\/\" \/>\n<meta property=\"og:site_name\" content=\"Ciudad y Region\" \/>\n<meta property=\"article:published_time\" content=\"2023-10-27T09:50:26+00:00\" \/>\n<meta property=\"article:modified_time\" content=\"2023-10-26T23:29:23+00:00\" \/>\n<meta property=\"og:image\" content=\"https:\/\/ciudadyregion.com.co\/wp-content\/uploads\/2023\/10\/R.jpg\" \/>\n\t<meta property=\"og:image:width\" content=\"800\" \/>\n\t<meta property=\"og:image:height\" content=\"445\" \/>\n\t<meta property=\"og:image:type\" content=\"image\/jpeg\" \/>\n<meta name=\"author\" content=\"David Andr\u00e9s Aguirre\" \/>\n<meta name=\"twitter:card\" content=\"summary_large_image\" \/>\n<meta name=\"twitter:label1\" content=\"Escrito por\" \/>\n\t<meta name=\"twitter:data1\" content=\"David Andr\u00e9s Aguirre\" \/>\n\t<meta name=\"twitter:label2\" content=\"Tiempo de lectura\" \/>\n\t<meta name=\"twitter:data2\" content=\"2 minutos\" \/>\n<script type=\"application\/ld+json\" class=\"yoast-schema-graph\">{\"@context\":\"https:\/\/schema.org\",\"@graph\":[{\"@type\":\"WebPage\",\"@id\":\"https:\/\/ciudadyregion.com.co\/index.php\/la-facultad-de-salud-de-la-ut-y-departamento-de-salud-publica-de-ibague-realizaron-importante-jornada-de-bienestar\/educacion\/\",\"url\":\"https:\/\/ciudadyregion.com.co\/index.php\/la-facultad-de-salud-de-la-ut-y-departamento-de-salud-publica-de-ibague-realizaron-importante-jornada-de-bienestar\/educacion\/\",\"name\":\"La Facultad de Salud de la UT y Departamento de Salud P\u00fablica de Ibagu\u00e9 realizaron importante jornada de bienestar - Ciudad y Region\",\"isPartOf\":{\"@id\":\"https:\/\/ciudadyregion.com.co\/#website\"},\"primaryImageOfPage\":{\"@id\":\"https:\/\/ciudadyregion.com.co\/index.php\/la-facultad-de-salud-de-la-ut-y-departamento-de-salud-publica-de-ibague-realizaron-importante-jornada-de-bienestar\/educacion\/#primaryimage\"},\"image\":{\"@id\":\"https:\/\/ciudadyregion.com.co\/index.php\/la-facultad-de-salud-de-la-ut-y-departamento-de-salud-publica-de-ibague-realizaron-importante-jornada-de-bienestar\/educacion\/#primaryimage\"},\"thumbnailUrl\":\"https:\/\/i0.wp.com\/ciudadyregion.com.co\/wp-content\/uploads\/2023\/10\/R.jpg?fit=800%2C445&ssl=1\",\"datePublished\":\"2023-10-27T09:50:26+00:00\",\"dateModified\":\"2023-10-26T23:29:23+00:00\",\"author\":{\"@id\":\"https:\/\/ciudadyregion.com.co\/#\/schema\/person\/04a4954373ebc4051f46e8c65ff78622\"},\"breadcrumb\":{\"@id\":\"https:\/\/ciudadyregion.com.co\/index.php\/la-facultad-de-salud-de-la-ut-y-departamento-de-salud-publica-de-ibague-realizaron-importante-jornada-de-bienestar\/educacion\/#breadcrumb\"},\"inLanguage\":\"es\",\"potentialAction\":[{\"@type\":\"ReadAction\",\"target\":[\"https:\/\/ciudadyregion.com.co\/index.php\/la-facultad-de-salud-de-la-ut-y-departamento-de-salud-publica-de-ibague-realizaron-importante-jornada-de-bienestar\/educacion\/\"]}]},{\"@type\":\"ImageObject\",\"inLanguage\":\"es\",\"@id\":\"https:\/\/ciudadyregion.com.co\/index.php\/la-facultad-de-salud-de-la-ut-y-departamento-de-salud-publica-de-ibague-realizaron-importante-jornada-de-bienestar\/educacion\/#primaryimage\",\"url\":\"https:\/\/i0.wp.com\/ciudadyregion.com.co\/wp-content\/uploads\/2023\/10\/R.jpg?fit=800%2C445&ssl=1\",\"contentUrl\":\"https:\/\/i0.wp.com\/ciudadyregion.com.co\/wp-content\/uploads\/2023\/10\/R.jpg?fit=800%2C445&ssl=1\",\"width\":800,\"height\":445},{\"@type\":\"BreadcrumbList\",\"@id\":\"https:\/\/ciudadyregion.com.co\/index.php\/la-facultad-de-salud-de-la-ut-y-departamento-de-salud-publica-de-ibague-realizaron-importante-jornada-de-bienestar\/educacion\/#breadcrumb\",\"itemListElement\":[{\"@type\":\"ListItem\",\"position\":1,\"name\":\"Portada\",\"item\":\"https:\/\/ciudadyregion.com.co\/\"},{\"@type\":\"ListItem\",\"position\":2,\"name\":\"La Facultad de Salud de la UT y Departamento de Salud P\u00fablica de Ibagu\u00e9 realizaron importante jornada de bienestar\"}]},{\"@type\":\"WebSite\",\"@id\":\"https:\/\/ciudadyregion.com.co\/#website\",\"url\":\"https:\/\/ciudadyregion.com.co\/\",\"name\":\"Ciudad y Region\",\"description\":\"\",\"potentialAction\":[{\"@type\":\"SearchAction\",\"target\":{\"@type\":\"EntryPoint\",\"urlTemplate\":\"https:\/\/ciudadyregion.com.co\/?s={search_term_string}\"},\"query-input\":{\"@type\":\"PropertyValueSpecification\",\"valueRequired\":true,\"valueName\":\"search_term_string\"}}],\"inLanguage\":\"es\"},{\"@type\":\"Person\",\"@id\":\"https:\/\/ciudadyregion.com.co\/#\/schema\/person\/04a4954373ebc4051f46e8c65ff78622\",\"name\":\"David Andr\u00e9s Aguirre\",\"image\":{\"@type\":\"ImageObject\",\"inLanguage\":\"es\",\"@id\":\"https:\/\/ciudadyregion.com.co\/#\/schema\/person\/image\/\",\"url\":\"https:\/\/secure.gravatar.com\/avatar\/bc3c655860202182ee6d1b5edd042dbe?s=96&d=mm&r=g\",\"contentUrl\":\"https:\/\/secure.gravatar.com\/avatar\/bc3c655860202182ee6d1b5edd042dbe?s=96&d=mm&r=g\",\"caption\":\"David Andr\u00e9s Aguirre\"},\"url\":\"https:\/\/ciudadyregion.com.co\/index.php\/author\/diegoaguirre\/\"}]}<\/script>\n<!-- \/ Yoast SEO plugin. -->","yoast_head_json":{"title":"La Facultad de Salud de la UT y Departamento de Salud P\u00fablica de Ibagu\u00e9 realizaron importante jornada de bienestar - Ciudad y Region","robots":{"index":"index","follow":"follow","max-snippet":"max-snippet:-1","max-image-preview":"max-image-preview:large","max-video-preview":"max-video-preview:-1"},"canonical":"https:\/\/ciudadyregion.com.co\/index.php\/la-facultad-de-salud-de-la-ut-y-departamento-de-salud-publica-de-ibague-realizaron-importante-jornada-de-bienestar\/educacion\/","og_locale":"es_ES","og_type":"article","og_title":"La Facultad de Salud de la UT y Departamento de Salud P\u00fablica de Ibagu\u00e9 realizaron importante jornada de bienestar - Ciudad y Region","og_description":"En esfuerzo conjunto por promover la salud y el bienestar de la comunidad universitaria, la Facultad y el Departamento de Salud P\u00fablica se unieron en una emocionante jornada de proyecci\u00f3n social. El evento brind\u00f3 a la comunidad una valiosa oportunidad para evaluar su salud cardiovascular. El tamizaje de riesgo cardiovascularContinuar Leyendo","og_url":"https:\/\/ciudadyregion.com.co\/index.php\/la-facultad-de-salud-de-la-ut-y-departamento-de-salud-publica-de-ibague-realizaron-importante-jornada-de-bienestar\/educacion\/","og_site_name":"Ciudad y Region","article_published_time":"2023-10-27T09:50:26+00:00","article_modified_time":"2023-10-26T23:29:23+00:00","og_image":[{"width":800,"height":445,"url":"https:\/\/ciudadyregion.com.co\/wp-content\/uploads\/2023\/10\/R.jpg","type":"image\/jpeg"}],"author":"David Andr\u00e9s Aguirre","twitter_card":"summary_large_image","twitter_misc":{"Escrito por":"David Andr\u00e9s Aguirre","Tiempo de lectura":"2 minutos"},"schema":{"@context":"https:\/\/schema.org","@graph":[{"@type":"WebPage","@id":"https:\/\/ciudadyregion.com.co\/index.php\/la-facultad-de-salud-de-la-ut-y-departamento-de-salud-publica-de-ibague-realizaron-importante-jornada-de-bienestar\/educacion\/","url":"https:\/\/ciudadyregion.com.co\/index.php\/la-facultad-de-salud-de-la-ut-y-departamento-de-salud-publica-de-ibague-realizaron-importante-jornada-de-bienestar\/educacion\/","name":"La Facultad de Salud de la UT y Departamento de Salud P\u00fablica de Ibagu\u00e9 realizaron importante jornada de bienestar - Ciudad y Region","isPartOf":{"@id":"https:\/\/ciudadyregion.com.co\/#website"},"primaryImageOfPage":{"@id":"https:\/\/ciudadyregion.com.co\/index.php\/la-facultad-de-salud-de-la-ut-y-departamento-de-salud-publica-de-ibague-realizaron-importante-jornada-de-bienestar\/educacion\/#primaryimage"},"image":{"@id":"https:\/\/ciudadyregion.com.co\/index.php\/la-facultad-de-salud-de-la-ut-y-departamento-de-salud-publica-de-ibague-realizaron-importante-jornada-de-bienestar\/educacion\/#primaryimage"},"thumbnailUrl":"https:\/\/i0.wp.com\/ciudadyregion.com.co\/wp-content\/uploads\/2023\/10\/R.jpg?fit=800%2C445&ssl=1","datePublished":"2023-10-27T09:50:26+00:00","dateModified":"2023-10-26T23:29:23+00:00","author":{"@id":"https:\/\/ciudadyregion.com.co\/#\/schema\/person\/04a4954373ebc4051f46e8c65ff78622"},"breadcrumb":{"@id":"https:\/\/ciudadyregion.com.co\/index.php\/la-facultad-de-salud-de-la-ut-y-departamento-de-salud-publica-de-ibague-realizaron-importante-jornada-de-bienestar\/educacion\/#breadcrumb"},"inLanguage":"es","potentialAction":[{"@type":"ReadAction","target":["https:\/\/ciudadyregion.com.co\/index.php\/la-facultad-de-salud-de-la-ut-y-departamento-de-salud-publica-de-ibague-realizaron-importante-jornada-de-bienestar\/educacion\/"]}]},{"@type":"ImageObject","inLanguage":"es","@id":"https:\/\/ciudadyregion.com.co\/index.php\/la-facultad-de-salud-de-la-ut-y-departamento-de-salud-publica-de-ibague-realizaron-importante-jornada-de-bienestar\/educacion\/#primaryimage","url":"https:\/\/i0.wp.com\/ciudadyregion.com.co\/wp-content\/uploads\/2023\/10\/R.jpg?fit=800%2C445&ssl=1","contentUrl":"https:\/\/i0.wp.com\/ciudadyregion.com.co\/wp-content\/uploads\/2023\/10\/R.jpg?fit=800%2C445&ssl=1","width":800,"height":445},{"@type":"BreadcrumbList","@id":"https:\/\/ciudadyregion.com.co\/index.php\/la-facultad-de-salud-de-la-ut-y-departamento-de-salud-publica-de-ibague-realizaron-importante-jornada-de-bienestar\/educacion\/#breadcrumb","itemListElement":[{"@type":"ListItem","position":1,"name":"Portada","item":"https:\/\/ciudadyregion.com.co\/"},{"@type":"ListItem","position":2,"name":"La Facultad de Salud de la UT y Departamento de Salud P\u00fablica de Ibagu\u00e9 realizaron importante jornada de bienestar"}]},{"@type":"WebSite","@id":"https:\/\/ciudadyregion.com.co\/#website","url":"https:\/\/ciudadyregion.com.co\/","name":"Ciudad y Region","description":"","potentialAction":[{"@type":"SearchAction","target":{"@type":"EntryPoint","urlTemplate":"https:\/\/ciudadyregion.com.co\/?s={search_term_string}"},"query-input":{"@type":"PropertyValueSpecification","valueRequired":true,"valueName":"search_term_string"}}],"inLanguage":"es"},{"@type":"Person","@id":"https:\/\/ciudadyregion.com.co\/#\/schema\/person\/04a4954373ebc4051f46e8c65ff78622","name":"David Andr\u00e9s Aguirre","image":{"@type":"ImageObject","inLanguage":"es","@id":"https:\/\/ciudadyregion.com.co\/#\/schema\/person\/image\/","url":"https:\/\/secure.gravatar.com\/avatar\/bc3c655860202182ee6d1b5edd042dbe?s=96&d=mm&r=g","contentUrl":"https:\/\/secure.gravatar.com\/avatar\/bc3c655860202182ee6d1b5edd042dbe?s=96&d=mm&r=g","caption":"David Andr\u00e9s Aguirre"},"url":"https:\/\/ciudadyregion.com.co\/index.php\/author\/diegoaguirre\/"}]}},"jetpack_featured_media_url":"https:\/\/i0.wp.com\/ciudadyregion.com.co\/wp-content\/uploads\/2023\/10\/R.jpg?fit=800%2C445&ssl=1","jetpack_sharing_enabled":true,"jetpack_shortlink":"https:\/\/wp.me\/pbS7hh-bE","jetpack-related-posts":[],"_links":{"self":[{"href":"https:\/\/ciudadyregion.com.co\/index.php\/wp-json\/wp\/v2\/posts\/722"}],"collection":[{"href":"https:\/\/ciudadyregion.com.co\/index.php\/wp-json\/wp\/v2\/posts"}],"about":[{"href":"https:\/\/ciudadyregion.com.co\/index.php\/wp-json\/wp\/v2\/types\/post"}],"author":[{"embeddable":true,"href":"https:\/\/ciudadyregion.com.co\/index.php\/wp-json\/wp\/v2\/users\/2"}],"replies":[{"embeddable":true,"href":"https:\/\/ciudadyregion.com.co\/index.php\/wp-json\/wp\/v2\/comments?post=722"}],"version-history":[{"count":1,"href":"https:\/\/ciudadyregion.com.co\/index.php\/wp-json\/wp\/v2\/posts\/722\/revisions"}],"predecessor-version":[{"id":724,"href":"https:\/\/ciudadyregion.com.co\/index.php\/wp-json\/wp\/v2\/posts\/722\/revisions\/724"}],"wp:featuredmedia":[{"embeddable":true,"href":"https:\/\/ciudadyregion.com.co\/index.php\/wp-json\/wp\/v2\/media\/723"}],"wp:attachment":[{"href":"https:\/\/ciudadyregion.com.co\/index.php\/wp-json\/wp\/v2\/media?parent=722"}],"wp:term":[{"taxonomy":"category","embeddable":true,"href":"https:\/\/ciudadyregion.com.co\/index.php\/wp-json\/wp\/v2\/categories?post=722"},{"taxonomy":"post_tag","embeddable":true,"href":"https:\/\/ciudadyregion.com.co\/index.php\/wp-json\/wp\/v2\/tags?post=722"}],"curies":[{"name":"wp","href":"https:\/\/api.w.org\/{rel}","templated":true}]}}