{"id":716,"date":"2023-10-27T04:39:49","date_gmt":"2023-10-27T09:39:49","guid":{"rendered":"https:\/\/ciudadyregion.com.co\/?p=716"},"modified":"2023-10-26T17:42:09","modified_gmt":"2023-10-26T22:42:09","slug":"ut-y-universidad-de-la-isla-de-la-juventud-firman-historico-convenio-de-cooperacion","status":"publish","type":"post","link":"https:\/\/ciudadyregion.com.co\/index.php\/ut-y-universidad-de-la-isla-de-la-juventud-firman-historico-convenio-de-cooperacion\/economia\/","title":{"rendered":"UT y Universidad de la Isla de la Juventud firman hist\u00f3rico convenio de cooperaci\u00f3n"},"content":{"rendered":"<p>La Universidad del Tolima y la prestigiosa Universidad de la Isla de la Juventud en Cuba, han dado un paso trascendental en la promoci\u00f3n del desarrollo, la ciencia y la cultura, junto con el avance de la educaci\u00f3n superior y la investigaci\u00f3n cient\u00edfica y tecnol\u00f3gica, al firmar un convenio marco de cooperaci\u00f3n. Este hito, que marca una nueva era en la colaboraci\u00f3n acad\u00e9mica y cient\u00edfica entre ambas instituciones, fue posible gracias a la destacada gesti\u00f3n del Vicerrector de Investigaci\u00f3n-Creaci\u00f3n, Extensi\u00f3n y Proyecci\u00f3n Social de la Universidad del Tolima, Jonh Jairo M\u00e9ndez Arteaga.<\/p>\n<p>La firma de este convenio, que tuvo lugar en una ceremonia solemne en la Universidad del Tolima, reuni\u00f3 a representantes de ambas instituciones acad\u00e9micas y a destacados acad\u00e9micos e investigadores. Este acuerdo de cooperaci\u00f3n establece un marco s\u00f3lido para una serie de actividades conjuntas, que van desde intercambios acad\u00e9micos y culturales hasta proyectos de investigaci\u00f3n colaborativos.<\/p>\n<p>El Vicerrector Jonh Jairo M\u00e9ndez Arteaga, quien desempe\u00f1\u00f3 un papel fundamental en la concreci\u00f3n de este acuerdo, expres\u00f3 su entusiasmo por el potencial transformador de esta alianza. Se\u00f1al\u00f3 que:<\/p>\n<blockquote><p>\u201cEste convenio facilitar\u00e1 la movilidad estudiantil y docente entre las dos instituciones, lo que enriquecer\u00e1 la experiencia educativa de los estudiantes y fortalecer\u00e1 la investigaci\u00f3n conjunta en \u00e1reas de inter\u00e9s com\u00fan\u201d.<\/p><\/blockquote>\n<p>Adem\u00e1s, el convenio tambi\u00e9n busca la promoci\u00f3n de la cultura y el intercambio de conocimientos entre ambos pa\u00edses, fomentando una mayor comprensi\u00f3n de sus respectivas herencias culturales. Se espera que esto abra nuevas oportunidades para la difusi\u00f3n de la cultura y la colaboraci\u00f3n art\u00edstica.<\/p>\n<p>La Universidad del Tolima y la Universidad de la Isla de la Juventud esperan con entusiasmo el inicio de esta fruct\u00edfera colaboraci\u00f3n, que sin duda impulsar\u00e1 el desarrollo acad\u00e9mico y cient\u00edfico en ambas instituciones y fortalecer\u00e1 los lazos entre Colombia y Cuba en el campo de la educaci\u00f3n superior y la investigaci\u00f3n.<\/p>\n<p>&nbsp;<\/p>\n<p>&nbsp;<\/p>\n<p>Cr\u00e9ditos: Universidad del Tolima<\/p>\n","protected":false},"excerpt":{"rendered":"<p>La Universidad del Tolima y la prestigiosa Universidad de la Isla de la Juventud en Cuba, han dado un paso trascendental en la promoci\u00f3n del desarrollo, la ciencia y la cultura, junto con el avance de la educaci\u00f3n superior y la investigaci\u00f3n cient\u00edfica y tecnol\u00f3gica, al firmar un convenio marco<span class=\"more-link\"><a href=\"https:\/\/ciudadyregion.com.co\/index.php\/ut-y-universidad-de-la-isla-de-la-juventud-firman-historico-convenio-de-cooperacion\/economia\/\">Continuar Leyendo<\/a><\/span><\/p>\n","protected":false},"author":2,"featured_media":717,"comment_status":"open","ping_status":"open","sticky":false,"template":"","format":"standard","meta":{"_uf_show_specific_survey":0,"_uf_disable_surveys":false,"_jetpack_memberships_contains_paid_content":false,"footnotes":"","jetpack_publicize_message":"","jetpack_publicize_feature_enabled":true,"jetpack_social_post_already_shared":false,"jetpack_social_options":{"image_generator_settings":{"template":"highway","enabled":false},"version":2}},"categories":[28],"tags":[],"class_list":["entry","author-diegoaguirre","post-716","post","type-post","status-publish","format-standard","has-post-thumbnail","category-economia"],"jetpack_publicize_connections":[],"yoast_head":"<!-- This site is optimized with the Yoast SEO plugin v24.3 - https:\/\/yoast.com\/wordpress\/plugins\/seo\/ -->\n<title>UT y Universidad de la Isla de la Juventud firman hist\u00f3rico convenio de cooperaci\u00f3n - Ciudad y Region<\/title>\n<meta name=\"robots\" content=\"index, follow, max-snippet:-1, max-image-preview:large, max-video-preview:-1\" \/>\n<link rel=\"canonical\" href=\"https:\/\/ciudadyregion.com.co\/index.php\/ut-y-universidad-de-la-isla-de-la-juventud-firman-historico-convenio-de-cooperacion\/economia\/\" \/>\n<meta property=\"og:locale\" content=\"es_ES\" \/>\n<meta property=\"og:type\" content=\"article\" \/>\n<meta property=\"og:title\" content=\"UT y Universidad de la Isla de la Juventud firman hist\u00f3rico convenio de cooperaci\u00f3n - Ciudad y Region\" \/>\n<meta property=\"og:description\" content=\"La Universidad del Tolima y la prestigiosa Universidad de la Isla de la Juventud en Cuba, han dado un paso trascendental en la promoci\u00f3n del desarrollo, la ciencia y la cultura, junto con el avance de la educaci\u00f3n superior y la investigaci\u00f3n cient\u00edfica y tecnol\u00f3gica, al firmar un convenio marcoContinuar Leyendo\" \/>\n<meta property=\"og:url\" content=\"https:\/\/ciudadyregion.com.co\/index.php\/ut-y-universidad-de-la-isla-de-la-juventud-firman-historico-convenio-de-cooperacion\/economia\/\" \/>\n<meta property=\"og:site_name\" content=\"Ciudad y Region\" \/>\n<meta property=\"article:published_time\" content=\"2023-10-27T09:39:49+00:00\" \/>\n<meta property=\"article:modified_time\" content=\"2023-10-26T22:42:09+00:00\" \/>\n<meta property=\"og:image\" content=\"https:\/\/ciudadyregion.com.co\/wp-content\/uploads\/2023\/10\/A.jpg\" \/>\n\t<meta property=\"og:image:width\" content=\"800\" \/>\n\t<meta property=\"og:image:height\" content=\"445\" \/>\n\t<meta property=\"og:image:type\" content=\"image\/jpeg\" \/>\n<meta name=\"author\" content=\"David Andr\u00e9s Aguirre\" \/>\n<meta name=\"twitter:card\" content=\"summary_large_image\" \/>\n<meta name=\"twitter:label1\" content=\"Escrito por\" \/>\n\t<meta name=\"twitter:data1\" content=\"David Andr\u00e9s Aguirre\" \/>\n\t<meta name=\"twitter:label2\" content=\"Tiempo de lectura\" \/>\n\t<meta name=\"twitter:data2\" content=\"2 minutos\" \/>\n<script type=\"application\/ld+json\" class=\"yoast-schema-graph\">{\"@context\":\"https:\/\/schema.org\",\"@graph\":[{\"@type\":\"WebPage\",\"@id\":\"https:\/\/ciudadyregion.com.co\/index.php\/ut-y-universidad-de-la-isla-de-la-juventud-firman-historico-convenio-de-cooperacion\/economia\/\",\"url\":\"https:\/\/ciudadyregion.com.co\/index.php\/ut-y-universidad-de-la-isla-de-la-juventud-firman-historico-convenio-de-cooperacion\/economia\/\",\"name\":\"UT y Universidad de la Isla de la Juventud firman hist\u00f3rico convenio de cooperaci\u00f3n - Ciudad y Region\",\"isPartOf\":{\"@id\":\"https:\/\/ciudadyregion.com.co\/#website\"},\"primaryImageOfPage\":{\"@id\":\"https:\/\/ciudadyregion.com.co\/index.php\/ut-y-universidad-de-la-isla-de-la-juventud-firman-historico-convenio-de-cooperacion\/economia\/#primaryimage\"},\"image\":{\"@id\":\"https:\/\/ciudadyregion.com.co\/index.php\/ut-y-universidad-de-la-isla-de-la-juventud-firman-historico-convenio-de-cooperacion\/economia\/#primaryimage\"},\"thumbnailUrl\":\"https:\/\/i0.wp.com\/ciudadyregion.com.co\/wp-content\/uploads\/2023\/10\/A.jpg?fit=800%2C445&ssl=1\",\"datePublished\":\"2023-10-27T09:39:49+00:00\",\"dateModified\":\"2023-10-26T22:42:09+00:00\",\"author\":{\"@id\":\"https:\/\/ciudadyregion.com.co\/#\/schema\/person\/04a4954373ebc4051f46e8c65ff78622\"},\"breadcrumb\":{\"@id\":\"https:\/\/ciudadyregion.com.co\/index.php\/ut-y-universidad-de-la-isla-de-la-juventud-firman-historico-convenio-de-cooperacion\/economia\/#breadcrumb\"},\"inLanguage\":\"es\",\"potentialAction\":[{\"@type\":\"ReadAction\",\"target\":[\"https:\/\/ciudadyregion.com.co\/index.php\/ut-y-universidad-de-la-isla-de-la-juventud-firman-historico-convenio-de-cooperacion\/economia\/\"]}]},{\"@type\":\"ImageObject\",\"inLanguage\":\"es\",\"@id\":\"https:\/\/ciudadyregion.com.co\/index.php\/ut-y-universidad-de-la-isla-de-la-juventud-firman-historico-convenio-de-cooperacion\/economia\/#primaryimage\",\"url\":\"https:\/\/i0.wp.com\/ciudadyregion.com.co\/wp-content\/uploads\/2023\/10\/A.jpg?fit=800%2C445&ssl=1\",\"contentUrl\":\"https:\/\/i0.wp.com\/ciudadyregion.com.co\/wp-content\/uploads\/2023\/10\/A.jpg?fit=800%2C445&ssl=1\",\"width\":800,\"height\":445},{\"@type\":\"BreadcrumbList\",\"@id\":\"https:\/\/ciudadyregion.com.co\/index.php\/ut-y-universidad-de-la-isla-de-la-juventud-firman-historico-convenio-de-cooperacion\/economia\/#breadcrumb\",\"itemListElement\":[{\"@type\":\"ListItem\",\"position\":1,\"name\":\"Portada\",\"item\":\"https:\/\/ciudadyregion.com.co\/\"},{\"@type\":\"ListItem\",\"position\":2,\"name\":\"UT y Universidad de la Isla de la Juventud firman hist\u00f3rico convenio de cooperaci\u00f3n\"}]},{\"@type\":\"WebSite\",\"@id\":\"https:\/\/ciudadyregion.com.co\/#website\",\"url\":\"https:\/\/ciudadyregion.com.co\/\",\"name\":\"Ciudad y Region\",\"description\":\"\",\"potentialAction\":[{\"@type\":\"SearchAction\",\"target\":{\"@type\":\"EntryPoint\",\"urlTemplate\":\"https:\/\/ciudadyregion.com.co\/?s={search_term_string}\"},\"query-input\":{\"@type\":\"PropertyValueSpecification\",\"valueRequired\":true,\"valueName\":\"search_term_string\"}}],\"inLanguage\":\"es\"},{\"@type\":\"Person\",\"@id\":\"https:\/\/ciudadyregion.com.co\/#\/schema\/person\/04a4954373ebc4051f46e8c65ff78622\",\"name\":\"David Andr\u00e9s Aguirre\",\"image\":{\"@type\":\"ImageObject\",\"inLanguage\":\"es\",\"@id\":\"https:\/\/ciudadyregion.com.co\/#\/schema\/person\/image\/\",\"url\":\"https:\/\/secure.gravatar.com\/avatar\/bc3c655860202182ee6d1b5edd042dbe?s=96&d=mm&r=g\",\"contentUrl\":\"https:\/\/secure.gravatar.com\/avatar\/bc3c655860202182ee6d1b5edd042dbe?s=96&d=mm&r=g\",\"caption\":\"David Andr\u00e9s Aguirre\"},\"url\":\"https:\/\/ciudadyregion.com.co\/index.php\/author\/diegoaguirre\/\"}]}<\/script>\n<!-- \/ Yoast SEO plugin. -->","yoast_head_json":{"title":"UT y Universidad de la Isla de la Juventud firman hist\u00f3rico convenio de cooperaci\u00f3n - Ciudad y Region","robots":{"index":"index","follow":"follow","max-snippet":"max-snippet:-1","max-image-preview":"max-image-preview:large","max-video-preview":"max-video-preview:-1"},"canonical":"https:\/\/ciudadyregion.com.co\/index.php\/ut-y-universidad-de-la-isla-de-la-juventud-firman-historico-convenio-de-cooperacion\/economia\/","og_locale":"es_ES","og_type":"article","og_title":"UT y Universidad de la Isla de la Juventud firman hist\u00f3rico convenio de cooperaci\u00f3n - Ciudad y Region","og_description":"La Universidad del Tolima y la prestigiosa Universidad de la Isla de la Juventud en Cuba, han dado un paso trascendental en la promoci\u00f3n del desarrollo, la ciencia y la cultura, junto con el avance de la educaci\u00f3n superior y la investigaci\u00f3n cient\u00edfica y tecnol\u00f3gica, al firmar un convenio marcoContinuar Leyendo","og_url":"https:\/\/ciudadyregion.com.co\/index.php\/ut-y-universidad-de-la-isla-de-la-juventud-firman-historico-convenio-de-cooperacion\/economia\/","og_site_name":"Ciudad y Region","article_published_time":"2023-10-27T09:39:49+00:00","article_modified_time":"2023-10-26T22:42:09+00:00","og_image":[{"width":800,"height":445,"url":"https:\/\/ciudadyregion.com.co\/wp-content\/uploads\/2023\/10\/A.jpg","type":"image\/jpeg"}],"author":"David Andr\u00e9s Aguirre","twitter_card":"summary_large_image","twitter_misc":{"Escrito por":"David Andr\u00e9s Aguirre","Tiempo de lectura":"2 minutos"},"schema":{"@context":"https:\/\/schema.org","@graph":[{"@type":"WebPage","@id":"https:\/\/ciudadyregion.com.co\/index.php\/ut-y-universidad-de-la-isla-de-la-juventud-firman-historico-convenio-de-cooperacion\/economia\/","url":"https:\/\/ciudadyregion.com.co\/index.php\/ut-y-universidad-de-la-isla-de-la-juventud-firman-historico-convenio-de-cooperacion\/economia\/","name":"UT y Universidad de la Isla de la Juventud firman hist\u00f3rico convenio de cooperaci\u00f3n - Ciudad y Region","isPartOf":{"@id":"https:\/\/ciudadyregion.com.co\/#website"},"primaryImageOfPage":{"@id":"https:\/\/ciudadyregion.com.co\/index.php\/ut-y-universidad-de-la-isla-de-la-juventud-firman-historico-convenio-de-cooperacion\/economia\/#primaryimage"},"image":{"@id":"https:\/\/ciudadyregion.com.co\/index.php\/ut-y-universidad-de-la-isla-de-la-juventud-firman-historico-convenio-de-cooperacion\/economia\/#primaryimage"},"thumbnailUrl":"https:\/\/i0.wp.com\/ciudadyregion.com.co\/wp-content\/uploads\/2023\/10\/A.jpg?fit=800%2C445&ssl=1","datePublished":"2023-10-27T09:39:49+00:00","dateModified":"2023-10-26T22:42:09+00:00","author":{"@id":"https:\/\/ciudadyregion.com.co\/#\/schema\/person\/04a4954373ebc4051f46e8c65ff78622"},"breadcrumb":{"@id":"https:\/\/ciudadyregion.com.co\/index.php\/ut-y-universidad-de-la-isla-de-la-juventud-firman-historico-convenio-de-cooperacion\/economia\/#breadcrumb"},"inLanguage":"es","potentialAction":[{"@type":"ReadAction","target":["https:\/\/ciudadyregion.com.co\/index.php\/ut-y-universidad-de-la-isla-de-la-juventud-firman-historico-convenio-de-cooperacion\/economia\/"]}]},{"@type":"ImageObject","inLanguage":"es","@id":"https:\/\/ciudadyregion.com.co\/index.php\/ut-y-universidad-de-la-isla-de-la-juventud-firman-historico-convenio-de-cooperacion\/economia\/#primaryimage","url":"https:\/\/i0.wp.com\/ciudadyregion.com.co\/wp-content\/uploads\/2023\/10\/A.jpg?fit=800%2C445&ssl=1","contentUrl":"https:\/\/i0.wp.com\/ciudadyregion.com.co\/wp-content\/uploads\/2023\/10\/A.jpg?fit=800%2C445&ssl=1","width":800,"height":445},{"@type":"BreadcrumbList","@id":"https:\/\/ciudadyregion.com.co\/index.php\/ut-y-universidad-de-la-isla-de-la-juventud-firman-historico-convenio-de-cooperacion\/economia\/#breadcrumb","itemListElement":[{"@type":"ListItem","position":1,"name":"Portada","item":"https:\/\/ciudadyregion.com.co\/"},{"@type":"ListItem","position":2,"name":"UT y Universidad de la Isla de la Juventud firman hist\u00f3rico convenio de cooperaci\u00f3n"}]},{"@type":"WebSite","@id":"https:\/\/ciudadyregion.com.co\/#website","url":"https:\/\/ciudadyregion.com.co\/","name":"Ciudad y Region","description":"","potentialAction":[{"@type":"SearchAction","target":{"@type":"EntryPoint","urlTemplate":"https:\/\/ciudadyregion.com.co\/?s={search_term_string}"},"query-input":{"@type":"PropertyValueSpecification","valueRequired":true,"valueName":"search_term_string"}}],"inLanguage":"es"},{"@type":"Person","@id":"https:\/\/ciudadyregion.com.co\/#\/schema\/person\/04a4954373ebc4051f46e8c65ff78622","name":"David Andr\u00e9s Aguirre","image":{"@type":"ImageObject","inLanguage":"es","@id":"https:\/\/ciudadyregion.com.co\/#\/schema\/person\/image\/","url":"https:\/\/secure.gravatar.com\/avatar\/bc3c655860202182ee6d1b5edd042dbe?s=96&d=mm&r=g","contentUrl":"https:\/\/secure.gravatar.com\/avatar\/bc3c655860202182ee6d1b5edd042dbe?s=96&d=mm&r=g","caption":"David Andr\u00e9s Aguirre"},"url":"https:\/\/ciudadyregion.com.co\/index.php\/author\/diegoaguirre\/"}]}},"jetpack_featured_media_url":"https:\/\/i0.wp.com\/ciudadyregion.com.co\/wp-content\/uploads\/2023\/10\/A.jpg?fit=800%2C445&ssl=1","jetpack_sharing_enabled":true,"jetpack_shortlink":"https:\/\/wp.me\/pbS7hh-by","jetpack-related-posts":[],"_links":{"self":[{"href":"https:\/\/ciudadyregion.com.co\/index.php\/wp-json\/wp\/v2\/posts\/716"}],"collection":[{"href":"https:\/\/ciudadyregion.com.co\/index.php\/wp-json\/wp\/v2\/posts"}],"about":[{"href":"https:\/\/ciudadyregion.com.co\/index.php\/wp-json\/wp\/v2\/types\/post"}],"author":[{"embeddable":true,"href":"https:\/\/ciudadyregion.com.co\/index.php\/wp-json\/wp\/v2\/users\/2"}],"replies":[{"embeddable":true,"href":"https:\/\/ciudadyregion.com.co\/index.php\/wp-json\/wp\/v2\/comments?post=716"}],"version-history":[{"count":1,"href":"https:\/\/ciudadyregion.com.co\/index.php\/wp-json\/wp\/v2\/posts\/716\/revisions"}],"predecessor-version":[{"id":718,"href":"https:\/\/ciudadyregion.com.co\/index.php\/wp-json\/wp\/v2\/posts\/716\/revisions\/718"}],"wp:featuredmedia":[{"embeddable":true,"href":"https:\/\/ciudadyregion.com.co\/index.php\/wp-json\/wp\/v2\/media\/717"}],"wp:attachment":[{"href":"https:\/\/ciudadyregion.com.co\/index.php\/wp-json\/wp\/v2\/media?parent=716"}],"wp:term":[{"taxonomy":"category","embeddable":true,"href":"https:\/\/ciudadyregion.com.co\/index.php\/wp-json\/wp\/v2\/categories?post=716"},{"taxonomy":"post_tag","embeddable":true,"href":"https:\/\/ciudadyregion.com.co\/index.php\/wp-json\/wp\/v2\/tags?post=716"}],"curies":[{"name":"wp","href":"https:\/\/api.w.org\/{rel}","templated":true}]}}