{"id":674,"date":"2023-10-27T04:15:38","date_gmt":"2023-10-27T09:15:38","guid":{"rendered":"https:\/\/ciudadyregion.com.co\/?p=674"},"modified":"2023-10-26T12:18:41","modified_gmt":"2023-10-26T17:18:41","slug":"a-dar-la-cara-por-el-tolima-el-tenimesista-cristian-laverde-se-prepara-en-francia-rumbo-a-juegos-deportivos-paranacionales","status":"publish","type":"post","link":"https:\/\/ciudadyregion.com.co\/index.php\/a-dar-la-cara-por-el-tolima-el-tenimesista-cristian-laverde-se-prepara-en-francia-rumbo-a-juegos-deportivos-paranacionales\/deportes\/","title":{"rendered":"A dar la cara por el Tolima: El Tenimesista Cristi\u00e1n Laverde se prepara en Francia, rumbo a Juegos Deportivos Paranacionales"},"content":{"rendered":"<p>El deportista, apoyado por Indeportes Tolima, buscar\u00e1 en las justas del Eje Cafetero volver a subir al p\u00f3dium como lo hizo en 2019.<\/p>\n<p>Indeportes Tolima lidera un positivo trabajo desde la parte t\u00e9cnica y administrativa para que los deportistas proyectados a medalla en los Juegos Deportivos Nacionales y Paranacionales 2023, puedan desarrollar un plan de trabajo previo a la competencia a trav\u00e9s de concentraciones, fogueos o intercambios deportivos dentro y fuera del pa\u00eds.<\/p>\n<p>Uno de esos atletas es Cristi\u00e1n Camilo Laverde, quien hace parte de la Selecci\u00f3n Tolima de Tenis de Mesa Adaptado categor\u00eda TT7, fue medalla de bronce en los Juegos Deportivos Paranacionales 2019, y es deportista apoyado por medio de los procesos de formaci\u00f3n de la reserva y detecci\u00f3n de talentos.<\/p>\n<p>Cristi\u00e1n Laverde se encuentra en Morez, Francia, adelantando un plan de trabajo con el Club Jura Mores TT, buscando el aprendizaje de conceptos t\u00e9cnicos y t\u00e1cticos que le permitan llegar en un \u00f3ptimo nivel a la competencia que se llevar\u00e1 a cabo del 3 al 10 de diciembre en el recinto de Expoferias en Manizales.<\/p>\n<blockquote><p>\u201cGracias al apoyo de Indeportes estoy desde el 2 de octubre en Morez. All\u00ed realizo trabajos a doble jornada y participando de las competencias internas de la ciudad a trav\u00e9s del Club Morez TT, espero que esta preparaci\u00f3n me permita llegar a los Juegos Deportivos Paranacionales a dejar en alto al Tolima\u201d, afirm\u00f3 el tenimesista Pijao.<\/p><\/blockquote>\n<p>Para cerrar su preparaci\u00f3n en Europa, Cristi\u00e1n Laverde competir\u00e1 los d\u00edas 28 y 29 de octubre en la Copa Nacional de Francia que se realizar\u00e1 en Clermont Ferrand, con la presencia de m\u00e1s de 700 deportistas de todas las categor\u00edas.<\/p>\n<p>&nbsp;<\/p>\n<p>&nbsp;<\/p>\n<p>&nbsp;<\/p>\n<p>CXr\u00e9ditos: Gobernaci\u00f3n del Tolima<\/p>\n","protected":false},"excerpt":{"rendered":"<p>El deportista, apoyado por Indeportes Tolima, buscar\u00e1 en las justas del Eje Cafetero volver a subir al p\u00f3dium como lo hizo en 2019. Indeportes Tolima lidera un positivo trabajo desde la parte t\u00e9cnica y administrativa para que los deportistas proyectados a medalla en los Juegos Deportivos Nacionales y Paranacionales 2023,<span class=\"more-link\"><a href=\"https:\/\/ciudadyregion.com.co\/index.php\/a-dar-la-cara-por-el-tolima-el-tenimesista-cristian-laverde-se-prepara-en-francia-rumbo-a-juegos-deportivos-paranacionales\/deportes\/\">Continuar Leyendo<\/a><\/span><\/p>\n","protected":false},"author":2,"featured_media":675,"comment_status":"open","ping_status":"open","sticky":false,"template":"","format":"standard","meta":{"_uf_show_specific_survey":0,"_uf_disable_surveys":false,"_jetpack_memberships_contains_paid_content":false,"footnotes":"","jetpack_publicize_message":"","jetpack_publicize_feature_enabled":true,"jetpack_social_post_already_shared":false,"jetpack_social_options":{"image_generator_settings":{"template":"highway","enabled":false},"version":2}},"categories":[15],"tags":[],"class_list":["entry","author-diegoaguirre","post-674","post","type-post","status-publish","format-standard","has-post-thumbnail","category-deportes"],"jetpack_publicize_connections":[],"yoast_head":"<!-- This site is optimized with the Yoast SEO plugin v24.3 - https:\/\/yoast.com\/wordpress\/plugins\/seo\/ -->\n<title>A dar la cara por el Tolima: El Tenimesista Cristi\u00e1n Laverde se prepara en Francia, rumbo a Juegos Deportivos Paranacionales - Ciudad y Region<\/title>\n<meta name=\"robots\" content=\"index, follow, max-snippet:-1, max-image-preview:large, max-video-preview:-1\" \/>\n<link rel=\"canonical\" href=\"https:\/\/ciudadyregion.com.co\/index.php\/a-dar-la-cara-por-el-tolima-el-tenimesista-cristian-laverde-se-prepara-en-francia-rumbo-a-juegos-deportivos-paranacionales\/deportes\/\" \/>\n<meta property=\"og:locale\" content=\"es_ES\" \/>\n<meta property=\"og:type\" content=\"article\" \/>\n<meta property=\"og:title\" content=\"A dar la cara por el Tolima: El Tenimesista Cristi\u00e1n Laverde se prepara en Francia, rumbo a Juegos Deportivos Paranacionales - Ciudad y Region\" \/>\n<meta property=\"og:description\" content=\"El deportista, apoyado por Indeportes Tolima, buscar\u00e1 en las justas del Eje Cafetero volver a subir al p\u00f3dium como lo hizo en 2019. Indeportes Tolima lidera un positivo trabajo desde la parte t\u00e9cnica y administrativa para que los deportistas proyectados a medalla en los Juegos Deportivos Nacionales y Paranacionales 2023,Continuar Leyendo\" \/>\n<meta property=\"og:url\" content=\"https:\/\/ciudadyregion.com.co\/index.php\/a-dar-la-cara-por-el-tolima-el-tenimesista-cristian-laverde-se-prepara-en-francia-rumbo-a-juegos-deportivos-paranacionales\/deportes\/\" \/>\n<meta property=\"og:site_name\" content=\"Ciudad y Region\" \/>\n<meta property=\"article:published_time\" content=\"2023-10-27T09:15:38+00:00\" \/>\n<meta property=\"article:modified_time\" content=\"2023-10-26T17:18:41+00:00\" \/>\n<meta property=\"og:image\" content=\"https:\/\/ciudadyregion.com.co\/wp-content\/uploads\/2023\/10\/1-8.jpg\" \/>\n\t<meta property=\"og:image:width\" content=\"800\" \/>\n\t<meta property=\"og:image:height\" content=\"445\" \/>\n\t<meta property=\"og:image:type\" content=\"image\/jpeg\" \/>\n<meta name=\"author\" content=\"David Andr\u00e9s Aguirre\" \/>\n<meta name=\"twitter:card\" content=\"summary_large_image\" \/>\n<meta name=\"twitter:label1\" content=\"Escrito por\" \/>\n\t<meta name=\"twitter:data1\" content=\"David Andr\u00e9s Aguirre\" \/>\n\t<meta name=\"twitter:label2\" content=\"Tiempo de lectura\" \/>\n\t<meta name=\"twitter:data2\" content=\"1 minuto\" \/>\n<script type=\"application\/ld+json\" class=\"yoast-schema-graph\">{\"@context\":\"https:\/\/schema.org\",\"@graph\":[{\"@type\":\"WebPage\",\"@id\":\"https:\/\/ciudadyregion.com.co\/index.php\/a-dar-la-cara-por-el-tolima-el-tenimesista-cristian-laverde-se-prepara-en-francia-rumbo-a-juegos-deportivos-paranacionales\/deportes\/\",\"url\":\"https:\/\/ciudadyregion.com.co\/index.php\/a-dar-la-cara-por-el-tolima-el-tenimesista-cristian-laverde-se-prepara-en-francia-rumbo-a-juegos-deportivos-paranacionales\/deportes\/\",\"name\":\"A dar la cara por el Tolima: El Tenimesista Cristi\u00e1n Laverde se prepara en Francia, rumbo a Juegos Deportivos Paranacionales - Ciudad y Region\",\"isPartOf\":{\"@id\":\"https:\/\/ciudadyregion.com.co\/#website\"},\"primaryImageOfPage\":{\"@id\":\"https:\/\/ciudadyregion.com.co\/index.php\/a-dar-la-cara-por-el-tolima-el-tenimesista-cristian-laverde-se-prepara-en-francia-rumbo-a-juegos-deportivos-paranacionales\/deportes\/#primaryimage\"},\"image\":{\"@id\":\"https:\/\/ciudadyregion.com.co\/index.php\/a-dar-la-cara-por-el-tolima-el-tenimesista-cristian-laverde-se-prepara-en-francia-rumbo-a-juegos-deportivos-paranacionales\/deportes\/#primaryimage\"},\"thumbnailUrl\":\"https:\/\/i0.wp.com\/ciudadyregion.com.co\/wp-content\/uploads\/2023\/10\/1-8.jpg?fit=800%2C445&ssl=1\",\"datePublished\":\"2023-10-27T09:15:38+00:00\",\"dateModified\":\"2023-10-26T17:18:41+00:00\",\"author\":{\"@id\":\"https:\/\/ciudadyregion.com.co\/#\/schema\/person\/04a4954373ebc4051f46e8c65ff78622\"},\"breadcrumb\":{\"@id\":\"https:\/\/ciudadyregion.com.co\/index.php\/a-dar-la-cara-por-el-tolima-el-tenimesista-cristian-laverde-se-prepara-en-francia-rumbo-a-juegos-deportivos-paranacionales\/deportes\/#breadcrumb\"},\"inLanguage\":\"es\",\"potentialAction\":[{\"@type\":\"ReadAction\",\"target\":[\"https:\/\/ciudadyregion.com.co\/index.php\/a-dar-la-cara-por-el-tolima-el-tenimesista-cristian-laverde-se-prepara-en-francia-rumbo-a-juegos-deportivos-paranacionales\/deportes\/\"]}]},{\"@type\":\"ImageObject\",\"inLanguage\":\"es\",\"@id\":\"https:\/\/ciudadyregion.com.co\/index.php\/a-dar-la-cara-por-el-tolima-el-tenimesista-cristian-laverde-se-prepara-en-francia-rumbo-a-juegos-deportivos-paranacionales\/deportes\/#primaryimage\",\"url\":\"https:\/\/i0.wp.com\/ciudadyregion.com.co\/wp-content\/uploads\/2023\/10\/1-8.jpg?fit=800%2C445&ssl=1\",\"contentUrl\":\"https:\/\/i0.wp.com\/ciudadyregion.com.co\/wp-content\/uploads\/2023\/10\/1-8.jpg?fit=800%2C445&ssl=1\",\"width\":800,\"height\":445},{\"@type\":\"BreadcrumbList\",\"@id\":\"https:\/\/ciudadyregion.com.co\/index.php\/a-dar-la-cara-por-el-tolima-el-tenimesista-cristian-laverde-se-prepara-en-francia-rumbo-a-juegos-deportivos-paranacionales\/deportes\/#breadcrumb\",\"itemListElement\":[{\"@type\":\"ListItem\",\"position\":1,\"name\":\"Portada\",\"item\":\"https:\/\/ciudadyregion.com.co\/\"},{\"@type\":\"ListItem\",\"position\":2,\"name\":\"A dar la cara por el Tolima: El Tenimesista Cristi\u00e1n Laverde se prepara en Francia, rumbo a Juegos Deportivos Paranacionales\"}]},{\"@type\":\"WebSite\",\"@id\":\"https:\/\/ciudadyregion.com.co\/#website\",\"url\":\"https:\/\/ciudadyregion.com.co\/\",\"name\":\"Ciudad y Region\",\"description\":\"\",\"potentialAction\":[{\"@type\":\"SearchAction\",\"target\":{\"@type\":\"EntryPoint\",\"urlTemplate\":\"https:\/\/ciudadyregion.com.co\/?s={search_term_string}\"},\"query-input\":{\"@type\":\"PropertyValueSpecification\",\"valueRequired\":true,\"valueName\":\"search_term_string\"}}],\"inLanguage\":\"es\"},{\"@type\":\"Person\",\"@id\":\"https:\/\/ciudadyregion.com.co\/#\/schema\/person\/04a4954373ebc4051f46e8c65ff78622\",\"name\":\"David Andr\u00e9s Aguirre\",\"image\":{\"@type\":\"ImageObject\",\"inLanguage\":\"es\",\"@id\":\"https:\/\/ciudadyregion.com.co\/#\/schema\/person\/image\/\",\"url\":\"https:\/\/secure.gravatar.com\/avatar\/bc3c655860202182ee6d1b5edd042dbe?s=96&d=mm&r=g\",\"contentUrl\":\"https:\/\/secure.gravatar.com\/avatar\/bc3c655860202182ee6d1b5edd042dbe?s=96&d=mm&r=g\",\"caption\":\"David Andr\u00e9s Aguirre\"},\"url\":\"https:\/\/ciudadyregion.com.co\/index.php\/author\/diegoaguirre\/\"}]}<\/script>\n<!-- \/ Yoast SEO plugin. -->","yoast_head_json":{"title":"A dar la cara por el Tolima: El Tenimesista Cristi\u00e1n Laverde se prepara en Francia, rumbo a Juegos Deportivos Paranacionales - Ciudad y Region","robots":{"index":"index","follow":"follow","max-snippet":"max-snippet:-1","max-image-preview":"max-image-preview:large","max-video-preview":"max-video-preview:-1"},"canonical":"https:\/\/ciudadyregion.com.co\/index.php\/a-dar-la-cara-por-el-tolima-el-tenimesista-cristian-laverde-se-prepara-en-francia-rumbo-a-juegos-deportivos-paranacionales\/deportes\/","og_locale":"es_ES","og_type":"article","og_title":"A dar la cara por el Tolima: El Tenimesista Cristi\u00e1n Laverde se prepara en Francia, rumbo a Juegos Deportivos Paranacionales - Ciudad y Region","og_description":"El deportista, apoyado por Indeportes Tolima, buscar\u00e1 en las justas del Eje Cafetero volver a subir al p\u00f3dium como lo hizo en 2019. Indeportes Tolima lidera un positivo trabajo desde la parte t\u00e9cnica y administrativa para que los deportistas proyectados a medalla en los Juegos Deportivos Nacionales y Paranacionales 2023,Continuar Leyendo","og_url":"https:\/\/ciudadyregion.com.co\/index.php\/a-dar-la-cara-por-el-tolima-el-tenimesista-cristian-laverde-se-prepara-en-francia-rumbo-a-juegos-deportivos-paranacionales\/deportes\/","og_site_name":"Ciudad y Region","article_published_time":"2023-10-27T09:15:38+00:00","article_modified_time":"2023-10-26T17:18:41+00:00","og_image":[{"width":800,"height":445,"url":"https:\/\/ciudadyregion.com.co\/wp-content\/uploads\/2023\/10\/1-8.jpg","type":"image\/jpeg"}],"author":"David Andr\u00e9s Aguirre","twitter_card":"summary_large_image","twitter_misc":{"Escrito por":"David Andr\u00e9s Aguirre","Tiempo de lectura":"1 minuto"},"schema":{"@context":"https:\/\/schema.org","@graph":[{"@type":"WebPage","@id":"https:\/\/ciudadyregion.com.co\/index.php\/a-dar-la-cara-por-el-tolima-el-tenimesista-cristian-laverde-se-prepara-en-francia-rumbo-a-juegos-deportivos-paranacionales\/deportes\/","url":"https:\/\/ciudadyregion.com.co\/index.php\/a-dar-la-cara-por-el-tolima-el-tenimesista-cristian-laverde-se-prepara-en-francia-rumbo-a-juegos-deportivos-paranacionales\/deportes\/","name":"A dar la cara por el Tolima: El Tenimesista Cristi\u00e1n Laverde se prepara en Francia, rumbo a Juegos Deportivos Paranacionales - Ciudad y Region","isPartOf":{"@id":"https:\/\/ciudadyregion.com.co\/#website"},"primaryImageOfPage":{"@id":"https:\/\/ciudadyregion.com.co\/index.php\/a-dar-la-cara-por-el-tolima-el-tenimesista-cristian-laverde-se-prepara-en-francia-rumbo-a-juegos-deportivos-paranacionales\/deportes\/#primaryimage"},"image":{"@id":"https:\/\/ciudadyregion.com.co\/index.php\/a-dar-la-cara-por-el-tolima-el-tenimesista-cristian-laverde-se-prepara-en-francia-rumbo-a-juegos-deportivos-paranacionales\/deportes\/#primaryimage"},"thumbnailUrl":"https:\/\/i0.wp.com\/ciudadyregion.com.co\/wp-content\/uploads\/2023\/10\/1-8.jpg?fit=800%2C445&ssl=1","datePublished":"2023-10-27T09:15:38+00:00","dateModified":"2023-10-26T17:18:41+00:00","author":{"@id":"https:\/\/ciudadyregion.com.co\/#\/schema\/person\/04a4954373ebc4051f46e8c65ff78622"},"breadcrumb":{"@id":"https:\/\/ciudadyregion.com.co\/index.php\/a-dar-la-cara-por-el-tolima-el-tenimesista-cristian-laverde-se-prepara-en-francia-rumbo-a-juegos-deportivos-paranacionales\/deportes\/#breadcrumb"},"inLanguage":"es","potentialAction":[{"@type":"ReadAction","target":["https:\/\/ciudadyregion.com.co\/index.php\/a-dar-la-cara-por-el-tolima-el-tenimesista-cristian-laverde-se-prepara-en-francia-rumbo-a-juegos-deportivos-paranacionales\/deportes\/"]}]},{"@type":"ImageObject","inLanguage":"es","@id":"https:\/\/ciudadyregion.com.co\/index.php\/a-dar-la-cara-por-el-tolima-el-tenimesista-cristian-laverde-se-prepara-en-francia-rumbo-a-juegos-deportivos-paranacionales\/deportes\/#primaryimage","url":"https:\/\/i0.wp.com\/ciudadyregion.com.co\/wp-content\/uploads\/2023\/10\/1-8.jpg?fit=800%2C445&ssl=1","contentUrl":"https:\/\/i0.wp.com\/ciudadyregion.com.co\/wp-content\/uploads\/2023\/10\/1-8.jpg?fit=800%2C445&ssl=1","width":800,"height":445},{"@type":"BreadcrumbList","@id":"https:\/\/ciudadyregion.com.co\/index.php\/a-dar-la-cara-por-el-tolima-el-tenimesista-cristian-laverde-se-prepara-en-francia-rumbo-a-juegos-deportivos-paranacionales\/deportes\/#breadcrumb","itemListElement":[{"@type":"ListItem","position":1,"name":"Portada","item":"https:\/\/ciudadyregion.com.co\/"},{"@type":"ListItem","position":2,"name":"A dar la cara por el Tolima: El Tenimesista Cristi\u00e1n Laverde se prepara en Francia, rumbo a Juegos Deportivos Paranacionales"}]},{"@type":"WebSite","@id":"https:\/\/ciudadyregion.com.co\/#website","url":"https:\/\/ciudadyregion.com.co\/","name":"Ciudad y Region","description":"","potentialAction":[{"@type":"SearchAction","target":{"@type":"EntryPoint","urlTemplate":"https:\/\/ciudadyregion.com.co\/?s={search_term_string}"},"query-input":{"@type":"PropertyValueSpecification","valueRequired":true,"valueName":"search_term_string"}}],"inLanguage":"es"},{"@type":"Person","@id":"https:\/\/ciudadyregion.com.co\/#\/schema\/person\/04a4954373ebc4051f46e8c65ff78622","name":"David Andr\u00e9s Aguirre","image":{"@type":"ImageObject","inLanguage":"es","@id":"https:\/\/ciudadyregion.com.co\/#\/schema\/person\/image\/","url":"https:\/\/secure.gravatar.com\/avatar\/bc3c655860202182ee6d1b5edd042dbe?s=96&d=mm&r=g","contentUrl":"https:\/\/secure.gravatar.com\/avatar\/bc3c655860202182ee6d1b5edd042dbe?s=96&d=mm&r=g","caption":"David Andr\u00e9s Aguirre"},"url":"https:\/\/ciudadyregion.com.co\/index.php\/author\/diegoaguirre\/"}]}},"jetpack_featured_media_url":"https:\/\/i0.wp.com\/ciudadyregion.com.co\/wp-content\/uploads\/2023\/10\/1-8.jpg?fit=800%2C445&ssl=1","jetpack_sharing_enabled":true,"jetpack_shortlink":"https:\/\/wp.me\/pbS7hh-aS","jetpack-related-posts":[],"_links":{"self":[{"href":"https:\/\/ciudadyregion.com.co\/index.php\/wp-json\/wp\/v2\/posts\/674"}],"collection":[{"href":"https:\/\/ciudadyregion.com.co\/index.php\/wp-json\/wp\/v2\/posts"}],"about":[{"href":"https:\/\/ciudadyregion.com.co\/index.php\/wp-json\/wp\/v2\/types\/post"}],"author":[{"embeddable":true,"href":"https:\/\/ciudadyregion.com.co\/index.php\/wp-json\/wp\/v2\/users\/2"}],"replies":[{"embeddable":true,"href":"https:\/\/ciudadyregion.com.co\/index.php\/wp-json\/wp\/v2\/comments?post=674"}],"version-history":[{"count":1,"href":"https:\/\/ciudadyregion.com.co\/index.php\/wp-json\/wp\/v2\/posts\/674\/revisions"}],"predecessor-version":[{"id":676,"href":"https:\/\/ciudadyregion.com.co\/index.php\/wp-json\/wp\/v2\/posts\/674\/revisions\/676"}],"wp:featuredmedia":[{"embeddable":true,"href":"https:\/\/ciudadyregion.com.co\/index.php\/wp-json\/wp\/v2\/media\/675"}],"wp:attachment":[{"href":"https:\/\/ciudadyregion.com.co\/index.php\/wp-json\/wp\/v2\/media?parent=674"}],"wp:term":[{"taxonomy":"category","embeddable":true,"href":"https:\/\/ciudadyregion.com.co\/index.php\/wp-json\/wp\/v2\/categories?post=674"},{"taxonomy":"post_tag","embeddable":true,"href":"https:\/\/ciudadyregion.com.co\/index.php\/wp-json\/wp\/v2\/tags?post=674"}],"curies":[{"name":"wp","href":"https:\/\/api.w.org\/{rel}","templated":true}]}}