{"id":655,"date":"2023-10-26T10:54:15","date_gmt":"2023-10-26T15:54:15","guid":{"rendered":"https:\/\/ciudadyregion.com.co\/?p=655"},"modified":"2023-10-26T10:54:15","modified_gmt":"2023-10-26T15:54:15","slug":"colombia-expuso-a-china-propuesta-para-reactivar-la-red-ferrea-y-extenderla-a-5-400-kilometros-en-2050","status":"publish","type":"post","link":"https:\/\/ciudadyregion.com.co\/index.php\/colombia-expuso-a-china-propuesta-para-reactivar-la-red-ferrea-y-extenderla-a-5-400-kilometros-en-2050\/internacional\/","title":{"rendered":"Colombia expuso a China propuesta para reactivar la red f\u00e9rrea y extenderla a 5.400 kil\u00f3metros en 2050"},"content":{"rendered":"<ul>\n<li>El Gobierno del Cambio pidi\u00f3 la asesor\u00eda y vinculaci\u00f3n de China para reactivar inicialmente 1.800 kil\u00f3metros de la red f\u00e9rrea. Colombia quiere reactivar la \u2018Ruta de la Seda\u2019 para conectar los puertos asi\u00e1ticos con Buenaventura y Tumaco, y por corredores f\u00e9rreos con la costa Caribe.<\/li>\n<\/ul>\n<p>El Gobierno del Cambio ya inici\u00f3 acercamientos con la Rep\u00fablica Popular de China para que ese pa\u00eds le brinde asesor\u00eda e inversi\u00f3n para la reactivaci\u00f3n de la red f\u00e9rrea nacional.<\/p>\n<p>Con ese prop\u00f3sito, el ministro de Transporte, William Camargo, se reuni\u00f3 a nombre del presidente Gustavo Petro con delegados de la empresa National Railway Administration of China, la principal compa\u00f1\u00eda estatal que recoge toda la experiencia del gigante asi\u00e1tico en la construcci\u00f3n de sistemas de transporte f\u00e9rreo masivo.<\/p>\n<p>Esta empresa surgi\u00f3 en 2014 como parte de la reorganizaci\u00f3n del antiguo Ministerio de Ferrocarriles de China, y desde entonces se convirti\u00f3 en el ente regulador ferroviario de esta potencia, y hoy tiene presencia concesionaria en 23 pa\u00edses del mundo.<\/p>\n<p>El presidente Petro, de hecho, al llegar a Pek\u00edn, dijo que uno de los temas a tratar con su hom\u00f3logo es la reactivaci\u00f3n de la \u2018Ruta de la Seda\u2019, una milenaria estrategia china que propende por el fortalecimiento del comercio internacional mediante la construcci\u00f3n de infraestructuras de transporte p\u00fablico, que para el caso colombiano se enfocar\u00eda en la conexi\u00f3n mar\u00edtima entre los puertos chinos con Buenaventura y Tumaco, en el Pac\u00edfico, para articularlos por corredores f\u00e9rreos con el Caribe.<\/p>\n<p>En su encuentro con los delegados chinos, el ministro Camargo explic\u00f3 que el Gobierno del Cambio quiere reactivar una red f\u00e9rrea interurbana de 1.800 kil\u00f3metros, y alcanzar los 5.400 kil\u00f3metros en el a\u00f1o 2050.<\/p>\n<p>Agreg\u00f3 que esto se har\u00eda mediante esquemas concesionados a trav\u00e9s de alianzas p\u00fablico privadas y cubiertos con recursos propios de la naci\u00f3n en inversiones a 25 y 30 a\u00f1os, para facilitar la integraci\u00f3n de los principales puntos de producci\u00f3n del pa\u00eds con las costas Caribe y Pac\u00edfica.<\/p>\n<p>El programa de reactivaci\u00f3n f\u00e9rrea es mucho m\u00e1s ambicioso, pues la \u2018Ruta de la Seda\u2019 ser\u00eda apenas un primer paso para otro proyecto de m\u00e1s largo aliento: integrar el norte del pa\u00eds con el sur; a la costa Pac\u00edfica con la Orinoqu\u00eda; a Venezuela con Colombia, y una futura integraci\u00f3n de los trenes de Suram\u00e9rica con Centroam\u00e9rica.<\/p>\n<p>El ministro Camargo explic\u00f3 a los funcionarios chinos que Colombia quiere llevar la experiencia del sistema de asociaciones p\u00fablico privadas que se ha aplicado en los componentes carreteros, aeroportuarios y portuarios al componente fluvial y ahora al desarrollo de proyectos f\u00e9rreos.<\/p>\n<blockquote><p>\u201cPara nosotros es muy importante que esta conversaci\u00f3n se ampl\u00ede en el tiempo, que nos permita avanzar en los proyectos, que nos permita contar con su acompa\u00f1amiento no solo t\u00e9cnico sino financiero, y adicionalmente en servir de plataforma para una futura integraci\u00f3n de los trenes en Suram\u00e9rica y Centroam\u00e9rica\u201d, manifest\u00f3 el funcionario.<\/p><\/blockquote>\n<p>China, por su parte, asegur\u00f3 a trav\u00e9s del delegado de la empresa National Railway Administration que con base en los planteamientos del Ministerio de Transporte \u201cvamos a hacer investigaciones\u201d, es decir, a evaluar el planteamiento colombiano.<\/p>\n<p>Camargo concluy\u00f3 que para el presidente Gustavo Petro el transporte f\u00e9rreo \u201cha sido prioritario\u201d desde que fue alcalde de Bogot\u00e1 y ahora como jefe de Estado, pues \u201cel tema de los trenes est\u00e1 asociado al cambio clim\u00e1tico y al tema de eficiencia\u201d. \u200b<\/p>\n","protected":false},"excerpt":{"rendered":"<p>El Gobierno del Cambio pidi\u00f3 la asesor\u00eda y vinculaci\u00f3n de China para reactivar inicialmente 1.800 kil\u00f3metros de la red f\u00e9rrea. Colombia quiere reactivar la \u2018Ruta de la Seda\u2019 para conectar los puertos asi\u00e1ticos con Buenaventura y Tumaco, y por corredores f\u00e9rreos con la costa Caribe. El Gobierno del Cambio ya<span class=\"more-link\"><a href=\"https:\/\/ciudadyregion.com.co\/index.php\/colombia-expuso-a-china-propuesta-para-reactivar-la-red-ferrea-y-extenderla-a-5-400-kilometros-en-2050\/internacional\/\">Continuar Leyendo<\/a><\/span><\/p>\n","protected":false},"author":2,"featured_media":656,"comment_status":"open","ping_status":"open","sticky":false,"template":"","format":"standard","meta":{"_uf_show_specific_survey":0,"_uf_disable_surveys":false,"_jetpack_memberships_contains_paid_content":false,"footnotes":"","jetpack_publicize_message":"","jetpack_publicize_feature_enabled":true,"jetpack_social_post_already_shared":false,"jetpack_social_options":{"image_generator_settings":{"template":"highway","enabled":false},"version":2}},"categories":[20],"tags":[],"class_list":["entry","author-diegoaguirre","post-655","post","type-post","status-publish","format-standard","has-post-thumbnail","category-internacional"],"jetpack_publicize_connections":[],"yoast_head":"<!-- This site is optimized with the Yoast SEO plugin v24.3 - https:\/\/yoast.com\/wordpress\/plugins\/seo\/ -->\n<title>Colombia expuso a China propuesta para reactivar la red f\u00e9rrea y extenderla a 5.400 kil\u00f3metros en 2050 - Ciudad y Region<\/title>\n<meta name=\"robots\" content=\"index, follow, max-snippet:-1, max-image-preview:large, max-video-preview:-1\" \/>\n<link rel=\"canonical\" href=\"https:\/\/ciudadyregion.com.co\/index.php\/colombia-expuso-a-china-propuesta-para-reactivar-la-red-ferrea-y-extenderla-a-5-400-kilometros-en-2050\/internacional\/\" \/>\n<meta property=\"og:locale\" content=\"es_ES\" \/>\n<meta property=\"og:type\" content=\"article\" \/>\n<meta property=\"og:title\" content=\"Colombia expuso a China propuesta para reactivar la red f\u00e9rrea y extenderla a 5.400 kil\u00f3metros en 2050 - Ciudad y Region\" \/>\n<meta property=\"og:description\" content=\"El Gobierno del Cambio pidi\u00f3 la asesor\u00eda y vinculaci\u00f3n de China para reactivar inicialmente 1.800 kil\u00f3metros de la red f\u00e9rrea. Colombia quiere reactivar la \u2018Ruta de la Seda\u2019 para conectar los puertos asi\u00e1ticos con Buenaventura y Tumaco, y por corredores f\u00e9rreos con la costa Caribe. El Gobierno del Cambio yaContinuar Leyendo\" \/>\n<meta property=\"og:url\" content=\"https:\/\/ciudadyregion.com.co\/index.php\/colombia-expuso-a-china-propuesta-para-reactivar-la-red-ferrea-y-extenderla-a-5-400-kilometros-en-2050\/internacional\/\" \/>\n<meta property=\"og:site_name\" content=\"Ciudad y Region\" \/>\n<meta property=\"article:published_time\" content=\"2023-10-26T15:54:15+00:00\" \/>\n<meta property=\"og:image\" content=\"https:\/\/ciudadyregion.com.co\/wp-content\/uploads\/2023\/10\/2-5.jpg\" \/>\n\t<meta property=\"og:image:width\" content=\"800\" \/>\n\t<meta property=\"og:image:height\" content=\"445\" \/>\n\t<meta property=\"og:image:type\" content=\"image\/jpeg\" \/>\n<meta name=\"author\" content=\"David Andr\u00e9s Aguirre\" \/>\n<meta name=\"twitter:card\" content=\"summary_large_image\" \/>\n<meta name=\"twitter:label1\" content=\"Escrito por\" \/>\n\t<meta name=\"twitter:data1\" content=\"David Andr\u00e9s Aguirre\" \/>\n\t<meta name=\"twitter:label2\" content=\"Tiempo de lectura\" \/>\n\t<meta name=\"twitter:data2\" content=\"3 minutos\" \/>\n<script type=\"application\/ld+json\" class=\"yoast-schema-graph\">{\"@context\":\"https:\/\/schema.org\",\"@graph\":[{\"@type\":\"WebPage\",\"@id\":\"https:\/\/ciudadyregion.com.co\/index.php\/colombia-expuso-a-china-propuesta-para-reactivar-la-red-ferrea-y-extenderla-a-5-400-kilometros-en-2050\/internacional\/\",\"url\":\"https:\/\/ciudadyregion.com.co\/index.php\/colombia-expuso-a-china-propuesta-para-reactivar-la-red-ferrea-y-extenderla-a-5-400-kilometros-en-2050\/internacional\/\",\"name\":\"Colombia expuso a China propuesta para reactivar la red f\u00e9rrea y extenderla a 5.400 kil\u00f3metros en 2050 - Ciudad y Region\",\"isPartOf\":{\"@id\":\"https:\/\/ciudadyregion.com.co\/#website\"},\"primaryImageOfPage\":{\"@id\":\"https:\/\/ciudadyregion.com.co\/index.php\/colombia-expuso-a-china-propuesta-para-reactivar-la-red-ferrea-y-extenderla-a-5-400-kilometros-en-2050\/internacional\/#primaryimage\"},\"image\":{\"@id\":\"https:\/\/ciudadyregion.com.co\/index.php\/colombia-expuso-a-china-propuesta-para-reactivar-la-red-ferrea-y-extenderla-a-5-400-kilometros-en-2050\/internacional\/#primaryimage\"},\"thumbnailUrl\":\"https:\/\/i0.wp.com\/ciudadyregion.com.co\/wp-content\/uploads\/2023\/10\/2-5.jpg?fit=800%2C445&ssl=1\",\"datePublished\":\"2023-10-26T15:54:15+00:00\",\"dateModified\":\"2023-10-26T15:54:15+00:00\",\"author\":{\"@id\":\"https:\/\/ciudadyregion.com.co\/#\/schema\/person\/04a4954373ebc4051f46e8c65ff78622\"},\"breadcrumb\":{\"@id\":\"https:\/\/ciudadyregion.com.co\/index.php\/colombia-expuso-a-china-propuesta-para-reactivar-la-red-ferrea-y-extenderla-a-5-400-kilometros-en-2050\/internacional\/#breadcrumb\"},\"inLanguage\":\"es\",\"potentialAction\":[{\"@type\":\"ReadAction\",\"target\":[\"https:\/\/ciudadyregion.com.co\/index.php\/colombia-expuso-a-china-propuesta-para-reactivar-la-red-ferrea-y-extenderla-a-5-400-kilometros-en-2050\/internacional\/\"]}]},{\"@type\":\"ImageObject\",\"inLanguage\":\"es\",\"@id\":\"https:\/\/ciudadyregion.com.co\/index.php\/colombia-expuso-a-china-propuesta-para-reactivar-la-red-ferrea-y-extenderla-a-5-400-kilometros-en-2050\/internacional\/#primaryimage\",\"url\":\"https:\/\/i0.wp.com\/ciudadyregion.com.co\/wp-content\/uploads\/2023\/10\/2-5.jpg?fit=800%2C445&ssl=1\",\"contentUrl\":\"https:\/\/i0.wp.com\/ciudadyregion.com.co\/wp-content\/uploads\/2023\/10\/2-5.jpg?fit=800%2C445&ssl=1\",\"width\":800,\"height\":445},{\"@type\":\"BreadcrumbList\",\"@id\":\"https:\/\/ciudadyregion.com.co\/index.php\/colombia-expuso-a-china-propuesta-para-reactivar-la-red-ferrea-y-extenderla-a-5-400-kilometros-en-2050\/internacional\/#breadcrumb\",\"itemListElement\":[{\"@type\":\"ListItem\",\"position\":1,\"name\":\"Portada\",\"item\":\"https:\/\/ciudadyregion.com.co\/\"},{\"@type\":\"ListItem\",\"position\":2,\"name\":\"Colombia expuso a China propuesta para reactivar la red f\u00e9rrea y extenderla a 5.400 kil\u00f3metros en 2050\"}]},{\"@type\":\"WebSite\",\"@id\":\"https:\/\/ciudadyregion.com.co\/#website\",\"url\":\"https:\/\/ciudadyregion.com.co\/\",\"name\":\"Ciudad y Region\",\"description\":\"\",\"potentialAction\":[{\"@type\":\"SearchAction\",\"target\":{\"@type\":\"EntryPoint\",\"urlTemplate\":\"https:\/\/ciudadyregion.com.co\/?s={search_term_string}\"},\"query-input\":{\"@type\":\"PropertyValueSpecification\",\"valueRequired\":true,\"valueName\":\"search_term_string\"}}],\"inLanguage\":\"es\"},{\"@type\":\"Person\",\"@id\":\"https:\/\/ciudadyregion.com.co\/#\/schema\/person\/04a4954373ebc4051f46e8c65ff78622\",\"name\":\"David Andr\u00e9s Aguirre\",\"image\":{\"@type\":\"ImageObject\",\"inLanguage\":\"es\",\"@id\":\"https:\/\/ciudadyregion.com.co\/#\/schema\/person\/image\/\",\"url\":\"https:\/\/secure.gravatar.com\/avatar\/bc3c655860202182ee6d1b5edd042dbe?s=96&d=mm&r=g\",\"contentUrl\":\"https:\/\/secure.gravatar.com\/avatar\/bc3c655860202182ee6d1b5edd042dbe?s=96&d=mm&r=g\",\"caption\":\"David Andr\u00e9s Aguirre\"},\"url\":\"https:\/\/ciudadyregion.com.co\/index.php\/author\/diegoaguirre\/\"}]}<\/script>\n<!-- \/ Yoast SEO plugin. -->","yoast_head_json":{"title":"Colombia expuso a China propuesta para reactivar la red f\u00e9rrea y extenderla a 5.400 kil\u00f3metros en 2050 - Ciudad y Region","robots":{"index":"index","follow":"follow","max-snippet":"max-snippet:-1","max-image-preview":"max-image-preview:large","max-video-preview":"max-video-preview:-1"},"canonical":"https:\/\/ciudadyregion.com.co\/index.php\/colombia-expuso-a-china-propuesta-para-reactivar-la-red-ferrea-y-extenderla-a-5-400-kilometros-en-2050\/internacional\/","og_locale":"es_ES","og_type":"article","og_title":"Colombia expuso a China propuesta para reactivar la red f\u00e9rrea y extenderla a 5.400 kil\u00f3metros en 2050 - Ciudad y Region","og_description":"El Gobierno del Cambio pidi\u00f3 la asesor\u00eda y vinculaci\u00f3n de China para reactivar inicialmente 1.800 kil\u00f3metros de la red f\u00e9rrea. Colombia quiere reactivar la \u2018Ruta de la Seda\u2019 para conectar los puertos asi\u00e1ticos con Buenaventura y Tumaco, y por corredores f\u00e9rreos con la costa Caribe. El Gobierno del Cambio yaContinuar Leyendo","og_url":"https:\/\/ciudadyregion.com.co\/index.php\/colombia-expuso-a-china-propuesta-para-reactivar-la-red-ferrea-y-extenderla-a-5-400-kilometros-en-2050\/internacional\/","og_site_name":"Ciudad y Region","article_published_time":"2023-10-26T15:54:15+00:00","og_image":[{"width":800,"height":445,"url":"https:\/\/ciudadyregion.com.co\/wp-content\/uploads\/2023\/10\/2-5.jpg","type":"image\/jpeg"}],"author":"David Andr\u00e9s Aguirre","twitter_card":"summary_large_image","twitter_misc":{"Escrito por":"David Andr\u00e9s Aguirre","Tiempo de lectura":"3 minutos"},"schema":{"@context":"https:\/\/schema.org","@graph":[{"@type":"WebPage","@id":"https:\/\/ciudadyregion.com.co\/index.php\/colombia-expuso-a-china-propuesta-para-reactivar-la-red-ferrea-y-extenderla-a-5-400-kilometros-en-2050\/internacional\/","url":"https:\/\/ciudadyregion.com.co\/index.php\/colombia-expuso-a-china-propuesta-para-reactivar-la-red-ferrea-y-extenderla-a-5-400-kilometros-en-2050\/internacional\/","name":"Colombia expuso a China propuesta para reactivar la red f\u00e9rrea y extenderla a 5.400 kil\u00f3metros en 2050 - Ciudad y Region","isPartOf":{"@id":"https:\/\/ciudadyregion.com.co\/#website"},"primaryImageOfPage":{"@id":"https:\/\/ciudadyregion.com.co\/index.php\/colombia-expuso-a-china-propuesta-para-reactivar-la-red-ferrea-y-extenderla-a-5-400-kilometros-en-2050\/internacional\/#primaryimage"},"image":{"@id":"https:\/\/ciudadyregion.com.co\/index.php\/colombia-expuso-a-china-propuesta-para-reactivar-la-red-ferrea-y-extenderla-a-5-400-kilometros-en-2050\/internacional\/#primaryimage"},"thumbnailUrl":"https:\/\/i0.wp.com\/ciudadyregion.com.co\/wp-content\/uploads\/2023\/10\/2-5.jpg?fit=800%2C445&ssl=1","datePublished":"2023-10-26T15:54:15+00:00","dateModified":"2023-10-26T15:54:15+00:00","author":{"@id":"https:\/\/ciudadyregion.com.co\/#\/schema\/person\/04a4954373ebc4051f46e8c65ff78622"},"breadcrumb":{"@id":"https:\/\/ciudadyregion.com.co\/index.php\/colombia-expuso-a-china-propuesta-para-reactivar-la-red-ferrea-y-extenderla-a-5-400-kilometros-en-2050\/internacional\/#breadcrumb"},"inLanguage":"es","potentialAction":[{"@type":"ReadAction","target":["https:\/\/ciudadyregion.com.co\/index.php\/colombia-expuso-a-china-propuesta-para-reactivar-la-red-ferrea-y-extenderla-a-5-400-kilometros-en-2050\/internacional\/"]}]},{"@type":"ImageObject","inLanguage":"es","@id":"https:\/\/ciudadyregion.com.co\/index.php\/colombia-expuso-a-china-propuesta-para-reactivar-la-red-ferrea-y-extenderla-a-5-400-kilometros-en-2050\/internacional\/#primaryimage","url":"https:\/\/i0.wp.com\/ciudadyregion.com.co\/wp-content\/uploads\/2023\/10\/2-5.jpg?fit=800%2C445&ssl=1","contentUrl":"https:\/\/i0.wp.com\/ciudadyregion.com.co\/wp-content\/uploads\/2023\/10\/2-5.jpg?fit=800%2C445&ssl=1","width":800,"height":445},{"@type":"BreadcrumbList","@id":"https:\/\/ciudadyregion.com.co\/index.php\/colombia-expuso-a-china-propuesta-para-reactivar-la-red-ferrea-y-extenderla-a-5-400-kilometros-en-2050\/internacional\/#breadcrumb","itemListElement":[{"@type":"ListItem","position":1,"name":"Portada","item":"https:\/\/ciudadyregion.com.co\/"},{"@type":"ListItem","position":2,"name":"Colombia expuso a China propuesta para reactivar la red f\u00e9rrea y extenderla a 5.400 kil\u00f3metros en 2050"}]},{"@type":"WebSite","@id":"https:\/\/ciudadyregion.com.co\/#website","url":"https:\/\/ciudadyregion.com.co\/","name":"Ciudad y Region","description":"","potentialAction":[{"@type":"SearchAction","target":{"@type":"EntryPoint","urlTemplate":"https:\/\/ciudadyregion.com.co\/?s={search_term_string}"},"query-input":{"@type":"PropertyValueSpecification","valueRequired":true,"valueName":"search_term_string"}}],"inLanguage":"es"},{"@type":"Person","@id":"https:\/\/ciudadyregion.com.co\/#\/schema\/person\/04a4954373ebc4051f46e8c65ff78622","name":"David Andr\u00e9s Aguirre","image":{"@type":"ImageObject","inLanguage":"es","@id":"https:\/\/ciudadyregion.com.co\/#\/schema\/person\/image\/","url":"https:\/\/secure.gravatar.com\/avatar\/bc3c655860202182ee6d1b5edd042dbe?s=96&d=mm&r=g","contentUrl":"https:\/\/secure.gravatar.com\/avatar\/bc3c655860202182ee6d1b5edd042dbe?s=96&d=mm&r=g","caption":"David Andr\u00e9s Aguirre"},"url":"https:\/\/ciudadyregion.com.co\/index.php\/author\/diegoaguirre\/"}]}},"jetpack_featured_media_url":"https:\/\/i0.wp.com\/ciudadyregion.com.co\/wp-content\/uploads\/2023\/10\/2-5.jpg?fit=800%2C445&ssl=1","jetpack_sharing_enabled":true,"jetpack_shortlink":"https:\/\/wp.me\/pbS7hh-az","jetpack-related-posts":[],"_links":{"self":[{"href":"https:\/\/ciudadyregion.com.co\/index.php\/wp-json\/wp\/v2\/posts\/655"}],"collection":[{"href":"https:\/\/ciudadyregion.com.co\/index.php\/wp-json\/wp\/v2\/posts"}],"about":[{"href":"https:\/\/ciudadyregion.com.co\/index.php\/wp-json\/wp\/v2\/types\/post"}],"author":[{"embeddable":true,"href":"https:\/\/ciudadyregion.com.co\/index.php\/wp-json\/wp\/v2\/users\/2"}],"replies":[{"embeddable":true,"href":"https:\/\/ciudadyregion.com.co\/index.php\/wp-json\/wp\/v2\/comments?post=655"}],"version-history":[{"count":1,"href":"https:\/\/ciudadyregion.com.co\/index.php\/wp-json\/wp\/v2\/posts\/655\/revisions"}],"predecessor-version":[{"id":657,"href":"https:\/\/ciudadyregion.com.co\/index.php\/wp-json\/wp\/v2\/posts\/655\/revisions\/657"}],"wp:featuredmedia":[{"embeddable":true,"href":"https:\/\/ciudadyregion.com.co\/index.php\/wp-json\/wp\/v2\/media\/656"}],"wp:attachment":[{"href":"https:\/\/ciudadyregion.com.co\/index.php\/wp-json\/wp\/v2\/media?parent=655"}],"wp:term":[{"taxonomy":"category","embeddable":true,"href":"https:\/\/ciudadyregion.com.co\/index.php\/wp-json\/wp\/v2\/categories?post=655"},{"taxonomy":"post_tag","embeddable":true,"href":"https:\/\/ciudadyregion.com.co\/index.php\/wp-json\/wp\/v2\/tags?post=655"}],"curies":[{"name":"wp","href":"https:\/\/api.w.org\/{rel}","templated":true}]}}