{"id":640,"date":"2023-10-26T10:29:33","date_gmt":"2023-10-26T15:29:33","guid":{"rendered":"https:\/\/ciudadyregion.com.co\/?p=640"},"modified":"2023-10-26T10:29:33","modified_gmt":"2023-10-26T15:29:33","slug":"programese-para-vivir-el-primer-festival-del-libro-del-tolima","status":"publish","type":"post","link":"https:\/\/ciudadyregion.com.co\/index.php\/programese-para-vivir-el-primer-festival-del-libro-del-tolima\/cultura\/","title":{"rendered":"Progr\u00e1mese para vivir el primer Festival del Libro del Tolima"},"content":{"rendered":"<p>Del Primero al 4 de noviembre, los amantes de la literatura tendr\u00e1n una cita muy importante en el Centro de Convenciones Alfonso L\u00f3pez Pumarejo con la primera versi\u00f3n del Festival del Libro del Tolima.<\/p>\n<p>El evento es organizado por la Direcci\u00f3n de Cultura Departamental del Tolima, con el apoyo de Pijao Editores y el centro cultural de Ibagu\u00e9 del Banco de la Rep\u00fablica.<\/p>\n<blockquote><p>\u201cAlgo nunca antes visto en el departamento est\u00e1 a punto de pasar, se trata del primer Festival del libro. Un escenario lleno de color en el que habr\u00e1n m\u00e1s de 20 editoriales de M\u00e9xico, Espa\u00f1a, Chile y Colombia, adem\u00e1s de 50 autores presentes\u201d, indic\u00f3 Jaiber Berm\u00fadez, director de Cultura Departamental.<\/p><\/blockquote>\n<p>El espacio tendr\u00e1 aproximadamente 60 actividades en el Centro de Convenciones dirigidas a ni\u00f1os, j\u00f3venes y adultos interesados en conocer nuevas historias, cuentos, novelas e informaci\u00f3n general que despierte su inter\u00e9s.<\/p>\n<p>Tambi\u00e9n har\u00e1n presencias editoriales internacionales como Cangrejo Editores de M\u00e9xico, y la Asociaci\u00f3n de Escritores Chilenos. Del mismo modo, tambi\u00e9n estar\u00e1n grandes casas como Planeta, Random House y el Fondo de Cultura de M\u00e9xico, acompa\u00f1ados de editoriales y librer\u00edas independientes del Tolima como Pijao Editores, Caza de libros, Alas de Colibr\u00ed, Universilibros, Sticky Books y fondos editoriales de universidades locales.<\/p>\n<p>El p\u00fablico podr\u00e1 escuchar de forma gratuita a varios autores de la talla de Santiago Gamboa, William Ospina, Jorge Eli\u00e9cer Pardo, Jos\u00e9 Luis D\u00edaz granados, \u00d3scar Godoy, entre otros grandes escritores del pa\u00eds.<\/p>\n<p>Como parte de la programaci\u00f3n del Festival, tambi\u00e9n se llevar\u00e1 a cabo el Encuentro de Narrativas Colombianas y el II Encuentro de Bibliotecarios del Tolima.<\/p>\n<p>&nbsp;<\/p>\n<p>&nbsp;<\/p>\n<p>Cr\u00e9ditos: Gobernaci\u00f3n del Tolima<\/p>\n","protected":false},"excerpt":{"rendered":"<p>Del Primero al 4 de noviembre, los amantes de la literatura tendr\u00e1n una cita muy importante en el Centro de Convenciones Alfonso L\u00f3pez Pumarejo con la primera versi\u00f3n del Festival del Libro del Tolima. El evento es organizado por la Direcci\u00f3n de Cultura Departamental del Tolima, con el apoyo de<span class=\"more-link\"><a href=\"https:\/\/ciudadyregion.com.co\/index.php\/programese-para-vivir-el-primer-festival-del-libro-del-tolima\/cultura\/\">Continuar Leyendo<\/a><\/span><\/p>\n","protected":false},"author":2,"featured_media":641,"comment_status":"open","ping_status":"open","sticky":false,"template":"","format":"standard","meta":{"_uf_show_specific_survey":0,"_uf_disable_surveys":false,"_jetpack_memberships_contains_paid_content":false,"footnotes":"","jetpack_publicize_message":"","jetpack_publicize_feature_enabled":true,"jetpack_social_post_already_shared":false,"jetpack_social_options":{"image_generator_settings":{"template":"highway","enabled":false},"version":2}},"categories":[30],"tags":[],"class_list":["entry","author-diegoaguirre","post-640","post","type-post","status-publish","format-standard","has-post-thumbnail","category-cultura"],"jetpack_publicize_connections":[],"yoast_head":"<!-- This site is optimized with the Yoast SEO plugin v24.3 - https:\/\/yoast.com\/wordpress\/plugins\/seo\/ -->\n<title>Progr\u00e1mese para vivir el primer Festival del Libro del Tolima - Ciudad y Region<\/title>\n<meta name=\"robots\" content=\"index, follow, max-snippet:-1, max-image-preview:large, max-video-preview:-1\" \/>\n<link rel=\"canonical\" href=\"https:\/\/ciudadyregion.com.co\/index.php\/programese-para-vivir-el-primer-festival-del-libro-del-tolima\/cultura\/\" \/>\n<meta property=\"og:locale\" content=\"es_ES\" \/>\n<meta property=\"og:type\" content=\"article\" \/>\n<meta property=\"og:title\" content=\"Progr\u00e1mese para vivir el primer Festival del Libro del Tolima - Ciudad y Region\" \/>\n<meta property=\"og:description\" content=\"Del Primero al 4 de noviembre, los amantes de la literatura tendr\u00e1n una cita muy importante en el Centro de Convenciones Alfonso L\u00f3pez Pumarejo con la primera versi\u00f3n del Festival del Libro del Tolima. El evento es organizado por la Direcci\u00f3n de Cultura Departamental del Tolima, con el apoyo deContinuar Leyendo\" \/>\n<meta property=\"og:url\" content=\"https:\/\/ciudadyregion.com.co\/index.php\/programese-para-vivir-el-primer-festival-del-libro-del-tolima\/cultura\/\" \/>\n<meta property=\"og:site_name\" content=\"Ciudad y Region\" \/>\n<meta property=\"article:published_time\" content=\"2023-10-26T15:29:33+00:00\" \/>\n<meta property=\"og:image\" content=\"https:\/\/ciudadyregion.com.co\/wp-content\/uploads\/2023\/10\/4-4.jpg\" \/>\n\t<meta property=\"og:image:width\" content=\"800\" \/>\n\t<meta property=\"og:image:height\" content=\"445\" \/>\n\t<meta property=\"og:image:type\" content=\"image\/jpeg\" \/>\n<meta name=\"author\" content=\"David Andr\u00e9s Aguirre\" \/>\n<meta name=\"twitter:card\" content=\"summary_large_image\" \/>\n<meta name=\"twitter:label1\" content=\"Escrito por\" \/>\n\t<meta name=\"twitter:data1\" content=\"David Andr\u00e9s Aguirre\" \/>\n\t<meta name=\"twitter:label2\" content=\"Tiempo de lectura\" \/>\n\t<meta name=\"twitter:data2\" content=\"1 minuto\" \/>\n<script type=\"application\/ld+json\" class=\"yoast-schema-graph\">{\"@context\":\"https:\/\/schema.org\",\"@graph\":[{\"@type\":\"WebPage\",\"@id\":\"https:\/\/ciudadyregion.com.co\/index.php\/programese-para-vivir-el-primer-festival-del-libro-del-tolima\/cultura\/\",\"url\":\"https:\/\/ciudadyregion.com.co\/index.php\/programese-para-vivir-el-primer-festival-del-libro-del-tolima\/cultura\/\",\"name\":\"Progr\u00e1mese para vivir el primer Festival del Libro del Tolima - Ciudad y Region\",\"isPartOf\":{\"@id\":\"https:\/\/ciudadyregion.com.co\/#website\"},\"primaryImageOfPage\":{\"@id\":\"https:\/\/ciudadyregion.com.co\/index.php\/programese-para-vivir-el-primer-festival-del-libro-del-tolima\/cultura\/#primaryimage\"},\"image\":{\"@id\":\"https:\/\/ciudadyregion.com.co\/index.php\/programese-para-vivir-el-primer-festival-del-libro-del-tolima\/cultura\/#primaryimage\"},\"thumbnailUrl\":\"https:\/\/i0.wp.com\/ciudadyregion.com.co\/wp-content\/uploads\/2023\/10\/4-4.jpg?fit=800%2C445&ssl=1\",\"datePublished\":\"2023-10-26T15:29:33+00:00\",\"dateModified\":\"2023-10-26T15:29:33+00:00\",\"author\":{\"@id\":\"https:\/\/ciudadyregion.com.co\/#\/schema\/person\/04a4954373ebc4051f46e8c65ff78622\"},\"breadcrumb\":{\"@id\":\"https:\/\/ciudadyregion.com.co\/index.php\/programese-para-vivir-el-primer-festival-del-libro-del-tolima\/cultura\/#breadcrumb\"},\"inLanguage\":\"es\",\"potentialAction\":[{\"@type\":\"ReadAction\",\"target\":[\"https:\/\/ciudadyregion.com.co\/index.php\/programese-para-vivir-el-primer-festival-del-libro-del-tolima\/cultura\/\"]}]},{\"@type\":\"ImageObject\",\"inLanguage\":\"es\",\"@id\":\"https:\/\/ciudadyregion.com.co\/index.php\/programese-para-vivir-el-primer-festival-del-libro-del-tolima\/cultura\/#primaryimage\",\"url\":\"https:\/\/i0.wp.com\/ciudadyregion.com.co\/wp-content\/uploads\/2023\/10\/4-4.jpg?fit=800%2C445&ssl=1\",\"contentUrl\":\"https:\/\/i0.wp.com\/ciudadyregion.com.co\/wp-content\/uploads\/2023\/10\/4-4.jpg?fit=800%2C445&ssl=1\",\"width\":800,\"height\":445},{\"@type\":\"BreadcrumbList\",\"@id\":\"https:\/\/ciudadyregion.com.co\/index.php\/programese-para-vivir-el-primer-festival-del-libro-del-tolima\/cultura\/#breadcrumb\",\"itemListElement\":[{\"@type\":\"ListItem\",\"position\":1,\"name\":\"Portada\",\"item\":\"https:\/\/ciudadyregion.com.co\/\"},{\"@type\":\"ListItem\",\"position\":2,\"name\":\"Progr\u00e1mese para vivir el primer Festival del Libro del Tolima\"}]},{\"@type\":\"WebSite\",\"@id\":\"https:\/\/ciudadyregion.com.co\/#website\",\"url\":\"https:\/\/ciudadyregion.com.co\/\",\"name\":\"Ciudad y Region\",\"description\":\"\",\"potentialAction\":[{\"@type\":\"SearchAction\",\"target\":{\"@type\":\"EntryPoint\",\"urlTemplate\":\"https:\/\/ciudadyregion.com.co\/?s={search_term_string}\"},\"query-input\":{\"@type\":\"PropertyValueSpecification\",\"valueRequired\":true,\"valueName\":\"search_term_string\"}}],\"inLanguage\":\"es\"},{\"@type\":\"Person\",\"@id\":\"https:\/\/ciudadyregion.com.co\/#\/schema\/person\/04a4954373ebc4051f46e8c65ff78622\",\"name\":\"David Andr\u00e9s Aguirre\",\"image\":{\"@type\":\"ImageObject\",\"inLanguage\":\"es\",\"@id\":\"https:\/\/ciudadyregion.com.co\/#\/schema\/person\/image\/\",\"url\":\"https:\/\/secure.gravatar.com\/avatar\/bc3c655860202182ee6d1b5edd042dbe?s=96&d=mm&r=g\",\"contentUrl\":\"https:\/\/secure.gravatar.com\/avatar\/bc3c655860202182ee6d1b5edd042dbe?s=96&d=mm&r=g\",\"caption\":\"David Andr\u00e9s Aguirre\"},\"url\":\"https:\/\/ciudadyregion.com.co\/index.php\/author\/diegoaguirre\/\"}]}<\/script>\n<!-- \/ Yoast SEO plugin. -->","yoast_head_json":{"title":"Progr\u00e1mese para vivir el primer Festival del Libro del Tolima - Ciudad y Region","robots":{"index":"index","follow":"follow","max-snippet":"max-snippet:-1","max-image-preview":"max-image-preview:large","max-video-preview":"max-video-preview:-1"},"canonical":"https:\/\/ciudadyregion.com.co\/index.php\/programese-para-vivir-el-primer-festival-del-libro-del-tolima\/cultura\/","og_locale":"es_ES","og_type":"article","og_title":"Progr\u00e1mese para vivir el primer Festival del Libro del Tolima - Ciudad y Region","og_description":"Del Primero al 4 de noviembre, los amantes de la literatura tendr\u00e1n una cita muy importante en el Centro de Convenciones Alfonso L\u00f3pez Pumarejo con la primera versi\u00f3n del Festival del Libro del Tolima. El evento es organizado por la Direcci\u00f3n de Cultura Departamental del Tolima, con el apoyo deContinuar Leyendo","og_url":"https:\/\/ciudadyregion.com.co\/index.php\/programese-para-vivir-el-primer-festival-del-libro-del-tolima\/cultura\/","og_site_name":"Ciudad y Region","article_published_time":"2023-10-26T15:29:33+00:00","og_image":[{"width":800,"height":445,"url":"https:\/\/ciudadyregion.com.co\/wp-content\/uploads\/2023\/10\/4-4.jpg","type":"image\/jpeg"}],"author":"David Andr\u00e9s Aguirre","twitter_card":"summary_large_image","twitter_misc":{"Escrito por":"David Andr\u00e9s Aguirre","Tiempo de lectura":"1 minuto"},"schema":{"@context":"https:\/\/schema.org","@graph":[{"@type":"WebPage","@id":"https:\/\/ciudadyregion.com.co\/index.php\/programese-para-vivir-el-primer-festival-del-libro-del-tolima\/cultura\/","url":"https:\/\/ciudadyregion.com.co\/index.php\/programese-para-vivir-el-primer-festival-del-libro-del-tolima\/cultura\/","name":"Progr\u00e1mese para vivir el primer Festival del Libro del Tolima - Ciudad y Region","isPartOf":{"@id":"https:\/\/ciudadyregion.com.co\/#website"},"primaryImageOfPage":{"@id":"https:\/\/ciudadyregion.com.co\/index.php\/programese-para-vivir-el-primer-festival-del-libro-del-tolima\/cultura\/#primaryimage"},"image":{"@id":"https:\/\/ciudadyregion.com.co\/index.php\/programese-para-vivir-el-primer-festival-del-libro-del-tolima\/cultura\/#primaryimage"},"thumbnailUrl":"https:\/\/i0.wp.com\/ciudadyregion.com.co\/wp-content\/uploads\/2023\/10\/4-4.jpg?fit=800%2C445&ssl=1","datePublished":"2023-10-26T15:29:33+00:00","dateModified":"2023-10-26T15:29:33+00:00","author":{"@id":"https:\/\/ciudadyregion.com.co\/#\/schema\/person\/04a4954373ebc4051f46e8c65ff78622"},"breadcrumb":{"@id":"https:\/\/ciudadyregion.com.co\/index.php\/programese-para-vivir-el-primer-festival-del-libro-del-tolima\/cultura\/#breadcrumb"},"inLanguage":"es","potentialAction":[{"@type":"ReadAction","target":["https:\/\/ciudadyregion.com.co\/index.php\/programese-para-vivir-el-primer-festival-del-libro-del-tolima\/cultura\/"]}]},{"@type":"ImageObject","inLanguage":"es","@id":"https:\/\/ciudadyregion.com.co\/index.php\/programese-para-vivir-el-primer-festival-del-libro-del-tolima\/cultura\/#primaryimage","url":"https:\/\/i0.wp.com\/ciudadyregion.com.co\/wp-content\/uploads\/2023\/10\/4-4.jpg?fit=800%2C445&ssl=1","contentUrl":"https:\/\/i0.wp.com\/ciudadyregion.com.co\/wp-content\/uploads\/2023\/10\/4-4.jpg?fit=800%2C445&ssl=1","width":800,"height":445},{"@type":"BreadcrumbList","@id":"https:\/\/ciudadyregion.com.co\/index.php\/programese-para-vivir-el-primer-festival-del-libro-del-tolima\/cultura\/#breadcrumb","itemListElement":[{"@type":"ListItem","position":1,"name":"Portada","item":"https:\/\/ciudadyregion.com.co\/"},{"@type":"ListItem","position":2,"name":"Progr\u00e1mese para vivir el primer Festival del Libro del Tolima"}]},{"@type":"WebSite","@id":"https:\/\/ciudadyregion.com.co\/#website","url":"https:\/\/ciudadyregion.com.co\/","name":"Ciudad y Region","description":"","potentialAction":[{"@type":"SearchAction","target":{"@type":"EntryPoint","urlTemplate":"https:\/\/ciudadyregion.com.co\/?s={search_term_string}"},"query-input":{"@type":"PropertyValueSpecification","valueRequired":true,"valueName":"search_term_string"}}],"inLanguage":"es"},{"@type":"Person","@id":"https:\/\/ciudadyregion.com.co\/#\/schema\/person\/04a4954373ebc4051f46e8c65ff78622","name":"David Andr\u00e9s Aguirre","image":{"@type":"ImageObject","inLanguage":"es","@id":"https:\/\/ciudadyregion.com.co\/#\/schema\/person\/image\/","url":"https:\/\/secure.gravatar.com\/avatar\/bc3c655860202182ee6d1b5edd042dbe?s=96&d=mm&r=g","contentUrl":"https:\/\/secure.gravatar.com\/avatar\/bc3c655860202182ee6d1b5edd042dbe?s=96&d=mm&r=g","caption":"David Andr\u00e9s Aguirre"},"url":"https:\/\/ciudadyregion.com.co\/index.php\/author\/diegoaguirre\/"}]}},"jetpack_featured_media_url":"https:\/\/i0.wp.com\/ciudadyregion.com.co\/wp-content\/uploads\/2023\/10\/4-4.jpg?fit=800%2C445&ssl=1","jetpack_sharing_enabled":true,"jetpack_shortlink":"https:\/\/wp.me\/pbS7hh-ak","jetpack-related-posts":[],"_links":{"self":[{"href":"https:\/\/ciudadyregion.com.co\/index.php\/wp-json\/wp\/v2\/posts\/640"}],"collection":[{"href":"https:\/\/ciudadyregion.com.co\/index.php\/wp-json\/wp\/v2\/posts"}],"about":[{"href":"https:\/\/ciudadyregion.com.co\/index.php\/wp-json\/wp\/v2\/types\/post"}],"author":[{"embeddable":true,"href":"https:\/\/ciudadyregion.com.co\/index.php\/wp-json\/wp\/v2\/users\/2"}],"replies":[{"embeddable":true,"href":"https:\/\/ciudadyregion.com.co\/index.php\/wp-json\/wp\/v2\/comments?post=640"}],"version-history":[{"count":1,"href":"https:\/\/ciudadyregion.com.co\/index.php\/wp-json\/wp\/v2\/posts\/640\/revisions"}],"predecessor-version":[{"id":642,"href":"https:\/\/ciudadyregion.com.co\/index.php\/wp-json\/wp\/v2\/posts\/640\/revisions\/642"}],"wp:featuredmedia":[{"embeddable":true,"href":"https:\/\/ciudadyregion.com.co\/index.php\/wp-json\/wp\/v2\/media\/641"}],"wp:attachment":[{"href":"https:\/\/ciudadyregion.com.co\/index.php\/wp-json\/wp\/v2\/media?parent=640"}],"wp:term":[{"taxonomy":"category","embeddable":true,"href":"https:\/\/ciudadyregion.com.co\/index.php\/wp-json\/wp\/v2\/categories?post=640"},{"taxonomy":"post_tag","embeddable":true,"href":"https:\/\/ciudadyregion.com.co\/index.php\/wp-json\/wp\/v2\/tags?post=640"}],"curies":[{"name":"wp","href":"https:\/\/api.w.org\/{rel}","templated":true}]}}