{"id":59772,"date":"2026-04-30T12:27:11","date_gmt":"2026-04-30T17:27:11","guid":{"rendered":"https:\/\/ciudadyregion.com.co\/?p=59772"},"modified":"2026-04-30T12:27:11","modified_gmt":"2026-04-30T17:27:11","slug":"boletin-de-prensa-hospital-regional-alfonso-jaramillo-salazar-ese","status":"publish","type":"post","link":"https:\/\/ciudadyregion.com.co\/index.php\/boletin-de-prensa-hospital-regional-alfonso-jaramillo-salazar-ese\/regional\/","title":{"rendered":"BOLETIN DE PRENSA: HOSPITAL REGIONAL ALFONSO JARAMILLO SALAZAR ESE"},"content":{"rendered":"<p>Desde el inicio de la intervenci\u00f3n de la Superintendencia Nacional de Salud en octubre de 2023, el Hospital Regional Alfonso Jaramillo Salazar ESE ha logrado importantes avances en su fortalecimiento financiero, administrativo y asistencial, reflejados en mejoras significativas en apertura y reapertura de servicios, ampliaci\u00f3n de cobertura, mayor acceso, calidad e infraestructura en la prestaci\u00f3n de los servicios de salud para la regi\u00f3n.<\/p>\n<p>En el a\u00f1o 2024 se increment\u00f3 el n\u00famero de camas hospitalarias pasando de 85 a 121camas hospitalarias, dado por el incremento de las camas de Unidad de Cuidado Intensivo adulto, de la Unidad de Cuidado Intermedio de adulto, atenci\u00f3n de parto y por la apertura de los servicios de:\u00a0 Unidad de Cuidado intermedio Neonatal (9 Camas) y pedi\u00e1trica (5 camas.).<\/p>\n<p>Se han re-aperturado los servicios de Medicina General, Odontolog\u00eda General, Enfermer\u00eda, Toma de Muestras Ginecol\u00f3gicas, Toma de muestras de laboratorio Cl\u00ednico en los Centros de Salud de los Corregimientos de Convenio CAP2, Santa Teresa CAP2 y Puesto de Salud del Corregimiento San Fernando CAP1.<\/p>\n<p>En el segundo semestre del a\u00f1o 2025 se apertura los servicios de las especialidades de Cirug\u00eda pedi\u00e1trica; cirug\u00eda oral, Cardiolog\u00eda pedi\u00e1trica, Psiquiatr\u00eda. Igualmente hemos recuperado 5 de 8 servicios tercerizados, haciendo que estos servicios sean rentables econ\u00f3mica y socialmente para la Instituci\u00f3n y la poblaci\u00f3n del Norte del Tolima.<\/p>\n<p>Durante la intervenci\u00f3n, se ha aumentado la producci\u00f3n global de servicios de salud en un 27%, con m\u00e1s de 133.171 citas ofertadas adicionales por a\u00f1o, un incremento del 44% en egresos hospitalarios y del 66% en actividades de enfermer\u00eda, fortaleciendo el acceso, la cobertura y la oportunidad en la atenci\u00f3n. Este crecimiento en la prestaci\u00f3n de servicios impuls\u00f3 adem\u00e1s un aumento del 57.5% en la facturaci\u00f3n institucional, pasando de $82.620 mil millones en 2023 a $130.150 mil millones en 2025, as\u00ed como un incremento del 82.6% en el recaudo, que pas\u00f3 de $48.305 millones a $88.225 millones<\/p>\n<p>Con una inversi\u00f3n del Gobierno del Cambio de $14.609.839.600 en Equipos B\u00e1sicos en Salud, se ha fortalecido la promoci\u00f3n, prevenci\u00f3n e intervenci\u00f3n comunitaria. Se han caracterizado 12.656 hogares, atendido 35.912 personas y realizado m\u00e1s de 28.824 actividades de promoci\u00f3n y mantenimiento de la salud. Esto ha permitido mejorar los indicadores de 37.8% antes de la intervenci\u00f3n a 73.2% en la actualidad, reflejando un crecimiento del 193% en las actividades realizadas, con mayor cobertura y fortalecimiento del acceso efectivo a la salud en los territorios de la Colombia profunda.<\/p>\n<p>Se ha liderado la gesti\u00f3n de proyectos de inversi\u00f3n ante el Gobierno nacional y el Ministerio de Salud por m\u00e1s de $140 mil millones, mediante la formulaci\u00f3n de 18 proyectos destinados al fortalecimiento de los servicios de salud, mejoramiento de la infraestructura y renovaci\u00f3n tecnol\u00f3gica, de los cuales 10 ya han sido ejecutados, mientras los dem\u00e1s se encuentran en proceso de ejecuci\u00f3n y estructuraci\u00f3n de pliegos.<\/p>\n<p>Se adelant\u00f3 un proceso de redise\u00f1o institucional que permiti\u00f3, en enero de 2025, la formalizaci\u00f3n laboral de 165 personas, distribuidas en 134 funcionarios para el \u00e1rea asistencial y 13 auxiliares administrativos, quienes conforman la planta temporal, y 18 en la planta global. Actualmente, la planta institucional cuenta con 188 personas, de las cuales 23 pertenecen a la planta antigua. De igual forma, se ha garantizado el pago oportuno de n\u00f3mina y honorarios, asegurando que, con corte al 31 de marzo de 2026, tanto funcionarios como contratistas se encuentren al d\u00eda en sus pagos<\/p>\n<p>Se ejecut\u00f3 una inversi\u00f3n con recursos propios superior, a $10.062 millones, de los cuales $3.688 millones fueron destinados a la renovaci\u00f3n integral de la infraestructura hospitalaria, $5.882 millones al fortalecimiento de la capacidad asistencial y expansi\u00f3n de servicios, y $562 millones a modernizaci\u00f3n tecnol\u00f3gica y adquisici\u00f3n de equipos biom\u00e9dicos propios. Estos recursos permitieron intervenir \u00e1reas estrat\u00e9gicas, fortalecer unidades especializadas, modernizar servicios hospitalarios e incorporar tecnolog\u00eda de alta complejidad, consolidando una transformaci\u00f3n estructural, operativa y asistencial del hospital.<\/p>\n<p>Todo esto ha sido posible gracias al respaldo del Gobierno del Cambio, liderado por el presidente Gustavo Petro Urrego, el Ministro de Salud Guillermo Alfonso Jaramillo Mart\u00ednez y el acompa\u00f1amiento de la Superintendencia Nacional de Salud.<\/p>\n","protected":false},"excerpt":{"rendered":"<p>Desde el inicio de la intervenci\u00f3n de la Superintendencia Nacional de Salud en octubre de 2023, el Hospital Regional Alfonso Jaramillo Salazar ESE ha logrado importantes avances en su fortalecimiento financiero, administrativo y asistencial, reflejados en mejoras significativas en apertura y reapertura de servicios, ampliaci\u00f3n de cobertura, mayor acceso, calidad<span class=\"more-link\"><a href=\"https:\/\/ciudadyregion.com.co\/index.php\/boletin-de-prensa-hospital-regional-alfonso-jaramillo-salazar-ese\/regional\/\">Continuar Leyendo<\/a><\/span><\/p>\n","protected":false},"author":2,"featured_media":59771,"comment_status":"open","ping_status":"open","sticky":false,"template":"","format":"standard","meta":{"_uf_show_specific_survey":0,"_uf_disable_surveys":false,"_jetpack_memberships_contains_paid_content":false,"footnotes":"","jetpack_publicize_message":"","jetpack_publicize_feature_enabled":true,"jetpack_social_post_already_shared":true,"jetpack_social_options":{"image_generator_settings":{"template":"highway","enabled":false},"version":2}},"categories":[13],"tags":[],"class_list":["entry","author-diegoaguirre","post-59772","post","type-post","status-publish","format-standard","has-post-thumbnail","category-regional"],"jetpack_publicize_connections":[],"yoast_head":"<!-- This site is optimized with the Yoast SEO plugin v24.3 - https:\/\/yoast.com\/wordpress\/plugins\/seo\/ -->\n<title>BOLETIN DE PRENSA: HOSPITAL REGIONAL ALFONSO JARAMILLO SALAZAR ESE - Ciudad y Region<\/title>\n<meta name=\"robots\" content=\"index, follow, max-snippet:-1, max-image-preview:large, max-video-preview:-1\" \/>\n<link rel=\"canonical\" href=\"https:\/\/ciudadyregion.com.co\/index.php\/boletin-de-prensa-hospital-regional-alfonso-jaramillo-salazar-ese\/regional\/\" \/>\n<meta property=\"og:locale\" content=\"es_ES\" \/>\n<meta property=\"og:type\" content=\"article\" \/>\n<meta property=\"og:title\" content=\"BOLETIN DE PRENSA: HOSPITAL REGIONAL ALFONSO JARAMILLO SALAZAR ESE - Ciudad y Region\" \/>\n<meta property=\"og:description\" content=\"Desde el inicio de la intervenci\u00f3n de la Superintendencia Nacional de Salud en octubre de 2023, el Hospital Regional Alfonso Jaramillo Salazar ESE ha logrado importantes avances en su fortalecimiento financiero, administrativo y asistencial, reflejados en mejoras significativas en apertura y reapertura de servicios, ampliaci\u00f3n de cobertura, mayor acceso, calidadContinuar Leyendo\" \/>\n<meta property=\"og:url\" content=\"https:\/\/ciudadyregion.com.co\/index.php\/boletin-de-prensa-hospital-regional-alfonso-jaramillo-salazar-ese\/regional\/\" \/>\n<meta property=\"og:site_name\" content=\"Ciudad y Region\" \/>\n<meta property=\"article:published_time\" content=\"2026-04-30T17:27:11+00:00\" \/>\n<meta property=\"og:image\" content=\"https:\/\/ciudadyregion.com.co\/wp-content\/uploads\/2026\/04\/Pag-2026-04-30T122249.335.jpg\" \/>\n\t<meta property=\"og:image:width\" content=\"800\" \/>\n\t<meta property=\"og:image:height\" content=\"445\" \/>\n\t<meta property=\"og:image:type\" content=\"image\/jpeg\" \/>\n<meta name=\"author\" content=\"David Andr\u00e9s Aguirre\" \/>\n<meta name=\"twitter:card\" content=\"summary_large_image\" \/>\n<meta name=\"twitter:label1\" content=\"Escrito por\" \/>\n\t<meta name=\"twitter:data1\" content=\"David Andr\u00e9s Aguirre\" \/>\n\t<meta name=\"twitter:label2\" content=\"Tiempo de lectura\" \/>\n\t<meta name=\"twitter:data2\" content=\"4 minutos\" \/>\n<script type=\"application\/ld+json\" class=\"yoast-schema-graph\">{\"@context\":\"https:\/\/schema.org\",\"@graph\":[{\"@type\":\"WebPage\",\"@id\":\"https:\/\/ciudadyregion.com.co\/index.php\/boletin-de-prensa-hospital-regional-alfonso-jaramillo-salazar-ese\/regional\/\",\"url\":\"https:\/\/ciudadyregion.com.co\/index.php\/boletin-de-prensa-hospital-regional-alfonso-jaramillo-salazar-ese\/regional\/\",\"name\":\"BOLETIN DE PRENSA: HOSPITAL REGIONAL ALFONSO JARAMILLO SALAZAR ESE - Ciudad y Region\",\"isPartOf\":{\"@id\":\"https:\/\/ciudadyregion.com.co\/#website\"},\"primaryImageOfPage\":{\"@id\":\"https:\/\/ciudadyregion.com.co\/index.php\/boletin-de-prensa-hospital-regional-alfonso-jaramillo-salazar-ese\/regional\/#primaryimage\"},\"image\":{\"@id\":\"https:\/\/ciudadyregion.com.co\/index.php\/boletin-de-prensa-hospital-regional-alfonso-jaramillo-salazar-ese\/regional\/#primaryimage\"},\"thumbnailUrl\":\"https:\/\/i0.wp.com\/ciudadyregion.com.co\/wp-content\/uploads\/2026\/04\/Pag-2026-04-30T122249.335.jpg?fit=800%2C445&ssl=1\",\"datePublished\":\"2026-04-30T17:27:11+00:00\",\"dateModified\":\"2026-04-30T17:27:11+00:00\",\"author\":{\"@id\":\"https:\/\/ciudadyregion.com.co\/#\/schema\/person\/04a4954373ebc4051f46e8c65ff78622\"},\"breadcrumb\":{\"@id\":\"https:\/\/ciudadyregion.com.co\/index.php\/boletin-de-prensa-hospital-regional-alfonso-jaramillo-salazar-ese\/regional\/#breadcrumb\"},\"inLanguage\":\"es\",\"potentialAction\":[{\"@type\":\"ReadAction\",\"target\":[\"https:\/\/ciudadyregion.com.co\/index.php\/boletin-de-prensa-hospital-regional-alfonso-jaramillo-salazar-ese\/regional\/\"]}]},{\"@type\":\"ImageObject\",\"inLanguage\":\"es\",\"@id\":\"https:\/\/ciudadyregion.com.co\/index.php\/boletin-de-prensa-hospital-regional-alfonso-jaramillo-salazar-ese\/regional\/#primaryimage\",\"url\":\"https:\/\/i0.wp.com\/ciudadyregion.com.co\/wp-content\/uploads\/2026\/04\/Pag-2026-04-30T122249.335.jpg?fit=800%2C445&ssl=1\",\"contentUrl\":\"https:\/\/i0.wp.com\/ciudadyregion.com.co\/wp-content\/uploads\/2026\/04\/Pag-2026-04-30T122249.335.jpg?fit=800%2C445&ssl=1\",\"width\":800,\"height\":445},{\"@type\":\"BreadcrumbList\",\"@id\":\"https:\/\/ciudadyregion.com.co\/index.php\/boletin-de-prensa-hospital-regional-alfonso-jaramillo-salazar-ese\/regional\/#breadcrumb\",\"itemListElement\":[{\"@type\":\"ListItem\",\"position\":1,\"name\":\"Portada\",\"item\":\"https:\/\/ciudadyregion.com.co\/\"},{\"@type\":\"ListItem\",\"position\":2,\"name\":\"BOLETIN DE PRENSA: HOSPITAL REGIONAL ALFONSO JARAMILLO SALAZAR ESE\"}]},{\"@type\":\"WebSite\",\"@id\":\"https:\/\/ciudadyregion.com.co\/#website\",\"url\":\"https:\/\/ciudadyregion.com.co\/\",\"name\":\"Ciudad y Region\",\"description\":\"\",\"potentialAction\":[{\"@type\":\"SearchAction\",\"target\":{\"@type\":\"EntryPoint\",\"urlTemplate\":\"https:\/\/ciudadyregion.com.co\/?s={search_term_string}\"},\"query-input\":{\"@type\":\"PropertyValueSpecification\",\"valueRequired\":true,\"valueName\":\"search_term_string\"}}],\"inLanguage\":\"es\"},{\"@type\":\"Person\",\"@id\":\"https:\/\/ciudadyregion.com.co\/#\/schema\/person\/04a4954373ebc4051f46e8c65ff78622\",\"name\":\"David Andr\u00e9s Aguirre\",\"image\":{\"@type\":\"ImageObject\",\"inLanguage\":\"es\",\"@id\":\"https:\/\/ciudadyregion.com.co\/#\/schema\/person\/image\/\",\"url\":\"https:\/\/secure.gravatar.com\/avatar\/bc3c655860202182ee6d1b5edd042dbe?s=96&d=mm&r=g\",\"contentUrl\":\"https:\/\/secure.gravatar.com\/avatar\/bc3c655860202182ee6d1b5edd042dbe?s=96&d=mm&r=g\",\"caption\":\"David Andr\u00e9s Aguirre\"},\"url\":\"https:\/\/ciudadyregion.com.co\/index.php\/author\/diegoaguirre\/\"}]}<\/script>\n<!-- \/ Yoast SEO plugin. -->","yoast_head_json":{"title":"BOLETIN DE PRENSA: HOSPITAL REGIONAL ALFONSO JARAMILLO SALAZAR ESE - Ciudad y Region","robots":{"index":"index","follow":"follow","max-snippet":"max-snippet:-1","max-image-preview":"max-image-preview:large","max-video-preview":"max-video-preview:-1"},"canonical":"https:\/\/ciudadyregion.com.co\/index.php\/boletin-de-prensa-hospital-regional-alfonso-jaramillo-salazar-ese\/regional\/","og_locale":"es_ES","og_type":"article","og_title":"BOLETIN DE PRENSA: HOSPITAL REGIONAL ALFONSO JARAMILLO SALAZAR ESE - Ciudad y Region","og_description":"Desde el inicio de la intervenci\u00f3n de la Superintendencia Nacional de Salud en octubre de 2023, el Hospital Regional Alfonso Jaramillo Salazar ESE ha logrado importantes avances en su fortalecimiento financiero, administrativo y asistencial, reflejados en mejoras significativas en apertura y reapertura de servicios, ampliaci\u00f3n de cobertura, mayor acceso, calidadContinuar Leyendo","og_url":"https:\/\/ciudadyregion.com.co\/index.php\/boletin-de-prensa-hospital-regional-alfonso-jaramillo-salazar-ese\/regional\/","og_site_name":"Ciudad y Region","article_published_time":"2026-04-30T17:27:11+00:00","og_image":[{"width":800,"height":445,"url":"https:\/\/ciudadyregion.com.co\/wp-content\/uploads\/2026\/04\/Pag-2026-04-30T122249.335.jpg","type":"image\/jpeg"}],"author":"David Andr\u00e9s Aguirre","twitter_card":"summary_large_image","twitter_misc":{"Escrito por":"David Andr\u00e9s Aguirre","Tiempo de lectura":"4 minutos"},"schema":{"@context":"https:\/\/schema.org","@graph":[{"@type":"WebPage","@id":"https:\/\/ciudadyregion.com.co\/index.php\/boletin-de-prensa-hospital-regional-alfonso-jaramillo-salazar-ese\/regional\/","url":"https:\/\/ciudadyregion.com.co\/index.php\/boletin-de-prensa-hospital-regional-alfonso-jaramillo-salazar-ese\/regional\/","name":"BOLETIN DE PRENSA: HOSPITAL REGIONAL ALFONSO JARAMILLO SALAZAR ESE - Ciudad y Region","isPartOf":{"@id":"https:\/\/ciudadyregion.com.co\/#website"},"primaryImageOfPage":{"@id":"https:\/\/ciudadyregion.com.co\/index.php\/boletin-de-prensa-hospital-regional-alfonso-jaramillo-salazar-ese\/regional\/#primaryimage"},"image":{"@id":"https:\/\/ciudadyregion.com.co\/index.php\/boletin-de-prensa-hospital-regional-alfonso-jaramillo-salazar-ese\/regional\/#primaryimage"},"thumbnailUrl":"https:\/\/i0.wp.com\/ciudadyregion.com.co\/wp-content\/uploads\/2026\/04\/Pag-2026-04-30T122249.335.jpg?fit=800%2C445&ssl=1","datePublished":"2026-04-30T17:27:11+00:00","dateModified":"2026-04-30T17:27:11+00:00","author":{"@id":"https:\/\/ciudadyregion.com.co\/#\/schema\/person\/04a4954373ebc4051f46e8c65ff78622"},"breadcrumb":{"@id":"https:\/\/ciudadyregion.com.co\/index.php\/boletin-de-prensa-hospital-regional-alfonso-jaramillo-salazar-ese\/regional\/#breadcrumb"},"inLanguage":"es","potentialAction":[{"@type":"ReadAction","target":["https:\/\/ciudadyregion.com.co\/index.php\/boletin-de-prensa-hospital-regional-alfonso-jaramillo-salazar-ese\/regional\/"]}]},{"@type":"ImageObject","inLanguage":"es","@id":"https:\/\/ciudadyregion.com.co\/index.php\/boletin-de-prensa-hospital-regional-alfonso-jaramillo-salazar-ese\/regional\/#primaryimage","url":"https:\/\/i0.wp.com\/ciudadyregion.com.co\/wp-content\/uploads\/2026\/04\/Pag-2026-04-30T122249.335.jpg?fit=800%2C445&ssl=1","contentUrl":"https:\/\/i0.wp.com\/ciudadyregion.com.co\/wp-content\/uploads\/2026\/04\/Pag-2026-04-30T122249.335.jpg?fit=800%2C445&ssl=1","width":800,"height":445},{"@type":"BreadcrumbList","@id":"https:\/\/ciudadyregion.com.co\/index.php\/boletin-de-prensa-hospital-regional-alfonso-jaramillo-salazar-ese\/regional\/#breadcrumb","itemListElement":[{"@type":"ListItem","position":1,"name":"Portada","item":"https:\/\/ciudadyregion.com.co\/"},{"@type":"ListItem","position":2,"name":"BOLETIN DE PRENSA: HOSPITAL REGIONAL ALFONSO JARAMILLO SALAZAR ESE"}]},{"@type":"WebSite","@id":"https:\/\/ciudadyregion.com.co\/#website","url":"https:\/\/ciudadyregion.com.co\/","name":"Ciudad y Region","description":"","potentialAction":[{"@type":"SearchAction","target":{"@type":"EntryPoint","urlTemplate":"https:\/\/ciudadyregion.com.co\/?s={search_term_string}"},"query-input":{"@type":"PropertyValueSpecification","valueRequired":true,"valueName":"search_term_string"}}],"inLanguage":"es"},{"@type":"Person","@id":"https:\/\/ciudadyregion.com.co\/#\/schema\/person\/04a4954373ebc4051f46e8c65ff78622","name":"David Andr\u00e9s Aguirre","image":{"@type":"ImageObject","inLanguage":"es","@id":"https:\/\/ciudadyregion.com.co\/#\/schema\/person\/image\/","url":"https:\/\/secure.gravatar.com\/avatar\/bc3c655860202182ee6d1b5edd042dbe?s=96&d=mm&r=g","contentUrl":"https:\/\/secure.gravatar.com\/avatar\/bc3c655860202182ee6d1b5edd042dbe?s=96&d=mm&r=g","caption":"David Andr\u00e9s Aguirre"},"url":"https:\/\/ciudadyregion.com.co\/index.php\/author\/diegoaguirre\/"}]}},"jetpack_featured_media_url":"https:\/\/i0.wp.com\/ciudadyregion.com.co\/wp-content\/uploads\/2026\/04\/Pag-2026-04-30T122249.335.jpg?fit=800%2C445&ssl=1","jetpack_sharing_enabled":true,"jetpack_shortlink":"https:\/\/wp.me\/pbS7hh-fy4","jetpack-related-posts":[],"_links":{"self":[{"href":"https:\/\/ciudadyregion.com.co\/index.php\/wp-json\/wp\/v2\/posts\/59772"}],"collection":[{"href":"https:\/\/ciudadyregion.com.co\/index.php\/wp-json\/wp\/v2\/posts"}],"about":[{"href":"https:\/\/ciudadyregion.com.co\/index.php\/wp-json\/wp\/v2\/types\/post"}],"author":[{"embeddable":true,"href":"https:\/\/ciudadyregion.com.co\/index.php\/wp-json\/wp\/v2\/users\/2"}],"replies":[{"embeddable":true,"href":"https:\/\/ciudadyregion.com.co\/index.php\/wp-json\/wp\/v2\/comments?post=59772"}],"version-history":[{"count":1,"href":"https:\/\/ciudadyregion.com.co\/index.php\/wp-json\/wp\/v2\/posts\/59772\/revisions"}],"predecessor-version":[{"id":59774,"href":"https:\/\/ciudadyregion.com.co\/index.php\/wp-json\/wp\/v2\/posts\/59772\/revisions\/59774"}],"wp:featuredmedia":[{"embeddable":true,"href":"https:\/\/ciudadyregion.com.co\/index.php\/wp-json\/wp\/v2\/media\/59771"}],"wp:attachment":[{"href":"https:\/\/ciudadyregion.com.co\/index.php\/wp-json\/wp\/v2\/media?parent=59772"}],"wp:term":[{"taxonomy":"category","embeddable":true,"href":"https:\/\/ciudadyregion.com.co\/index.php\/wp-json\/wp\/v2\/categories?post=59772"},{"taxonomy":"post_tag","embeddable":true,"href":"https:\/\/ciudadyregion.com.co\/index.php\/wp-json\/wp\/v2\/tags?post=59772"}],"curies":[{"name":"wp","href":"https:\/\/api.w.org\/{rel}","templated":true}]}}