{"id":59767,"date":"2026-04-30T12:22:03","date_gmt":"2026-04-30T17:22:03","guid":{"rendered":"https:\/\/ciudadyregion.com.co\/?p=59767"},"modified":"2026-04-30T12:22:03","modified_gmt":"2026-04-30T17:22:03","slug":"el-hospital-regional-del-libano-realizara-hoy-jueves-una-vacunaton-nocturna","status":"publish","type":"post","link":"https:\/\/ciudadyregion.com.co\/index.php\/el-hospital-regional-del-libano-realizara-hoy-jueves-una-vacunaton-nocturna\/regional\/","title":{"rendered":"El Hospital Regional del L\u00edbano realizar\u00e1 hoy jueves una vacunat\u00f3n nocturna"},"content":{"rendered":"<p>\ud83c\udf19\ud83d\udc89 \u00a1Lleg\u00f3 la Vacunat\u00f3n Nocturna!<br \/>\nPorque sabemos que en el d\u00eda no siempre hay tiempo, el Hospital Regional Alfonso Jaramillo Salazar lleva la vacunaci\u00f3n hasta la noche para ti.<br \/>\n\ud83d\udccd Punto: esquina de Davivienda (Cra 10 con Calle 4)<br \/>\n\ud83d\uddd3\ufe0f Jueves 30 de abril<br \/>\n\ud83d\udd54 5:00 p.m. a 9:00 p.m.<br \/>\nNo dejes pasar esta oportunidad.<br \/>\n\u2728 \u00a1En la noche tambi\u00e9n cuidamos tu salud!<\/p>\n<p>&nbsp;<\/p>\n<p><a href=\"https:\/\/i0.wp.com\/ciudadyregion.com.co\/wp-content\/uploads\/2026\/04\/WhatsApp-Image-2026-04-29-at-6.36.50-PM.jpeg?ssl=1\"><img data-recalc-dims=\"1\" loading=\"lazy\" decoding=\"async\" class=\"alignnone wp-image-59768 size-full\" src=\"https:\/\/i0.wp.com\/ciudadyregion.com.co\/wp-content\/uploads\/2026\/04\/WhatsApp-Image-2026-04-29-at-6.36.50-PM.jpeg?resize=1440%2C1800&#038;ssl=1\" alt=\"\" width=\"1440\" height=\"1800\" srcset=\"https:\/\/i0.wp.com\/ciudadyregion.com.co\/wp-content\/uploads\/2026\/04\/WhatsApp-Image-2026-04-29-at-6.36.50-PM.jpeg?w=2048&amp;ssl=1 2048w, https:\/\/i0.wp.com\/ciudadyregion.com.co\/wp-content\/uploads\/2026\/04\/WhatsApp-Image-2026-04-29-at-6.36.50-PM.jpeg?resize=240%2C300&amp;ssl=1 240w, https:\/\/i0.wp.com\/ciudadyregion.com.co\/wp-content\/uploads\/2026\/04\/WhatsApp-Image-2026-04-29-at-6.36.50-PM.jpeg?resize=819%2C1024&amp;ssl=1 819w, https:\/\/i0.wp.com\/ciudadyregion.com.co\/wp-content\/uploads\/2026\/04\/WhatsApp-Image-2026-04-29-at-6.36.50-PM.jpeg?resize=768%2C960&amp;ssl=1 768w, https:\/\/i0.wp.com\/ciudadyregion.com.co\/wp-content\/uploads\/2026\/04\/WhatsApp-Image-2026-04-29-at-6.36.50-PM.jpeg?resize=1229%2C1536&amp;ssl=1 1229w, https:\/\/i0.wp.com\/ciudadyregion.com.co\/wp-content\/uploads\/2026\/04\/WhatsApp-Image-2026-04-29-at-6.36.50-PM.jpeg?resize=1638%2C2048&amp;ssl=1 1638w, https:\/\/i0.wp.com\/ciudadyregion.com.co\/wp-content\/uploads\/2026\/04\/WhatsApp-Image-2026-04-29-at-6.36.50-PM.jpeg?resize=440%2C550&amp;ssl=1 440w, https:\/\/i0.wp.com\/ciudadyregion.com.co\/wp-content\/uploads\/2026\/04\/WhatsApp-Image-2026-04-29-at-6.36.50-PM.jpeg?resize=400%2C500&amp;ssl=1 400w\" sizes=\"(max-width: 1440px) 100vw, 1440px\" \/><\/a><\/p>\n","protected":false},"excerpt":{"rendered":"<p>\ud83c\udf19\ud83d\udc89 \u00a1Lleg\u00f3 la Vacunat\u00f3n Nocturna! Porque sabemos que en el d\u00eda no siempre hay tiempo, el Hospital Regional Alfonso Jaramillo Salazar lleva la vacunaci\u00f3n hasta la noche para ti. \ud83d\udccd Punto: esquina de Davivienda (Cra 10 con Calle 4) \ud83d\uddd3\ufe0f Jueves 30 de abril \ud83d\udd54 5:00 p.m. a 9:00 p.m.<span class=\"more-link\"><a href=\"https:\/\/ciudadyregion.com.co\/index.php\/el-hospital-regional-del-libano-realizara-hoy-jueves-una-vacunaton-nocturna\/regional\/\">Continuar Leyendo<\/a><\/span><\/p>\n","protected":false},"author":2,"featured_media":59769,"comment_status":"open","ping_status":"open","sticky":false,"template":"","format":"standard","meta":{"_uf_show_specific_survey":0,"_uf_disable_surveys":false,"_jetpack_memberships_contains_paid_content":false,"footnotes":"","jetpack_publicize_message":"","jetpack_publicize_feature_enabled":true,"jetpack_social_post_already_shared":true,"jetpack_social_options":{"image_generator_settings":{"template":"highway","enabled":false},"version":2}},"categories":[13],"tags":[],"class_list":["entry","author-diegoaguirre","post-59767","post","type-post","status-publish","format-standard","has-post-thumbnail","category-regional"],"jetpack_publicize_connections":[],"yoast_head":"<!-- This site is optimized with the Yoast SEO plugin v24.3 - https:\/\/yoast.com\/wordpress\/plugins\/seo\/ -->\n<title>El Hospital Regional del L\u00edbano realizar\u00e1 hoy jueves una vacunat\u00f3n nocturna - Ciudad y Region<\/title>\n<meta name=\"robots\" content=\"index, follow, max-snippet:-1, max-image-preview:large, max-video-preview:-1\" \/>\n<link rel=\"canonical\" href=\"https:\/\/ciudadyregion.com.co\/index.php\/el-hospital-regional-del-libano-realizara-hoy-jueves-una-vacunaton-nocturna\/regional\/\" \/>\n<meta property=\"og:locale\" content=\"es_ES\" \/>\n<meta property=\"og:type\" content=\"article\" \/>\n<meta property=\"og:title\" content=\"El Hospital Regional del L\u00edbano realizar\u00e1 hoy jueves una vacunat\u00f3n nocturna - Ciudad y Region\" \/>\n<meta property=\"og:description\" content=\"\ud83c\udf19\ud83d\udc89 \u00a1Lleg\u00f3 la Vacunat\u00f3n Nocturna! Porque sabemos que en el d\u00eda no siempre hay tiempo, el Hospital Regional Alfonso Jaramillo Salazar lleva la vacunaci\u00f3n hasta la noche para ti. \ud83d\udccd Punto: esquina de Davivienda (Cra 10 con Calle 4) \ud83d\uddd3\ufe0f Jueves 30 de abril \ud83d\udd54 5:00 p.m. a 9:00 p.m.Continuar Leyendo\" \/>\n<meta property=\"og:url\" content=\"https:\/\/ciudadyregion.com.co\/index.php\/el-hospital-regional-del-libano-realizara-hoy-jueves-una-vacunaton-nocturna\/regional\/\" \/>\n<meta property=\"og:site_name\" content=\"Ciudad y Region\" \/>\n<meta property=\"article:published_time\" content=\"2026-04-30T17:22:03+00:00\" \/>\n<meta property=\"og:image\" content=\"https:\/\/ciudadyregion.com.co\/wp-content\/uploads\/2026\/04\/Pag-7.webp\" \/>\n\t<meta property=\"og:image:width\" content=\"800\" \/>\n\t<meta property=\"og:image:height\" content=\"445\" \/>\n\t<meta property=\"og:image:type\" content=\"image\/webp\" \/>\n<meta name=\"author\" content=\"David Andr\u00e9s Aguirre\" \/>\n<meta name=\"twitter:card\" content=\"summary_large_image\" \/>\n<meta name=\"twitter:label1\" content=\"Escrito por\" \/>\n\t<meta name=\"twitter:data1\" content=\"David Andr\u00e9s Aguirre\" \/>\n\t<meta name=\"twitter:label2\" content=\"Tiempo de lectura\" \/>\n\t<meta name=\"twitter:data2\" content=\"1 minuto\" \/>\n<script type=\"application\/ld+json\" class=\"yoast-schema-graph\">{\"@context\":\"https:\/\/schema.org\",\"@graph\":[{\"@type\":\"WebPage\",\"@id\":\"https:\/\/ciudadyregion.com.co\/index.php\/el-hospital-regional-del-libano-realizara-hoy-jueves-una-vacunaton-nocturna\/regional\/\",\"url\":\"https:\/\/ciudadyregion.com.co\/index.php\/el-hospital-regional-del-libano-realizara-hoy-jueves-una-vacunaton-nocturna\/regional\/\",\"name\":\"El Hospital Regional del L\u00edbano realizar\u00e1 hoy jueves una vacunat\u00f3n nocturna - Ciudad y Region\",\"isPartOf\":{\"@id\":\"https:\/\/ciudadyregion.com.co\/#website\"},\"primaryImageOfPage\":{\"@id\":\"https:\/\/ciudadyregion.com.co\/index.php\/el-hospital-regional-del-libano-realizara-hoy-jueves-una-vacunaton-nocturna\/regional\/#primaryimage\"},\"image\":{\"@id\":\"https:\/\/ciudadyregion.com.co\/index.php\/el-hospital-regional-del-libano-realizara-hoy-jueves-una-vacunaton-nocturna\/regional\/#primaryimage\"},\"thumbnailUrl\":\"https:\/\/i0.wp.com\/ciudadyregion.com.co\/wp-content\/uploads\/2026\/04\/Pag-7.webp?fit=800%2C445&ssl=1\",\"datePublished\":\"2026-04-30T17:22:03+00:00\",\"dateModified\":\"2026-04-30T17:22:03+00:00\",\"author\":{\"@id\":\"https:\/\/ciudadyregion.com.co\/#\/schema\/person\/04a4954373ebc4051f46e8c65ff78622\"},\"breadcrumb\":{\"@id\":\"https:\/\/ciudadyregion.com.co\/index.php\/el-hospital-regional-del-libano-realizara-hoy-jueves-una-vacunaton-nocturna\/regional\/#breadcrumb\"},\"inLanguage\":\"es\",\"potentialAction\":[{\"@type\":\"ReadAction\",\"target\":[\"https:\/\/ciudadyregion.com.co\/index.php\/el-hospital-regional-del-libano-realizara-hoy-jueves-una-vacunaton-nocturna\/regional\/\"]}]},{\"@type\":\"ImageObject\",\"inLanguage\":\"es\",\"@id\":\"https:\/\/ciudadyregion.com.co\/index.php\/el-hospital-regional-del-libano-realizara-hoy-jueves-una-vacunaton-nocturna\/regional\/#primaryimage\",\"url\":\"https:\/\/i0.wp.com\/ciudadyregion.com.co\/wp-content\/uploads\/2026\/04\/Pag-7.webp?fit=800%2C445&ssl=1\",\"contentUrl\":\"https:\/\/i0.wp.com\/ciudadyregion.com.co\/wp-content\/uploads\/2026\/04\/Pag-7.webp?fit=800%2C445&ssl=1\",\"width\":800,\"height\":445},{\"@type\":\"BreadcrumbList\",\"@id\":\"https:\/\/ciudadyregion.com.co\/index.php\/el-hospital-regional-del-libano-realizara-hoy-jueves-una-vacunaton-nocturna\/regional\/#breadcrumb\",\"itemListElement\":[{\"@type\":\"ListItem\",\"position\":1,\"name\":\"Portada\",\"item\":\"https:\/\/ciudadyregion.com.co\/\"},{\"@type\":\"ListItem\",\"position\":2,\"name\":\"El Hospital Regional del L\u00edbano realizar\u00e1 hoy jueves una vacunat\u00f3n nocturna\"}]},{\"@type\":\"WebSite\",\"@id\":\"https:\/\/ciudadyregion.com.co\/#website\",\"url\":\"https:\/\/ciudadyregion.com.co\/\",\"name\":\"Ciudad y Region\",\"description\":\"\",\"potentialAction\":[{\"@type\":\"SearchAction\",\"target\":{\"@type\":\"EntryPoint\",\"urlTemplate\":\"https:\/\/ciudadyregion.com.co\/?s={search_term_string}\"},\"query-input\":{\"@type\":\"PropertyValueSpecification\",\"valueRequired\":true,\"valueName\":\"search_term_string\"}}],\"inLanguage\":\"es\"},{\"@type\":\"Person\",\"@id\":\"https:\/\/ciudadyregion.com.co\/#\/schema\/person\/04a4954373ebc4051f46e8c65ff78622\",\"name\":\"David Andr\u00e9s Aguirre\",\"image\":{\"@type\":\"ImageObject\",\"inLanguage\":\"es\",\"@id\":\"https:\/\/ciudadyregion.com.co\/#\/schema\/person\/image\/\",\"url\":\"https:\/\/secure.gravatar.com\/avatar\/bc3c655860202182ee6d1b5edd042dbe?s=96&d=mm&r=g\",\"contentUrl\":\"https:\/\/secure.gravatar.com\/avatar\/bc3c655860202182ee6d1b5edd042dbe?s=96&d=mm&r=g\",\"caption\":\"David Andr\u00e9s Aguirre\"},\"url\":\"https:\/\/ciudadyregion.com.co\/index.php\/author\/diegoaguirre\/\"}]}<\/script>\n<!-- \/ Yoast SEO plugin. -->","yoast_head_json":{"title":"El Hospital Regional del L\u00edbano realizar\u00e1 hoy jueves una vacunat\u00f3n nocturna - Ciudad y Region","robots":{"index":"index","follow":"follow","max-snippet":"max-snippet:-1","max-image-preview":"max-image-preview:large","max-video-preview":"max-video-preview:-1"},"canonical":"https:\/\/ciudadyregion.com.co\/index.php\/el-hospital-regional-del-libano-realizara-hoy-jueves-una-vacunaton-nocturna\/regional\/","og_locale":"es_ES","og_type":"article","og_title":"El Hospital Regional del L\u00edbano realizar\u00e1 hoy jueves una vacunat\u00f3n nocturna - Ciudad y Region","og_description":"\ud83c\udf19\ud83d\udc89 \u00a1Lleg\u00f3 la Vacunat\u00f3n Nocturna! Porque sabemos que en el d\u00eda no siempre hay tiempo, el Hospital Regional Alfonso Jaramillo Salazar lleva la vacunaci\u00f3n hasta la noche para ti. \ud83d\udccd Punto: esquina de Davivienda (Cra 10 con Calle 4) \ud83d\uddd3\ufe0f Jueves 30 de abril \ud83d\udd54 5:00 p.m. a 9:00 p.m.Continuar Leyendo","og_url":"https:\/\/ciudadyregion.com.co\/index.php\/el-hospital-regional-del-libano-realizara-hoy-jueves-una-vacunaton-nocturna\/regional\/","og_site_name":"Ciudad y Region","article_published_time":"2026-04-30T17:22:03+00:00","og_image":[{"width":800,"height":445,"url":"https:\/\/ciudadyregion.com.co\/wp-content\/uploads\/2026\/04\/Pag-7.webp","type":"image\/webp"}],"author":"David Andr\u00e9s Aguirre","twitter_card":"summary_large_image","twitter_misc":{"Escrito por":"David Andr\u00e9s Aguirre","Tiempo de lectura":"1 minuto"},"schema":{"@context":"https:\/\/schema.org","@graph":[{"@type":"WebPage","@id":"https:\/\/ciudadyregion.com.co\/index.php\/el-hospital-regional-del-libano-realizara-hoy-jueves-una-vacunaton-nocturna\/regional\/","url":"https:\/\/ciudadyregion.com.co\/index.php\/el-hospital-regional-del-libano-realizara-hoy-jueves-una-vacunaton-nocturna\/regional\/","name":"El Hospital Regional del L\u00edbano realizar\u00e1 hoy jueves una vacunat\u00f3n nocturna - Ciudad y Region","isPartOf":{"@id":"https:\/\/ciudadyregion.com.co\/#website"},"primaryImageOfPage":{"@id":"https:\/\/ciudadyregion.com.co\/index.php\/el-hospital-regional-del-libano-realizara-hoy-jueves-una-vacunaton-nocturna\/regional\/#primaryimage"},"image":{"@id":"https:\/\/ciudadyregion.com.co\/index.php\/el-hospital-regional-del-libano-realizara-hoy-jueves-una-vacunaton-nocturna\/regional\/#primaryimage"},"thumbnailUrl":"https:\/\/i0.wp.com\/ciudadyregion.com.co\/wp-content\/uploads\/2026\/04\/Pag-7.webp?fit=800%2C445&ssl=1","datePublished":"2026-04-30T17:22:03+00:00","dateModified":"2026-04-30T17:22:03+00:00","author":{"@id":"https:\/\/ciudadyregion.com.co\/#\/schema\/person\/04a4954373ebc4051f46e8c65ff78622"},"breadcrumb":{"@id":"https:\/\/ciudadyregion.com.co\/index.php\/el-hospital-regional-del-libano-realizara-hoy-jueves-una-vacunaton-nocturna\/regional\/#breadcrumb"},"inLanguage":"es","potentialAction":[{"@type":"ReadAction","target":["https:\/\/ciudadyregion.com.co\/index.php\/el-hospital-regional-del-libano-realizara-hoy-jueves-una-vacunaton-nocturna\/regional\/"]}]},{"@type":"ImageObject","inLanguage":"es","@id":"https:\/\/ciudadyregion.com.co\/index.php\/el-hospital-regional-del-libano-realizara-hoy-jueves-una-vacunaton-nocturna\/regional\/#primaryimage","url":"https:\/\/i0.wp.com\/ciudadyregion.com.co\/wp-content\/uploads\/2026\/04\/Pag-7.webp?fit=800%2C445&ssl=1","contentUrl":"https:\/\/i0.wp.com\/ciudadyregion.com.co\/wp-content\/uploads\/2026\/04\/Pag-7.webp?fit=800%2C445&ssl=1","width":800,"height":445},{"@type":"BreadcrumbList","@id":"https:\/\/ciudadyregion.com.co\/index.php\/el-hospital-regional-del-libano-realizara-hoy-jueves-una-vacunaton-nocturna\/regional\/#breadcrumb","itemListElement":[{"@type":"ListItem","position":1,"name":"Portada","item":"https:\/\/ciudadyregion.com.co\/"},{"@type":"ListItem","position":2,"name":"El Hospital Regional del L\u00edbano realizar\u00e1 hoy jueves una vacunat\u00f3n nocturna"}]},{"@type":"WebSite","@id":"https:\/\/ciudadyregion.com.co\/#website","url":"https:\/\/ciudadyregion.com.co\/","name":"Ciudad y Region","description":"","potentialAction":[{"@type":"SearchAction","target":{"@type":"EntryPoint","urlTemplate":"https:\/\/ciudadyregion.com.co\/?s={search_term_string}"},"query-input":{"@type":"PropertyValueSpecification","valueRequired":true,"valueName":"search_term_string"}}],"inLanguage":"es"},{"@type":"Person","@id":"https:\/\/ciudadyregion.com.co\/#\/schema\/person\/04a4954373ebc4051f46e8c65ff78622","name":"David Andr\u00e9s Aguirre","image":{"@type":"ImageObject","inLanguage":"es","@id":"https:\/\/ciudadyregion.com.co\/#\/schema\/person\/image\/","url":"https:\/\/secure.gravatar.com\/avatar\/bc3c655860202182ee6d1b5edd042dbe?s=96&d=mm&r=g","contentUrl":"https:\/\/secure.gravatar.com\/avatar\/bc3c655860202182ee6d1b5edd042dbe?s=96&d=mm&r=g","caption":"David Andr\u00e9s Aguirre"},"url":"https:\/\/ciudadyregion.com.co\/index.php\/author\/diegoaguirre\/"}]}},"jetpack_featured_media_url":"https:\/\/i0.wp.com\/ciudadyregion.com.co\/wp-content\/uploads\/2026\/04\/Pag-7.webp?fit=800%2C445&ssl=1","jetpack_sharing_enabled":true,"jetpack_shortlink":"https:\/\/wp.me\/pbS7hh-fxZ","jetpack-related-posts":[],"_links":{"self":[{"href":"https:\/\/ciudadyregion.com.co\/index.php\/wp-json\/wp\/v2\/posts\/59767"}],"collection":[{"href":"https:\/\/ciudadyregion.com.co\/index.php\/wp-json\/wp\/v2\/posts"}],"about":[{"href":"https:\/\/ciudadyregion.com.co\/index.php\/wp-json\/wp\/v2\/types\/post"}],"author":[{"embeddable":true,"href":"https:\/\/ciudadyregion.com.co\/index.php\/wp-json\/wp\/v2\/users\/2"}],"replies":[{"embeddable":true,"href":"https:\/\/ciudadyregion.com.co\/index.php\/wp-json\/wp\/v2\/comments?post=59767"}],"version-history":[{"count":1,"href":"https:\/\/ciudadyregion.com.co\/index.php\/wp-json\/wp\/v2\/posts\/59767\/revisions"}],"predecessor-version":[{"id":59770,"href":"https:\/\/ciudadyregion.com.co\/index.php\/wp-json\/wp\/v2\/posts\/59767\/revisions\/59770"}],"wp:featuredmedia":[{"embeddable":true,"href":"https:\/\/ciudadyregion.com.co\/index.php\/wp-json\/wp\/v2\/media\/59769"}],"wp:attachment":[{"href":"https:\/\/ciudadyregion.com.co\/index.php\/wp-json\/wp\/v2\/media?parent=59767"}],"wp:term":[{"taxonomy":"category","embeddable":true,"href":"https:\/\/ciudadyregion.com.co\/index.php\/wp-json\/wp\/v2\/categories?post=59767"},{"taxonomy":"post_tag","embeddable":true,"href":"https:\/\/ciudadyregion.com.co\/index.php\/wp-json\/wp\/v2\/tags?post=59767"}],"curies":[{"name":"wp","href":"https:\/\/api.w.org\/{rel}","templated":true}]}}