{"id":59756,"date":"2026-04-30T08:21:46","date_gmt":"2026-04-30T13:21:46","guid":{"rendered":"https:\/\/ciudadyregion.com.co\/?p=59756"},"modified":"2026-04-30T08:21:46","modified_gmt":"2026-04-30T13:21:46","slug":"el-tolima-se-consolida-como-el-epicentro-de-las-letras-en-la-filbo-2026","status":"publish","type":"post","link":"https:\/\/ciudadyregion.com.co\/index.php\/el-tolima-se-consolida-como-el-epicentro-de-las-letras-en-la-filbo-2026\/regional\/","title":{"rendered":"El Tolima se consolida como el epicentro de las letras en la FILBo 2026"},"content":{"rendered":"<p>Con una programaci\u00f3n que incluye m\u00e1s de 80 eventos y la presencia de 300 autores, el departamento a desarrollado una amplia agenda que demuestra su liderazgo cultural en la feria literaria m\u00e1s importante del pa\u00eds.<\/p>\n<p>La 38\u00aa Feria Internacional del Libro de Bogot\u00e1 ha sido el escenario perfecto para que la Gobernaci\u00f3n del Tolima a trav\u00e9s de la Secretar\u00eda de Cultura y Turismo Departamental exhiban la riqueza intelectual de la regi\u00f3n, bajo el lema \u201cTolima Soy Yo\u201d, el stand departamental ya ha sido testigo de 22 lanzamientos exitosos, conversatorios y conciertos, logrando una masiva asistencia de p\u00fablico que busca reencontrarse con las ra\u00edces y las nuevas narrativas del \u00abcoraz\u00f3n de Colombia\u00bb.<\/p>\n<p>Para esta semana, la agenda literaria se intensifica con el lanzamiento programado de 60 nuevos vol\u00famenes, esta prol\u00edfica producci\u00f3n, que abarca diversos g\u00e9neros y estilos, posiciona al Tolima como uno de los departamentos m\u00e1s activos y creativos en el panorama nacional; la delegaci\u00f3n tolimense no solo presenta libros, sino que construye un espacio de di\u00e1logo entre las editoriales regionales y el circuito comercial del libro en Corferias.<\/p>\n<p>El despliegue de talento es hist\u00f3rico, m\u00e1s de 300 escritores oriundos del departamento, entre figuras consagradas y voces emergentes, presentan al mundo una oferta superior a los 600 t\u00edtulos; esta cifra r\u00e9cord reafirma la hist\u00f3rica designaci\u00f3n del Tolima como el \u2018meridiano de la literatura colombiana\u2019, un territorio donde la palabra escrita sigue siendo el principal veh\u00edculo de identidad y patrimonio cultural.<\/p>\n<p>La Gobernaci\u00f3n del Tolima extiende una invitaci\u00f3n especial a todos los asistentes a la feria para que visiten su stand ubicado en el Pabell\u00f3n 3, Nivel 1, Stand 246 de Corferias, este espacio, que ir\u00e1 hasta el 4 de mayo invita a disfrutar de una experiencia cultural \u00fanica, conocer de cerca a sus autores favoritos y adquirir las obras que est\u00e1n marcando la tendencia literaria de la presente temporada.<\/p>\n","protected":false},"excerpt":{"rendered":"<p>Con una programaci\u00f3n que incluye m\u00e1s de 80 eventos y la presencia de 300 autores, el departamento a desarrollado una amplia agenda que demuestra su liderazgo cultural en la feria literaria m\u00e1s importante del pa\u00eds. La 38\u00aa Feria Internacional del Libro de Bogot\u00e1 ha sido el escenario perfecto para que<span class=\"more-link\"><a href=\"https:\/\/ciudadyregion.com.co\/index.php\/el-tolima-se-consolida-como-el-epicentro-de-las-letras-en-la-filbo-2026\/regional\/\">Continuar Leyendo<\/a><\/span><\/p>\n","protected":false},"author":2,"featured_media":59758,"comment_status":"open","ping_status":"open","sticky":false,"template":"","format":"standard","meta":{"_uf_show_specific_survey":0,"_uf_disable_surveys":false,"_jetpack_memberships_contains_paid_content":false,"footnotes":"","jetpack_publicize_message":"","jetpack_publicize_feature_enabled":true,"jetpack_social_post_already_shared":true,"jetpack_social_options":{"image_generator_settings":{"template":"highway","enabled":false},"version":2}},"categories":[13],"tags":[],"class_list":["entry","author-diegoaguirre","post-59756","post","type-post","status-publish","format-standard","has-post-thumbnail","category-regional"],"jetpack_publicize_connections":[],"yoast_head":"<!-- This site is optimized with the Yoast SEO plugin v24.3 - https:\/\/yoast.com\/wordpress\/plugins\/seo\/ -->\n<title>El Tolima se consolida como el epicentro de las letras en la FILBo 2026 - Ciudad y Region<\/title>\n<meta name=\"robots\" content=\"index, follow, max-snippet:-1, max-image-preview:large, max-video-preview:-1\" \/>\n<link rel=\"canonical\" href=\"https:\/\/ciudadyregion.com.co\/index.php\/el-tolima-se-consolida-como-el-epicentro-de-las-letras-en-la-filbo-2026\/regional\/\" \/>\n<meta property=\"og:locale\" content=\"es_ES\" \/>\n<meta property=\"og:type\" content=\"article\" \/>\n<meta property=\"og:title\" content=\"El Tolima se consolida como el epicentro de las letras en la FILBo 2026 - Ciudad y Region\" \/>\n<meta property=\"og:description\" content=\"Con una programaci\u00f3n que incluye m\u00e1s de 80 eventos y la presencia de 300 autores, el departamento a desarrollado una amplia agenda que demuestra su liderazgo cultural en la feria literaria m\u00e1s importante del pa\u00eds. La 38\u00aa Feria Internacional del Libro de Bogot\u00e1 ha sido el escenario perfecto para queContinuar Leyendo\" \/>\n<meta property=\"og:url\" content=\"https:\/\/ciudadyregion.com.co\/index.php\/el-tolima-se-consolida-como-el-epicentro-de-las-letras-en-la-filbo-2026\/regional\/\" \/>\n<meta property=\"og:site_name\" content=\"Ciudad y Region\" \/>\n<meta property=\"article:published_time\" content=\"2026-04-30T13:21:46+00:00\" \/>\n<meta property=\"og:image\" content=\"https:\/\/ciudadyregion.com.co\/wp-content\/uploads\/2026\/04\/Pag-2026-04-30T082129.011.jpg\" \/>\n\t<meta property=\"og:image:width\" content=\"800\" \/>\n\t<meta property=\"og:image:height\" content=\"445\" \/>\n\t<meta property=\"og:image:type\" content=\"image\/jpeg\" \/>\n<meta name=\"author\" content=\"David Andr\u00e9s Aguirre\" \/>\n<meta name=\"twitter:card\" content=\"summary_large_image\" \/>\n<meta name=\"twitter:label1\" content=\"Escrito por\" \/>\n\t<meta name=\"twitter:data1\" content=\"David Andr\u00e9s Aguirre\" \/>\n\t<meta name=\"twitter:label2\" content=\"Tiempo de lectura\" \/>\n\t<meta name=\"twitter:data2\" content=\"2 minutos\" \/>\n<script type=\"application\/ld+json\" class=\"yoast-schema-graph\">{\"@context\":\"https:\/\/schema.org\",\"@graph\":[{\"@type\":\"WebPage\",\"@id\":\"https:\/\/ciudadyregion.com.co\/index.php\/el-tolima-se-consolida-como-el-epicentro-de-las-letras-en-la-filbo-2026\/regional\/\",\"url\":\"https:\/\/ciudadyregion.com.co\/index.php\/el-tolima-se-consolida-como-el-epicentro-de-las-letras-en-la-filbo-2026\/regional\/\",\"name\":\"El Tolima se consolida como el epicentro de las letras en la FILBo 2026 - Ciudad y Region\",\"isPartOf\":{\"@id\":\"https:\/\/ciudadyregion.com.co\/#website\"},\"primaryImageOfPage\":{\"@id\":\"https:\/\/ciudadyregion.com.co\/index.php\/el-tolima-se-consolida-como-el-epicentro-de-las-letras-en-la-filbo-2026\/regional\/#primaryimage\"},\"image\":{\"@id\":\"https:\/\/ciudadyregion.com.co\/index.php\/el-tolima-se-consolida-como-el-epicentro-de-las-letras-en-la-filbo-2026\/regional\/#primaryimage\"},\"thumbnailUrl\":\"https:\/\/i0.wp.com\/ciudadyregion.com.co\/wp-content\/uploads\/2026\/04\/Pag-2026-04-30T082129.011.jpg?fit=800%2C445&ssl=1\",\"datePublished\":\"2026-04-30T13:21:46+00:00\",\"dateModified\":\"2026-04-30T13:21:46+00:00\",\"author\":{\"@id\":\"https:\/\/ciudadyregion.com.co\/#\/schema\/person\/04a4954373ebc4051f46e8c65ff78622\"},\"breadcrumb\":{\"@id\":\"https:\/\/ciudadyregion.com.co\/index.php\/el-tolima-se-consolida-como-el-epicentro-de-las-letras-en-la-filbo-2026\/regional\/#breadcrumb\"},\"inLanguage\":\"es\",\"potentialAction\":[{\"@type\":\"ReadAction\",\"target\":[\"https:\/\/ciudadyregion.com.co\/index.php\/el-tolima-se-consolida-como-el-epicentro-de-las-letras-en-la-filbo-2026\/regional\/\"]}]},{\"@type\":\"ImageObject\",\"inLanguage\":\"es\",\"@id\":\"https:\/\/ciudadyregion.com.co\/index.php\/el-tolima-se-consolida-como-el-epicentro-de-las-letras-en-la-filbo-2026\/regional\/#primaryimage\",\"url\":\"https:\/\/i0.wp.com\/ciudadyregion.com.co\/wp-content\/uploads\/2026\/04\/Pag-2026-04-30T082129.011.jpg?fit=800%2C445&ssl=1\",\"contentUrl\":\"https:\/\/i0.wp.com\/ciudadyregion.com.co\/wp-content\/uploads\/2026\/04\/Pag-2026-04-30T082129.011.jpg?fit=800%2C445&ssl=1\",\"width\":800,\"height\":445},{\"@type\":\"BreadcrumbList\",\"@id\":\"https:\/\/ciudadyregion.com.co\/index.php\/el-tolima-se-consolida-como-el-epicentro-de-las-letras-en-la-filbo-2026\/regional\/#breadcrumb\",\"itemListElement\":[{\"@type\":\"ListItem\",\"position\":1,\"name\":\"Portada\",\"item\":\"https:\/\/ciudadyregion.com.co\/\"},{\"@type\":\"ListItem\",\"position\":2,\"name\":\"El Tolima se consolida como el epicentro de las letras en la FILBo 2026\"}]},{\"@type\":\"WebSite\",\"@id\":\"https:\/\/ciudadyregion.com.co\/#website\",\"url\":\"https:\/\/ciudadyregion.com.co\/\",\"name\":\"Ciudad y Region\",\"description\":\"\",\"potentialAction\":[{\"@type\":\"SearchAction\",\"target\":{\"@type\":\"EntryPoint\",\"urlTemplate\":\"https:\/\/ciudadyregion.com.co\/?s={search_term_string}\"},\"query-input\":{\"@type\":\"PropertyValueSpecification\",\"valueRequired\":true,\"valueName\":\"search_term_string\"}}],\"inLanguage\":\"es\"},{\"@type\":\"Person\",\"@id\":\"https:\/\/ciudadyregion.com.co\/#\/schema\/person\/04a4954373ebc4051f46e8c65ff78622\",\"name\":\"David Andr\u00e9s Aguirre\",\"image\":{\"@type\":\"ImageObject\",\"inLanguage\":\"es\",\"@id\":\"https:\/\/ciudadyregion.com.co\/#\/schema\/person\/image\/\",\"url\":\"https:\/\/secure.gravatar.com\/avatar\/bc3c655860202182ee6d1b5edd042dbe?s=96&d=mm&r=g\",\"contentUrl\":\"https:\/\/secure.gravatar.com\/avatar\/bc3c655860202182ee6d1b5edd042dbe?s=96&d=mm&r=g\",\"caption\":\"David Andr\u00e9s Aguirre\"},\"url\":\"https:\/\/ciudadyregion.com.co\/index.php\/author\/diegoaguirre\/\"}]}<\/script>\n<!-- \/ Yoast SEO plugin. -->","yoast_head_json":{"title":"El Tolima se consolida como el epicentro de las letras en la FILBo 2026 - Ciudad y Region","robots":{"index":"index","follow":"follow","max-snippet":"max-snippet:-1","max-image-preview":"max-image-preview:large","max-video-preview":"max-video-preview:-1"},"canonical":"https:\/\/ciudadyregion.com.co\/index.php\/el-tolima-se-consolida-como-el-epicentro-de-las-letras-en-la-filbo-2026\/regional\/","og_locale":"es_ES","og_type":"article","og_title":"El Tolima se consolida como el epicentro de las letras en la FILBo 2026 - Ciudad y Region","og_description":"Con una programaci\u00f3n que incluye m\u00e1s de 80 eventos y la presencia de 300 autores, el departamento a desarrollado una amplia agenda que demuestra su liderazgo cultural en la feria literaria m\u00e1s importante del pa\u00eds. La 38\u00aa Feria Internacional del Libro de Bogot\u00e1 ha sido el escenario perfecto para queContinuar Leyendo","og_url":"https:\/\/ciudadyregion.com.co\/index.php\/el-tolima-se-consolida-como-el-epicentro-de-las-letras-en-la-filbo-2026\/regional\/","og_site_name":"Ciudad y Region","article_published_time":"2026-04-30T13:21:46+00:00","og_image":[{"width":800,"height":445,"url":"https:\/\/ciudadyregion.com.co\/wp-content\/uploads\/2026\/04\/Pag-2026-04-30T082129.011.jpg","type":"image\/jpeg"}],"author":"David Andr\u00e9s Aguirre","twitter_card":"summary_large_image","twitter_misc":{"Escrito por":"David Andr\u00e9s Aguirre","Tiempo de lectura":"2 minutos"},"schema":{"@context":"https:\/\/schema.org","@graph":[{"@type":"WebPage","@id":"https:\/\/ciudadyregion.com.co\/index.php\/el-tolima-se-consolida-como-el-epicentro-de-las-letras-en-la-filbo-2026\/regional\/","url":"https:\/\/ciudadyregion.com.co\/index.php\/el-tolima-se-consolida-como-el-epicentro-de-las-letras-en-la-filbo-2026\/regional\/","name":"El Tolima se consolida como el epicentro de las letras en la FILBo 2026 - Ciudad y Region","isPartOf":{"@id":"https:\/\/ciudadyregion.com.co\/#website"},"primaryImageOfPage":{"@id":"https:\/\/ciudadyregion.com.co\/index.php\/el-tolima-se-consolida-como-el-epicentro-de-las-letras-en-la-filbo-2026\/regional\/#primaryimage"},"image":{"@id":"https:\/\/ciudadyregion.com.co\/index.php\/el-tolima-se-consolida-como-el-epicentro-de-las-letras-en-la-filbo-2026\/regional\/#primaryimage"},"thumbnailUrl":"https:\/\/i0.wp.com\/ciudadyregion.com.co\/wp-content\/uploads\/2026\/04\/Pag-2026-04-30T082129.011.jpg?fit=800%2C445&ssl=1","datePublished":"2026-04-30T13:21:46+00:00","dateModified":"2026-04-30T13:21:46+00:00","author":{"@id":"https:\/\/ciudadyregion.com.co\/#\/schema\/person\/04a4954373ebc4051f46e8c65ff78622"},"breadcrumb":{"@id":"https:\/\/ciudadyregion.com.co\/index.php\/el-tolima-se-consolida-como-el-epicentro-de-las-letras-en-la-filbo-2026\/regional\/#breadcrumb"},"inLanguage":"es","potentialAction":[{"@type":"ReadAction","target":["https:\/\/ciudadyregion.com.co\/index.php\/el-tolima-se-consolida-como-el-epicentro-de-las-letras-en-la-filbo-2026\/regional\/"]}]},{"@type":"ImageObject","inLanguage":"es","@id":"https:\/\/ciudadyregion.com.co\/index.php\/el-tolima-se-consolida-como-el-epicentro-de-las-letras-en-la-filbo-2026\/regional\/#primaryimage","url":"https:\/\/i0.wp.com\/ciudadyregion.com.co\/wp-content\/uploads\/2026\/04\/Pag-2026-04-30T082129.011.jpg?fit=800%2C445&ssl=1","contentUrl":"https:\/\/i0.wp.com\/ciudadyregion.com.co\/wp-content\/uploads\/2026\/04\/Pag-2026-04-30T082129.011.jpg?fit=800%2C445&ssl=1","width":800,"height":445},{"@type":"BreadcrumbList","@id":"https:\/\/ciudadyregion.com.co\/index.php\/el-tolima-se-consolida-como-el-epicentro-de-las-letras-en-la-filbo-2026\/regional\/#breadcrumb","itemListElement":[{"@type":"ListItem","position":1,"name":"Portada","item":"https:\/\/ciudadyregion.com.co\/"},{"@type":"ListItem","position":2,"name":"El Tolima se consolida como el epicentro de las letras en la FILBo 2026"}]},{"@type":"WebSite","@id":"https:\/\/ciudadyregion.com.co\/#website","url":"https:\/\/ciudadyregion.com.co\/","name":"Ciudad y Region","description":"","potentialAction":[{"@type":"SearchAction","target":{"@type":"EntryPoint","urlTemplate":"https:\/\/ciudadyregion.com.co\/?s={search_term_string}"},"query-input":{"@type":"PropertyValueSpecification","valueRequired":true,"valueName":"search_term_string"}}],"inLanguage":"es"},{"@type":"Person","@id":"https:\/\/ciudadyregion.com.co\/#\/schema\/person\/04a4954373ebc4051f46e8c65ff78622","name":"David Andr\u00e9s Aguirre","image":{"@type":"ImageObject","inLanguage":"es","@id":"https:\/\/ciudadyregion.com.co\/#\/schema\/person\/image\/","url":"https:\/\/secure.gravatar.com\/avatar\/bc3c655860202182ee6d1b5edd042dbe?s=96&d=mm&r=g","contentUrl":"https:\/\/secure.gravatar.com\/avatar\/bc3c655860202182ee6d1b5edd042dbe?s=96&d=mm&r=g","caption":"David Andr\u00e9s Aguirre"},"url":"https:\/\/ciudadyregion.com.co\/index.php\/author\/diegoaguirre\/"}]}},"jetpack_featured_media_url":"https:\/\/i0.wp.com\/ciudadyregion.com.co\/wp-content\/uploads\/2026\/04\/Pag-2026-04-30T082129.011.jpg?fit=800%2C445&ssl=1","jetpack_sharing_enabled":true,"jetpack_shortlink":"https:\/\/wp.me\/pbS7hh-fxO","jetpack-related-posts":[],"_links":{"self":[{"href":"https:\/\/ciudadyregion.com.co\/index.php\/wp-json\/wp\/v2\/posts\/59756"}],"collection":[{"href":"https:\/\/ciudadyregion.com.co\/index.php\/wp-json\/wp\/v2\/posts"}],"about":[{"href":"https:\/\/ciudadyregion.com.co\/index.php\/wp-json\/wp\/v2\/types\/post"}],"author":[{"embeddable":true,"href":"https:\/\/ciudadyregion.com.co\/index.php\/wp-json\/wp\/v2\/users\/2"}],"replies":[{"embeddable":true,"href":"https:\/\/ciudadyregion.com.co\/index.php\/wp-json\/wp\/v2\/comments?post=59756"}],"version-history":[{"count":1,"href":"https:\/\/ciudadyregion.com.co\/index.php\/wp-json\/wp\/v2\/posts\/59756\/revisions"}],"predecessor-version":[{"id":59759,"href":"https:\/\/ciudadyregion.com.co\/index.php\/wp-json\/wp\/v2\/posts\/59756\/revisions\/59759"}],"wp:featuredmedia":[{"embeddable":true,"href":"https:\/\/ciudadyregion.com.co\/index.php\/wp-json\/wp\/v2\/media\/59758"}],"wp:attachment":[{"href":"https:\/\/ciudadyregion.com.co\/index.php\/wp-json\/wp\/v2\/media?parent=59756"}],"wp:term":[{"taxonomy":"category","embeddable":true,"href":"https:\/\/ciudadyregion.com.co\/index.php\/wp-json\/wp\/v2\/categories?post=59756"},{"taxonomy":"post_tag","embeddable":true,"href":"https:\/\/ciudadyregion.com.co\/index.php\/wp-json\/wp\/v2\/tags?post=59756"}],"curies":[{"name":"wp","href":"https:\/\/api.w.org\/{rel}","templated":true}]}}