{"id":59754,"date":"2026-04-30T08:19:49","date_gmt":"2026-04-30T13:19:49","guid":{"rendered":"https:\/\/ciudadyregion.com.co\/?p=59754"},"modified":"2026-04-30T08:19:49","modified_gmt":"2026-04-30T13:19:49","slug":"alpujarra-vuelve-a-reencontrarse-en-su-festival-del-retorno-y-tapa-roja-sera-su-patrocinador-oficial","status":"publish","type":"post","link":"https:\/\/ciudadyregion.com.co\/index.php\/alpujarra-vuelve-a-reencontrarse-en-su-festival-del-retorno-y-tapa-roja-sera-su-patrocinador-oficial\/regional\/","title":{"rendered":"Alpujarra vuelve a reencontrarse en su Festival del Retorno y Tapa Roja ser\u00e1 su patrocinador oficial"},"content":{"rendered":"<p>M\u00e1s de 3.000 personas del sur del Tolima disfrutar\u00e1n de las emblem\u00e1ticas fiestas de Alpujarra con Aguardiente Tapa Roja y Rosado del Tolima.<\/p>\n<p>La F\u00e1brica de Licores del Tolima confirm\u00f3 hoy que ser\u00e1 el gran patrocinador a una de las celebraciones m\u00e1s representativas del suroriente del departamento, el III Festival del Retorno Alpujarre\u00f1o, que se realizar\u00e1 del 15 al 18 de mayo, en busca de fortalecer la cultura, el turismo y la econom\u00eda local. Est\u00e1s festividades desde su primera edici\u00f3n, ha contado con el respaldo de la entidad a trav\u00e9s de sus productos Aguardiente Tapa Roja y Rosado del Tolima.<\/p>\n<p>Durante la rueda de prensa oficial de lanzamiento, la gerente de la Factor\u00eda tolimense, Victoria Castillo Gonz\u00e1lez destac\u00f3 \u00abDesde la F\u00e1brica de Licores del Tolima nos enorgullece ser patrocinadores oficiales con el mejores aguardientes del mundo, Tapa Roja y Rosado. Hemos preparado una excelente programaci\u00f3n art\u00edstica y cultural, realizaremos conciertos con Sebasti\u00e1n Ayala, orquesta banda fiesta, chacal del sur entre otros artistas.\u201d<\/p>\n<p>Adem\u00e1s, la programaci\u00f3n del festival incluir\u00e1 una amplia agenda cultural y recreativa que permitir\u00e1 a los habitantes del sur del departamento disfrutar de actividades como el preg\u00f3n inaugural, desfiles, el Encuentro Regional y Cultural Cafetero, concursos, mercado campesino, alboradas y cabalgatas, entre muchas otras experiencias que exaltar\u00e1n la identidad del municipio.<\/p>\n<p>Por su parte, en el mismo evento el alcalde de Alpujarra, David Tovar Guerrero resalt\u00f3 \u00abHoy estamos con el patrocinador m\u00e1s importante, que a\u00f1o tras a\u00f1o sigue fortaleciendo la econom\u00eda, la cultura y sin duda alguna las tradiciones de nuestro municipio.\u00bb<\/p>\n<p>Este tipo de evento permite conocer la importancia de la empresa tolimense como motor de desarrollo regional, empleo, turismo, y econom\u00eda.<\/p>\n","protected":false},"excerpt":{"rendered":"<p>M\u00e1s de 3.000 personas del sur del Tolima disfrutar\u00e1n de las emblem\u00e1ticas fiestas de Alpujarra con Aguardiente Tapa Roja y Rosado del Tolima. La F\u00e1brica de Licores del Tolima confirm\u00f3 hoy que ser\u00e1 el gran patrocinador a una de las celebraciones m\u00e1s representativas del suroriente del departamento, el III Festival<span class=\"more-link\"><a href=\"https:\/\/ciudadyregion.com.co\/index.php\/alpujarra-vuelve-a-reencontrarse-en-su-festival-del-retorno-y-tapa-roja-sera-su-patrocinador-oficial\/regional\/\">Continuar Leyendo<\/a><\/span><\/p>\n","protected":false},"author":2,"featured_media":59755,"comment_status":"open","ping_status":"open","sticky":false,"template":"","format":"standard","meta":{"_uf_show_specific_survey":0,"_uf_disable_surveys":false,"_jetpack_memberships_contains_paid_content":false,"footnotes":"","jetpack_publicize_message":"","jetpack_publicize_feature_enabled":true,"jetpack_social_post_already_shared":true,"jetpack_social_options":{"image_generator_settings":{"template":"highway","enabled":false},"version":2}},"categories":[13],"tags":[],"class_list":["entry","author-diegoaguirre","post-59754","post","type-post","status-publish","format-standard","has-post-thumbnail","category-regional"],"jetpack_publicize_connections":[],"yoast_head":"<!-- This site is optimized with the Yoast SEO plugin v24.3 - https:\/\/yoast.com\/wordpress\/plugins\/seo\/ -->\n<title>Alpujarra vuelve a reencontrarse en su Festival del Retorno y Tapa Roja ser\u00e1 su patrocinador oficial - Ciudad y Region<\/title>\n<meta name=\"robots\" content=\"index, follow, max-snippet:-1, max-image-preview:large, max-video-preview:-1\" \/>\n<link rel=\"canonical\" href=\"https:\/\/ciudadyregion.com.co\/index.php\/alpujarra-vuelve-a-reencontrarse-en-su-festival-del-retorno-y-tapa-roja-sera-su-patrocinador-oficial\/regional\/\" \/>\n<meta property=\"og:locale\" content=\"es_ES\" \/>\n<meta property=\"og:type\" content=\"article\" \/>\n<meta property=\"og:title\" content=\"Alpujarra vuelve a reencontrarse en su Festival del Retorno y Tapa Roja ser\u00e1 su patrocinador oficial - Ciudad y Region\" \/>\n<meta property=\"og:description\" content=\"M\u00e1s de 3.000 personas del sur del Tolima disfrutar\u00e1n de las emblem\u00e1ticas fiestas de Alpujarra con Aguardiente Tapa Roja y Rosado del Tolima. La F\u00e1brica de Licores del Tolima confirm\u00f3 hoy que ser\u00e1 el gran patrocinador a una de las celebraciones m\u00e1s representativas del suroriente del departamento, el III FestivalContinuar Leyendo\" \/>\n<meta property=\"og:url\" content=\"https:\/\/ciudadyregion.com.co\/index.php\/alpujarra-vuelve-a-reencontrarse-en-su-festival-del-retorno-y-tapa-roja-sera-su-patrocinador-oficial\/regional\/\" \/>\n<meta property=\"og:site_name\" content=\"Ciudad y Region\" \/>\n<meta property=\"article:published_time\" content=\"2026-04-30T13:19:49+00:00\" \/>\n<meta property=\"og:image\" content=\"https:\/\/ciudadyregion.com.co\/wp-content\/uploads\/2026\/04\/Pag-2026-04-30T081935.601.jpg\" \/>\n\t<meta property=\"og:image:width\" content=\"800\" \/>\n\t<meta property=\"og:image:height\" content=\"445\" \/>\n\t<meta property=\"og:image:type\" content=\"image\/jpeg\" \/>\n<meta name=\"author\" content=\"David Andr\u00e9s Aguirre\" \/>\n<meta name=\"twitter:card\" content=\"summary_large_image\" \/>\n<meta name=\"twitter:label1\" content=\"Escrito por\" \/>\n\t<meta name=\"twitter:data1\" content=\"David Andr\u00e9s Aguirre\" \/>\n\t<meta name=\"twitter:label2\" content=\"Tiempo de lectura\" \/>\n\t<meta name=\"twitter:data2\" content=\"2 minutos\" \/>\n<script type=\"application\/ld+json\" class=\"yoast-schema-graph\">{\"@context\":\"https:\/\/schema.org\",\"@graph\":[{\"@type\":\"WebPage\",\"@id\":\"https:\/\/ciudadyregion.com.co\/index.php\/alpujarra-vuelve-a-reencontrarse-en-su-festival-del-retorno-y-tapa-roja-sera-su-patrocinador-oficial\/regional\/\",\"url\":\"https:\/\/ciudadyregion.com.co\/index.php\/alpujarra-vuelve-a-reencontrarse-en-su-festival-del-retorno-y-tapa-roja-sera-su-patrocinador-oficial\/regional\/\",\"name\":\"Alpujarra vuelve a reencontrarse en su Festival del Retorno y Tapa Roja ser\u00e1 su patrocinador oficial - Ciudad y Region\",\"isPartOf\":{\"@id\":\"https:\/\/ciudadyregion.com.co\/#website\"},\"primaryImageOfPage\":{\"@id\":\"https:\/\/ciudadyregion.com.co\/index.php\/alpujarra-vuelve-a-reencontrarse-en-su-festival-del-retorno-y-tapa-roja-sera-su-patrocinador-oficial\/regional\/#primaryimage\"},\"image\":{\"@id\":\"https:\/\/ciudadyregion.com.co\/index.php\/alpujarra-vuelve-a-reencontrarse-en-su-festival-del-retorno-y-tapa-roja-sera-su-patrocinador-oficial\/regional\/#primaryimage\"},\"thumbnailUrl\":\"https:\/\/i0.wp.com\/ciudadyregion.com.co\/wp-content\/uploads\/2026\/04\/Pag-2026-04-30T081935.601.jpg?fit=800%2C445&ssl=1\",\"datePublished\":\"2026-04-30T13:19:49+00:00\",\"dateModified\":\"2026-04-30T13:19:49+00:00\",\"author\":{\"@id\":\"https:\/\/ciudadyregion.com.co\/#\/schema\/person\/04a4954373ebc4051f46e8c65ff78622\"},\"breadcrumb\":{\"@id\":\"https:\/\/ciudadyregion.com.co\/index.php\/alpujarra-vuelve-a-reencontrarse-en-su-festival-del-retorno-y-tapa-roja-sera-su-patrocinador-oficial\/regional\/#breadcrumb\"},\"inLanguage\":\"es\",\"potentialAction\":[{\"@type\":\"ReadAction\",\"target\":[\"https:\/\/ciudadyregion.com.co\/index.php\/alpujarra-vuelve-a-reencontrarse-en-su-festival-del-retorno-y-tapa-roja-sera-su-patrocinador-oficial\/regional\/\"]}]},{\"@type\":\"ImageObject\",\"inLanguage\":\"es\",\"@id\":\"https:\/\/ciudadyregion.com.co\/index.php\/alpujarra-vuelve-a-reencontrarse-en-su-festival-del-retorno-y-tapa-roja-sera-su-patrocinador-oficial\/regional\/#primaryimage\",\"url\":\"https:\/\/i0.wp.com\/ciudadyregion.com.co\/wp-content\/uploads\/2026\/04\/Pag-2026-04-30T081935.601.jpg?fit=800%2C445&ssl=1\",\"contentUrl\":\"https:\/\/i0.wp.com\/ciudadyregion.com.co\/wp-content\/uploads\/2026\/04\/Pag-2026-04-30T081935.601.jpg?fit=800%2C445&ssl=1\",\"width\":800,\"height\":445},{\"@type\":\"BreadcrumbList\",\"@id\":\"https:\/\/ciudadyregion.com.co\/index.php\/alpujarra-vuelve-a-reencontrarse-en-su-festival-del-retorno-y-tapa-roja-sera-su-patrocinador-oficial\/regional\/#breadcrumb\",\"itemListElement\":[{\"@type\":\"ListItem\",\"position\":1,\"name\":\"Portada\",\"item\":\"https:\/\/ciudadyregion.com.co\/\"},{\"@type\":\"ListItem\",\"position\":2,\"name\":\"Alpujarra vuelve a reencontrarse en su Festival del Retorno y Tapa Roja ser\u00e1 su patrocinador oficial\"}]},{\"@type\":\"WebSite\",\"@id\":\"https:\/\/ciudadyregion.com.co\/#website\",\"url\":\"https:\/\/ciudadyregion.com.co\/\",\"name\":\"Ciudad y Region\",\"description\":\"\",\"potentialAction\":[{\"@type\":\"SearchAction\",\"target\":{\"@type\":\"EntryPoint\",\"urlTemplate\":\"https:\/\/ciudadyregion.com.co\/?s={search_term_string}\"},\"query-input\":{\"@type\":\"PropertyValueSpecification\",\"valueRequired\":true,\"valueName\":\"search_term_string\"}}],\"inLanguage\":\"es\"},{\"@type\":\"Person\",\"@id\":\"https:\/\/ciudadyregion.com.co\/#\/schema\/person\/04a4954373ebc4051f46e8c65ff78622\",\"name\":\"David Andr\u00e9s Aguirre\",\"image\":{\"@type\":\"ImageObject\",\"inLanguage\":\"es\",\"@id\":\"https:\/\/ciudadyregion.com.co\/#\/schema\/person\/image\/\",\"url\":\"https:\/\/secure.gravatar.com\/avatar\/bc3c655860202182ee6d1b5edd042dbe?s=96&d=mm&r=g\",\"contentUrl\":\"https:\/\/secure.gravatar.com\/avatar\/bc3c655860202182ee6d1b5edd042dbe?s=96&d=mm&r=g\",\"caption\":\"David Andr\u00e9s Aguirre\"},\"url\":\"https:\/\/ciudadyregion.com.co\/index.php\/author\/diegoaguirre\/\"}]}<\/script>\n<!-- \/ Yoast SEO plugin. -->","yoast_head_json":{"title":"Alpujarra vuelve a reencontrarse en su Festival del Retorno y Tapa Roja ser\u00e1 su patrocinador oficial - Ciudad y Region","robots":{"index":"index","follow":"follow","max-snippet":"max-snippet:-1","max-image-preview":"max-image-preview:large","max-video-preview":"max-video-preview:-1"},"canonical":"https:\/\/ciudadyregion.com.co\/index.php\/alpujarra-vuelve-a-reencontrarse-en-su-festival-del-retorno-y-tapa-roja-sera-su-patrocinador-oficial\/regional\/","og_locale":"es_ES","og_type":"article","og_title":"Alpujarra vuelve a reencontrarse en su Festival del Retorno y Tapa Roja ser\u00e1 su patrocinador oficial - Ciudad y Region","og_description":"M\u00e1s de 3.000 personas del sur del Tolima disfrutar\u00e1n de las emblem\u00e1ticas fiestas de Alpujarra con Aguardiente Tapa Roja y Rosado del Tolima. La F\u00e1brica de Licores del Tolima confirm\u00f3 hoy que ser\u00e1 el gran patrocinador a una de las celebraciones m\u00e1s representativas del suroriente del departamento, el III FestivalContinuar Leyendo","og_url":"https:\/\/ciudadyregion.com.co\/index.php\/alpujarra-vuelve-a-reencontrarse-en-su-festival-del-retorno-y-tapa-roja-sera-su-patrocinador-oficial\/regional\/","og_site_name":"Ciudad y Region","article_published_time":"2026-04-30T13:19:49+00:00","og_image":[{"width":800,"height":445,"url":"https:\/\/ciudadyregion.com.co\/wp-content\/uploads\/2026\/04\/Pag-2026-04-30T081935.601.jpg","type":"image\/jpeg"}],"author":"David Andr\u00e9s Aguirre","twitter_card":"summary_large_image","twitter_misc":{"Escrito por":"David Andr\u00e9s Aguirre","Tiempo de lectura":"2 minutos"},"schema":{"@context":"https:\/\/schema.org","@graph":[{"@type":"WebPage","@id":"https:\/\/ciudadyregion.com.co\/index.php\/alpujarra-vuelve-a-reencontrarse-en-su-festival-del-retorno-y-tapa-roja-sera-su-patrocinador-oficial\/regional\/","url":"https:\/\/ciudadyregion.com.co\/index.php\/alpujarra-vuelve-a-reencontrarse-en-su-festival-del-retorno-y-tapa-roja-sera-su-patrocinador-oficial\/regional\/","name":"Alpujarra vuelve a reencontrarse en su Festival del Retorno y Tapa Roja ser\u00e1 su patrocinador oficial - Ciudad y Region","isPartOf":{"@id":"https:\/\/ciudadyregion.com.co\/#website"},"primaryImageOfPage":{"@id":"https:\/\/ciudadyregion.com.co\/index.php\/alpujarra-vuelve-a-reencontrarse-en-su-festival-del-retorno-y-tapa-roja-sera-su-patrocinador-oficial\/regional\/#primaryimage"},"image":{"@id":"https:\/\/ciudadyregion.com.co\/index.php\/alpujarra-vuelve-a-reencontrarse-en-su-festival-del-retorno-y-tapa-roja-sera-su-patrocinador-oficial\/regional\/#primaryimage"},"thumbnailUrl":"https:\/\/i0.wp.com\/ciudadyregion.com.co\/wp-content\/uploads\/2026\/04\/Pag-2026-04-30T081935.601.jpg?fit=800%2C445&ssl=1","datePublished":"2026-04-30T13:19:49+00:00","dateModified":"2026-04-30T13:19:49+00:00","author":{"@id":"https:\/\/ciudadyregion.com.co\/#\/schema\/person\/04a4954373ebc4051f46e8c65ff78622"},"breadcrumb":{"@id":"https:\/\/ciudadyregion.com.co\/index.php\/alpujarra-vuelve-a-reencontrarse-en-su-festival-del-retorno-y-tapa-roja-sera-su-patrocinador-oficial\/regional\/#breadcrumb"},"inLanguage":"es","potentialAction":[{"@type":"ReadAction","target":["https:\/\/ciudadyregion.com.co\/index.php\/alpujarra-vuelve-a-reencontrarse-en-su-festival-del-retorno-y-tapa-roja-sera-su-patrocinador-oficial\/regional\/"]}]},{"@type":"ImageObject","inLanguage":"es","@id":"https:\/\/ciudadyregion.com.co\/index.php\/alpujarra-vuelve-a-reencontrarse-en-su-festival-del-retorno-y-tapa-roja-sera-su-patrocinador-oficial\/regional\/#primaryimage","url":"https:\/\/i0.wp.com\/ciudadyregion.com.co\/wp-content\/uploads\/2026\/04\/Pag-2026-04-30T081935.601.jpg?fit=800%2C445&ssl=1","contentUrl":"https:\/\/i0.wp.com\/ciudadyregion.com.co\/wp-content\/uploads\/2026\/04\/Pag-2026-04-30T081935.601.jpg?fit=800%2C445&ssl=1","width":800,"height":445},{"@type":"BreadcrumbList","@id":"https:\/\/ciudadyregion.com.co\/index.php\/alpujarra-vuelve-a-reencontrarse-en-su-festival-del-retorno-y-tapa-roja-sera-su-patrocinador-oficial\/regional\/#breadcrumb","itemListElement":[{"@type":"ListItem","position":1,"name":"Portada","item":"https:\/\/ciudadyregion.com.co\/"},{"@type":"ListItem","position":2,"name":"Alpujarra vuelve a reencontrarse en su Festival del Retorno y Tapa Roja ser\u00e1 su patrocinador oficial"}]},{"@type":"WebSite","@id":"https:\/\/ciudadyregion.com.co\/#website","url":"https:\/\/ciudadyregion.com.co\/","name":"Ciudad y Region","description":"","potentialAction":[{"@type":"SearchAction","target":{"@type":"EntryPoint","urlTemplate":"https:\/\/ciudadyregion.com.co\/?s={search_term_string}"},"query-input":{"@type":"PropertyValueSpecification","valueRequired":true,"valueName":"search_term_string"}}],"inLanguage":"es"},{"@type":"Person","@id":"https:\/\/ciudadyregion.com.co\/#\/schema\/person\/04a4954373ebc4051f46e8c65ff78622","name":"David Andr\u00e9s Aguirre","image":{"@type":"ImageObject","inLanguage":"es","@id":"https:\/\/ciudadyregion.com.co\/#\/schema\/person\/image\/","url":"https:\/\/secure.gravatar.com\/avatar\/bc3c655860202182ee6d1b5edd042dbe?s=96&d=mm&r=g","contentUrl":"https:\/\/secure.gravatar.com\/avatar\/bc3c655860202182ee6d1b5edd042dbe?s=96&d=mm&r=g","caption":"David Andr\u00e9s Aguirre"},"url":"https:\/\/ciudadyregion.com.co\/index.php\/author\/diegoaguirre\/"}]}},"jetpack_featured_media_url":"https:\/\/i0.wp.com\/ciudadyregion.com.co\/wp-content\/uploads\/2026\/04\/Pag-2026-04-30T081935.601.jpg?fit=800%2C445&ssl=1","jetpack_sharing_enabled":true,"jetpack_shortlink":"https:\/\/wp.me\/pbS7hh-fxM","jetpack-related-posts":[],"_links":{"self":[{"href":"https:\/\/ciudadyregion.com.co\/index.php\/wp-json\/wp\/v2\/posts\/59754"}],"collection":[{"href":"https:\/\/ciudadyregion.com.co\/index.php\/wp-json\/wp\/v2\/posts"}],"about":[{"href":"https:\/\/ciudadyregion.com.co\/index.php\/wp-json\/wp\/v2\/types\/post"}],"author":[{"embeddable":true,"href":"https:\/\/ciudadyregion.com.co\/index.php\/wp-json\/wp\/v2\/users\/2"}],"replies":[{"embeddable":true,"href":"https:\/\/ciudadyregion.com.co\/index.php\/wp-json\/wp\/v2\/comments?post=59754"}],"version-history":[{"count":1,"href":"https:\/\/ciudadyregion.com.co\/index.php\/wp-json\/wp\/v2\/posts\/59754\/revisions"}],"predecessor-version":[{"id":59757,"href":"https:\/\/ciudadyregion.com.co\/index.php\/wp-json\/wp\/v2\/posts\/59754\/revisions\/59757"}],"wp:featuredmedia":[{"embeddable":true,"href":"https:\/\/ciudadyregion.com.co\/index.php\/wp-json\/wp\/v2\/media\/59755"}],"wp:attachment":[{"href":"https:\/\/ciudadyregion.com.co\/index.php\/wp-json\/wp\/v2\/media?parent=59754"}],"wp:term":[{"taxonomy":"category","embeddable":true,"href":"https:\/\/ciudadyregion.com.co\/index.php\/wp-json\/wp\/v2\/categories?post=59754"},{"taxonomy":"post_tag","embeddable":true,"href":"https:\/\/ciudadyregion.com.co\/index.php\/wp-json\/wp\/v2\/tags?post=59754"}],"curies":[{"name":"wp","href":"https:\/\/api.w.org\/{rel}","templated":true}]}}