{"id":59741,"date":"2026-04-29T07:46:15","date_gmt":"2026-04-29T12:46:15","guid":{"rendered":"https:\/\/ciudadyregion.com.co\/?p=59741"},"modified":"2026-04-29T07:46:15","modified_gmt":"2026-04-29T12:46:15","slug":"historico-mangostino-de-mariquita-recibe-denominacion-de-origen-en-colombia","status":"publish","type":"post","link":"https:\/\/ciudadyregion.com.co\/index.php\/historico-mangostino-de-mariquita-recibe-denominacion-de-origen-en-colombia\/regional\/","title":{"rendered":"Hist\u00f3rico: Mangostino de Mariquita recibe denominaci\u00f3n de origen en Colombia"},"content":{"rendered":"<p>En un evento que reuni\u00f3 a autoridades, productores y representantes del sector productivo, se oficializ\u00f3 la denominaci\u00f3n de origen del Mangostino de Mariquita, consolid\u00e1ndolo como uno de los productos agr\u00edcolas m\u00e1s emblem\u00e1ticos del norte del Tolima. Este reconocimiento no solo destaca sus caracter\u00edsticas \u00fanicas, sino tambi\u00e9n el trabajo de generaciones de campesinos que han mantenido viva su producci\u00f3n.<\/p>\n<p>Durante la jornada se resalt\u00f3 que este fruto representa la identidad agr\u00edcola del municipio y su vocaci\u00f3n frut\u00edcola. El mangostino se ha convertido en un s\u00edmbolo cultural y econ\u00f3mico, reflejando la riqueza natural de la zona y el compromiso de los productores con pr\u00e1cticas tradicionales que garantizan su calidad.<\/p>\n<p>La certificaci\u00f3n es el resultado de un proceso t\u00e9cnico que evidenci\u00f3 la relaci\u00f3n entre el producto y su entorno geogr\u00e1fico. Factores como el clima c\u00e1lido, la humedad, los suelos volc\u00e1nicos y el conocimiento ancestral hacen que el mangostino de Mariquita tenga caracter\u00edsticas \u00fanicas que no se replican en otras regiones.<\/p>\n<p>Adem\u00e1s, este sello abre nuevas oportunidades para el desarrollo econ\u00f3mico local. La denominaci\u00f3n de origen permitir\u00e1 posicionar el producto en mercados m\u00e1s exigentes, proteger su autenticidad y generar mayor valor agregado para los productores, fortaleciendo as\u00ed la competitividad del territorio.<\/p>\n<p>Con este logro, Mariquita se reafirma como referente agr\u00edcola a nivel nacional, mientras que el reto, seg\u00fan autoridades y cultivadores, ser\u00e1 seguir promoviendo su consumo y consolidar una cadena productiva sostenible que contin\u00fae siendo orgullo del Tolima y del pa\u00eds.<\/p>\n<p>&nbsp;<\/p>\n<p>Por: Johana Ledezma<\/p>\n","protected":false},"excerpt":{"rendered":"<p>En un evento que reuni\u00f3 a autoridades, productores y representantes del sector productivo, se oficializ\u00f3 la denominaci\u00f3n de origen del Mangostino de Mariquita, consolid\u00e1ndolo como uno de los productos agr\u00edcolas m\u00e1s emblem\u00e1ticos del norte del Tolima. Este reconocimiento no solo destaca sus caracter\u00edsticas \u00fanicas, sino tambi\u00e9n el trabajo de generaciones<span class=\"more-link\"><a href=\"https:\/\/ciudadyregion.com.co\/index.php\/historico-mangostino-de-mariquita-recibe-denominacion-de-origen-en-colombia\/regional\/\">Continuar Leyendo<\/a><\/span><\/p>\n","protected":false},"author":2,"featured_media":59743,"comment_status":"open","ping_status":"open","sticky":false,"template":"","format":"standard","meta":{"_uf_show_specific_survey":0,"_uf_disable_surveys":false,"_jetpack_memberships_contains_paid_content":false,"footnotes":"","jetpack_publicize_message":"","jetpack_publicize_feature_enabled":true,"jetpack_social_post_already_shared":true,"jetpack_social_options":{"image_generator_settings":{"template":"highway","enabled":false},"version":2}},"categories":[13],"tags":[],"class_list":["entry","author-diegoaguirre","post-59741","post","type-post","status-publish","format-standard","has-post-thumbnail","category-regional"],"jetpack_publicize_connections":[],"yoast_head":"<!-- This site is optimized with the Yoast SEO plugin v24.3 - https:\/\/yoast.com\/wordpress\/plugins\/seo\/ -->\n<title>Hist\u00f3rico: Mangostino de Mariquita recibe denominaci\u00f3n de origen en Colombia - Ciudad y Region<\/title>\n<meta name=\"robots\" content=\"index, follow, max-snippet:-1, max-image-preview:large, max-video-preview:-1\" \/>\n<link rel=\"canonical\" href=\"https:\/\/ciudadyregion.com.co\/index.php\/historico-mangostino-de-mariquita-recibe-denominacion-de-origen-en-colombia\/regional\/\" \/>\n<meta property=\"og:locale\" content=\"es_ES\" \/>\n<meta property=\"og:type\" content=\"article\" \/>\n<meta property=\"og:title\" content=\"Hist\u00f3rico: Mangostino de Mariquita recibe denominaci\u00f3n de origen en Colombia - Ciudad y Region\" \/>\n<meta property=\"og:description\" content=\"En un evento que reuni\u00f3 a autoridades, productores y representantes del sector productivo, se oficializ\u00f3 la denominaci\u00f3n de origen del Mangostino de Mariquita, consolid\u00e1ndolo como uno de los productos agr\u00edcolas m\u00e1s emblem\u00e1ticos del norte del Tolima. Este reconocimiento no solo destaca sus caracter\u00edsticas \u00fanicas, sino tambi\u00e9n el trabajo de generacionesContinuar Leyendo\" \/>\n<meta property=\"og:url\" content=\"https:\/\/ciudadyregion.com.co\/index.php\/historico-mangostino-de-mariquita-recibe-denominacion-de-origen-en-colombia\/regional\/\" \/>\n<meta property=\"og:site_name\" content=\"Ciudad y Region\" \/>\n<meta property=\"article:published_time\" content=\"2026-04-29T12:46:15+00:00\" \/>\n<meta property=\"og:image\" content=\"https:\/\/ciudadyregion.com.co\/wp-content\/uploads\/2026\/04\/Pag-2026-04-29T074335.512.jpg\" \/>\n\t<meta property=\"og:image:width\" content=\"800\" \/>\n\t<meta property=\"og:image:height\" content=\"445\" \/>\n\t<meta property=\"og:image:type\" content=\"image\/jpeg\" \/>\n<meta name=\"author\" content=\"David Andr\u00e9s Aguirre\" \/>\n<meta name=\"twitter:card\" content=\"summary_large_image\" \/>\n<meta name=\"twitter:label1\" content=\"Escrito por\" \/>\n\t<meta name=\"twitter:data1\" content=\"David Andr\u00e9s Aguirre\" \/>\n\t<meta name=\"twitter:label2\" content=\"Tiempo de lectura\" \/>\n\t<meta name=\"twitter:data2\" content=\"2 minutos\" \/>\n<script type=\"application\/ld+json\" class=\"yoast-schema-graph\">{\"@context\":\"https:\/\/schema.org\",\"@graph\":[{\"@type\":\"WebPage\",\"@id\":\"https:\/\/ciudadyregion.com.co\/index.php\/historico-mangostino-de-mariquita-recibe-denominacion-de-origen-en-colombia\/regional\/\",\"url\":\"https:\/\/ciudadyregion.com.co\/index.php\/historico-mangostino-de-mariquita-recibe-denominacion-de-origen-en-colombia\/regional\/\",\"name\":\"Hist\u00f3rico: Mangostino de Mariquita recibe denominaci\u00f3n de origen en Colombia - Ciudad y Region\",\"isPartOf\":{\"@id\":\"https:\/\/ciudadyregion.com.co\/#website\"},\"primaryImageOfPage\":{\"@id\":\"https:\/\/ciudadyregion.com.co\/index.php\/historico-mangostino-de-mariquita-recibe-denominacion-de-origen-en-colombia\/regional\/#primaryimage\"},\"image\":{\"@id\":\"https:\/\/ciudadyregion.com.co\/index.php\/historico-mangostino-de-mariquita-recibe-denominacion-de-origen-en-colombia\/regional\/#primaryimage\"},\"thumbnailUrl\":\"https:\/\/i0.wp.com\/ciudadyregion.com.co\/wp-content\/uploads\/2026\/04\/Pag-2026-04-29T074335.512.jpg?fit=800%2C445&ssl=1\",\"datePublished\":\"2026-04-29T12:46:15+00:00\",\"dateModified\":\"2026-04-29T12:46:15+00:00\",\"author\":{\"@id\":\"https:\/\/ciudadyregion.com.co\/#\/schema\/person\/04a4954373ebc4051f46e8c65ff78622\"},\"breadcrumb\":{\"@id\":\"https:\/\/ciudadyregion.com.co\/index.php\/historico-mangostino-de-mariquita-recibe-denominacion-de-origen-en-colombia\/regional\/#breadcrumb\"},\"inLanguage\":\"es\",\"potentialAction\":[{\"@type\":\"ReadAction\",\"target\":[\"https:\/\/ciudadyregion.com.co\/index.php\/historico-mangostino-de-mariquita-recibe-denominacion-de-origen-en-colombia\/regional\/\"]}]},{\"@type\":\"ImageObject\",\"inLanguage\":\"es\",\"@id\":\"https:\/\/ciudadyregion.com.co\/index.php\/historico-mangostino-de-mariquita-recibe-denominacion-de-origen-en-colombia\/regional\/#primaryimage\",\"url\":\"https:\/\/i0.wp.com\/ciudadyregion.com.co\/wp-content\/uploads\/2026\/04\/Pag-2026-04-29T074335.512.jpg?fit=800%2C445&ssl=1\",\"contentUrl\":\"https:\/\/i0.wp.com\/ciudadyregion.com.co\/wp-content\/uploads\/2026\/04\/Pag-2026-04-29T074335.512.jpg?fit=800%2C445&ssl=1\",\"width\":800,\"height\":445},{\"@type\":\"BreadcrumbList\",\"@id\":\"https:\/\/ciudadyregion.com.co\/index.php\/historico-mangostino-de-mariquita-recibe-denominacion-de-origen-en-colombia\/regional\/#breadcrumb\",\"itemListElement\":[{\"@type\":\"ListItem\",\"position\":1,\"name\":\"Portada\",\"item\":\"https:\/\/ciudadyregion.com.co\/\"},{\"@type\":\"ListItem\",\"position\":2,\"name\":\"Hist\u00f3rico: Mangostino de Mariquita recibe denominaci\u00f3n de origen en Colombia\"}]},{\"@type\":\"WebSite\",\"@id\":\"https:\/\/ciudadyregion.com.co\/#website\",\"url\":\"https:\/\/ciudadyregion.com.co\/\",\"name\":\"Ciudad y Region\",\"description\":\"\",\"potentialAction\":[{\"@type\":\"SearchAction\",\"target\":{\"@type\":\"EntryPoint\",\"urlTemplate\":\"https:\/\/ciudadyregion.com.co\/?s={search_term_string}\"},\"query-input\":{\"@type\":\"PropertyValueSpecification\",\"valueRequired\":true,\"valueName\":\"search_term_string\"}}],\"inLanguage\":\"es\"},{\"@type\":\"Person\",\"@id\":\"https:\/\/ciudadyregion.com.co\/#\/schema\/person\/04a4954373ebc4051f46e8c65ff78622\",\"name\":\"David Andr\u00e9s Aguirre\",\"image\":{\"@type\":\"ImageObject\",\"inLanguage\":\"es\",\"@id\":\"https:\/\/ciudadyregion.com.co\/#\/schema\/person\/image\/\",\"url\":\"https:\/\/secure.gravatar.com\/avatar\/bc3c655860202182ee6d1b5edd042dbe?s=96&d=mm&r=g\",\"contentUrl\":\"https:\/\/secure.gravatar.com\/avatar\/bc3c655860202182ee6d1b5edd042dbe?s=96&d=mm&r=g\",\"caption\":\"David Andr\u00e9s Aguirre\"},\"url\":\"https:\/\/ciudadyregion.com.co\/index.php\/author\/diegoaguirre\/\"}]}<\/script>\n<!-- \/ Yoast SEO plugin. -->","yoast_head_json":{"title":"Hist\u00f3rico: Mangostino de Mariquita recibe denominaci\u00f3n de origen en Colombia - Ciudad y Region","robots":{"index":"index","follow":"follow","max-snippet":"max-snippet:-1","max-image-preview":"max-image-preview:large","max-video-preview":"max-video-preview:-1"},"canonical":"https:\/\/ciudadyregion.com.co\/index.php\/historico-mangostino-de-mariquita-recibe-denominacion-de-origen-en-colombia\/regional\/","og_locale":"es_ES","og_type":"article","og_title":"Hist\u00f3rico: Mangostino de Mariquita recibe denominaci\u00f3n de origen en Colombia - Ciudad y Region","og_description":"En un evento que reuni\u00f3 a autoridades, productores y representantes del sector productivo, se oficializ\u00f3 la denominaci\u00f3n de origen del Mangostino de Mariquita, consolid\u00e1ndolo como uno de los productos agr\u00edcolas m\u00e1s emblem\u00e1ticos del norte del Tolima. Este reconocimiento no solo destaca sus caracter\u00edsticas \u00fanicas, sino tambi\u00e9n el trabajo de generacionesContinuar Leyendo","og_url":"https:\/\/ciudadyregion.com.co\/index.php\/historico-mangostino-de-mariquita-recibe-denominacion-de-origen-en-colombia\/regional\/","og_site_name":"Ciudad y Region","article_published_time":"2026-04-29T12:46:15+00:00","og_image":[{"width":800,"height":445,"url":"https:\/\/ciudadyregion.com.co\/wp-content\/uploads\/2026\/04\/Pag-2026-04-29T074335.512.jpg","type":"image\/jpeg"}],"author":"David Andr\u00e9s Aguirre","twitter_card":"summary_large_image","twitter_misc":{"Escrito por":"David Andr\u00e9s Aguirre","Tiempo de lectura":"2 minutos"},"schema":{"@context":"https:\/\/schema.org","@graph":[{"@type":"WebPage","@id":"https:\/\/ciudadyregion.com.co\/index.php\/historico-mangostino-de-mariquita-recibe-denominacion-de-origen-en-colombia\/regional\/","url":"https:\/\/ciudadyregion.com.co\/index.php\/historico-mangostino-de-mariquita-recibe-denominacion-de-origen-en-colombia\/regional\/","name":"Hist\u00f3rico: Mangostino de Mariquita recibe denominaci\u00f3n de origen en Colombia - Ciudad y Region","isPartOf":{"@id":"https:\/\/ciudadyregion.com.co\/#website"},"primaryImageOfPage":{"@id":"https:\/\/ciudadyregion.com.co\/index.php\/historico-mangostino-de-mariquita-recibe-denominacion-de-origen-en-colombia\/regional\/#primaryimage"},"image":{"@id":"https:\/\/ciudadyregion.com.co\/index.php\/historico-mangostino-de-mariquita-recibe-denominacion-de-origen-en-colombia\/regional\/#primaryimage"},"thumbnailUrl":"https:\/\/i0.wp.com\/ciudadyregion.com.co\/wp-content\/uploads\/2026\/04\/Pag-2026-04-29T074335.512.jpg?fit=800%2C445&ssl=1","datePublished":"2026-04-29T12:46:15+00:00","dateModified":"2026-04-29T12:46:15+00:00","author":{"@id":"https:\/\/ciudadyregion.com.co\/#\/schema\/person\/04a4954373ebc4051f46e8c65ff78622"},"breadcrumb":{"@id":"https:\/\/ciudadyregion.com.co\/index.php\/historico-mangostino-de-mariquita-recibe-denominacion-de-origen-en-colombia\/regional\/#breadcrumb"},"inLanguage":"es","potentialAction":[{"@type":"ReadAction","target":["https:\/\/ciudadyregion.com.co\/index.php\/historico-mangostino-de-mariquita-recibe-denominacion-de-origen-en-colombia\/regional\/"]}]},{"@type":"ImageObject","inLanguage":"es","@id":"https:\/\/ciudadyregion.com.co\/index.php\/historico-mangostino-de-mariquita-recibe-denominacion-de-origen-en-colombia\/regional\/#primaryimage","url":"https:\/\/i0.wp.com\/ciudadyregion.com.co\/wp-content\/uploads\/2026\/04\/Pag-2026-04-29T074335.512.jpg?fit=800%2C445&ssl=1","contentUrl":"https:\/\/i0.wp.com\/ciudadyregion.com.co\/wp-content\/uploads\/2026\/04\/Pag-2026-04-29T074335.512.jpg?fit=800%2C445&ssl=1","width":800,"height":445},{"@type":"BreadcrumbList","@id":"https:\/\/ciudadyregion.com.co\/index.php\/historico-mangostino-de-mariquita-recibe-denominacion-de-origen-en-colombia\/regional\/#breadcrumb","itemListElement":[{"@type":"ListItem","position":1,"name":"Portada","item":"https:\/\/ciudadyregion.com.co\/"},{"@type":"ListItem","position":2,"name":"Hist\u00f3rico: Mangostino de Mariquita recibe denominaci\u00f3n de origen en Colombia"}]},{"@type":"WebSite","@id":"https:\/\/ciudadyregion.com.co\/#website","url":"https:\/\/ciudadyregion.com.co\/","name":"Ciudad y Region","description":"","potentialAction":[{"@type":"SearchAction","target":{"@type":"EntryPoint","urlTemplate":"https:\/\/ciudadyregion.com.co\/?s={search_term_string}"},"query-input":{"@type":"PropertyValueSpecification","valueRequired":true,"valueName":"search_term_string"}}],"inLanguage":"es"},{"@type":"Person","@id":"https:\/\/ciudadyregion.com.co\/#\/schema\/person\/04a4954373ebc4051f46e8c65ff78622","name":"David Andr\u00e9s Aguirre","image":{"@type":"ImageObject","inLanguage":"es","@id":"https:\/\/ciudadyregion.com.co\/#\/schema\/person\/image\/","url":"https:\/\/secure.gravatar.com\/avatar\/bc3c655860202182ee6d1b5edd042dbe?s=96&d=mm&r=g","contentUrl":"https:\/\/secure.gravatar.com\/avatar\/bc3c655860202182ee6d1b5edd042dbe?s=96&d=mm&r=g","caption":"David Andr\u00e9s Aguirre"},"url":"https:\/\/ciudadyregion.com.co\/index.php\/author\/diegoaguirre\/"}]}},"jetpack_featured_media_url":"https:\/\/i0.wp.com\/ciudadyregion.com.co\/wp-content\/uploads\/2026\/04\/Pag-2026-04-29T074335.512.jpg?fit=800%2C445&ssl=1","jetpack_sharing_enabled":true,"jetpack_shortlink":"https:\/\/wp.me\/pbS7hh-fxz","jetpack-related-posts":[],"_links":{"self":[{"href":"https:\/\/ciudadyregion.com.co\/index.php\/wp-json\/wp\/v2\/posts\/59741"}],"collection":[{"href":"https:\/\/ciudadyregion.com.co\/index.php\/wp-json\/wp\/v2\/posts"}],"about":[{"href":"https:\/\/ciudadyregion.com.co\/index.php\/wp-json\/wp\/v2\/types\/post"}],"author":[{"embeddable":true,"href":"https:\/\/ciudadyregion.com.co\/index.php\/wp-json\/wp\/v2\/users\/2"}],"replies":[{"embeddable":true,"href":"https:\/\/ciudadyregion.com.co\/index.php\/wp-json\/wp\/v2\/comments?post=59741"}],"version-history":[{"count":1,"href":"https:\/\/ciudadyregion.com.co\/index.php\/wp-json\/wp\/v2\/posts\/59741\/revisions"}],"predecessor-version":[{"id":59744,"href":"https:\/\/ciudadyregion.com.co\/index.php\/wp-json\/wp\/v2\/posts\/59741\/revisions\/59744"}],"wp:featuredmedia":[{"embeddable":true,"href":"https:\/\/ciudadyregion.com.co\/index.php\/wp-json\/wp\/v2\/media\/59743"}],"wp:attachment":[{"href":"https:\/\/ciudadyregion.com.co\/index.php\/wp-json\/wp\/v2\/media?parent=59741"}],"wp:term":[{"taxonomy":"category","embeddable":true,"href":"https:\/\/ciudadyregion.com.co\/index.php\/wp-json\/wp\/v2\/categories?post=59741"},{"taxonomy":"post_tag","embeddable":true,"href":"https:\/\/ciudadyregion.com.co\/index.php\/wp-json\/wp\/v2\/tags?post=59741"}],"curies":[{"name":"wp","href":"https:\/\/api.w.org\/{rel}","templated":true}]}}