{"id":59738,"date":"2026-04-29T07:39:19","date_gmt":"2026-04-29T12:39:19","guid":{"rendered":"https:\/\/ciudadyregion.com.co\/?p=59738"},"modified":"2026-04-29T07:39:19","modified_gmt":"2026-04-29T12:39:19","slug":"el-desfile-de-san-juan-en-ibague-cambia-su-recorrido-este-ano","status":"publish","type":"post","link":"https:\/\/ciudadyregion.com.co\/index.php\/el-desfile-de-san-juan-en-ibague-cambia-su-recorrido-este-ano\/regional\/","title":{"rendered":"El desfile de San Juan en Ibagu\u00e9 cambia su recorrido este a\u00f1o"},"content":{"rendered":"<p>En medio de la organizaci\u00f3n de las tradicionales fiestas folcl\u00f3ricas, se confirm\u00f3 un ajuste clave que impactar\u00e1 uno de los eventos m\u00e1s esperados por los ibaguere\u00f1os: el desfile de San Juan no llegar\u00e1 hasta la calle 42 como es habitual.<\/p>\n<p>El secretario de Gobierno, Francisco Esp\u00edn, anunci\u00f3 que el recorrido se reducir\u00e1 y avanzar\u00e1 \u00fanicamente hasta la carrera Quinta con calle 37 (sector de la 35), debido a la log\u00edstica electoral que se desarrollar\u00e1 en la ciudad.<\/p>\n<p>La raz\u00f3n principal de esta decisi\u00f3n es la adecuaci\u00f3n del Complejo Deportivo de la calle 42 como punto de votaci\u00f3n, lo que imposibilita mantener el trayecto completo del desfile. Ante este panorama, las autoridades optaron por ajustar el recorrido para evitar contratiempos y garantizar el orden durante las festividades.<\/p>\n<p>En contraste, el desfile de San Pedro s\u00ed podr\u00eda mantener su ruta tradicional hasta la calle 42, aunque esto depender\u00e1 de si se realiza o no una segunda vuelta presidencial. Seg\u00fan explic\u00f3 el funcionario, ya existe una coordinaci\u00f3n con la Registradur\u00eda que permitir\u00eda extender el recorrido en caso de que el calendario electoral lo permita.<\/p>\n<p>Desde la Administraci\u00f3n Municipal se adelantaron visitas t\u00e9cnicas junto a distintas dependencias, adem\u00e1s de articulaci\u00f3n con la Gobernaci\u00f3n y la Polic\u00eda, con el objetivo de asegurar que las celebraciones se desarrollen sin inconvenientes.<\/p>\n<p>Las autoridades insisten en que, pese a los cambios, las fiestas de San Juan y San Pedro seguir\u00e1n siendo un espacio seguro y organizado, donde la cultura y la tradici\u00f3n contin\u00faan siendo protagonistas en la capital tolimense.<\/p>\n<p>Por: Johana Ledezma<\/p>\n","protected":false},"excerpt":{"rendered":"<p>En medio de la organizaci\u00f3n de las tradicionales fiestas folcl\u00f3ricas, se confirm\u00f3 un ajuste clave que impactar\u00e1 uno de los eventos m\u00e1s esperados por los ibaguere\u00f1os: el desfile de San Juan no llegar\u00e1 hasta la calle 42 como es habitual. El secretario de Gobierno, Francisco Esp\u00edn, anunci\u00f3 que el recorrido<span class=\"more-link\"><a href=\"https:\/\/ciudadyregion.com.co\/index.php\/el-desfile-de-san-juan-en-ibague-cambia-su-recorrido-este-ano\/regional\/\">Continuar Leyendo<\/a><\/span><\/p>\n","protected":false},"author":2,"featured_media":59739,"comment_status":"open","ping_status":"open","sticky":false,"template":"","format":"standard","meta":{"_uf_show_specific_survey":0,"_uf_disable_surveys":false,"_jetpack_memberships_contains_paid_content":false,"footnotes":"","jetpack_publicize_message":"","jetpack_publicize_feature_enabled":true,"jetpack_social_post_already_shared":true,"jetpack_social_options":{"image_generator_settings":{"template":"highway","enabled":false},"version":2}},"categories":[13],"tags":[],"class_list":["entry","author-diegoaguirre","post-59738","post","type-post","status-publish","format-standard","has-post-thumbnail","category-regional"],"jetpack_publicize_connections":[],"yoast_head":"<!-- This site is optimized with the Yoast SEO plugin v24.3 - https:\/\/yoast.com\/wordpress\/plugins\/seo\/ -->\n<title>El desfile de San Juan en Ibagu\u00e9 cambia su recorrido este a\u00f1o - Ciudad y Region<\/title>\n<meta name=\"robots\" content=\"index, follow, max-snippet:-1, max-image-preview:large, max-video-preview:-1\" \/>\n<link rel=\"canonical\" href=\"https:\/\/ciudadyregion.com.co\/index.php\/el-desfile-de-san-juan-en-ibague-cambia-su-recorrido-este-ano\/regional\/\" \/>\n<meta property=\"og:locale\" content=\"es_ES\" \/>\n<meta property=\"og:type\" content=\"article\" \/>\n<meta property=\"og:title\" content=\"El desfile de San Juan en Ibagu\u00e9 cambia su recorrido este a\u00f1o - Ciudad y Region\" \/>\n<meta property=\"og:description\" content=\"En medio de la organizaci\u00f3n de las tradicionales fiestas folcl\u00f3ricas, se confirm\u00f3 un ajuste clave que impactar\u00e1 uno de los eventos m\u00e1s esperados por los ibaguere\u00f1os: el desfile de San Juan no llegar\u00e1 hasta la calle 42 como es habitual. El secretario de Gobierno, Francisco Esp\u00edn, anunci\u00f3 que el recorridoContinuar Leyendo\" \/>\n<meta property=\"og:url\" content=\"https:\/\/ciudadyregion.com.co\/index.php\/el-desfile-de-san-juan-en-ibague-cambia-su-recorrido-este-ano\/regional\/\" \/>\n<meta property=\"og:site_name\" content=\"Ciudad y Region\" \/>\n<meta property=\"article:published_time\" content=\"2026-04-29T12:39:19+00:00\" \/>\n<meta property=\"og:image\" content=\"https:\/\/ciudadyregion.com.co\/wp-content\/uploads\/2026\/04\/Pag-6.webp\" \/>\n\t<meta property=\"og:image:width\" content=\"800\" \/>\n\t<meta property=\"og:image:height\" content=\"445\" \/>\n\t<meta property=\"og:image:type\" content=\"image\/webp\" \/>\n<meta name=\"author\" content=\"David Andr\u00e9s Aguirre\" \/>\n<meta name=\"twitter:card\" content=\"summary_large_image\" \/>\n<meta name=\"twitter:label1\" content=\"Escrito por\" \/>\n\t<meta name=\"twitter:data1\" content=\"David Andr\u00e9s Aguirre\" \/>\n\t<meta name=\"twitter:label2\" content=\"Tiempo de lectura\" \/>\n\t<meta name=\"twitter:data2\" content=\"2 minutos\" \/>\n<script type=\"application\/ld+json\" class=\"yoast-schema-graph\">{\"@context\":\"https:\/\/schema.org\",\"@graph\":[{\"@type\":\"WebPage\",\"@id\":\"https:\/\/ciudadyregion.com.co\/index.php\/el-desfile-de-san-juan-en-ibague-cambia-su-recorrido-este-ano\/regional\/\",\"url\":\"https:\/\/ciudadyregion.com.co\/index.php\/el-desfile-de-san-juan-en-ibague-cambia-su-recorrido-este-ano\/regional\/\",\"name\":\"El desfile de San Juan en Ibagu\u00e9 cambia su recorrido este a\u00f1o - Ciudad y Region\",\"isPartOf\":{\"@id\":\"https:\/\/ciudadyregion.com.co\/#website\"},\"primaryImageOfPage\":{\"@id\":\"https:\/\/ciudadyregion.com.co\/index.php\/el-desfile-de-san-juan-en-ibague-cambia-su-recorrido-este-ano\/regional\/#primaryimage\"},\"image\":{\"@id\":\"https:\/\/ciudadyregion.com.co\/index.php\/el-desfile-de-san-juan-en-ibague-cambia-su-recorrido-este-ano\/regional\/#primaryimage\"},\"thumbnailUrl\":\"https:\/\/i0.wp.com\/ciudadyregion.com.co\/wp-content\/uploads\/2026\/04\/Pag-6.webp?fit=800%2C445&ssl=1\",\"datePublished\":\"2026-04-29T12:39:19+00:00\",\"dateModified\":\"2026-04-29T12:39:19+00:00\",\"author\":{\"@id\":\"https:\/\/ciudadyregion.com.co\/#\/schema\/person\/04a4954373ebc4051f46e8c65ff78622\"},\"breadcrumb\":{\"@id\":\"https:\/\/ciudadyregion.com.co\/index.php\/el-desfile-de-san-juan-en-ibague-cambia-su-recorrido-este-ano\/regional\/#breadcrumb\"},\"inLanguage\":\"es\",\"potentialAction\":[{\"@type\":\"ReadAction\",\"target\":[\"https:\/\/ciudadyregion.com.co\/index.php\/el-desfile-de-san-juan-en-ibague-cambia-su-recorrido-este-ano\/regional\/\"]}]},{\"@type\":\"ImageObject\",\"inLanguage\":\"es\",\"@id\":\"https:\/\/ciudadyregion.com.co\/index.php\/el-desfile-de-san-juan-en-ibague-cambia-su-recorrido-este-ano\/regional\/#primaryimage\",\"url\":\"https:\/\/i0.wp.com\/ciudadyregion.com.co\/wp-content\/uploads\/2026\/04\/Pag-6.webp?fit=800%2C445&ssl=1\",\"contentUrl\":\"https:\/\/i0.wp.com\/ciudadyregion.com.co\/wp-content\/uploads\/2026\/04\/Pag-6.webp?fit=800%2C445&ssl=1\",\"width\":800,\"height\":445},{\"@type\":\"BreadcrumbList\",\"@id\":\"https:\/\/ciudadyregion.com.co\/index.php\/el-desfile-de-san-juan-en-ibague-cambia-su-recorrido-este-ano\/regional\/#breadcrumb\",\"itemListElement\":[{\"@type\":\"ListItem\",\"position\":1,\"name\":\"Portada\",\"item\":\"https:\/\/ciudadyregion.com.co\/\"},{\"@type\":\"ListItem\",\"position\":2,\"name\":\"El desfile de San Juan en Ibagu\u00e9 cambia su recorrido este a\u00f1o\"}]},{\"@type\":\"WebSite\",\"@id\":\"https:\/\/ciudadyregion.com.co\/#website\",\"url\":\"https:\/\/ciudadyregion.com.co\/\",\"name\":\"Ciudad y Region\",\"description\":\"\",\"potentialAction\":[{\"@type\":\"SearchAction\",\"target\":{\"@type\":\"EntryPoint\",\"urlTemplate\":\"https:\/\/ciudadyregion.com.co\/?s={search_term_string}\"},\"query-input\":{\"@type\":\"PropertyValueSpecification\",\"valueRequired\":true,\"valueName\":\"search_term_string\"}}],\"inLanguage\":\"es\"},{\"@type\":\"Person\",\"@id\":\"https:\/\/ciudadyregion.com.co\/#\/schema\/person\/04a4954373ebc4051f46e8c65ff78622\",\"name\":\"David Andr\u00e9s Aguirre\",\"image\":{\"@type\":\"ImageObject\",\"inLanguage\":\"es\",\"@id\":\"https:\/\/ciudadyregion.com.co\/#\/schema\/person\/image\/\",\"url\":\"https:\/\/secure.gravatar.com\/avatar\/bc3c655860202182ee6d1b5edd042dbe?s=96&d=mm&r=g\",\"contentUrl\":\"https:\/\/secure.gravatar.com\/avatar\/bc3c655860202182ee6d1b5edd042dbe?s=96&d=mm&r=g\",\"caption\":\"David Andr\u00e9s Aguirre\"},\"url\":\"https:\/\/ciudadyregion.com.co\/index.php\/author\/diegoaguirre\/\"}]}<\/script>\n<!-- \/ Yoast SEO plugin. -->","yoast_head_json":{"title":"El desfile de San Juan en Ibagu\u00e9 cambia su recorrido este a\u00f1o - Ciudad y Region","robots":{"index":"index","follow":"follow","max-snippet":"max-snippet:-1","max-image-preview":"max-image-preview:large","max-video-preview":"max-video-preview:-1"},"canonical":"https:\/\/ciudadyregion.com.co\/index.php\/el-desfile-de-san-juan-en-ibague-cambia-su-recorrido-este-ano\/regional\/","og_locale":"es_ES","og_type":"article","og_title":"El desfile de San Juan en Ibagu\u00e9 cambia su recorrido este a\u00f1o - Ciudad y Region","og_description":"En medio de la organizaci\u00f3n de las tradicionales fiestas folcl\u00f3ricas, se confirm\u00f3 un ajuste clave que impactar\u00e1 uno de los eventos m\u00e1s esperados por los ibaguere\u00f1os: el desfile de San Juan no llegar\u00e1 hasta la calle 42 como es habitual. El secretario de Gobierno, Francisco Esp\u00edn, anunci\u00f3 que el recorridoContinuar Leyendo","og_url":"https:\/\/ciudadyregion.com.co\/index.php\/el-desfile-de-san-juan-en-ibague-cambia-su-recorrido-este-ano\/regional\/","og_site_name":"Ciudad y Region","article_published_time":"2026-04-29T12:39:19+00:00","og_image":[{"width":800,"height":445,"url":"https:\/\/ciudadyregion.com.co\/wp-content\/uploads\/2026\/04\/Pag-6.webp","type":"image\/webp"}],"author":"David Andr\u00e9s Aguirre","twitter_card":"summary_large_image","twitter_misc":{"Escrito por":"David Andr\u00e9s Aguirre","Tiempo de lectura":"2 minutos"},"schema":{"@context":"https:\/\/schema.org","@graph":[{"@type":"WebPage","@id":"https:\/\/ciudadyregion.com.co\/index.php\/el-desfile-de-san-juan-en-ibague-cambia-su-recorrido-este-ano\/regional\/","url":"https:\/\/ciudadyregion.com.co\/index.php\/el-desfile-de-san-juan-en-ibague-cambia-su-recorrido-este-ano\/regional\/","name":"El desfile de San Juan en Ibagu\u00e9 cambia su recorrido este a\u00f1o - Ciudad y Region","isPartOf":{"@id":"https:\/\/ciudadyregion.com.co\/#website"},"primaryImageOfPage":{"@id":"https:\/\/ciudadyregion.com.co\/index.php\/el-desfile-de-san-juan-en-ibague-cambia-su-recorrido-este-ano\/regional\/#primaryimage"},"image":{"@id":"https:\/\/ciudadyregion.com.co\/index.php\/el-desfile-de-san-juan-en-ibague-cambia-su-recorrido-este-ano\/regional\/#primaryimage"},"thumbnailUrl":"https:\/\/i0.wp.com\/ciudadyregion.com.co\/wp-content\/uploads\/2026\/04\/Pag-6.webp?fit=800%2C445&ssl=1","datePublished":"2026-04-29T12:39:19+00:00","dateModified":"2026-04-29T12:39:19+00:00","author":{"@id":"https:\/\/ciudadyregion.com.co\/#\/schema\/person\/04a4954373ebc4051f46e8c65ff78622"},"breadcrumb":{"@id":"https:\/\/ciudadyregion.com.co\/index.php\/el-desfile-de-san-juan-en-ibague-cambia-su-recorrido-este-ano\/regional\/#breadcrumb"},"inLanguage":"es","potentialAction":[{"@type":"ReadAction","target":["https:\/\/ciudadyregion.com.co\/index.php\/el-desfile-de-san-juan-en-ibague-cambia-su-recorrido-este-ano\/regional\/"]}]},{"@type":"ImageObject","inLanguage":"es","@id":"https:\/\/ciudadyregion.com.co\/index.php\/el-desfile-de-san-juan-en-ibague-cambia-su-recorrido-este-ano\/regional\/#primaryimage","url":"https:\/\/i0.wp.com\/ciudadyregion.com.co\/wp-content\/uploads\/2026\/04\/Pag-6.webp?fit=800%2C445&ssl=1","contentUrl":"https:\/\/i0.wp.com\/ciudadyregion.com.co\/wp-content\/uploads\/2026\/04\/Pag-6.webp?fit=800%2C445&ssl=1","width":800,"height":445},{"@type":"BreadcrumbList","@id":"https:\/\/ciudadyregion.com.co\/index.php\/el-desfile-de-san-juan-en-ibague-cambia-su-recorrido-este-ano\/regional\/#breadcrumb","itemListElement":[{"@type":"ListItem","position":1,"name":"Portada","item":"https:\/\/ciudadyregion.com.co\/"},{"@type":"ListItem","position":2,"name":"El desfile de San Juan en Ibagu\u00e9 cambia su recorrido este a\u00f1o"}]},{"@type":"WebSite","@id":"https:\/\/ciudadyregion.com.co\/#website","url":"https:\/\/ciudadyregion.com.co\/","name":"Ciudad y Region","description":"","potentialAction":[{"@type":"SearchAction","target":{"@type":"EntryPoint","urlTemplate":"https:\/\/ciudadyregion.com.co\/?s={search_term_string}"},"query-input":{"@type":"PropertyValueSpecification","valueRequired":true,"valueName":"search_term_string"}}],"inLanguage":"es"},{"@type":"Person","@id":"https:\/\/ciudadyregion.com.co\/#\/schema\/person\/04a4954373ebc4051f46e8c65ff78622","name":"David Andr\u00e9s Aguirre","image":{"@type":"ImageObject","inLanguage":"es","@id":"https:\/\/ciudadyregion.com.co\/#\/schema\/person\/image\/","url":"https:\/\/secure.gravatar.com\/avatar\/bc3c655860202182ee6d1b5edd042dbe?s=96&d=mm&r=g","contentUrl":"https:\/\/secure.gravatar.com\/avatar\/bc3c655860202182ee6d1b5edd042dbe?s=96&d=mm&r=g","caption":"David Andr\u00e9s Aguirre"},"url":"https:\/\/ciudadyregion.com.co\/index.php\/author\/diegoaguirre\/"}]}},"jetpack_featured_media_url":"https:\/\/i0.wp.com\/ciudadyregion.com.co\/wp-content\/uploads\/2026\/04\/Pag-6.webp?fit=800%2C445&ssl=1","jetpack_sharing_enabled":true,"jetpack_shortlink":"https:\/\/wp.me\/pbS7hh-fxw","jetpack-related-posts":[],"_links":{"self":[{"href":"https:\/\/ciudadyregion.com.co\/index.php\/wp-json\/wp\/v2\/posts\/59738"}],"collection":[{"href":"https:\/\/ciudadyregion.com.co\/index.php\/wp-json\/wp\/v2\/posts"}],"about":[{"href":"https:\/\/ciudadyregion.com.co\/index.php\/wp-json\/wp\/v2\/types\/post"}],"author":[{"embeddable":true,"href":"https:\/\/ciudadyregion.com.co\/index.php\/wp-json\/wp\/v2\/users\/2"}],"replies":[{"embeddable":true,"href":"https:\/\/ciudadyregion.com.co\/index.php\/wp-json\/wp\/v2\/comments?post=59738"}],"version-history":[{"count":1,"href":"https:\/\/ciudadyregion.com.co\/index.php\/wp-json\/wp\/v2\/posts\/59738\/revisions"}],"predecessor-version":[{"id":59740,"href":"https:\/\/ciudadyregion.com.co\/index.php\/wp-json\/wp\/v2\/posts\/59738\/revisions\/59740"}],"wp:featuredmedia":[{"embeddable":true,"href":"https:\/\/ciudadyregion.com.co\/index.php\/wp-json\/wp\/v2\/media\/59739"}],"wp:attachment":[{"href":"https:\/\/ciudadyregion.com.co\/index.php\/wp-json\/wp\/v2\/media?parent=59738"}],"wp:term":[{"taxonomy":"category","embeddable":true,"href":"https:\/\/ciudadyregion.com.co\/index.php\/wp-json\/wp\/v2\/categories?post=59738"},{"taxonomy":"post_tag","embeddable":true,"href":"https:\/\/ciudadyregion.com.co\/index.php\/wp-json\/wp\/v2\/tags?post=59738"}],"curies":[{"name":"wp","href":"https:\/\/api.w.org\/{rel}","templated":true}]}}