{"id":59735,"date":"2026-04-29T07:36:57","date_gmt":"2026-04-29T12:36:57","guid":{"rendered":"https:\/\/ciudadyregion.com.co\/?p=59735"},"modified":"2026-04-29T07:36:57","modified_gmt":"2026-04-29T12:36:57","slug":"en-fresno-cortolima-construye-muro-de-contencion-para-mitigar-riesgo-de-deslizamientos","status":"publish","type":"post","link":"https:\/\/ciudadyregion.com.co\/index.php\/en-fresno-cortolima-construye-muro-de-contencion-para-mitigar-riesgo-de-deslizamientos\/regional\/","title":{"rendered":"En Fresno, Cortolima construye muro de contenci\u00f3n para mitigar riesgo de deslizamientos"},"content":{"rendered":"<p>Un total de 70 familias ser\u00e1n protegidas con una obra de contenci\u00f3n que avanza sobre la quebrada El Hospital.<\/p>\n<p>En una visita al municipio de Fresno, la directora general de la Corporaci\u00f3n Aut\u00f3noma Regional del Tolima, Cortolima, Olga Luc\u00eda Alfonso Iannini, confirm\u00f3 avances en la construcci\u00f3n del muro de contenci\u00f3n sobre la quebrada El Hospital, una obra clave para mitigar el riesgo de inundaciones y deslizamientos que afecta a 70 viviendas del municipio.<\/p>\n<p>El proyecto, que ya completa dos meses de ejecuci\u00f3n y registra un avance cercano al 20%, contempla la construcci\u00f3n de tres muros de contenci\u00f3n con una longitud total aproximada de 130 metros y alturas entre los cuatro y seis metros. La inversi\u00f3n supera los $2.300 millones, aportados por Cortolima, mientras que la Alcald\u00eda dispone de $577 millones.<\/p>\n<p>Pese a las lluvias recientes, la directora de la corporaci\u00f3n asegur\u00f3 que los trabajos contin\u00faan mediante la ejecuci\u00f3n simult\u00e1nea de diferentes frentes de obra, con el objetivo de cumplir los tiempos establecidos.<\/p>\n<p>La funcionaria explic\u00f3 que la intervenci\u00f3n busca controlar la erosi\u00f3n y la socavaci\u00f3n generadas por la quebrada. Entre tanto, el alcalde Carlos Enrique Quiroga Calder\u00f3n destac\u00f3 que esta obra responde a una necesidad hist\u00f3rica de la comunidad que permitir\u00e1 salvaguardar viviendas y mejorar las condiciones de este sector.<\/p>\n<p>En Fresno, la corporaci\u00f3n ha invertido m\u00e1s de $9.000 millones, con resultados como la implementaci\u00f3n de 118 sistemas de Tratamiento de Aguas Residuales, la entrega de m\u00e1s de 150 estufas ecoeficientes y el desarrollo de proyectos de restauraci\u00f3n y educaci\u00f3n ambiental.<\/p>\n<p>Asimismo, se adelantan iniciativas comunitarias como procesos de liderazgo ambiental con ni\u00f1os y j\u00f3venes, y proyectos en ejecuci\u00f3n como sistemas de Cosecha de Agua para la recolecci\u00f3n de aguas lluvias.<\/p>\n","protected":false},"excerpt":{"rendered":"<p>Un total de 70 familias ser\u00e1n protegidas con una obra de contenci\u00f3n que avanza sobre la quebrada El Hospital. En una visita al municipio de Fresno, la directora general de la Corporaci\u00f3n Aut\u00f3noma Regional del Tolima, Cortolima, Olga Luc\u00eda Alfonso Iannini, confirm\u00f3 avances en la construcci\u00f3n del muro de contenci\u00f3n<span class=\"more-link\"><a href=\"https:\/\/ciudadyregion.com.co\/index.php\/en-fresno-cortolima-construye-muro-de-contencion-para-mitigar-riesgo-de-deslizamientos\/regional\/\">Continuar Leyendo<\/a><\/span><\/p>\n","protected":false},"author":2,"featured_media":59736,"comment_status":"open","ping_status":"open","sticky":false,"template":"","format":"standard","meta":{"_uf_show_specific_survey":0,"_uf_disable_surveys":false,"_jetpack_memberships_contains_paid_content":false,"footnotes":"","jetpack_publicize_message":"","jetpack_publicize_feature_enabled":true,"jetpack_social_post_already_shared":true,"jetpack_social_options":{"image_generator_settings":{"template":"highway","enabled":false},"version":2}},"categories":[13],"tags":[],"class_list":["entry","author-diegoaguirre","post-59735","post","type-post","status-publish","format-standard","has-post-thumbnail","category-regional"],"jetpack_publicize_connections":[],"yoast_head":"<!-- This site is optimized with the Yoast SEO plugin v24.3 - https:\/\/yoast.com\/wordpress\/plugins\/seo\/ -->\n<title>En Fresno, Cortolima construye muro de contenci\u00f3n para mitigar riesgo de deslizamientos - Ciudad y Region<\/title>\n<meta name=\"robots\" content=\"index, follow, max-snippet:-1, max-image-preview:large, max-video-preview:-1\" \/>\n<link rel=\"canonical\" href=\"https:\/\/ciudadyregion.com.co\/index.php\/en-fresno-cortolima-construye-muro-de-contencion-para-mitigar-riesgo-de-deslizamientos\/regional\/\" \/>\n<meta property=\"og:locale\" content=\"es_ES\" \/>\n<meta property=\"og:type\" content=\"article\" \/>\n<meta property=\"og:title\" content=\"En Fresno, Cortolima construye muro de contenci\u00f3n para mitigar riesgo de deslizamientos - Ciudad y Region\" \/>\n<meta property=\"og:description\" content=\"Un total de 70 familias ser\u00e1n protegidas con una obra de contenci\u00f3n que avanza sobre la quebrada El Hospital. En una visita al municipio de Fresno, la directora general de la Corporaci\u00f3n Aut\u00f3noma Regional del Tolima, Cortolima, Olga Luc\u00eda Alfonso Iannini, confirm\u00f3 avances en la construcci\u00f3n del muro de contenci\u00f3nContinuar Leyendo\" \/>\n<meta property=\"og:url\" content=\"https:\/\/ciudadyregion.com.co\/index.php\/en-fresno-cortolima-construye-muro-de-contencion-para-mitigar-riesgo-de-deslizamientos\/regional\/\" \/>\n<meta property=\"og:site_name\" content=\"Ciudad y Region\" \/>\n<meta property=\"article:published_time\" content=\"2026-04-29T12:36:57+00:00\" \/>\n<meta property=\"og:image\" content=\"https:\/\/ciudadyregion.com.co\/wp-content\/uploads\/2026\/04\/Pag-2026-04-29T073554.284.jpg\" \/>\n\t<meta property=\"og:image:width\" content=\"800\" \/>\n\t<meta property=\"og:image:height\" content=\"445\" \/>\n\t<meta property=\"og:image:type\" content=\"image\/jpeg\" \/>\n<meta name=\"author\" content=\"David Andr\u00e9s Aguirre\" \/>\n<meta name=\"twitter:card\" content=\"summary_large_image\" \/>\n<meta name=\"twitter:label1\" content=\"Escrito por\" \/>\n\t<meta name=\"twitter:data1\" content=\"David Andr\u00e9s Aguirre\" \/>\n\t<meta name=\"twitter:label2\" content=\"Tiempo de lectura\" \/>\n\t<meta name=\"twitter:data2\" content=\"2 minutos\" \/>\n<script type=\"application\/ld+json\" class=\"yoast-schema-graph\">{\"@context\":\"https:\/\/schema.org\",\"@graph\":[{\"@type\":\"WebPage\",\"@id\":\"https:\/\/ciudadyregion.com.co\/index.php\/en-fresno-cortolima-construye-muro-de-contencion-para-mitigar-riesgo-de-deslizamientos\/regional\/\",\"url\":\"https:\/\/ciudadyregion.com.co\/index.php\/en-fresno-cortolima-construye-muro-de-contencion-para-mitigar-riesgo-de-deslizamientos\/regional\/\",\"name\":\"En Fresno, Cortolima construye muro de contenci\u00f3n para mitigar riesgo de deslizamientos - Ciudad y Region\",\"isPartOf\":{\"@id\":\"https:\/\/ciudadyregion.com.co\/#website\"},\"primaryImageOfPage\":{\"@id\":\"https:\/\/ciudadyregion.com.co\/index.php\/en-fresno-cortolima-construye-muro-de-contencion-para-mitigar-riesgo-de-deslizamientos\/regional\/#primaryimage\"},\"image\":{\"@id\":\"https:\/\/ciudadyregion.com.co\/index.php\/en-fresno-cortolima-construye-muro-de-contencion-para-mitigar-riesgo-de-deslizamientos\/regional\/#primaryimage\"},\"thumbnailUrl\":\"https:\/\/i0.wp.com\/ciudadyregion.com.co\/wp-content\/uploads\/2026\/04\/Pag-2026-04-29T073554.284.jpg?fit=800%2C445&ssl=1\",\"datePublished\":\"2026-04-29T12:36:57+00:00\",\"dateModified\":\"2026-04-29T12:36:57+00:00\",\"author\":{\"@id\":\"https:\/\/ciudadyregion.com.co\/#\/schema\/person\/04a4954373ebc4051f46e8c65ff78622\"},\"breadcrumb\":{\"@id\":\"https:\/\/ciudadyregion.com.co\/index.php\/en-fresno-cortolima-construye-muro-de-contencion-para-mitigar-riesgo-de-deslizamientos\/regional\/#breadcrumb\"},\"inLanguage\":\"es\",\"potentialAction\":[{\"@type\":\"ReadAction\",\"target\":[\"https:\/\/ciudadyregion.com.co\/index.php\/en-fresno-cortolima-construye-muro-de-contencion-para-mitigar-riesgo-de-deslizamientos\/regional\/\"]}]},{\"@type\":\"ImageObject\",\"inLanguage\":\"es\",\"@id\":\"https:\/\/ciudadyregion.com.co\/index.php\/en-fresno-cortolima-construye-muro-de-contencion-para-mitigar-riesgo-de-deslizamientos\/regional\/#primaryimage\",\"url\":\"https:\/\/i0.wp.com\/ciudadyregion.com.co\/wp-content\/uploads\/2026\/04\/Pag-2026-04-29T073554.284.jpg?fit=800%2C445&ssl=1\",\"contentUrl\":\"https:\/\/i0.wp.com\/ciudadyregion.com.co\/wp-content\/uploads\/2026\/04\/Pag-2026-04-29T073554.284.jpg?fit=800%2C445&ssl=1\",\"width\":800,\"height\":445},{\"@type\":\"BreadcrumbList\",\"@id\":\"https:\/\/ciudadyregion.com.co\/index.php\/en-fresno-cortolima-construye-muro-de-contencion-para-mitigar-riesgo-de-deslizamientos\/regional\/#breadcrumb\",\"itemListElement\":[{\"@type\":\"ListItem\",\"position\":1,\"name\":\"Portada\",\"item\":\"https:\/\/ciudadyregion.com.co\/\"},{\"@type\":\"ListItem\",\"position\":2,\"name\":\"En Fresno, Cortolima construye muro de contenci\u00f3n para mitigar riesgo de deslizamientos\"}]},{\"@type\":\"WebSite\",\"@id\":\"https:\/\/ciudadyregion.com.co\/#website\",\"url\":\"https:\/\/ciudadyregion.com.co\/\",\"name\":\"Ciudad y Region\",\"description\":\"\",\"potentialAction\":[{\"@type\":\"SearchAction\",\"target\":{\"@type\":\"EntryPoint\",\"urlTemplate\":\"https:\/\/ciudadyregion.com.co\/?s={search_term_string}\"},\"query-input\":{\"@type\":\"PropertyValueSpecification\",\"valueRequired\":true,\"valueName\":\"search_term_string\"}}],\"inLanguage\":\"es\"},{\"@type\":\"Person\",\"@id\":\"https:\/\/ciudadyregion.com.co\/#\/schema\/person\/04a4954373ebc4051f46e8c65ff78622\",\"name\":\"David Andr\u00e9s Aguirre\",\"image\":{\"@type\":\"ImageObject\",\"inLanguage\":\"es\",\"@id\":\"https:\/\/ciudadyregion.com.co\/#\/schema\/person\/image\/\",\"url\":\"https:\/\/secure.gravatar.com\/avatar\/bc3c655860202182ee6d1b5edd042dbe?s=96&d=mm&r=g\",\"contentUrl\":\"https:\/\/secure.gravatar.com\/avatar\/bc3c655860202182ee6d1b5edd042dbe?s=96&d=mm&r=g\",\"caption\":\"David Andr\u00e9s Aguirre\"},\"url\":\"https:\/\/ciudadyregion.com.co\/index.php\/author\/diegoaguirre\/\"}]}<\/script>\n<!-- \/ Yoast SEO plugin. -->","yoast_head_json":{"title":"En Fresno, Cortolima construye muro de contenci\u00f3n para mitigar riesgo de deslizamientos - Ciudad y Region","robots":{"index":"index","follow":"follow","max-snippet":"max-snippet:-1","max-image-preview":"max-image-preview:large","max-video-preview":"max-video-preview:-1"},"canonical":"https:\/\/ciudadyregion.com.co\/index.php\/en-fresno-cortolima-construye-muro-de-contencion-para-mitigar-riesgo-de-deslizamientos\/regional\/","og_locale":"es_ES","og_type":"article","og_title":"En Fresno, Cortolima construye muro de contenci\u00f3n para mitigar riesgo de deslizamientos - Ciudad y Region","og_description":"Un total de 70 familias ser\u00e1n protegidas con una obra de contenci\u00f3n que avanza sobre la quebrada El Hospital. En una visita al municipio de Fresno, la directora general de la Corporaci\u00f3n Aut\u00f3noma Regional del Tolima, Cortolima, Olga Luc\u00eda Alfonso Iannini, confirm\u00f3 avances en la construcci\u00f3n del muro de contenci\u00f3nContinuar Leyendo","og_url":"https:\/\/ciudadyregion.com.co\/index.php\/en-fresno-cortolima-construye-muro-de-contencion-para-mitigar-riesgo-de-deslizamientos\/regional\/","og_site_name":"Ciudad y Region","article_published_time":"2026-04-29T12:36:57+00:00","og_image":[{"width":800,"height":445,"url":"https:\/\/ciudadyregion.com.co\/wp-content\/uploads\/2026\/04\/Pag-2026-04-29T073554.284.jpg","type":"image\/jpeg"}],"author":"David Andr\u00e9s Aguirre","twitter_card":"summary_large_image","twitter_misc":{"Escrito por":"David Andr\u00e9s Aguirre","Tiempo de lectura":"2 minutos"},"schema":{"@context":"https:\/\/schema.org","@graph":[{"@type":"WebPage","@id":"https:\/\/ciudadyregion.com.co\/index.php\/en-fresno-cortolima-construye-muro-de-contencion-para-mitigar-riesgo-de-deslizamientos\/regional\/","url":"https:\/\/ciudadyregion.com.co\/index.php\/en-fresno-cortolima-construye-muro-de-contencion-para-mitigar-riesgo-de-deslizamientos\/regional\/","name":"En Fresno, Cortolima construye muro de contenci\u00f3n para mitigar riesgo de deslizamientos - Ciudad y Region","isPartOf":{"@id":"https:\/\/ciudadyregion.com.co\/#website"},"primaryImageOfPage":{"@id":"https:\/\/ciudadyregion.com.co\/index.php\/en-fresno-cortolima-construye-muro-de-contencion-para-mitigar-riesgo-de-deslizamientos\/regional\/#primaryimage"},"image":{"@id":"https:\/\/ciudadyregion.com.co\/index.php\/en-fresno-cortolima-construye-muro-de-contencion-para-mitigar-riesgo-de-deslizamientos\/regional\/#primaryimage"},"thumbnailUrl":"https:\/\/i0.wp.com\/ciudadyregion.com.co\/wp-content\/uploads\/2026\/04\/Pag-2026-04-29T073554.284.jpg?fit=800%2C445&ssl=1","datePublished":"2026-04-29T12:36:57+00:00","dateModified":"2026-04-29T12:36:57+00:00","author":{"@id":"https:\/\/ciudadyregion.com.co\/#\/schema\/person\/04a4954373ebc4051f46e8c65ff78622"},"breadcrumb":{"@id":"https:\/\/ciudadyregion.com.co\/index.php\/en-fresno-cortolima-construye-muro-de-contencion-para-mitigar-riesgo-de-deslizamientos\/regional\/#breadcrumb"},"inLanguage":"es","potentialAction":[{"@type":"ReadAction","target":["https:\/\/ciudadyregion.com.co\/index.php\/en-fresno-cortolima-construye-muro-de-contencion-para-mitigar-riesgo-de-deslizamientos\/regional\/"]}]},{"@type":"ImageObject","inLanguage":"es","@id":"https:\/\/ciudadyregion.com.co\/index.php\/en-fresno-cortolima-construye-muro-de-contencion-para-mitigar-riesgo-de-deslizamientos\/regional\/#primaryimage","url":"https:\/\/i0.wp.com\/ciudadyregion.com.co\/wp-content\/uploads\/2026\/04\/Pag-2026-04-29T073554.284.jpg?fit=800%2C445&ssl=1","contentUrl":"https:\/\/i0.wp.com\/ciudadyregion.com.co\/wp-content\/uploads\/2026\/04\/Pag-2026-04-29T073554.284.jpg?fit=800%2C445&ssl=1","width":800,"height":445},{"@type":"BreadcrumbList","@id":"https:\/\/ciudadyregion.com.co\/index.php\/en-fresno-cortolima-construye-muro-de-contencion-para-mitigar-riesgo-de-deslizamientos\/regional\/#breadcrumb","itemListElement":[{"@type":"ListItem","position":1,"name":"Portada","item":"https:\/\/ciudadyregion.com.co\/"},{"@type":"ListItem","position":2,"name":"En Fresno, Cortolima construye muro de contenci\u00f3n para mitigar riesgo de deslizamientos"}]},{"@type":"WebSite","@id":"https:\/\/ciudadyregion.com.co\/#website","url":"https:\/\/ciudadyregion.com.co\/","name":"Ciudad y Region","description":"","potentialAction":[{"@type":"SearchAction","target":{"@type":"EntryPoint","urlTemplate":"https:\/\/ciudadyregion.com.co\/?s={search_term_string}"},"query-input":{"@type":"PropertyValueSpecification","valueRequired":true,"valueName":"search_term_string"}}],"inLanguage":"es"},{"@type":"Person","@id":"https:\/\/ciudadyregion.com.co\/#\/schema\/person\/04a4954373ebc4051f46e8c65ff78622","name":"David Andr\u00e9s Aguirre","image":{"@type":"ImageObject","inLanguage":"es","@id":"https:\/\/ciudadyregion.com.co\/#\/schema\/person\/image\/","url":"https:\/\/secure.gravatar.com\/avatar\/bc3c655860202182ee6d1b5edd042dbe?s=96&d=mm&r=g","contentUrl":"https:\/\/secure.gravatar.com\/avatar\/bc3c655860202182ee6d1b5edd042dbe?s=96&d=mm&r=g","caption":"David Andr\u00e9s Aguirre"},"url":"https:\/\/ciudadyregion.com.co\/index.php\/author\/diegoaguirre\/"}]}},"jetpack_featured_media_url":"https:\/\/i0.wp.com\/ciudadyregion.com.co\/wp-content\/uploads\/2026\/04\/Pag-2026-04-29T073554.284.jpg?fit=800%2C445&ssl=1","jetpack_sharing_enabled":true,"jetpack_shortlink":"https:\/\/wp.me\/pbS7hh-fxt","jetpack-related-posts":[],"_links":{"self":[{"href":"https:\/\/ciudadyregion.com.co\/index.php\/wp-json\/wp\/v2\/posts\/59735"}],"collection":[{"href":"https:\/\/ciudadyregion.com.co\/index.php\/wp-json\/wp\/v2\/posts"}],"about":[{"href":"https:\/\/ciudadyregion.com.co\/index.php\/wp-json\/wp\/v2\/types\/post"}],"author":[{"embeddable":true,"href":"https:\/\/ciudadyregion.com.co\/index.php\/wp-json\/wp\/v2\/users\/2"}],"replies":[{"embeddable":true,"href":"https:\/\/ciudadyregion.com.co\/index.php\/wp-json\/wp\/v2\/comments?post=59735"}],"version-history":[{"count":1,"href":"https:\/\/ciudadyregion.com.co\/index.php\/wp-json\/wp\/v2\/posts\/59735\/revisions"}],"predecessor-version":[{"id":59737,"href":"https:\/\/ciudadyregion.com.co\/index.php\/wp-json\/wp\/v2\/posts\/59735\/revisions\/59737"}],"wp:featuredmedia":[{"embeddable":true,"href":"https:\/\/ciudadyregion.com.co\/index.php\/wp-json\/wp\/v2\/media\/59736"}],"wp:attachment":[{"href":"https:\/\/ciudadyregion.com.co\/index.php\/wp-json\/wp\/v2\/media?parent=59735"}],"wp:term":[{"taxonomy":"category","embeddable":true,"href":"https:\/\/ciudadyregion.com.co\/index.php\/wp-json\/wp\/v2\/categories?post=59735"},{"taxonomy":"post_tag","embeddable":true,"href":"https:\/\/ciudadyregion.com.co\/index.php\/wp-json\/wp\/v2\/tags?post=59735"}],"curies":[{"name":"wp","href":"https:\/\/api.w.org\/{rel}","templated":true}]}}