{"id":59731,"date":"2026-04-29T07:20:21","date_gmt":"2026-04-29T12:20:21","guid":{"rendered":"https:\/\/ciudadyregion.com.co\/?p=59731"},"modified":"2026-04-29T07:20:21","modified_gmt":"2026-04-29T12:20:21","slug":"capturan-a-senalado-agresor-que-tenia-atemorizado-al-barrio-santa-rita-en-ibague","status":"publish","type":"post","link":"https:\/\/ciudadyregion.com.co\/index.php\/capturan-a-senalado-agresor-que-tenia-atemorizado-al-barrio-santa-rita-en-ibague\/judicial\/","title":{"rendered":"Capturan a se\u00f1alado agresor que ten\u00eda atemorizado al barrio Santa Rita en Ibagu\u00e9"},"content":{"rendered":"<p>Tras varios a\u00f1os de denuncias por parte de la comunidad, fue capturado Breiner Alejandro Padilla, se\u00f1alado de protagonizar constantes hechos de violencia en el barrio Santa Rita de Ibagu\u00e9.<\/p>\n<p>Habitantes del barrio Santa Rita aseguran que durante a\u00f1os convivieron con el miedo debido al comportamiento del hoy capturado, a quien se\u00f1alan de protagonizar agresiones con machete, amenazas constantes y ataques con piedras que alteraban la tranquilidad del sector. Seg\u00fan la comunidad, las denuncias fueron reiteradas, pero la situaci\u00f3n se prolong\u00f3 en el tiempo sin una soluci\u00f3n definitiva.<\/p>\n<p>El temor llev\u00f3 a varias familias a modificar sus rutinas diarias para evitar confrontaciones, mientras crec\u00eda la preocupaci\u00f3n por la seguridad en la zona. Vecinos relatan que el ambiente de zozobra se volvi\u00f3 parte del d\u00eda a d\u00eda, afectando la convivencia y la tranquilidad del sector.<br \/>\nLa situaci\u00f3n dio un giro en las \u00faltimas horas, cuando autoridades adelantaron un operativo de allanamiento que permiti\u00f3 la captura de Breiner Alejandro Padilla, poniendo fin, al menos de momento, a una problem\u00e1tica que manten\u00eda en alerta a toda la comunidad.<\/p>\n<p>Aunque no se han confirmado oficialmente los cargos, en el sector aseguran que el detenido estar\u00eda relacionado con presuntos delitos como homicidio, hurtos, lesiones personales y temas asociados a estupefacientes. Estas versiones deber\u00e1n ser esclarecidas dentro del proceso judicial correspondiente.<\/p>\n<p>La captura ha generado alivio entre los residentes, quienes esperan que esta vez el caso avance sin contratiempos y que no se repitan situaciones que puedan devolver la inseguridad al barrio. Entretanto, hacen un llamado a las autoridades para mantener la presencia institucional y garantizar la tranquilidad en esta zona de la ciudad.<\/p>\n","protected":false},"excerpt":{"rendered":"<p>Tras varios a\u00f1os de denuncias por parte de la comunidad, fue capturado Breiner Alejandro Padilla, se\u00f1alado de protagonizar constantes hechos de violencia en el barrio Santa Rita de Ibagu\u00e9. Habitantes del barrio Santa Rita aseguran que durante a\u00f1os convivieron con el miedo debido al comportamiento del hoy capturado, a quien<span class=\"more-link\"><a href=\"https:\/\/ciudadyregion.com.co\/index.php\/capturan-a-senalado-agresor-que-tenia-atemorizado-al-barrio-santa-rita-en-ibague\/judicial\/\">Continuar Leyendo<\/a><\/span><\/p>\n","protected":false},"author":2,"featured_media":59732,"comment_status":"open","ping_status":"open","sticky":false,"template":"","format":"standard","meta":{"_uf_show_specific_survey":0,"_uf_disable_surveys":false,"_jetpack_memberships_contains_paid_content":false,"footnotes":"","jetpack_publicize_message":"","jetpack_publicize_feature_enabled":true,"jetpack_social_post_already_shared":true,"jetpack_social_options":{"image_generator_settings":{"template":"highway","enabled":false},"version":2}},"categories":[18],"tags":[],"class_list":["entry","author-diegoaguirre","post-59731","post","type-post","status-publish","format-standard","has-post-thumbnail","category-judicial"],"jetpack_publicize_connections":[],"yoast_head":"<!-- This site is optimized with the Yoast SEO plugin v24.3 - https:\/\/yoast.com\/wordpress\/plugins\/seo\/ -->\n<title>Capturan a se\u00f1alado agresor que ten\u00eda atemorizado al barrio Santa Rita en Ibagu\u00e9 - Ciudad y Region<\/title>\n<meta name=\"robots\" content=\"index, follow, max-snippet:-1, max-image-preview:large, max-video-preview:-1\" \/>\n<link rel=\"canonical\" href=\"https:\/\/ciudadyregion.com.co\/index.php\/capturan-a-senalado-agresor-que-tenia-atemorizado-al-barrio-santa-rita-en-ibague\/judicial\/\" \/>\n<meta property=\"og:locale\" content=\"es_ES\" \/>\n<meta property=\"og:type\" content=\"article\" \/>\n<meta property=\"og:title\" content=\"Capturan a se\u00f1alado agresor que ten\u00eda atemorizado al barrio Santa Rita en Ibagu\u00e9 - Ciudad y Region\" \/>\n<meta property=\"og:description\" content=\"Tras varios a\u00f1os de denuncias por parte de la comunidad, fue capturado Breiner Alejandro Padilla, se\u00f1alado de protagonizar constantes hechos de violencia en el barrio Santa Rita de Ibagu\u00e9. Habitantes del barrio Santa Rita aseguran que durante a\u00f1os convivieron con el miedo debido al comportamiento del hoy capturado, a quienContinuar Leyendo\" \/>\n<meta property=\"og:url\" content=\"https:\/\/ciudadyregion.com.co\/index.php\/capturan-a-senalado-agresor-que-tenia-atemorizado-al-barrio-santa-rita-en-ibague\/judicial\/\" \/>\n<meta property=\"og:site_name\" content=\"Ciudad y Region\" \/>\n<meta property=\"article:published_time\" content=\"2026-04-29T12:20:21+00:00\" \/>\n<meta property=\"og:image\" content=\"https:\/\/ciudadyregion.com.co\/wp-content\/uploads\/2026\/04\/Pag-2026-04-29T071919.480.jpg\" \/>\n\t<meta property=\"og:image:width\" content=\"800\" \/>\n\t<meta property=\"og:image:height\" content=\"445\" \/>\n\t<meta property=\"og:image:type\" content=\"image\/jpeg\" \/>\n<meta name=\"author\" content=\"David Andr\u00e9s Aguirre\" \/>\n<meta name=\"twitter:card\" content=\"summary_large_image\" \/>\n<meta name=\"twitter:label1\" content=\"Escrito por\" \/>\n\t<meta name=\"twitter:data1\" content=\"David Andr\u00e9s Aguirre\" \/>\n\t<meta name=\"twitter:label2\" content=\"Tiempo de lectura\" \/>\n\t<meta name=\"twitter:data2\" content=\"2 minutos\" \/>\n<script type=\"application\/ld+json\" class=\"yoast-schema-graph\">{\"@context\":\"https:\/\/schema.org\",\"@graph\":[{\"@type\":\"WebPage\",\"@id\":\"https:\/\/ciudadyregion.com.co\/index.php\/capturan-a-senalado-agresor-que-tenia-atemorizado-al-barrio-santa-rita-en-ibague\/judicial\/\",\"url\":\"https:\/\/ciudadyregion.com.co\/index.php\/capturan-a-senalado-agresor-que-tenia-atemorizado-al-barrio-santa-rita-en-ibague\/judicial\/\",\"name\":\"Capturan a se\u00f1alado agresor que ten\u00eda atemorizado al barrio Santa Rita en Ibagu\u00e9 - Ciudad y Region\",\"isPartOf\":{\"@id\":\"https:\/\/ciudadyregion.com.co\/#website\"},\"primaryImageOfPage\":{\"@id\":\"https:\/\/ciudadyregion.com.co\/index.php\/capturan-a-senalado-agresor-que-tenia-atemorizado-al-barrio-santa-rita-en-ibague\/judicial\/#primaryimage\"},\"image\":{\"@id\":\"https:\/\/ciudadyregion.com.co\/index.php\/capturan-a-senalado-agresor-que-tenia-atemorizado-al-barrio-santa-rita-en-ibague\/judicial\/#primaryimage\"},\"thumbnailUrl\":\"https:\/\/i0.wp.com\/ciudadyregion.com.co\/wp-content\/uploads\/2026\/04\/Pag-2026-04-29T071919.480.jpg?fit=800%2C445&ssl=1\",\"datePublished\":\"2026-04-29T12:20:21+00:00\",\"dateModified\":\"2026-04-29T12:20:21+00:00\",\"author\":{\"@id\":\"https:\/\/ciudadyregion.com.co\/#\/schema\/person\/04a4954373ebc4051f46e8c65ff78622\"},\"breadcrumb\":{\"@id\":\"https:\/\/ciudadyregion.com.co\/index.php\/capturan-a-senalado-agresor-que-tenia-atemorizado-al-barrio-santa-rita-en-ibague\/judicial\/#breadcrumb\"},\"inLanguage\":\"es\",\"potentialAction\":[{\"@type\":\"ReadAction\",\"target\":[\"https:\/\/ciudadyregion.com.co\/index.php\/capturan-a-senalado-agresor-que-tenia-atemorizado-al-barrio-santa-rita-en-ibague\/judicial\/\"]}]},{\"@type\":\"ImageObject\",\"inLanguage\":\"es\",\"@id\":\"https:\/\/ciudadyregion.com.co\/index.php\/capturan-a-senalado-agresor-que-tenia-atemorizado-al-barrio-santa-rita-en-ibague\/judicial\/#primaryimage\",\"url\":\"https:\/\/i0.wp.com\/ciudadyregion.com.co\/wp-content\/uploads\/2026\/04\/Pag-2026-04-29T071919.480.jpg?fit=800%2C445&ssl=1\",\"contentUrl\":\"https:\/\/i0.wp.com\/ciudadyregion.com.co\/wp-content\/uploads\/2026\/04\/Pag-2026-04-29T071919.480.jpg?fit=800%2C445&ssl=1\",\"width\":800,\"height\":445},{\"@type\":\"BreadcrumbList\",\"@id\":\"https:\/\/ciudadyregion.com.co\/index.php\/capturan-a-senalado-agresor-que-tenia-atemorizado-al-barrio-santa-rita-en-ibague\/judicial\/#breadcrumb\",\"itemListElement\":[{\"@type\":\"ListItem\",\"position\":1,\"name\":\"Portada\",\"item\":\"https:\/\/ciudadyregion.com.co\/\"},{\"@type\":\"ListItem\",\"position\":2,\"name\":\"Capturan a se\u00f1alado agresor que ten\u00eda atemorizado al barrio Santa Rita en Ibagu\u00e9\"}]},{\"@type\":\"WebSite\",\"@id\":\"https:\/\/ciudadyregion.com.co\/#website\",\"url\":\"https:\/\/ciudadyregion.com.co\/\",\"name\":\"Ciudad y Region\",\"description\":\"\",\"potentialAction\":[{\"@type\":\"SearchAction\",\"target\":{\"@type\":\"EntryPoint\",\"urlTemplate\":\"https:\/\/ciudadyregion.com.co\/?s={search_term_string}\"},\"query-input\":{\"@type\":\"PropertyValueSpecification\",\"valueRequired\":true,\"valueName\":\"search_term_string\"}}],\"inLanguage\":\"es\"},{\"@type\":\"Person\",\"@id\":\"https:\/\/ciudadyregion.com.co\/#\/schema\/person\/04a4954373ebc4051f46e8c65ff78622\",\"name\":\"David Andr\u00e9s Aguirre\",\"image\":{\"@type\":\"ImageObject\",\"inLanguage\":\"es\",\"@id\":\"https:\/\/ciudadyregion.com.co\/#\/schema\/person\/image\/\",\"url\":\"https:\/\/secure.gravatar.com\/avatar\/bc3c655860202182ee6d1b5edd042dbe?s=96&d=mm&r=g\",\"contentUrl\":\"https:\/\/secure.gravatar.com\/avatar\/bc3c655860202182ee6d1b5edd042dbe?s=96&d=mm&r=g\",\"caption\":\"David Andr\u00e9s Aguirre\"},\"url\":\"https:\/\/ciudadyregion.com.co\/index.php\/author\/diegoaguirre\/\"}]}<\/script>\n<!-- \/ Yoast SEO plugin. -->","yoast_head_json":{"title":"Capturan a se\u00f1alado agresor que ten\u00eda atemorizado al barrio Santa Rita en Ibagu\u00e9 - Ciudad y Region","robots":{"index":"index","follow":"follow","max-snippet":"max-snippet:-1","max-image-preview":"max-image-preview:large","max-video-preview":"max-video-preview:-1"},"canonical":"https:\/\/ciudadyregion.com.co\/index.php\/capturan-a-senalado-agresor-que-tenia-atemorizado-al-barrio-santa-rita-en-ibague\/judicial\/","og_locale":"es_ES","og_type":"article","og_title":"Capturan a se\u00f1alado agresor que ten\u00eda atemorizado al barrio Santa Rita en Ibagu\u00e9 - Ciudad y Region","og_description":"Tras varios a\u00f1os de denuncias por parte de la comunidad, fue capturado Breiner Alejandro Padilla, se\u00f1alado de protagonizar constantes hechos de violencia en el barrio Santa Rita de Ibagu\u00e9. Habitantes del barrio Santa Rita aseguran que durante a\u00f1os convivieron con el miedo debido al comportamiento del hoy capturado, a quienContinuar Leyendo","og_url":"https:\/\/ciudadyregion.com.co\/index.php\/capturan-a-senalado-agresor-que-tenia-atemorizado-al-barrio-santa-rita-en-ibague\/judicial\/","og_site_name":"Ciudad y Region","article_published_time":"2026-04-29T12:20:21+00:00","og_image":[{"width":800,"height":445,"url":"https:\/\/ciudadyregion.com.co\/wp-content\/uploads\/2026\/04\/Pag-2026-04-29T071919.480.jpg","type":"image\/jpeg"}],"author":"David Andr\u00e9s Aguirre","twitter_card":"summary_large_image","twitter_misc":{"Escrito por":"David Andr\u00e9s Aguirre","Tiempo de lectura":"2 minutos"},"schema":{"@context":"https:\/\/schema.org","@graph":[{"@type":"WebPage","@id":"https:\/\/ciudadyregion.com.co\/index.php\/capturan-a-senalado-agresor-que-tenia-atemorizado-al-barrio-santa-rita-en-ibague\/judicial\/","url":"https:\/\/ciudadyregion.com.co\/index.php\/capturan-a-senalado-agresor-que-tenia-atemorizado-al-barrio-santa-rita-en-ibague\/judicial\/","name":"Capturan a se\u00f1alado agresor que ten\u00eda atemorizado al barrio Santa Rita en Ibagu\u00e9 - Ciudad y Region","isPartOf":{"@id":"https:\/\/ciudadyregion.com.co\/#website"},"primaryImageOfPage":{"@id":"https:\/\/ciudadyregion.com.co\/index.php\/capturan-a-senalado-agresor-que-tenia-atemorizado-al-barrio-santa-rita-en-ibague\/judicial\/#primaryimage"},"image":{"@id":"https:\/\/ciudadyregion.com.co\/index.php\/capturan-a-senalado-agresor-que-tenia-atemorizado-al-barrio-santa-rita-en-ibague\/judicial\/#primaryimage"},"thumbnailUrl":"https:\/\/i0.wp.com\/ciudadyregion.com.co\/wp-content\/uploads\/2026\/04\/Pag-2026-04-29T071919.480.jpg?fit=800%2C445&ssl=1","datePublished":"2026-04-29T12:20:21+00:00","dateModified":"2026-04-29T12:20:21+00:00","author":{"@id":"https:\/\/ciudadyregion.com.co\/#\/schema\/person\/04a4954373ebc4051f46e8c65ff78622"},"breadcrumb":{"@id":"https:\/\/ciudadyregion.com.co\/index.php\/capturan-a-senalado-agresor-que-tenia-atemorizado-al-barrio-santa-rita-en-ibague\/judicial\/#breadcrumb"},"inLanguage":"es","potentialAction":[{"@type":"ReadAction","target":["https:\/\/ciudadyregion.com.co\/index.php\/capturan-a-senalado-agresor-que-tenia-atemorizado-al-barrio-santa-rita-en-ibague\/judicial\/"]}]},{"@type":"ImageObject","inLanguage":"es","@id":"https:\/\/ciudadyregion.com.co\/index.php\/capturan-a-senalado-agresor-que-tenia-atemorizado-al-barrio-santa-rita-en-ibague\/judicial\/#primaryimage","url":"https:\/\/i0.wp.com\/ciudadyregion.com.co\/wp-content\/uploads\/2026\/04\/Pag-2026-04-29T071919.480.jpg?fit=800%2C445&ssl=1","contentUrl":"https:\/\/i0.wp.com\/ciudadyregion.com.co\/wp-content\/uploads\/2026\/04\/Pag-2026-04-29T071919.480.jpg?fit=800%2C445&ssl=1","width":800,"height":445},{"@type":"BreadcrumbList","@id":"https:\/\/ciudadyregion.com.co\/index.php\/capturan-a-senalado-agresor-que-tenia-atemorizado-al-barrio-santa-rita-en-ibague\/judicial\/#breadcrumb","itemListElement":[{"@type":"ListItem","position":1,"name":"Portada","item":"https:\/\/ciudadyregion.com.co\/"},{"@type":"ListItem","position":2,"name":"Capturan a se\u00f1alado agresor que ten\u00eda atemorizado al barrio Santa Rita en Ibagu\u00e9"}]},{"@type":"WebSite","@id":"https:\/\/ciudadyregion.com.co\/#website","url":"https:\/\/ciudadyregion.com.co\/","name":"Ciudad y Region","description":"","potentialAction":[{"@type":"SearchAction","target":{"@type":"EntryPoint","urlTemplate":"https:\/\/ciudadyregion.com.co\/?s={search_term_string}"},"query-input":{"@type":"PropertyValueSpecification","valueRequired":true,"valueName":"search_term_string"}}],"inLanguage":"es"},{"@type":"Person","@id":"https:\/\/ciudadyregion.com.co\/#\/schema\/person\/04a4954373ebc4051f46e8c65ff78622","name":"David Andr\u00e9s Aguirre","image":{"@type":"ImageObject","inLanguage":"es","@id":"https:\/\/ciudadyregion.com.co\/#\/schema\/person\/image\/","url":"https:\/\/secure.gravatar.com\/avatar\/bc3c655860202182ee6d1b5edd042dbe?s=96&d=mm&r=g","contentUrl":"https:\/\/secure.gravatar.com\/avatar\/bc3c655860202182ee6d1b5edd042dbe?s=96&d=mm&r=g","caption":"David Andr\u00e9s Aguirre"},"url":"https:\/\/ciudadyregion.com.co\/index.php\/author\/diegoaguirre\/"}]}},"jetpack_featured_media_url":"https:\/\/i0.wp.com\/ciudadyregion.com.co\/wp-content\/uploads\/2026\/04\/Pag-2026-04-29T071919.480.jpg?fit=800%2C445&ssl=1","jetpack_sharing_enabled":true,"jetpack_shortlink":"https:\/\/wp.me\/pbS7hh-fxp","jetpack-related-posts":[],"_links":{"self":[{"href":"https:\/\/ciudadyregion.com.co\/index.php\/wp-json\/wp\/v2\/posts\/59731"}],"collection":[{"href":"https:\/\/ciudadyregion.com.co\/index.php\/wp-json\/wp\/v2\/posts"}],"about":[{"href":"https:\/\/ciudadyregion.com.co\/index.php\/wp-json\/wp\/v2\/types\/post"}],"author":[{"embeddable":true,"href":"https:\/\/ciudadyregion.com.co\/index.php\/wp-json\/wp\/v2\/users\/2"}],"replies":[{"embeddable":true,"href":"https:\/\/ciudadyregion.com.co\/index.php\/wp-json\/wp\/v2\/comments?post=59731"}],"version-history":[{"count":2,"href":"https:\/\/ciudadyregion.com.co\/index.php\/wp-json\/wp\/v2\/posts\/59731\/revisions"}],"predecessor-version":[{"id":59734,"href":"https:\/\/ciudadyregion.com.co\/index.php\/wp-json\/wp\/v2\/posts\/59731\/revisions\/59734"}],"wp:featuredmedia":[{"embeddable":true,"href":"https:\/\/ciudadyregion.com.co\/index.php\/wp-json\/wp\/v2\/media\/59732"}],"wp:attachment":[{"href":"https:\/\/ciudadyregion.com.co\/index.php\/wp-json\/wp\/v2\/media?parent=59731"}],"wp:term":[{"taxonomy":"category","embeddable":true,"href":"https:\/\/ciudadyregion.com.co\/index.php\/wp-json\/wp\/v2\/categories?post=59731"},{"taxonomy":"post_tag","embeddable":true,"href":"https:\/\/ciudadyregion.com.co\/index.php\/wp-json\/wp\/v2\/tags?post=59731"}],"curies":[{"name":"wp","href":"https:\/\/api.w.org\/{rel}","templated":true}]}}