{"id":59711,"date":"2026-04-28T19:16:52","date_gmt":"2026-04-29T00:16:52","guid":{"rendered":"https:\/\/ciudadyregion.com.co\/?p=59711"},"modified":"2026-04-28T19:16:52","modified_gmt":"2026-04-29T00:16:52","slug":"contundente-resultado-contra-el-hurto-automotor-y-el-porte-ilegal-de-armas-en-hechos-presentados-en-girardot-y-capturados-en-melgar","status":"publish","type":"post","link":"https:\/\/ciudadyregion.com.co\/index.php\/contundente-resultado-contra-el-hurto-automotor-y-el-porte-ilegal-de-armas-en-hechos-presentados-en-girardot-y-capturados-en-melgar\/judicial\/","title":{"rendered":"Contundente resultado contra el hurto automotor y el porte ilegal de armas en hechos presentados en Girardot y capturados en Melgar"},"content":{"rendered":"<p>En desarrollo de la ofensiva permanente contra el hurto automotor y el porte ilegal de armas de fuego, la Polic\u00eda Nacional en el departamento del Tolima, a trav\u00e9s de su personal de la Estaci\u00f3n de Polic\u00eda Melgar, logr\u00f3 en las \u00faltimas horas un importante resultado en materia de seguridad.<\/p>\n<p>El hecho se present\u00f3 hacia las 10:40 de la ma\u00f1ana, momentos en que los uniformados adelantaban un plan candado en barrios y veredas del municipio, luego de recibir informaci\u00f3n por parte de una ciudadana sobre el hurto a mano armada de su motocicleta, ocurrido minutos antes en zona urbana del municipio de Girardot. Seg\u00fan la informaci\u00f3n suministrada, los presuntos delincuentes se movilizaban en el automotor hurtado y, al parecer, se encontraban armados con destino a Melgar.<\/p>\n<p>De manera inmediata, en v\u00eda p\u00fablica del barrio La Colorada, los uniformados lograron interceptar y capturar en flagrancia a un sujeto conocido como alias \u201cJhon\u201d, quien se movilizaba en la motocicleta reportada como hurtada. Al momento de la intervenci\u00f3n, el individuo intent\u00f3 huir, pero gracias a la oportuna reacci\u00f3n policial se logr\u00f3 su captura.<\/p>\n<p>Durante el procedimiento de registro e identificaci\u00f3n, se le hall\u00f3 en su poder un arma de fuego tipo pistola, al parecer modificada, con un proveedor y dos cartuchos, sin contar con el respectivo permiso para su porte o tenencia. Agreg\u00f3 el Coronel John Anderson Vargas Izao Comandante Departamento de Polic\u00eda Tolima<\/p>\n<p>El capturado, la motocicleta recuperada y el arma incautada fueron dejados a disposici\u00f3n de la Fiscal\u00eda General de la Naci\u00f3n, por los delitos de hurto calificado y agravado, as\u00ed como fabricaci\u00f3n, tr\u00e1fico, porte o tenencia de armas de fuego, accesorios, partes o municiones. A esta hora, el implicado se encuentra en audiencia virtual para la definici\u00f3n de su situaci\u00f3n jur\u00eddica.<\/p>\n<p>Con este resultado, la Polic\u00eda Nacional en el Tolima reafirma su compromiso con la seguridad y la convivencia ciudadana, e invita a la comunidad a denunciar oportunamente cualquier hecho que afecte la tranquilidad a trav\u00e9s de la l\u00ednea 123 o informando a la patrulla de polic\u00eda m\u00e1s cercana. Se garantiza absoluta reserva.<\/p>\n","protected":false},"excerpt":{"rendered":"<p>En desarrollo de la ofensiva permanente contra el hurto automotor y el porte ilegal de armas de fuego, la Polic\u00eda Nacional en el departamento del Tolima, a trav\u00e9s de su personal de la Estaci\u00f3n de Polic\u00eda Melgar, logr\u00f3 en las \u00faltimas horas un importante resultado en materia de seguridad. El<span class=\"more-link\"><a href=\"https:\/\/ciudadyregion.com.co\/index.php\/contundente-resultado-contra-el-hurto-automotor-y-el-porte-ilegal-de-armas-en-hechos-presentados-en-girardot-y-capturados-en-melgar\/judicial\/\">Continuar Leyendo<\/a><\/span><\/p>\n","protected":false},"author":2,"featured_media":59712,"comment_status":"open","ping_status":"open","sticky":false,"template":"","format":"standard","meta":{"_uf_show_specific_survey":0,"_uf_disable_surveys":false,"_jetpack_memberships_contains_paid_content":false,"footnotes":"","jetpack_publicize_message":"","jetpack_publicize_feature_enabled":true,"jetpack_social_post_already_shared":true,"jetpack_social_options":{"image_generator_settings":{"template":"highway","enabled":false},"version":2}},"categories":[18],"tags":[],"class_list":["entry","author-diegoaguirre","post-59711","post","type-post","status-publish","format-standard","has-post-thumbnail","category-judicial"],"jetpack_publicize_connections":[],"yoast_head":"<!-- This site is optimized with the Yoast SEO plugin v24.3 - https:\/\/yoast.com\/wordpress\/plugins\/seo\/ -->\n<title>Contundente resultado contra el hurto automotor y el porte ilegal de armas en hechos presentados en Girardot y capturados en Melgar - Ciudad y Region<\/title>\n<meta name=\"robots\" content=\"index, follow, max-snippet:-1, max-image-preview:large, max-video-preview:-1\" \/>\n<link rel=\"canonical\" href=\"https:\/\/ciudadyregion.com.co\/index.php\/contundente-resultado-contra-el-hurto-automotor-y-el-porte-ilegal-de-armas-en-hechos-presentados-en-girardot-y-capturados-en-melgar\/judicial\/\" \/>\n<meta property=\"og:locale\" content=\"es_ES\" \/>\n<meta property=\"og:type\" content=\"article\" \/>\n<meta property=\"og:title\" content=\"Contundente resultado contra el hurto automotor y el porte ilegal de armas en hechos presentados en Girardot y capturados en Melgar - Ciudad y Region\" \/>\n<meta property=\"og:description\" content=\"En desarrollo de la ofensiva permanente contra el hurto automotor y el porte ilegal de armas de fuego, la Polic\u00eda Nacional en el departamento del Tolima, a trav\u00e9s de su personal de la Estaci\u00f3n de Polic\u00eda Melgar, logr\u00f3 en las \u00faltimas horas un importante resultado en materia de seguridad. ElContinuar Leyendo\" \/>\n<meta property=\"og:url\" content=\"https:\/\/ciudadyregion.com.co\/index.php\/contundente-resultado-contra-el-hurto-automotor-y-el-porte-ilegal-de-armas-en-hechos-presentados-en-girardot-y-capturados-en-melgar\/judicial\/\" \/>\n<meta property=\"og:site_name\" content=\"Ciudad y Region\" \/>\n<meta property=\"article:published_time\" content=\"2026-04-29T00:16:52+00:00\" \/>\n<meta property=\"og:image\" content=\"https:\/\/ciudadyregion.com.co\/wp-content\/uploads\/2026\/04\/a-13-2.jpg\" \/>\n\t<meta property=\"og:image:width\" content=\"800\" \/>\n\t<meta property=\"og:image:height\" content=\"445\" \/>\n\t<meta property=\"og:image:type\" content=\"image\/jpeg\" \/>\n<meta name=\"author\" content=\"David Andr\u00e9s Aguirre\" \/>\n<meta name=\"twitter:card\" content=\"summary_large_image\" \/>\n<meta name=\"twitter:label1\" content=\"Escrito por\" \/>\n\t<meta name=\"twitter:data1\" content=\"David Andr\u00e9s Aguirre\" \/>\n\t<meta name=\"twitter:label2\" content=\"Tiempo de lectura\" \/>\n\t<meta name=\"twitter:data2\" content=\"2 minutos\" \/>\n<script type=\"application\/ld+json\" class=\"yoast-schema-graph\">{\"@context\":\"https:\/\/schema.org\",\"@graph\":[{\"@type\":\"WebPage\",\"@id\":\"https:\/\/ciudadyregion.com.co\/index.php\/contundente-resultado-contra-el-hurto-automotor-y-el-porte-ilegal-de-armas-en-hechos-presentados-en-girardot-y-capturados-en-melgar\/judicial\/\",\"url\":\"https:\/\/ciudadyregion.com.co\/index.php\/contundente-resultado-contra-el-hurto-automotor-y-el-porte-ilegal-de-armas-en-hechos-presentados-en-girardot-y-capturados-en-melgar\/judicial\/\",\"name\":\"Contundente resultado contra el hurto automotor y el porte ilegal de armas en hechos presentados en Girardot y capturados en Melgar - Ciudad y Region\",\"isPartOf\":{\"@id\":\"https:\/\/ciudadyregion.com.co\/#website\"},\"primaryImageOfPage\":{\"@id\":\"https:\/\/ciudadyregion.com.co\/index.php\/contundente-resultado-contra-el-hurto-automotor-y-el-porte-ilegal-de-armas-en-hechos-presentados-en-girardot-y-capturados-en-melgar\/judicial\/#primaryimage\"},\"image\":{\"@id\":\"https:\/\/ciudadyregion.com.co\/index.php\/contundente-resultado-contra-el-hurto-automotor-y-el-porte-ilegal-de-armas-en-hechos-presentados-en-girardot-y-capturados-en-melgar\/judicial\/#primaryimage\"},\"thumbnailUrl\":\"https:\/\/i0.wp.com\/ciudadyregion.com.co\/wp-content\/uploads\/2026\/04\/a-13-2.jpg?fit=800%2C445&ssl=1\",\"datePublished\":\"2026-04-29T00:16:52+00:00\",\"dateModified\":\"2026-04-29T00:16:52+00:00\",\"author\":{\"@id\":\"https:\/\/ciudadyregion.com.co\/#\/schema\/person\/04a4954373ebc4051f46e8c65ff78622\"},\"breadcrumb\":{\"@id\":\"https:\/\/ciudadyregion.com.co\/index.php\/contundente-resultado-contra-el-hurto-automotor-y-el-porte-ilegal-de-armas-en-hechos-presentados-en-girardot-y-capturados-en-melgar\/judicial\/#breadcrumb\"},\"inLanguage\":\"es\",\"potentialAction\":[{\"@type\":\"ReadAction\",\"target\":[\"https:\/\/ciudadyregion.com.co\/index.php\/contundente-resultado-contra-el-hurto-automotor-y-el-porte-ilegal-de-armas-en-hechos-presentados-en-girardot-y-capturados-en-melgar\/judicial\/\"]}]},{\"@type\":\"ImageObject\",\"inLanguage\":\"es\",\"@id\":\"https:\/\/ciudadyregion.com.co\/index.php\/contundente-resultado-contra-el-hurto-automotor-y-el-porte-ilegal-de-armas-en-hechos-presentados-en-girardot-y-capturados-en-melgar\/judicial\/#primaryimage\",\"url\":\"https:\/\/i0.wp.com\/ciudadyregion.com.co\/wp-content\/uploads\/2026\/04\/a-13-2.jpg?fit=800%2C445&ssl=1\",\"contentUrl\":\"https:\/\/i0.wp.com\/ciudadyregion.com.co\/wp-content\/uploads\/2026\/04\/a-13-2.jpg?fit=800%2C445&ssl=1\",\"width\":800,\"height\":445},{\"@type\":\"BreadcrumbList\",\"@id\":\"https:\/\/ciudadyregion.com.co\/index.php\/contundente-resultado-contra-el-hurto-automotor-y-el-porte-ilegal-de-armas-en-hechos-presentados-en-girardot-y-capturados-en-melgar\/judicial\/#breadcrumb\",\"itemListElement\":[{\"@type\":\"ListItem\",\"position\":1,\"name\":\"Portada\",\"item\":\"https:\/\/ciudadyregion.com.co\/\"},{\"@type\":\"ListItem\",\"position\":2,\"name\":\"Contundente resultado contra el hurto automotor y el porte ilegal de armas en hechos presentados en Girardot y capturados en Melgar\"}]},{\"@type\":\"WebSite\",\"@id\":\"https:\/\/ciudadyregion.com.co\/#website\",\"url\":\"https:\/\/ciudadyregion.com.co\/\",\"name\":\"Ciudad y Region\",\"description\":\"\",\"potentialAction\":[{\"@type\":\"SearchAction\",\"target\":{\"@type\":\"EntryPoint\",\"urlTemplate\":\"https:\/\/ciudadyregion.com.co\/?s={search_term_string}\"},\"query-input\":{\"@type\":\"PropertyValueSpecification\",\"valueRequired\":true,\"valueName\":\"search_term_string\"}}],\"inLanguage\":\"es\"},{\"@type\":\"Person\",\"@id\":\"https:\/\/ciudadyregion.com.co\/#\/schema\/person\/04a4954373ebc4051f46e8c65ff78622\",\"name\":\"David Andr\u00e9s Aguirre\",\"image\":{\"@type\":\"ImageObject\",\"inLanguage\":\"es\",\"@id\":\"https:\/\/ciudadyregion.com.co\/#\/schema\/person\/image\/\",\"url\":\"https:\/\/secure.gravatar.com\/avatar\/bc3c655860202182ee6d1b5edd042dbe?s=96&d=mm&r=g\",\"contentUrl\":\"https:\/\/secure.gravatar.com\/avatar\/bc3c655860202182ee6d1b5edd042dbe?s=96&d=mm&r=g\",\"caption\":\"David Andr\u00e9s Aguirre\"},\"url\":\"https:\/\/ciudadyregion.com.co\/index.php\/author\/diegoaguirre\/\"}]}<\/script>\n<!-- \/ Yoast SEO plugin. -->","yoast_head_json":{"title":"Contundente resultado contra el hurto automotor y el porte ilegal de armas en hechos presentados en Girardot y capturados en Melgar - Ciudad y Region","robots":{"index":"index","follow":"follow","max-snippet":"max-snippet:-1","max-image-preview":"max-image-preview:large","max-video-preview":"max-video-preview:-1"},"canonical":"https:\/\/ciudadyregion.com.co\/index.php\/contundente-resultado-contra-el-hurto-automotor-y-el-porte-ilegal-de-armas-en-hechos-presentados-en-girardot-y-capturados-en-melgar\/judicial\/","og_locale":"es_ES","og_type":"article","og_title":"Contundente resultado contra el hurto automotor y el porte ilegal de armas en hechos presentados en Girardot y capturados en Melgar - Ciudad y Region","og_description":"En desarrollo de la ofensiva permanente contra el hurto automotor y el porte ilegal de armas de fuego, la Polic\u00eda Nacional en el departamento del Tolima, a trav\u00e9s de su personal de la Estaci\u00f3n de Polic\u00eda Melgar, logr\u00f3 en las \u00faltimas horas un importante resultado en materia de seguridad. ElContinuar Leyendo","og_url":"https:\/\/ciudadyregion.com.co\/index.php\/contundente-resultado-contra-el-hurto-automotor-y-el-porte-ilegal-de-armas-en-hechos-presentados-en-girardot-y-capturados-en-melgar\/judicial\/","og_site_name":"Ciudad y Region","article_published_time":"2026-04-29T00:16:52+00:00","og_image":[{"width":800,"height":445,"url":"https:\/\/ciudadyregion.com.co\/wp-content\/uploads\/2026\/04\/a-13-2.jpg","type":"image\/jpeg"}],"author":"David Andr\u00e9s Aguirre","twitter_card":"summary_large_image","twitter_misc":{"Escrito por":"David Andr\u00e9s Aguirre","Tiempo de lectura":"2 minutos"},"schema":{"@context":"https:\/\/schema.org","@graph":[{"@type":"WebPage","@id":"https:\/\/ciudadyregion.com.co\/index.php\/contundente-resultado-contra-el-hurto-automotor-y-el-porte-ilegal-de-armas-en-hechos-presentados-en-girardot-y-capturados-en-melgar\/judicial\/","url":"https:\/\/ciudadyregion.com.co\/index.php\/contundente-resultado-contra-el-hurto-automotor-y-el-porte-ilegal-de-armas-en-hechos-presentados-en-girardot-y-capturados-en-melgar\/judicial\/","name":"Contundente resultado contra el hurto automotor y el porte ilegal de armas en hechos presentados en Girardot y capturados en Melgar - Ciudad y Region","isPartOf":{"@id":"https:\/\/ciudadyregion.com.co\/#website"},"primaryImageOfPage":{"@id":"https:\/\/ciudadyregion.com.co\/index.php\/contundente-resultado-contra-el-hurto-automotor-y-el-porte-ilegal-de-armas-en-hechos-presentados-en-girardot-y-capturados-en-melgar\/judicial\/#primaryimage"},"image":{"@id":"https:\/\/ciudadyregion.com.co\/index.php\/contundente-resultado-contra-el-hurto-automotor-y-el-porte-ilegal-de-armas-en-hechos-presentados-en-girardot-y-capturados-en-melgar\/judicial\/#primaryimage"},"thumbnailUrl":"https:\/\/i0.wp.com\/ciudadyregion.com.co\/wp-content\/uploads\/2026\/04\/a-13-2.jpg?fit=800%2C445&ssl=1","datePublished":"2026-04-29T00:16:52+00:00","dateModified":"2026-04-29T00:16:52+00:00","author":{"@id":"https:\/\/ciudadyregion.com.co\/#\/schema\/person\/04a4954373ebc4051f46e8c65ff78622"},"breadcrumb":{"@id":"https:\/\/ciudadyregion.com.co\/index.php\/contundente-resultado-contra-el-hurto-automotor-y-el-porte-ilegal-de-armas-en-hechos-presentados-en-girardot-y-capturados-en-melgar\/judicial\/#breadcrumb"},"inLanguage":"es","potentialAction":[{"@type":"ReadAction","target":["https:\/\/ciudadyregion.com.co\/index.php\/contundente-resultado-contra-el-hurto-automotor-y-el-porte-ilegal-de-armas-en-hechos-presentados-en-girardot-y-capturados-en-melgar\/judicial\/"]}]},{"@type":"ImageObject","inLanguage":"es","@id":"https:\/\/ciudadyregion.com.co\/index.php\/contundente-resultado-contra-el-hurto-automotor-y-el-porte-ilegal-de-armas-en-hechos-presentados-en-girardot-y-capturados-en-melgar\/judicial\/#primaryimage","url":"https:\/\/i0.wp.com\/ciudadyregion.com.co\/wp-content\/uploads\/2026\/04\/a-13-2.jpg?fit=800%2C445&ssl=1","contentUrl":"https:\/\/i0.wp.com\/ciudadyregion.com.co\/wp-content\/uploads\/2026\/04\/a-13-2.jpg?fit=800%2C445&ssl=1","width":800,"height":445},{"@type":"BreadcrumbList","@id":"https:\/\/ciudadyregion.com.co\/index.php\/contundente-resultado-contra-el-hurto-automotor-y-el-porte-ilegal-de-armas-en-hechos-presentados-en-girardot-y-capturados-en-melgar\/judicial\/#breadcrumb","itemListElement":[{"@type":"ListItem","position":1,"name":"Portada","item":"https:\/\/ciudadyregion.com.co\/"},{"@type":"ListItem","position":2,"name":"Contundente resultado contra el hurto automotor y el porte ilegal de armas en hechos presentados en Girardot y capturados en Melgar"}]},{"@type":"WebSite","@id":"https:\/\/ciudadyregion.com.co\/#website","url":"https:\/\/ciudadyregion.com.co\/","name":"Ciudad y Region","description":"","potentialAction":[{"@type":"SearchAction","target":{"@type":"EntryPoint","urlTemplate":"https:\/\/ciudadyregion.com.co\/?s={search_term_string}"},"query-input":{"@type":"PropertyValueSpecification","valueRequired":true,"valueName":"search_term_string"}}],"inLanguage":"es"},{"@type":"Person","@id":"https:\/\/ciudadyregion.com.co\/#\/schema\/person\/04a4954373ebc4051f46e8c65ff78622","name":"David Andr\u00e9s Aguirre","image":{"@type":"ImageObject","inLanguage":"es","@id":"https:\/\/ciudadyregion.com.co\/#\/schema\/person\/image\/","url":"https:\/\/secure.gravatar.com\/avatar\/bc3c655860202182ee6d1b5edd042dbe?s=96&d=mm&r=g","contentUrl":"https:\/\/secure.gravatar.com\/avatar\/bc3c655860202182ee6d1b5edd042dbe?s=96&d=mm&r=g","caption":"David Andr\u00e9s Aguirre"},"url":"https:\/\/ciudadyregion.com.co\/index.php\/author\/diegoaguirre\/"}]}},"jetpack_featured_media_url":"https:\/\/i0.wp.com\/ciudadyregion.com.co\/wp-content\/uploads\/2026\/04\/a-13-2.jpg?fit=800%2C445&ssl=1","jetpack_sharing_enabled":true,"jetpack_shortlink":"https:\/\/wp.me\/pbS7hh-fx5","jetpack-related-posts":[],"_links":{"self":[{"href":"https:\/\/ciudadyregion.com.co\/index.php\/wp-json\/wp\/v2\/posts\/59711"}],"collection":[{"href":"https:\/\/ciudadyregion.com.co\/index.php\/wp-json\/wp\/v2\/posts"}],"about":[{"href":"https:\/\/ciudadyregion.com.co\/index.php\/wp-json\/wp\/v2\/types\/post"}],"author":[{"embeddable":true,"href":"https:\/\/ciudadyregion.com.co\/index.php\/wp-json\/wp\/v2\/users\/2"}],"replies":[{"embeddable":true,"href":"https:\/\/ciudadyregion.com.co\/index.php\/wp-json\/wp\/v2\/comments?post=59711"}],"version-history":[{"count":1,"href":"https:\/\/ciudadyregion.com.co\/index.php\/wp-json\/wp\/v2\/posts\/59711\/revisions"}],"predecessor-version":[{"id":59713,"href":"https:\/\/ciudadyregion.com.co\/index.php\/wp-json\/wp\/v2\/posts\/59711\/revisions\/59713"}],"wp:featuredmedia":[{"embeddable":true,"href":"https:\/\/ciudadyregion.com.co\/index.php\/wp-json\/wp\/v2\/media\/59712"}],"wp:attachment":[{"href":"https:\/\/ciudadyregion.com.co\/index.php\/wp-json\/wp\/v2\/media?parent=59711"}],"wp:term":[{"taxonomy":"category","embeddable":true,"href":"https:\/\/ciudadyregion.com.co\/index.php\/wp-json\/wp\/v2\/categories?post=59711"},{"taxonomy":"post_tag","embeddable":true,"href":"https:\/\/ciudadyregion.com.co\/index.php\/wp-json\/wp\/v2\/tags?post=59711"}],"curies":[{"name":"wp","href":"https:\/\/api.w.org\/{rel}","templated":true}]}}