{"id":59708,"date":"2026-04-28T19:14:58","date_gmt":"2026-04-29T00:14:58","guid":{"rendered":"https:\/\/ciudadyregion.com.co\/?p=59708"},"modified":"2026-04-28T19:14:58","modified_gmt":"2026-04-29T00:14:58","slug":"capturado-hombre-por-maltrato-animal-y-rescate-de-dos-caninos-en-libano-tolima","status":"publish","type":"post","link":"https:\/\/ciudadyregion.com.co\/index.php\/capturado-hombre-por-maltrato-animal-y-rescate-de-dos-caninos-en-libano-tolima\/judicial\/","title":{"rendered":"Capturado hombre por maltrato animal y rescate de dos caninos en L\u00edbano, Tolima"},"content":{"rendered":"<p>En desarrollo de la estrategia integral contra los delitos que afectan a los seres sintientes, la Polic\u00eda Nacional en el departamento del Tolima, a trav\u00e9s de su personal adscrito a la Estaci\u00f3n de Polic\u00eda del municipio de L\u00edbano, logr\u00f3 en las \u00faltimas horas un importante resultado en contra del maltrato animal.<\/p>\n<p>El hecho se present\u00f3 hacia las 4:00 de la tarde, mientras uniformados adelantaban planes y controles diferenciales en distintos barrios de la localidad. En ese momento, recibieron informaci\u00f3n por parte de la comunidad sobre un presunto caso de maltrato animal en el parque principal del municipio, donde un hombre de 36 a\u00f1os estar\u00eda agrediendo a dos caninos.<\/p>\n<p>De manera inmediata, los uniformados se desplazaron al lugar, logrando la captura en flagrancia de esta persona. As\u00ed mismo, se realiz\u00f3 el rescate de dos caninos de raza lobo siberiano, los cuales, seg\u00fan informaci\u00f3n recopilada, habr\u00edan sido dejados temporalmente bajo el cuidado del hoy capturado por parte de su propietaria mientras realizaba una diligencia personal.<\/p>\n<p>El capturado fue puesto a disposici\u00f3n de la Fiscal\u00eda 30 Local del L\u00edbano por el delito de maltrato animal y actualmente se encuentra en audiencia virtual donde se definir\u00e1 su situaci\u00f3n jur\u00eddica. Agreg\u00f3 el Coronel John Anderson Vargas Izao Comandante Departamento de Polic\u00eda Tolima<\/p>\n<p>Los caninos fueron entregados nuevamente a su propietaria.<\/p>\n<p>La Polic\u00eda Nacional rechaza de manera contundente cualquier acto de maltrato contra los animales e invita a la comunidad a denunciar oportunamente estos hechos a trav\u00e9s de la l\u00ednea 123 o informando a la patrulla de polic\u00eda m\u00e1s cercana. Se garantiza absoluta reserva.<\/p>\n","protected":false},"excerpt":{"rendered":"<p>En desarrollo de la estrategia integral contra los delitos que afectan a los seres sintientes, la Polic\u00eda Nacional en el departamento del Tolima, a trav\u00e9s de su personal adscrito a la Estaci\u00f3n de Polic\u00eda del municipio de L\u00edbano, logr\u00f3 en las \u00faltimas horas un importante resultado en contra del maltrato<span class=\"more-link\"><a href=\"https:\/\/ciudadyregion.com.co\/index.php\/capturado-hombre-por-maltrato-animal-y-rescate-de-dos-caninos-en-libano-tolima\/judicial\/\">Continuar Leyendo<\/a><\/span><\/p>\n","protected":false},"author":2,"featured_media":59709,"comment_status":"open","ping_status":"open","sticky":false,"template":"","format":"standard","meta":{"_uf_show_specific_survey":0,"_uf_disable_surveys":false,"_jetpack_memberships_contains_paid_content":false,"footnotes":"","jetpack_publicize_message":"","jetpack_publicize_feature_enabled":true,"jetpack_social_post_already_shared":true,"jetpack_social_options":{"image_generator_settings":{"template":"highway","enabled":false},"version":2}},"categories":[18],"tags":[],"class_list":["entry","author-diegoaguirre","post-59708","post","type-post","status-publish","format-standard","has-post-thumbnail","category-judicial"],"jetpack_publicize_connections":[],"yoast_head":"<!-- This site is optimized with the Yoast SEO plugin v24.3 - https:\/\/yoast.com\/wordpress\/plugins\/seo\/ -->\n<title>Capturado hombre por maltrato animal y rescate de dos caninos en L\u00edbano, Tolima - Ciudad y Region<\/title>\n<meta name=\"robots\" content=\"index, follow, max-snippet:-1, max-image-preview:large, max-video-preview:-1\" \/>\n<link rel=\"canonical\" href=\"https:\/\/ciudadyregion.com.co\/index.php\/capturado-hombre-por-maltrato-animal-y-rescate-de-dos-caninos-en-libano-tolima\/judicial\/\" \/>\n<meta property=\"og:locale\" content=\"es_ES\" \/>\n<meta property=\"og:type\" content=\"article\" \/>\n<meta property=\"og:title\" content=\"Capturado hombre por maltrato animal y rescate de dos caninos en L\u00edbano, Tolima - Ciudad y Region\" \/>\n<meta property=\"og:description\" content=\"En desarrollo de la estrategia integral contra los delitos que afectan a los seres sintientes, la Polic\u00eda Nacional en el departamento del Tolima, a trav\u00e9s de su personal adscrito a la Estaci\u00f3n de Polic\u00eda del municipio de L\u00edbano, logr\u00f3 en las \u00faltimas horas un importante resultado en contra del maltratoContinuar Leyendo\" \/>\n<meta property=\"og:url\" content=\"https:\/\/ciudadyregion.com.co\/index.php\/capturado-hombre-por-maltrato-animal-y-rescate-de-dos-caninos-en-libano-tolima\/judicial\/\" \/>\n<meta property=\"og:site_name\" content=\"Ciudad y Region\" \/>\n<meta property=\"article:published_time\" content=\"2026-04-29T00:14:58+00:00\" \/>\n<meta property=\"og:image\" content=\"https:\/\/ciudadyregion.com.co\/wp-content\/uploads\/2026\/04\/a-12-4.jpg\" \/>\n\t<meta property=\"og:image:width\" content=\"800\" \/>\n\t<meta property=\"og:image:height\" content=\"445\" \/>\n\t<meta property=\"og:image:type\" content=\"image\/jpeg\" \/>\n<meta name=\"author\" content=\"David Andr\u00e9s Aguirre\" \/>\n<meta name=\"twitter:card\" content=\"summary_large_image\" \/>\n<meta name=\"twitter:label1\" content=\"Escrito por\" \/>\n\t<meta name=\"twitter:data1\" content=\"David Andr\u00e9s Aguirre\" \/>\n\t<meta name=\"twitter:label2\" content=\"Tiempo de lectura\" \/>\n\t<meta name=\"twitter:data2\" content=\"2 minutos\" \/>\n<script type=\"application\/ld+json\" class=\"yoast-schema-graph\">{\"@context\":\"https:\/\/schema.org\",\"@graph\":[{\"@type\":\"WebPage\",\"@id\":\"https:\/\/ciudadyregion.com.co\/index.php\/capturado-hombre-por-maltrato-animal-y-rescate-de-dos-caninos-en-libano-tolima\/judicial\/\",\"url\":\"https:\/\/ciudadyregion.com.co\/index.php\/capturado-hombre-por-maltrato-animal-y-rescate-de-dos-caninos-en-libano-tolima\/judicial\/\",\"name\":\"Capturado hombre por maltrato animal y rescate de dos caninos en L\u00edbano, Tolima - Ciudad y Region\",\"isPartOf\":{\"@id\":\"https:\/\/ciudadyregion.com.co\/#website\"},\"primaryImageOfPage\":{\"@id\":\"https:\/\/ciudadyregion.com.co\/index.php\/capturado-hombre-por-maltrato-animal-y-rescate-de-dos-caninos-en-libano-tolima\/judicial\/#primaryimage\"},\"image\":{\"@id\":\"https:\/\/ciudadyregion.com.co\/index.php\/capturado-hombre-por-maltrato-animal-y-rescate-de-dos-caninos-en-libano-tolima\/judicial\/#primaryimage\"},\"thumbnailUrl\":\"https:\/\/i0.wp.com\/ciudadyregion.com.co\/wp-content\/uploads\/2026\/04\/a-12-4.jpg?fit=800%2C445&ssl=1\",\"datePublished\":\"2026-04-29T00:14:58+00:00\",\"dateModified\":\"2026-04-29T00:14:58+00:00\",\"author\":{\"@id\":\"https:\/\/ciudadyregion.com.co\/#\/schema\/person\/04a4954373ebc4051f46e8c65ff78622\"},\"breadcrumb\":{\"@id\":\"https:\/\/ciudadyregion.com.co\/index.php\/capturado-hombre-por-maltrato-animal-y-rescate-de-dos-caninos-en-libano-tolima\/judicial\/#breadcrumb\"},\"inLanguage\":\"es\",\"potentialAction\":[{\"@type\":\"ReadAction\",\"target\":[\"https:\/\/ciudadyregion.com.co\/index.php\/capturado-hombre-por-maltrato-animal-y-rescate-de-dos-caninos-en-libano-tolima\/judicial\/\"]}]},{\"@type\":\"ImageObject\",\"inLanguage\":\"es\",\"@id\":\"https:\/\/ciudadyregion.com.co\/index.php\/capturado-hombre-por-maltrato-animal-y-rescate-de-dos-caninos-en-libano-tolima\/judicial\/#primaryimage\",\"url\":\"https:\/\/i0.wp.com\/ciudadyregion.com.co\/wp-content\/uploads\/2026\/04\/a-12-4.jpg?fit=800%2C445&ssl=1\",\"contentUrl\":\"https:\/\/i0.wp.com\/ciudadyregion.com.co\/wp-content\/uploads\/2026\/04\/a-12-4.jpg?fit=800%2C445&ssl=1\",\"width\":800,\"height\":445},{\"@type\":\"BreadcrumbList\",\"@id\":\"https:\/\/ciudadyregion.com.co\/index.php\/capturado-hombre-por-maltrato-animal-y-rescate-de-dos-caninos-en-libano-tolima\/judicial\/#breadcrumb\",\"itemListElement\":[{\"@type\":\"ListItem\",\"position\":1,\"name\":\"Portada\",\"item\":\"https:\/\/ciudadyregion.com.co\/\"},{\"@type\":\"ListItem\",\"position\":2,\"name\":\"Capturado hombre por maltrato animal y rescate de dos caninos en L\u00edbano, Tolima\"}]},{\"@type\":\"WebSite\",\"@id\":\"https:\/\/ciudadyregion.com.co\/#website\",\"url\":\"https:\/\/ciudadyregion.com.co\/\",\"name\":\"Ciudad y Region\",\"description\":\"\",\"potentialAction\":[{\"@type\":\"SearchAction\",\"target\":{\"@type\":\"EntryPoint\",\"urlTemplate\":\"https:\/\/ciudadyregion.com.co\/?s={search_term_string}\"},\"query-input\":{\"@type\":\"PropertyValueSpecification\",\"valueRequired\":true,\"valueName\":\"search_term_string\"}}],\"inLanguage\":\"es\"},{\"@type\":\"Person\",\"@id\":\"https:\/\/ciudadyregion.com.co\/#\/schema\/person\/04a4954373ebc4051f46e8c65ff78622\",\"name\":\"David Andr\u00e9s Aguirre\",\"image\":{\"@type\":\"ImageObject\",\"inLanguage\":\"es\",\"@id\":\"https:\/\/ciudadyregion.com.co\/#\/schema\/person\/image\/\",\"url\":\"https:\/\/secure.gravatar.com\/avatar\/bc3c655860202182ee6d1b5edd042dbe?s=96&d=mm&r=g\",\"contentUrl\":\"https:\/\/secure.gravatar.com\/avatar\/bc3c655860202182ee6d1b5edd042dbe?s=96&d=mm&r=g\",\"caption\":\"David Andr\u00e9s Aguirre\"},\"url\":\"https:\/\/ciudadyregion.com.co\/index.php\/author\/diegoaguirre\/\"}]}<\/script>\n<!-- \/ Yoast SEO plugin. -->","yoast_head_json":{"title":"Capturado hombre por maltrato animal y rescate de dos caninos en L\u00edbano, Tolima - Ciudad y Region","robots":{"index":"index","follow":"follow","max-snippet":"max-snippet:-1","max-image-preview":"max-image-preview:large","max-video-preview":"max-video-preview:-1"},"canonical":"https:\/\/ciudadyregion.com.co\/index.php\/capturado-hombre-por-maltrato-animal-y-rescate-de-dos-caninos-en-libano-tolima\/judicial\/","og_locale":"es_ES","og_type":"article","og_title":"Capturado hombre por maltrato animal y rescate de dos caninos en L\u00edbano, Tolima - Ciudad y Region","og_description":"En desarrollo de la estrategia integral contra los delitos que afectan a los seres sintientes, la Polic\u00eda Nacional en el departamento del Tolima, a trav\u00e9s de su personal adscrito a la Estaci\u00f3n de Polic\u00eda del municipio de L\u00edbano, logr\u00f3 en las \u00faltimas horas un importante resultado en contra del maltratoContinuar Leyendo","og_url":"https:\/\/ciudadyregion.com.co\/index.php\/capturado-hombre-por-maltrato-animal-y-rescate-de-dos-caninos-en-libano-tolima\/judicial\/","og_site_name":"Ciudad y Region","article_published_time":"2026-04-29T00:14:58+00:00","og_image":[{"width":800,"height":445,"url":"https:\/\/ciudadyregion.com.co\/wp-content\/uploads\/2026\/04\/a-12-4.jpg","type":"image\/jpeg"}],"author":"David Andr\u00e9s Aguirre","twitter_card":"summary_large_image","twitter_misc":{"Escrito por":"David Andr\u00e9s Aguirre","Tiempo de lectura":"2 minutos"},"schema":{"@context":"https:\/\/schema.org","@graph":[{"@type":"WebPage","@id":"https:\/\/ciudadyregion.com.co\/index.php\/capturado-hombre-por-maltrato-animal-y-rescate-de-dos-caninos-en-libano-tolima\/judicial\/","url":"https:\/\/ciudadyregion.com.co\/index.php\/capturado-hombre-por-maltrato-animal-y-rescate-de-dos-caninos-en-libano-tolima\/judicial\/","name":"Capturado hombre por maltrato animal y rescate de dos caninos en L\u00edbano, Tolima - Ciudad y Region","isPartOf":{"@id":"https:\/\/ciudadyregion.com.co\/#website"},"primaryImageOfPage":{"@id":"https:\/\/ciudadyregion.com.co\/index.php\/capturado-hombre-por-maltrato-animal-y-rescate-de-dos-caninos-en-libano-tolima\/judicial\/#primaryimage"},"image":{"@id":"https:\/\/ciudadyregion.com.co\/index.php\/capturado-hombre-por-maltrato-animal-y-rescate-de-dos-caninos-en-libano-tolima\/judicial\/#primaryimage"},"thumbnailUrl":"https:\/\/i0.wp.com\/ciudadyregion.com.co\/wp-content\/uploads\/2026\/04\/a-12-4.jpg?fit=800%2C445&ssl=1","datePublished":"2026-04-29T00:14:58+00:00","dateModified":"2026-04-29T00:14:58+00:00","author":{"@id":"https:\/\/ciudadyregion.com.co\/#\/schema\/person\/04a4954373ebc4051f46e8c65ff78622"},"breadcrumb":{"@id":"https:\/\/ciudadyregion.com.co\/index.php\/capturado-hombre-por-maltrato-animal-y-rescate-de-dos-caninos-en-libano-tolima\/judicial\/#breadcrumb"},"inLanguage":"es","potentialAction":[{"@type":"ReadAction","target":["https:\/\/ciudadyregion.com.co\/index.php\/capturado-hombre-por-maltrato-animal-y-rescate-de-dos-caninos-en-libano-tolima\/judicial\/"]}]},{"@type":"ImageObject","inLanguage":"es","@id":"https:\/\/ciudadyregion.com.co\/index.php\/capturado-hombre-por-maltrato-animal-y-rescate-de-dos-caninos-en-libano-tolima\/judicial\/#primaryimage","url":"https:\/\/i0.wp.com\/ciudadyregion.com.co\/wp-content\/uploads\/2026\/04\/a-12-4.jpg?fit=800%2C445&ssl=1","contentUrl":"https:\/\/i0.wp.com\/ciudadyregion.com.co\/wp-content\/uploads\/2026\/04\/a-12-4.jpg?fit=800%2C445&ssl=1","width":800,"height":445},{"@type":"BreadcrumbList","@id":"https:\/\/ciudadyregion.com.co\/index.php\/capturado-hombre-por-maltrato-animal-y-rescate-de-dos-caninos-en-libano-tolima\/judicial\/#breadcrumb","itemListElement":[{"@type":"ListItem","position":1,"name":"Portada","item":"https:\/\/ciudadyregion.com.co\/"},{"@type":"ListItem","position":2,"name":"Capturado hombre por maltrato animal y rescate de dos caninos en L\u00edbano, Tolima"}]},{"@type":"WebSite","@id":"https:\/\/ciudadyregion.com.co\/#website","url":"https:\/\/ciudadyregion.com.co\/","name":"Ciudad y Region","description":"","potentialAction":[{"@type":"SearchAction","target":{"@type":"EntryPoint","urlTemplate":"https:\/\/ciudadyregion.com.co\/?s={search_term_string}"},"query-input":{"@type":"PropertyValueSpecification","valueRequired":true,"valueName":"search_term_string"}}],"inLanguage":"es"},{"@type":"Person","@id":"https:\/\/ciudadyregion.com.co\/#\/schema\/person\/04a4954373ebc4051f46e8c65ff78622","name":"David Andr\u00e9s Aguirre","image":{"@type":"ImageObject","inLanguage":"es","@id":"https:\/\/ciudadyregion.com.co\/#\/schema\/person\/image\/","url":"https:\/\/secure.gravatar.com\/avatar\/bc3c655860202182ee6d1b5edd042dbe?s=96&d=mm&r=g","contentUrl":"https:\/\/secure.gravatar.com\/avatar\/bc3c655860202182ee6d1b5edd042dbe?s=96&d=mm&r=g","caption":"David Andr\u00e9s Aguirre"},"url":"https:\/\/ciudadyregion.com.co\/index.php\/author\/diegoaguirre\/"}]}},"jetpack_featured_media_url":"https:\/\/i0.wp.com\/ciudadyregion.com.co\/wp-content\/uploads\/2026\/04\/a-12-4.jpg?fit=800%2C445&ssl=1","jetpack_sharing_enabled":true,"jetpack_shortlink":"https:\/\/wp.me\/pbS7hh-fx2","jetpack-related-posts":[],"_links":{"self":[{"href":"https:\/\/ciudadyregion.com.co\/index.php\/wp-json\/wp\/v2\/posts\/59708"}],"collection":[{"href":"https:\/\/ciudadyregion.com.co\/index.php\/wp-json\/wp\/v2\/posts"}],"about":[{"href":"https:\/\/ciudadyregion.com.co\/index.php\/wp-json\/wp\/v2\/types\/post"}],"author":[{"embeddable":true,"href":"https:\/\/ciudadyregion.com.co\/index.php\/wp-json\/wp\/v2\/users\/2"}],"replies":[{"embeddable":true,"href":"https:\/\/ciudadyregion.com.co\/index.php\/wp-json\/wp\/v2\/comments?post=59708"}],"version-history":[{"count":1,"href":"https:\/\/ciudadyregion.com.co\/index.php\/wp-json\/wp\/v2\/posts\/59708\/revisions"}],"predecessor-version":[{"id":59710,"href":"https:\/\/ciudadyregion.com.co\/index.php\/wp-json\/wp\/v2\/posts\/59708\/revisions\/59710"}],"wp:featuredmedia":[{"embeddable":true,"href":"https:\/\/ciudadyregion.com.co\/index.php\/wp-json\/wp\/v2\/media\/59709"}],"wp:attachment":[{"href":"https:\/\/ciudadyregion.com.co\/index.php\/wp-json\/wp\/v2\/media?parent=59708"}],"wp:term":[{"taxonomy":"category","embeddable":true,"href":"https:\/\/ciudadyregion.com.co\/index.php\/wp-json\/wp\/v2\/categories?post=59708"},{"taxonomy":"post_tag","embeddable":true,"href":"https:\/\/ciudadyregion.com.co\/index.php\/wp-json\/wp\/v2\/tags?post=59708"}],"curies":[{"name":"wp","href":"https:\/\/api.w.org\/{rel}","templated":true}]}}