{"id":59704,"date":"2026-04-28T19:13:05","date_gmt":"2026-04-29T00:13:05","guid":{"rendered":"https:\/\/ciudadyregion.com.co\/?p=59704"},"modified":"2026-04-28T19:13:05","modified_gmt":"2026-04-29T00:13:05","slug":"gobierno-nacional-activa-el-codigo-dorado-y-firma-compromisos-clave-para-el-cuidado-integral-de-personas-con-conducta-suicida-en-colombia","status":"publish","type":"post","link":"https:\/\/ciudadyregion.com.co\/index.php\/gobierno-nacional-activa-el-codigo-dorado-y-firma-compromisos-clave-para-el-cuidado-integral-de-personas-con-conducta-suicida-en-colombia\/salud\/","title":{"rendered":"Gobierno Nacional activa el C\u00f3digo Dorado y firma compromisos clave para el cuidado integral de personas con conducta suicida en Colombia"},"content":{"rendered":"<p>El Ministerio de Salud y Protecci\u00f3n Social activ\u00f3 el C\u00f3digo Dorado en el marco del lanzamiento de la Estrategia Nacional para el Cuidado Integral en Salud de las Personas con Conducta Suicida. Durante el evento, tambi\u00e9n se suscribieron compromisos fundamentales que convocan a todo el pa\u00eds a fortalecer la atenci\u00f3n en salud mental en los territorios.<\/p>\n<p>Con la implementaci\u00f3n de la Resoluci\u00f3n 0347 de 2026, el Ministerio establece esta estrategia nacional, orientada a promover la salud mental y prevenir, atender y mitigar la conducta suicida en Colombia, mediante acciones articuladas y con enfoque integral.<\/p>\n<p>M\u00e1s informaci\u00f3n en \u2b07\ufe0f<\/p>\n<p>&nbsp;<\/p>\n<a href=\"https:\/\/ciudadyregion.com.co\/wp-content\/uploads\/2026\/04\/280426-Com_Lanz_CodigoDorado.pdf\" class=\"pdfemb-viewer\" style=\"\" data-width=\"max\" data-height=\"max\" data-toolbar=\"bottom\" data-toolbar-fixed=\"off\">280426 Com_Lanz_Co\u0301digoDorado<\/a>\n","protected":false},"excerpt":{"rendered":"<p>El Ministerio de Salud y Protecci\u00f3n Social activ\u00f3 el C\u00f3digo Dorado en el marco del lanzamiento de la Estrategia Nacional para el Cuidado Integral en Salud de las Personas con Conducta Suicida. Durante el evento, tambi\u00e9n se suscribieron compromisos fundamentales que convocan a todo el pa\u00eds a fortalecer la atenci\u00f3n<span class=\"more-link\"><a href=\"https:\/\/ciudadyregion.com.co\/index.php\/gobierno-nacional-activa-el-codigo-dorado-y-firma-compromisos-clave-para-el-cuidado-integral-de-personas-con-conducta-suicida-en-colombia\/salud\/\">Continuar Leyendo<\/a><\/span><\/p>\n","protected":false},"author":2,"featured_media":51154,"comment_status":"open","ping_status":"open","sticky":false,"template":"","format":"standard","meta":{"_uf_show_specific_survey":0,"_uf_disable_surveys":false,"_jetpack_memberships_contains_paid_content":false,"footnotes":"","jetpack_publicize_message":"","jetpack_publicize_feature_enabled":true,"jetpack_social_post_already_shared":true,"jetpack_social_options":{"image_generator_settings":{"template":"highway","enabled":false},"version":2}},"categories":[29],"tags":[],"class_list":["entry","author-diegoaguirre","post-59704","post","type-post","status-publish","format-standard","has-post-thumbnail","category-salud"],"jetpack_publicize_connections":[],"yoast_head":"<!-- This site is optimized with the Yoast SEO plugin v24.3 - https:\/\/yoast.com\/wordpress\/plugins\/seo\/ -->\n<title>Gobierno Nacional activa el C\u00f3digo Dorado y firma compromisos clave para el cuidado integral de personas con conducta suicida en Colombia - Ciudad y Region<\/title>\n<meta name=\"robots\" content=\"index, follow, max-snippet:-1, max-image-preview:large, max-video-preview:-1\" \/>\n<link rel=\"canonical\" href=\"https:\/\/ciudadyregion.com.co\/index.php\/gobierno-nacional-activa-el-codigo-dorado-y-firma-compromisos-clave-para-el-cuidado-integral-de-personas-con-conducta-suicida-en-colombia\/salud\/\" \/>\n<meta property=\"og:locale\" content=\"es_ES\" \/>\n<meta property=\"og:type\" content=\"article\" \/>\n<meta property=\"og:title\" content=\"Gobierno Nacional activa el C\u00f3digo Dorado y firma compromisos clave para el cuidado integral de personas con conducta suicida en Colombia - Ciudad y Region\" \/>\n<meta property=\"og:description\" content=\"El Ministerio de Salud y Protecci\u00f3n Social activ\u00f3 el C\u00f3digo Dorado en el marco del lanzamiento de la Estrategia Nacional para el Cuidado Integral en Salud de las Personas con Conducta Suicida. Durante el evento, tambi\u00e9n se suscribieron compromisos fundamentales que convocan a todo el pa\u00eds a fortalecer la atenci\u00f3nContinuar Leyendo\" \/>\n<meta property=\"og:url\" content=\"https:\/\/ciudadyregion.com.co\/index.php\/gobierno-nacional-activa-el-codigo-dorado-y-firma-compromisos-clave-para-el-cuidado-integral-de-personas-con-conducta-suicida-en-colombia\/salud\/\" \/>\n<meta property=\"og:site_name\" content=\"Ciudad y Region\" \/>\n<meta property=\"article:published_time\" content=\"2026-04-29T00:13:05+00:00\" \/>\n<meta property=\"og:image\" content=\"https:\/\/ciudadyregion.com.co\/wp-content\/uploads\/2025\/12\/minsalud-1.jpg\" \/>\n\t<meta property=\"og:image:width\" content=\"800\" \/>\n\t<meta property=\"og:image:height\" content=\"445\" \/>\n\t<meta property=\"og:image:type\" content=\"image\/jpeg\" \/>\n<meta name=\"author\" content=\"David Andr\u00e9s Aguirre\" \/>\n<meta name=\"twitter:card\" content=\"summary_large_image\" \/>\n<meta name=\"twitter:label1\" content=\"Escrito por\" \/>\n\t<meta name=\"twitter:data1\" content=\"David Andr\u00e9s Aguirre\" \/>\n\t<meta name=\"twitter:label2\" content=\"Tiempo de lectura\" \/>\n\t<meta name=\"twitter:data2\" content=\"1 minuto\" \/>\n<script type=\"application\/ld+json\" class=\"yoast-schema-graph\">{\"@context\":\"https:\/\/schema.org\",\"@graph\":[{\"@type\":\"WebPage\",\"@id\":\"https:\/\/ciudadyregion.com.co\/index.php\/gobierno-nacional-activa-el-codigo-dorado-y-firma-compromisos-clave-para-el-cuidado-integral-de-personas-con-conducta-suicida-en-colombia\/salud\/\",\"url\":\"https:\/\/ciudadyregion.com.co\/index.php\/gobierno-nacional-activa-el-codigo-dorado-y-firma-compromisos-clave-para-el-cuidado-integral-de-personas-con-conducta-suicida-en-colombia\/salud\/\",\"name\":\"Gobierno Nacional activa el C\u00f3digo Dorado y firma compromisos clave para el cuidado integral de personas con conducta suicida en Colombia - Ciudad y Region\",\"isPartOf\":{\"@id\":\"https:\/\/ciudadyregion.com.co\/#website\"},\"primaryImageOfPage\":{\"@id\":\"https:\/\/ciudadyregion.com.co\/index.php\/gobierno-nacional-activa-el-codigo-dorado-y-firma-compromisos-clave-para-el-cuidado-integral-de-personas-con-conducta-suicida-en-colombia\/salud\/#primaryimage\"},\"image\":{\"@id\":\"https:\/\/ciudadyregion.com.co\/index.php\/gobierno-nacional-activa-el-codigo-dorado-y-firma-compromisos-clave-para-el-cuidado-integral-de-personas-con-conducta-suicida-en-colombia\/salud\/#primaryimage\"},\"thumbnailUrl\":\"https:\/\/i0.wp.com\/ciudadyregion.com.co\/wp-content\/uploads\/2025\/12\/minsalud-1.jpg?fit=800%2C445&ssl=1\",\"datePublished\":\"2026-04-29T00:13:05+00:00\",\"dateModified\":\"2026-04-29T00:13:05+00:00\",\"author\":{\"@id\":\"https:\/\/ciudadyregion.com.co\/#\/schema\/person\/04a4954373ebc4051f46e8c65ff78622\"},\"breadcrumb\":{\"@id\":\"https:\/\/ciudadyregion.com.co\/index.php\/gobierno-nacional-activa-el-codigo-dorado-y-firma-compromisos-clave-para-el-cuidado-integral-de-personas-con-conducta-suicida-en-colombia\/salud\/#breadcrumb\"},\"inLanguage\":\"es\",\"potentialAction\":[{\"@type\":\"ReadAction\",\"target\":[\"https:\/\/ciudadyregion.com.co\/index.php\/gobierno-nacional-activa-el-codigo-dorado-y-firma-compromisos-clave-para-el-cuidado-integral-de-personas-con-conducta-suicida-en-colombia\/salud\/\"]}]},{\"@type\":\"ImageObject\",\"inLanguage\":\"es\",\"@id\":\"https:\/\/ciudadyregion.com.co\/index.php\/gobierno-nacional-activa-el-codigo-dorado-y-firma-compromisos-clave-para-el-cuidado-integral-de-personas-con-conducta-suicida-en-colombia\/salud\/#primaryimage\",\"url\":\"https:\/\/i0.wp.com\/ciudadyregion.com.co\/wp-content\/uploads\/2025\/12\/minsalud-1.jpg?fit=800%2C445&ssl=1\",\"contentUrl\":\"https:\/\/i0.wp.com\/ciudadyregion.com.co\/wp-content\/uploads\/2025\/12\/minsalud-1.jpg?fit=800%2C445&ssl=1\",\"width\":800,\"height\":445},{\"@type\":\"BreadcrumbList\",\"@id\":\"https:\/\/ciudadyregion.com.co\/index.php\/gobierno-nacional-activa-el-codigo-dorado-y-firma-compromisos-clave-para-el-cuidado-integral-de-personas-con-conducta-suicida-en-colombia\/salud\/#breadcrumb\",\"itemListElement\":[{\"@type\":\"ListItem\",\"position\":1,\"name\":\"Portada\",\"item\":\"https:\/\/ciudadyregion.com.co\/\"},{\"@type\":\"ListItem\",\"position\":2,\"name\":\"Gobierno Nacional activa el C\u00f3digo Dorado y firma compromisos clave para el cuidado integral de personas con conducta suicida en Colombia\"}]},{\"@type\":\"WebSite\",\"@id\":\"https:\/\/ciudadyregion.com.co\/#website\",\"url\":\"https:\/\/ciudadyregion.com.co\/\",\"name\":\"Ciudad y Region\",\"description\":\"\",\"potentialAction\":[{\"@type\":\"SearchAction\",\"target\":{\"@type\":\"EntryPoint\",\"urlTemplate\":\"https:\/\/ciudadyregion.com.co\/?s={search_term_string}\"},\"query-input\":{\"@type\":\"PropertyValueSpecification\",\"valueRequired\":true,\"valueName\":\"search_term_string\"}}],\"inLanguage\":\"es\"},{\"@type\":\"Person\",\"@id\":\"https:\/\/ciudadyregion.com.co\/#\/schema\/person\/04a4954373ebc4051f46e8c65ff78622\",\"name\":\"David Andr\u00e9s Aguirre\",\"image\":{\"@type\":\"ImageObject\",\"inLanguage\":\"es\",\"@id\":\"https:\/\/ciudadyregion.com.co\/#\/schema\/person\/image\/\",\"url\":\"https:\/\/secure.gravatar.com\/avatar\/bc3c655860202182ee6d1b5edd042dbe?s=96&d=mm&r=g\",\"contentUrl\":\"https:\/\/secure.gravatar.com\/avatar\/bc3c655860202182ee6d1b5edd042dbe?s=96&d=mm&r=g\",\"caption\":\"David Andr\u00e9s Aguirre\"},\"url\":\"https:\/\/ciudadyregion.com.co\/index.php\/author\/diegoaguirre\/\"}]}<\/script>\n<!-- \/ Yoast SEO plugin. -->","yoast_head_json":{"title":"Gobierno Nacional activa el C\u00f3digo Dorado y firma compromisos clave para el cuidado integral de personas con conducta suicida en Colombia - Ciudad y Region","robots":{"index":"index","follow":"follow","max-snippet":"max-snippet:-1","max-image-preview":"max-image-preview:large","max-video-preview":"max-video-preview:-1"},"canonical":"https:\/\/ciudadyregion.com.co\/index.php\/gobierno-nacional-activa-el-codigo-dorado-y-firma-compromisos-clave-para-el-cuidado-integral-de-personas-con-conducta-suicida-en-colombia\/salud\/","og_locale":"es_ES","og_type":"article","og_title":"Gobierno Nacional activa el C\u00f3digo Dorado y firma compromisos clave para el cuidado integral de personas con conducta suicida en Colombia - Ciudad y Region","og_description":"El Ministerio de Salud y Protecci\u00f3n Social activ\u00f3 el C\u00f3digo Dorado en el marco del lanzamiento de la Estrategia Nacional para el Cuidado Integral en Salud de las Personas con Conducta Suicida. Durante el evento, tambi\u00e9n se suscribieron compromisos fundamentales que convocan a todo el pa\u00eds a fortalecer la atenci\u00f3nContinuar Leyendo","og_url":"https:\/\/ciudadyregion.com.co\/index.php\/gobierno-nacional-activa-el-codigo-dorado-y-firma-compromisos-clave-para-el-cuidado-integral-de-personas-con-conducta-suicida-en-colombia\/salud\/","og_site_name":"Ciudad y Region","article_published_time":"2026-04-29T00:13:05+00:00","og_image":[{"width":800,"height":445,"url":"https:\/\/ciudadyregion.com.co\/wp-content\/uploads\/2025\/12\/minsalud-1.jpg","type":"image\/jpeg"}],"author":"David Andr\u00e9s Aguirre","twitter_card":"summary_large_image","twitter_misc":{"Escrito por":"David Andr\u00e9s Aguirre","Tiempo de lectura":"1 minuto"},"schema":{"@context":"https:\/\/schema.org","@graph":[{"@type":"WebPage","@id":"https:\/\/ciudadyregion.com.co\/index.php\/gobierno-nacional-activa-el-codigo-dorado-y-firma-compromisos-clave-para-el-cuidado-integral-de-personas-con-conducta-suicida-en-colombia\/salud\/","url":"https:\/\/ciudadyregion.com.co\/index.php\/gobierno-nacional-activa-el-codigo-dorado-y-firma-compromisos-clave-para-el-cuidado-integral-de-personas-con-conducta-suicida-en-colombia\/salud\/","name":"Gobierno Nacional activa el C\u00f3digo Dorado y firma compromisos clave para el cuidado integral de personas con conducta suicida en Colombia - Ciudad y Region","isPartOf":{"@id":"https:\/\/ciudadyregion.com.co\/#website"},"primaryImageOfPage":{"@id":"https:\/\/ciudadyregion.com.co\/index.php\/gobierno-nacional-activa-el-codigo-dorado-y-firma-compromisos-clave-para-el-cuidado-integral-de-personas-con-conducta-suicida-en-colombia\/salud\/#primaryimage"},"image":{"@id":"https:\/\/ciudadyregion.com.co\/index.php\/gobierno-nacional-activa-el-codigo-dorado-y-firma-compromisos-clave-para-el-cuidado-integral-de-personas-con-conducta-suicida-en-colombia\/salud\/#primaryimage"},"thumbnailUrl":"https:\/\/i0.wp.com\/ciudadyregion.com.co\/wp-content\/uploads\/2025\/12\/minsalud-1.jpg?fit=800%2C445&ssl=1","datePublished":"2026-04-29T00:13:05+00:00","dateModified":"2026-04-29T00:13:05+00:00","author":{"@id":"https:\/\/ciudadyregion.com.co\/#\/schema\/person\/04a4954373ebc4051f46e8c65ff78622"},"breadcrumb":{"@id":"https:\/\/ciudadyregion.com.co\/index.php\/gobierno-nacional-activa-el-codigo-dorado-y-firma-compromisos-clave-para-el-cuidado-integral-de-personas-con-conducta-suicida-en-colombia\/salud\/#breadcrumb"},"inLanguage":"es","potentialAction":[{"@type":"ReadAction","target":["https:\/\/ciudadyregion.com.co\/index.php\/gobierno-nacional-activa-el-codigo-dorado-y-firma-compromisos-clave-para-el-cuidado-integral-de-personas-con-conducta-suicida-en-colombia\/salud\/"]}]},{"@type":"ImageObject","inLanguage":"es","@id":"https:\/\/ciudadyregion.com.co\/index.php\/gobierno-nacional-activa-el-codigo-dorado-y-firma-compromisos-clave-para-el-cuidado-integral-de-personas-con-conducta-suicida-en-colombia\/salud\/#primaryimage","url":"https:\/\/i0.wp.com\/ciudadyregion.com.co\/wp-content\/uploads\/2025\/12\/minsalud-1.jpg?fit=800%2C445&ssl=1","contentUrl":"https:\/\/i0.wp.com\/ciudadyregion.com.co\/wp-content\/uploads\/2025\/12\/minsalud-1.jpg?fit=800%2C445&ssl=1","width":800,"height":445},{"@type":"BreadcrumbList","@id":"https:\/\/ciudadyregion.com.co\/index.php\/gobierno-nacional-activa-el-codigo-dorado-y-firma-compromisos-clave-para-el-cuidado-integral-de-personas-con-conducta-suicida-en-colombia\/salud\/#breadcrumb","itemListElement":[{"@type":"ListItem","position":1,"name":"Portada","item":"https:\/\/ciudadyregion.com.co\/"},{"@type":"ListItem","position":2,"name":"Gobierno Nacional activa el C\u00f3digo Dorado y firma compromisos clave para el cuidado integral de personas con conducta suicida en Colombia"}]},{"@type":"WebSite","@id":"https:\/\/ciudadyregion.com.co\/#website","url":"https:\/\/ciudadyregion.com.co\/","name":"Ciudad y Region","description":"","potentialAction":[{"@type":"SearchAction","target":{"@type":"EntryPoint","urlTemplate":"https:\/\/ciudadyregion.com.co\/?s={search_term_string}"},"query-input":{"@type":"PropertyValueSpecification","valueRequired":true,"valueName":"search_term_string"}}],"inLanguage":"es"},{"@type":"Person","@id":"https:\/\/ciudadyregion.com.co\/#\/schema\/person\/04a4954373ebc4051f46e8c65ff78622","name":"David Andr\u00e9s Aguirre","image":{"@type":"ImageObject","inLanguage":"es","@id":"https:\/\/ciudadyregion.com.co\/#\/schema\/person\/image\/","url":"https:\/\/secure.gravatar.com\/avatar\/bc3c655860202182ee6d1b5edd042dbe?s=96&d=mm&r=g","contentUrl":"https:\/\/secure.gravatar.com\/avatar\/bc3c655860202182ee6d1b5edd042dbe?s=96&d=mm&r=g","caption":"David Andr\u00e9s Aguirre"},"url":"https:\/\/ciudadyregion.com.co\/index.php\/author\/diegoaguirre\/"}]}},"jetpack_featured_media_url":"https:\/\/i0.wp.com\/ciudadyregion.com.co\/wp-content\/uploads\/2025\/12\/minsalud-1.jpg?fit=800%2C445&ssl=1","jetpack_sharing_enabled":true,"jetpack_shortlink":"https:\/\/wp.me\/pbS7hh-fwY","jetpack-related-posts":[],"_links":{"self":[{"href":"https:\/\/ciudadyregion.com.co\/index.php\/wp-json\/wp\/v2\/posts\/59704"}],"collection":[{"href":"https:\/\/ciudadyregion.com.co\/index.php\/wp-json\/wp\/v2\/posts"}],"about":[{"href":"https:\/\/ciudadyregion.com.co\/index.php\/wp-json\/wp\/v2\/types\/post"}],"author":[{"embeddable":true,"href":"https:\/\/ciudadyregion.com.co\/index.php\/wp-json\/wp\/v2\/users\/2"}],"replies":[{"embeddable":true,"href":"https:\/\/ciudadyregion.com.co\/index.php\/wp-json\/wp\/v2\/comments?post=59704"}],"version-history":[{"count":1,"href":"https:\/\/ciudadyregion.com.co\/index.php\/wp-json\/wp\/v2\/posts\/59704\/revisions"}],"predecessor-version":[{"id":59707,"href":"https:\/\/ciudadyregion.com.co\/index.php\/wp-json\/wp\/v2\/posts\/59704\/revisions\/59707"}],"wp:featuredmedia":[{"embeddable":true,"href":"https:\/\/ciudadyregion.com.co\/index.php\/wp-json\/wp\/v2\/media\/51154"}],"wp:attachment":[{"href":"https:\/\/ciudadyregion.com.co\/index.php\/wp-json\/wp\/v2\/media?parent=59704"}],"wp:term":[{"taxonomy":"category","embeddable":true,"href":"https:\/\/ciudadyregion.com.co\/index.php\/wp-json\/wp\/v2\/categories?post=59704"},{"taxonomy":"post_tag","embeddable":true,"href":"https:\/\/ciudadyregion.com.co\/index.php\/wp-json\/wp\/v2\/tags?post=59704"}],"curies":[{"name":"wp","href":"https:\/\/api.w.org\/{rel}","templated":true}]}}