{"id":59696,"date":"2026-04-28T19:11:33","date_gmt":"2026-04-29T00:11:33","guid":{"rendered":"https:\/\/ciudadyregion.com.co\/?p=59696"},"modified":"2026-04-28T19:11:33","modified_gmt":"2026-04-29T00:11:33","slug":"el-ministerio-de-salud-expide-la-resolucion-695-de-2026-y-actualiza-las-exclusiones-de-financiacion-en-el-sistema","status":"publish","type":"post","link":"https:\/\/ciudadyregion.com.co\/index.php\/el-ministerio-de-salud-expide-la-resolucion-695-de-2026-y-actualiza-las-exclusiones-de-financiacion-en-el-sistema\/salud\/","title":{"rendered":"El Ministerio de Salud expide la Resoluci\u00f3n 695 de 2026 y actualiza las exclusiones de financiaci\u00f3n en el sistema"},"content":{"rendered":"<p>El Ministerio de Salud y Protecci\u00f3n Social, a trav\u00e9s de la Direcci\u00f3n de Regulaci\u00f3n de Beneficios, Costos y Tarifas del Aseguramiento en Salud, informa que se expidi\u00f3 la Resoluci\u00f3n 695 de 2026, mediante la cual se actualiza el listado de servicios y tecnolog\u00edas que no ser\u00e1n financiados con recursos p\u00fablicos del sistema de salud.<\/p>\n<p>Esta actualizaci\u00f3n se enmarca en las competencias del Ministerio para definir y depurar de manera peri\u00f3dica las tecnolog\u00edas financiadas con recursos p\u00fablicos, en concordancia con los principios de eficiencia, sostenibilidad fiscal, equidad y uso racional de los recursos del sistema de salud.<\/p>\n<p>La decisi\u00f3n se fundamenta en un proceso t\u00e9cnico, participativo y transparente, que incluy\u00f3 la revisi\u00f3n de evidencia cient\u00edfica disponible, an\u00e1lisis de costoefectividad, conceptos de expertos cl\u00ednicos, participaci\u00f3n de asociaciones<br \/>\ncient\u00edficas, el Instituto de Evaluaci\u00f3n Tecnol\u00f3gica en Salud- IETS, actores del<br \/>\nsistema y ciudadan\u00eda, as\u00ed como la aplicaci\u00f3n de los criterios establecidos en la<br \/>\nnormativa vigente para la exclusi\u00f3n de tecnolog\u00edas (art\u00edculo 15, ley 1751 de<br \/>\n2015).<\/p>\n<p>M\u00e1s informaci\u00f3n en \u2b07\ufe0f<\/p>\n<p>&nbsp;<\/p>\n<a href=\"https:\/\/ciudadyregion.com.co\/wp-content\/uploads\/2026\/04\/240426-Com_Exclusiones.pdf\" class=\"pdfemb-viewer\" style=\"\" data-width=\"max\" data-height=\"max\" data-toolbar=\"bottom\" data-toolbar-fixed=\"off\">240426 Com_Exclusiones<\/a>\n","protected":false},"excerpt":{"rendered":"<p>El Ministerio de Salud y Protecci\u00f3n Social, a trav\u00e9s de la Direcci\u00f3n de Regulaci\u00f3n de Beneficios, Costos y Tarifas del Aseguramiento en Salud, informa que se expidi\u00f3 la Resoluci\u00f3n 695 de 2026, mediante la cual se actualiza el listado de servicios y tecnolog\u00edas que no ser\u00e1n financiados con recursos p\u00fablicos<span class=\"more-link\"><a href=\"https:\/\/ciudadyregion.com.co\/index.php\/el-ministerio-de-salud-expide-la-resolucion-695-de-2026-y-actualiza-las-exclusiones-de-financiacion-en-el-sistema\/salud\/\">Continuar Leyendo<\/a><\/span><\/p>\n","protected":false},"author":2,"featured_media":44057,"comment_status":"open","ping_status":"open","sticky":false,"template":"","format":"standard","meta":{"_uf_show_specific_survey":0,"_uf_disable_surveys":false,"_jetpack_memberships_contains_paid_content":false,"footnotes":"","jetpack_publicize_message":"","jetpack_publicize_feature_enabled":true,"jetpack_social_post_already_shared":true,"jetpack_social_options":{"image_generator_settings":{"template":"highway","enabled":false},"version":2}},"categories":[29],"tags":[],"class_list":["entry","author-diegoaguirre","post-59696","post","type-post","status-publish","format-standard","has-post-thumbnail","category-salud"],"jetpack_publicize_connections":[],"yoast_head":"<!-- This site is optimized with the Yoast SEO plugin v24.3 - https:\/\/yoast.com\/wordpress\/plugins\/seo\/ -->\n<title>El Ministerio de Salud expide la Resoluci\u00f3n 695 de 2026 y actualiza las exclusiones de financiaci\u00f3n en el sistema - Ciudad y Region<\/title>\n<meta name=\"robots\" content=\"index, follow, max-snippet:-1, max-image-preview:large, max-video-preview:-1\" \/>\n<link rel=\"canonical\" href=\"https:\/\/ciudadyregion.com.co\/index.php\/el-ministerio-de-salud-expide-la-resolucion-695-de-2026-y-actualiza-las-exclusiones-de-financiacion-en-el-sistema\/salud\/\" \/>\n<meta property=\"og:locale\" content=\"es_ES\" \/>\n<meta property=\"og:type\" content=\"article\" \/>\n<meta property=\"og:title\" content=\"El Ministerio de Salud expide la Resoluci\u00f3n 695 de 2026 y actualiza las exclusiones de financiaci\u00f3n en el sistema - Ciudad y Region\" \/>\n<meta property=\"og:description\" content=\"El Ministerio de Salud y Protecci\u00f3n Social, a trav\u00e9s de la Direcci\u00f3n de Regulaci\u00f3n de Beneficios, Costos y Tarifas del Aseguramiento en Salud, informa que se expidi\u00f3 la Resoluci\u00f3n 695 de 2026, mediante la cual se actualiza el listado de servicios y tecnolog\u00edas que no ser\u00e1n financiados con recursos p\u00fablicosContinuar Leyendo\" \/>\n<meta property=\"og:url\" content=\"https:\/\/ciudadyregion.com.co\/index.php\/el-ministerio-de-salud-expide-la-resolucion-695-de-2026-y-actualiza-las-exclusiones-de-financiacion-en-el-sistema\/salud\/\" \/>\n<meta property=\"og:site_name\" content=\"Ciudad y Region\" \/>\n<meta property=\"article:published_time\" content=\"2026-04-29T00:11:33+00:00\" \/>\n<meta property=\"og:image\" content=\"https:\/\/ciudadyregion.com.co\/wp-content\/uploads\/2025\/09\/Minsalud-ministerio-de-salud.jpg\" \/>\n\t<meta property=\"og:image:width\" content=\"800\" \/>\n\t<meta property=\"og:image:height\" content=\"445\" \/>\n\t<meta property=\"og:image:type\" content=\"image\/jpeg\" \/>\n<meta name=\"author\" content=\"David Andr\u00e9s Aguirre\" \/>\n<meta name=\"twitter:card\" content=\"summary_large_image\" \/>\n<meta name=\"twitter:label1\" content=\"Escrito por\" \/>\n\t<meta name=\"twitter:data1\" content=\"David Andr\u00e9s Aguirre\" \/>\n\t<meta name=\"twitter:label2\" content=\"Tiempo de lectura\" \/>\n\t<meta name=\"twitter:data2\" content=\"1 minuto\" \/>\n<script type=\"application\/ld+json\" class=\"yoast-schema-graph\">{\"@context\":\"https:\/\/schema.org\",\"@graph\":[{\"@type\":\"WebPage\",\"@id\":\"https:\/\/ciudadyregion.com.co\/index.php\/el-ministerio-de-salud-expide-la-resolucion-695-de-2026-y-actualiza-las-exclusiones-de-financiacion-en-el-sistema\/salud\/\",\"url\":\"https:\/\/ciudadyregion.com.co\/index.php\/el-ministerio-de-salud-expide-la-resolucion-695-de-2026-y-actualiza-las-exclusiones-de-financiacion-en-el-sistema\/salud\/\",\"name\":\"El Ministerio de Salud expide la Resoluci\u00f3n 695 de 2026 y actualiza las exclusiones de financiaci\u00f3n en el sistema - Ciudad y Region\",\"isPartOf\":{\"@id\":\"https:\/\/ciudadyregion.com.co\/#website\"},\"primaryImageOfPage\":{\"@id\":\"https:\/\/ciudadyregion.com.co\/index.php\/el-ministerio-de-salud-expide-la-resolucion-695-de-2026-y-actualiza-las-exclusiones-de-financiacion-en-el-sistema\/salud\/#primaryimage\"},\"image\":{\"@id\":\"https:\/\/ciudadyregion.com.co\/index.php\/el-ministerio-de-salud-expide-la-resolucion-695-de-2026-y-actualiza-las-exclusiones-de-financiacion-en-el-sistema\/salud\/#primaryimage\"},\"thumbnailUrl\":\"https:\/\/i0.wp.com\/ciudadyregion.com.co\/wp-content\/uploads\/2025\/09\/Minsalud-ministerio-de-salud.jpg?fit=800%2C445&ssl=1\",\"datePublished\":\"2026-04-29T00:11:33+00:00\",\"dateModified\":\"2026-04-29T00:11:33+00:00\",\"author\":{\"@id\":\"https:\/\/ciudadyregion.com.co\/#\/schema\/person\/04a4954373ebc4051f46e8c65ff78622\"},\"breadcrumb\":{\"@id\":\"https:\/\/ciudadyregion.com.co\/index.php\/el-ministerio-de-salud-expide-la-resolucion-695-de-2026-y-actualiza-las-exclusiones-de-financiacion-en-el-sistema\/salud\/#breadcrumb\"},\"inLanguage\":\"es\",\"potentialAction\":[{\"@type\":\"ReadAction\",\"target\":[\"https:\/\/ciudadyregion.com.co\/index.php\/el-ministerio-de-salud-expide-la-resolucion-695-de-2026-y-actualiza-las-exclusiones-de-financiacion-en-el-sistema\/salud\/\"]}]},{\"@type\":\"ImageObject\",\"inLanguage\":\"es\",\"@id\":\"https:\/\/ciudadyregion.com.co\/index.php\/el-ministerio-de-salud-expide-la-resolucion-695-de-2026-y-actualiza-las-exclusiones-de-financiacion-en-el-sistema\/salud\/#primaryimage\",\"url\":\"https:\/\/i0.wp.com\/ciudadyregion.com.co\/wp-content\/uploads\/2025\/09\/Minsalud-ministerio-de-salud.jpg?fit=800%2C445&ssl=1\",\"contentUrl\":\"https:\/\/i0.wp.com\/ciudadyregion.com.co\/wp-content\/uploads\/2025\/09\/Minsalud-ministerio-de-salud.jpg?fit=800%2C445&ssl=1\",\"width\":800,\"height\":445},{\"@type\":\"BreadcrumbList\",\"@id\":\"https:\/\/ciudadyregion.com.co\/index.php\/el-ministerio-de-salud-expide-la-resolucion-695-de-2026-y-actualiza-las-exclusiones-de-financiacion-en-el-sistema\/salud\/#breadcrumb\",\"itemListElement\":[{\"@type\":\"ListItem\",\"position\":1,\"name\":\"Portada\",\"item\":\"https:\/\/ciudadyregion.com.co\/\"},{\"@type\":\"ListItem\",\"position\":2,\"name\":\"El Ministerio de Salud expide la Resoluci\u00f3n 695 de 2026 y actualiza las exclusiones de financiaci\u00f3n en el sistema\"}]},{\"@type\":\"WebSite\",\"@id\":\"https:\/\/ciudadyregion.com.co\/#website\",\"url\":\"https:\/\/ciudadyregion.com.co\/\",\"name\":\"Ciudad y Region\",\"description\":\"\",\"potentialAction\":[{\"@type\":\"SearchAction\",\"target\":{\"@type\":\"EntryPoint\",\"urlTemplate\":\"https:\/\/ciudadyregion.com.co\/?s={search_term_string}\"},\"query-input\":{\"@type\":\"PropertyValueSpecification\",\"valueRequired\":true,\"valueName\":\"search_term_string\"}}],\"inLanguage\":\"es\"},{\"@type\":\"Person\",\"@id\":\"https:\/\/ciudadyregion.com.co\/#\/schema\/person\/04a4954373ebc4051f46e8c65ff78622\",\"name\":\"David Andr\u00e9s Aguirre\",\"image\":{\"@type\":\"ImageObject\",\"inLanguage\":\"es\",\"@id\":\"https:\/\/ciudadyregion.com.co\/#\/schema\/person\/image\/\",\"url\":\"https:\/\/secure.gravatar.com\/avatar\/bc3c655860202182ee6d1b5edd042dbe?s=96&d=mm&r=g\",\"contentUrl\":\"https:\/\/secure.gravatar.com\/avatar\/bc3c655860202182ee6d1b5edd042dbe?s=96&d=mm&r=g\",\"caption\":\"David Andr\u00e9s Aguirre\"},\"url\":\"https:\/\/ciudadyregion.com.co\/index.php\/author\/diegoaguirre\/\"}]}<\/script>\n<!-- \/ Yoast SEO plugin. -->","yoast_head_json":{"title":"El Ministerio de Salud expide la Resoluci\u00f3n 695 de 2026 y actualiza las exclusiones de financiaci\u00f3n en el sistema - Ciudad y Region","robots":{"index":"index","follow":"follow","max-snippet":"max-snippet:-1","max-image-preview":"max-image-preview:large","max-video-preview":"max-video-preview:-1"},"canonical":"https:\/\/ciudadyregion.com.co\/index.php\/el-ministerio-de-salud-expide-la-resolucion-695-de-2026-y-actualiza-las-exclusiones-de-financiacion-en-el-sistema\/salud\/","og_locale":"es_ES","og_type":"article","og_title":"El Ministerio de Salud expide la Resoluci\u00f3n 695 de 2026 y actualiza las exclusiones de financiaci\u00f3n en el sistema - Ciudad y Region","og_description":"El Ministerio de Salud y Protecci\u00f3n Social, a trav\u00e9s de la Direcci\u00f3n de Regulaci\u00f3n de Beneficios, Costos y Tarifas del Aseguramiento en Salud, informa que se expidi\u00f3 la Resoluci\u00f3n 695 de 2026, mediante la cual se actualiza el listado de servicios y tecnolog\u00edas que no ser\u00e1n financiados con recursos p\u00fablicosContinuar Leyendo","og_url":"https:\/\/ciudadyregion.com.co\/index.php\/el-ministerio-de-salud-expide-la-resolucion-695-de-2026-y-actualiza-las-exclusiones-de-financiacion-en-el-sistema\/salud\/","og_site_name":"Ciudad y Region","article_published_time":"2026-04-29T00:11:33+00:00","og_image":[{"width":800,"height":445,"url":"https:\/\/ciudadyregion.com.co\/wp-content\/uploads\/2025\/09\/Minsalud-ministerio-de-salud.jpg","type":"image\/jpeg"}],"author":"David Andr\u00e9s Aguirre","twitter_card":"summary_large_image","twitter_misc":{"Escrito por":"David Andr\u00e9s Aguirre","Tiempo de lectura":"1 minuto"},"schema":{"@context":"https:\/\/schema.org","@graph":[{"@type":"WebPage","@id":"https:\/\/ciudadyregion.com.co\/index.php\/el-ministerio-de-salud-expide-la-resolucion-695-de-2026-y-actualiza-las-exclusiones-de-financiacion-en-el-sistema\/salud\/","url":"https:\/\/ciudadyregion.com.co\/index.php\/el-ministerio-de-salud-expide-la-resolucion-695-de-2026-y-actualiza-las-exclusiones-de-financiacion-en-el-sistema\/salud\/","name":"El Ministerio de Salud expide la Resoluci\u00f3n 695 de 2026 y actualiza las exclusiones de financiaci\u00f3n en el sistema - Ciudad y Region","isPartOf":{"@id":"https:\/\/ciudadyregion.com.co\/#website"},"primaryImageOfPage":{"@id":"https:\/\/ciudadyregion.com.co\/index.php\/el-ministerio-de-salud-expide-la-resolucion-695-de-2026-y-actualiza-las-exclusiones-de-financiacion-en-el-sistema\/salud\/#primaryimage"},"image":{"@id":"https:\/\/ciudadyregion.com.co\/index.php\/el-ministerio-de-salud-expide-la-resolucion-695-de-2026-y-actualiza-las-exclusiones-de-financiacion-en-el-sistema\/salud\/#primaryimage"},"thumbnailUrl":"https:\/\/i0.wp.com\/ciudadyregion.com.co\/wp-content\/uploads\/2025\/09\/Minsalud-ministerio-de-salud.jpg?fit=800%2C445&ssl=1","datePublished":"2026-04-29T00:11:33+00:00","dateModified":"2026-04-29T00:11:33+00:00","author":{"@id":"https:\/\/ciudadyregion.com.co\/#\/schema\/person\/04a4954373ebc4051f46e8c65ff78622"},"breadcrumb":{"@id":"https:\/\/ciudadyregion.com.co\/index.php\/el-ministerio-de-salud-expide-la-resolucion-695-de-2026-y-actualiza-las-exclusiones-de-financiacion-en-el-sistema\/salud\/#breadcrumb"},"inLanguage":"es","potentialAction":[{"@type":"ReadAction","target":["https:\/\/ciudadyregion.com.co\/index.php\/el-ministerio-de-salud-expide-la-resolucion-695-de-2026-y-actualiza-las-exclusiones-de-financiacion-en-el-sistema\/salud\/"]}]},{"@type":"ImageObject","inLanguage":"es","@id":"https:\/\/ciudadyregion.com.co\/index.php\/el-ministerio-de-salud-expide-la-resolucion-695-de-2026-y-actualiza-las-exclusiones-de-financiacion-en-el-sistema\/salud\/#primaryimage","url":"https:\/\/i0.wp.com\/ciudadyregion.com.co\/wp-content\/uploads\/2025\/09\/Minsalud-ministerio-de-salud.jpg?fit=800%2C445&ssl=1","contentUrl":"https:\/\/i0.wp.com\/ciudadyregion.com.co\/wp-content\/uploads\/2025\/09\/Minsalud-ministerio-de-salud.jpg?fit=800%2C445&ssl=1","width":800,"height":445},{"@type":"BreadcrumbList","@id":"https:\/\/ciudadyregion.com.co\/index.php\/el-ministerio-de-salud-expide-la-resolucion-695-de-2026-y-actualiza-las-exclusiones-de-financiacion-en-el-sistema\/salud\/#breadcrumb","itemListElement":[{"@type":"ListItem","position":1,"name":"Portada","item":"https:\/\/ciudadyregion.com.co\/"},{"@type":"ListItem","position":2,"name":"El Ministerio de Salud expide la Resoluci\u00f3n 695 de 2026 y actualiza las exclusiones de financiaci\u00f3n en el sistema"}]},{"@type":"WebSite","@id":"https:\/\/ciudadyregion.com.co\/#website","url":"https:\/\/ciudadyregion.com.co\/","name":"Ciudad y Region","description":"","potentialAction":[{"@type":"SearchAction","target":{"@type":"EntryPoint","urlTemplate":"https:\/\/ciudadyregion.com.co\/?s={search_term_string}"},"query-input":{"@type":"PropertyValueSpecification","valueRequired":true,"valueName":"search_term_string"}}],"inLanguage":"es"},{"@type":"Person","@id":"https:\/\/ciudadyregion.com.co\/#\/schema\/person\/04a4954373ebc4051f46e8c65ff78622","name":"David Andr\u00e9s Aguirre","image":{"@type":"ImageObject","inLanguage":"es","@id":"https:\/\/ciudadyregion.com.co\/#\/schema\/person\/image\/","url":"https:\/\/secure.gravatar.com\/avatar\/bc3c655860202182ee6d1b5edd042dbe?s=96&d=mm&r=g","contentUrl":"https:\/\/secure.gravatar.com\/avatar\/bc3c655860202182ee6d1b5edd042dbe?s=96&d=mm&r=g","caption":"David Andr\u00e9s Aguirre"},"url":"https:\/\/ciudadyregion.com.co\/index.php\/author\/diegoaguirre\/"}]}},"jetpack_featured_media_url":"https:\/\/i0.wp.com\/ciudadyregion.com.co\/wp-content\/uploads\/2025\/09\/Minsalud-ministerio-de-salud.jpg?fit=800%2C445&ssl=1","jetpack_sharing_enabled":true,"jetpack_shortlink":"https:\/\/wp.me\/pbS7hh-fwQ","jetpack-related-posts":[],"_links":{"self":[{"href":"https:\/\/ciudadyregion.com.co\/index.php\/wp-json\/wp\/v2\/posts\/59696"}],"collection":[{"href":"https:\/\/ciudadyregion.com.co\/index.php\/wp-json\/wp\/v2\/posts"}],"about":[{"href":"https:\/\/ciudadyregion.com.co\/index.php\/wp-json\/wp\/v2\/types\/post"}],"author":[{"embeddable":true,"href":"https:\/\/ciudadyregion.com.co\/index.php\/wp-json\/wp\/v2\/users\/2"}],"replies":[{"embeddable":true,"href":"https:\/\/ciudadyregion.com.co\/index.php\/wp-json\/wp\/v2\/comments?post=59696"}],"version-history":[{"count":1,"href":"https:\/\/ciudadyregion.com.co\/index.php\/wp-json\/wp\/v2\/posts\/59696\/revisions"}],"predecessor-version":[{"id":59701,"href":"https:\/\/ciudadyregion.com.co\/index.php\/wp-json\/wp\/v2\/posts\/59696\/revisions\/59701"}],"wp:featuredmedia":[{"embeddable":true,"href":"https:\/\/ciudadyregion.com.co\/index.php\/wp-json\/wp\/v2\/media\/44057"}],"wp:attachment":[{"href":"https:\/\/ciudadyregion.com.co\/index.php\/wp-json\/wp\/v2\/media?parent=59696"}],"wp:term":[{"taxonomy":"category","embeddable":true,"href":"https:\/\/ciudadyregion.com.co\/index.php\/wp-json\/wp\/v2\/categories?post=59696"},{"taxonomy":"post_tag","embeddable":true,"href":"https:\/\/ciudadyregion.com.co\/index.php\/wp-json\/wp\/v2\/tags?post=59696"}],"curies":[{"name":"wp","href":"https:\/\/api.w.org\/{rel}","templated":true}]}}