{"id":59690,"date":"2026-04-28T19:08:10","date_gmt":"2026-04-29T00:08:10","guid":{"rendered":"https:\/\/ciudadyregion.com.co\/?p=59690"},"modified":"2026-04-28T19:08:10","modified_gmt":"2026-04-29T00:08:10","slug":"alcaldia-desarrollo-la-feria-ibague-al-encuentro-con-la-lectura-la-escritura-y-la-oralidad","status":"publish","type":"post","link":"https:\/\/ciudadyregion.com.co\/index.php\/alcaldia-desarrollo-la-feria-ibague-al-encuentro-con-la-lectura-la-escritura-y-la-oralidad\/ibague\/","title":{"rendered":"Alcald\u00eda desarroll\u00f3 la feria \u2018Ibagu\u00e9 al encuentro con la lectura, la escritura y la oralidad\u2019"},"content":{"rendered":"<p>En la jornada, 45 instituciones educativas del municipio socializaron sus proyectos institucionales del \u00e1rea de lengua castellana.<\/p>\n<p>Cuarenta y cinco instituciones educativas de Ibagu\u00e9 se dieron cita en la sede principal de La Sagrada Familia para socializar los proyectos escolares de lectura, escritura y oralidad que vienen desarrollando en sus aulas de clase.<\/p>\n<p>La jornada denominada Feria Ibagu\u00e9 al encuentro con la lectura, la escritura y la oralidad permiti\u00f3 a docentes de lengua castellana, rectores y estudiantes compartir experiencias y saberes en torno a este campo del saber, como insumos para seguir fortaleciendo el amor de los estudiantes por las palabras, el conocimiento y la creatividad.<\/p>\n<p>\u201cLa lectura es una puerta abierta para conocer el mundo y una de las formas m\u00e1s cl\u00e1sicas de ilustrarnos, sin duda hoy tenemos muchas herramientas para leer, la m\u00e1s cl\u00e1sica siempre ser\u00e1 el papel, la m\u00e1s sencilla por cierto y la m\u00e1s humana de todas y es ese mensaje el que queremos reafirmar con estos eventos\u201d, manifest\u00f3 Jairo Andr\u00e9s Cort\u00e9s, director de Calidad Educativa.<\/p>\n<p>El evento cont\u00f3 con la socializaci\u00f3n de los \u00faltimos resultados de las Pruebas Saber, en lo concerniente al \u00e1rea de lectura cr\u00edtica, con el fin de identificar aspectos de mejora para la evaluaci\u00f3n de este a\u00f1o entre los j\u00f3venes alumnos.<\/p>\n<p>La iniciativa da respuesta al Plan Nacional de Lectura, Escritura, Oralidad y Bibliotecas del Gobierno Nacional, el Plan de Desarrollo Ibagu\u00e9 para Todos 2024-2027 y el Acuerdo 011 del 11 de agosto de 2020 del Concejo Municipal, que buscan fortalecer las competencias comunicativas de los estudiantes y promover escenarios que incentiven la lectura, la escritura y la expresi\u00f3n oral como herramientas fundamentales para su formaci\u00f3n integral y su desarrollo acad\u00e9mico y personal.<\/p>\n","protected":false},"excerpt":{"rendered":"<p>En la jornada, 45 instituciones educativas del municipio socializaron sus proyectos institucionales del \u00e1rea de lengua castellana. Cuarenta y cinco instituciones educativas de Ibagu\u00e9 se dieron cita en la sede principal de La Sagrada Familia para socializar los proyectos escolares de lectura, escritura y oralidad que vienen desarrollando en sus<span class=\"more-link\"><a href=\"https:\/\/ciudadyregion.com.co\/index.php\/alcaldia-desarrollo-la-feria-ibague-al-encuentro-con-la-lectura-la-escritura-y-la-oralidad\/ibague\/\">Continuar Leyendo<\/a><\/span><\/p>\n","protected":false},"author":2,"featured_media":59691,"comment_status":"open","ping_status":"open","sticky":false,"template":"","format":"standard","meta":{"_uf_show_specific_survey":0,"_uf_disable_surveys":false,"_jetpack_memberships_contains_paid_content":false,"footnotes":"","jetpack_publicize_message":"","jetpack_publicize_feature_enabled":true,"jetpack_social_post_already_shared":true,"jetpack_social_options":{"image_generator_settings":{"template":"highway","enabled":false},"version":2}},"categories":[14],"tags":[],"class_list":["entry","author-diegoaguirre","post-59690","post","type-post","status-publish","format-standard","has-post-thumbnail","category-ibague"],"jetpack_publicize_connections":[],"yoast_head":"<!-- This site is optimized with the Yoast SEO plugin v24.3 - https:\/\/yoast.com\/wordpress\/plugins\/seo\/ -->\n<title>Alcald\u00eda desarroll\u00f3 la feria \u2018Ibagu\u00e9 al encuentro con la lectura, la escritura y la oralidad\u2019 - Ciudad y Region<\/title>\n<meta name=\"robots\" content=\"index, follow, max-snippet:-1, max-image-preview:large, max-video-preview:-1\" \/>\n<link rel=\"canonical\" href=\"https:\/\/ciudadyregion.com.co\/index.php\/alcaldia-desarrollo-la-feria-ibague-al-encuentro-con-la-lectura-la-escritura-y-la-oralidad\/ibague\/\" \/>\n<meta property=\"og:locale\" content=\"es_ES\" \/>\n<meta property=\"og:type\" content=\"article\" \/>\n<meta property=\"og:title\" content=\"Alcald\u00eda desarroll\u00f3 la feria \u2018Ibagu\u00e9 al encuentro con la lectura, la escritura y la oralidad\u2019 - Ciudad y Region\" \/>\n<meta property=\"og:description\" content=\"En la jornada, 45 instituciones educativas del municipio socializaron sus proyectos institucionales del \u00e1rea de lengua castellana. Cuarenta y cinco instituciones educativas de Ibagu\u00e9 se dieron cita en la sede principal de La Sagrada Familia para socializar los proyectos escolares de lectura, escritura y oralidad que vienen desarrollando en susContinuar Leyendo\" \/>\n<meta property=\"og:url\" content=\"https:\/\/ciudadyregion.com.co\/index.php\/alcaldia-desarrollo-la-feria-ibague-al-encuentro-con-la-lectura-la-escritura-y-la-oralidad\/ibague\/\" \/>\n<meta property=\"og:site_name\" content=\"Ciudad y Region\" \/>\n<meta property=\"article:published_time\" content=\"2026-04-29T00:08:10+00:00\" \/>\n<meta property=\"og:image\" content=\"https:\/\/ciudadyregion.com.co\/wp-content\/uploads\/2026\/04\/a-12-3.jpg\" \/>\n\t<meta property=\"og:image:width\" content=\"800\" \/>\n\t<meta property=\"og:image:height\" content=\"445\" \/>\n\t<meta property=\"og:image:type\" content=\"image\/jpeg\" \/>\n<meta name=\"author\" content=\"David Andr\u00e9s Aguirre\" \/>\n<meta name=\"twitter:card\" content=\"summary_large_image\" \/>\n<meta name=\"twitter:label1\" content=\"Escrito por\" \/>\n\t<meta name=\"twitter:data1\" content=\"David Andr\u00e9s Aguirre\" \/>\n\t<meta name=\"twitter:label2\" content=\"Tiempo de lectura\" \/>\n\t<meta name=\"twitter:data2\" content=\"2 minutos\" \/>\n<script type=\"application\/ld+json\" class=\"yoast-schema-graph\">{\"@context\":\"https:\/\/schema.org\",\"@graph\":[{\"@type\":\"WebPage\",\"@id\":\"https:\/\/ciudadyregion.com.co\/index.php\/alcaldia-desarrollo-la-feria-ibague-al-encuentro-con-la-lectura-la-escritura-y-la-oralidad\/ibague\/\",\"url\":\"https:\/\/ciudadyregion.com.co\/index.php\/alcaldia-desarrollo-la-feria-ibague-al-encuentro-con-la-lectura-la-escritura-y-la-oralidad\/ibague\/\",\"name\":\"Alcald\u00eda desarroll\u00f3 la feria \u2018Ibagu\u00e9 al encuentro con la lectura, la escritura y la oralidad\u2019 - Ciudad y Region\",\"isPartOf\":{\"@id\":\"https:\/\/ciudadyregion.com.co\/#website\"},\"primaryImageOfPage\":{\"@id\":\"https:\/\/ciudadyregion.com.co\/index.php\/alcaldia-desarrollo-la-feria-ibague-al-encuentro-con-la-lectura-la-escritura-y-la-oralidad\/ibague\/#primaryimage\"},\"image\":{\"@id\":\"https:\/\/ciudadyregion.com.co\/index.php\/alcaldia-desarrollo-la-feria-ibague-al-encuentro-con-la-lectura-la-escritura-y-la-oralidad\/ibague\/#primaryimage\"},\"thumbnailUrl\":\"https:\/\/i0.wp.com\/ciudadyregion.com.co\/wp-content\/uploads\/2026\/04\/a-12-3.jpg?fit=800%2C445&ssl=1\",\"datePublished\":\"2026-04-29T00:08:10+00:00\",\"dateModified\":\"2026-04-29T00:08:10+00:00\",\"author\":{\"@id\":\"https:\/\/ciudadyregion.com.co\/#\/schema\/person\/04a4954373ebc4051f46e8c65ff78622\"},\"breadcrumb\":{\"@id\":\"https:\/\/ciudadyregion.com.co\/index.php\/alcaldia-desarrollo-la-feria-ibague-al-encuentro-con-la-lectura-la-escritura-y-la-oralidad\/ibague\/#breadcrumb\"},\"inLanguage\":\"es\",\"potentialAction\":[{\"@type\":\"ReadAction\",\"target\":[\"https:\/\/ciudadyregion.com.co\/index.php\/alcaldia-desarrollo-la-feria-ibague-al-encuentro-con-la-lectura-la-escritura-y-la-oralidad\/ibague\/\"]}]},{\"@type\":\"ImageObject\",\"inLanguage\":\"es\",\"@id\":\"https:\/\/ciudadyregion.com.co\/index.php\/alcaldia-desarrollo-la-feria-ibague-al-encuentro-con-la-lectura-la-escritura-y-la-oralidad\/ibague\/#primaryimage\",\"url\":\"https:\/\/i0.wp.com\/ciudadyregion.com.co\/wp-content\/uploads\/2026\/04\/a-12-3.jpg?fit=800%2C445&ssl=1\",\"contentUrl\":\"https:\/\/i0.wp.com\/ciudadyregion.com.co\/wp-content\/uploads\/2026\/04\/a-12-3.jpg?fit=800%2C445&ssl=1\",\"width\":800,\"height\":445},{\"@type\":\"BreadcrumbList\",\"@id\":\"https:\/\/ciudadyregion.com.co\/index.php\/alcaldia-desarrollo-la-feria-ibague-al-encuentro-con-la-lectura-la-escritura-y-la-oralidad\/ibague\/#breadcrumb\",\"itemListElement\":[{\"@type\":\"ListItem\",\"position\":1,\"name\":\"Portada\",\"item\":\"https:\/\/ciudadyregion.com.co\/\"},{\"@type\":\"ListItem\",\"position\":2,\"name\":\"Alcald\u00eda desarroll\u00f3 la feria \u2018Ibagu\u00e9 al encuentro con la lectura, la escritura y la oralidad\u2019\"}]},{\"@type\":\"WebSite\",\"@id\":\"https:\/\/ciudadyregion.com.co\/#website\",\"url\":\"https:\/\/ciudadyregion.com.co\/\",\"name\":\"Ciudad y Region\",\"description\":\"\",\"potentialAction\":[{\"@type\":\"SearchAction\",\"target\":{\"@type\":\"EntryPoint\",\"urlTemplate\":\"https:\/\/ciudadyregion.com.co\/?s={search_term_string}\"},\"query-input\":{\"@type\":\"PropertyValueSpecification\",\"valueRequired\":true,\"valueName\":\"search_term_string\"}}],\"inLanguage\":\"es\"},{\"@type\":\"Person\",\"@id\":\"https:\/\/ciudadyregion.com.co\/#\/schema\/person\/04a4954373ebc4051f46e8c65ff78622\",\"name\":\"David Andr\u00e9s Aguirre\",\"image\":{\"@type\":\"ImageObject\",\"inLanguage\":\"es\",\"@id\":\"https:\/\/ciudadyregion.com.co\/#\/schema\/person\/image\/\",\"url\":\"https:\/\/secure.gravatar.com\/avatar\/bc3c655860202182ee6d1b5edd042dbe?s=96&d=mm&r=g\",\"contentUrl\":\"https:\/\/secure.gravatar.com\/avatar\/bc3c655860202182ee6d1b5edd042dbe?s=96&d=mm&r=g\",\"caption\":\"David Andr\u00e9s Aguirre\"},\"url\":\"https:\/\/ciudadyregion.com.co\/index.php\/author\/diegoaguirre\/\"}]}<\/script>\n<!-- \/ Yoast SEO plugin. -->","yoast_head_json":{"title":"Alcald\u00eda desarroll\u00f3 la feria \u2018Ibagu\u00e9 al encuentro con la lectura, la escritura y la oralidad\u2019 - Ciudad y Region","robots":{"index":"index","follow":"follow","max-snippet":"max-snippet:-1","max-image-preview":"max-image-preview:large","max-video-preview":"max-video-preview:-1"},"canonical":"https:\/\/ciudadyregion.com.co\/index.php\/alcaldia-desarrollo-la-feria-ibague-al-encuentro-con-la-lectura-la-escritura-y-la-oralidad\/ibague\/","og_locale":"es_ES","og_type":"article","og_title":"Alcald\u00eda desarroll\u00f3 la feria \u2018Ibagu\u00e9 al encuentro con la lectura, la escritura y la oralidad\u2019 - Ciudad y Region","og_description":"En la jornada, 45 instituciones educativas del municipio socializaron sus proyectos institucionales del \u00e1rea de lengua castellana. Cuarenta y cinco instituciones educativas de Ibagu\u00e9 se dieron cita en la sede principal de La Sagrada Familia para socializar los proyectos escolares de lectura, escritura y oralidad que vienen desarrollando en susContinuar Leyendo","og_url":"https:\/\/ciudadyregion.com.co\/index.php\/alcaldia-desarrollo-la-feria-ibague-al-encuentro-con-la-lectura-la-escritura-y-la-oralidad\/ibague\/","og_site_name":"Ciudad y Region","article_published_time":"2026-04-29T00:08:10+00:00","og_image":[{"width":800,"height":445,"url":"https:\/\/ciudadyregion.com.co\/wp-content\/uploads\/2026\/04\/a-12-3.jpg","type":"image\/jpeg"}],"author":"David Andr\u00e9s Aguirre","twitter_card":"summary_large_image","twitter_misc":{"Escrito por":"David Andr\u00e9s Aguirre","Tiempo de lectura":"2 minutos"},"schema":{"@context":"https:\/\/schema.org","@graph":[{"@type":"WebPage","@id":"https:\/\/ciudadyregion.com.co\/index.php\/alcaldia-desarrollo-la-feria-ibague-al-encuentro-con-la-lectura-la-escritura-y-la-oralidad\/ibague\/","url":"https:\/\/ciudadyregion.com.co\/index.php\/alcaldia-desarrollo-la-feria-ibague-al-encuentro-con-la-lectura-la-escritura-y-la-oralidad\/ibague\/","name":"Alcald\u00eda desarroll\u00f3 la feria \u2018Ibagu\u00e9 al encuentro con la lectura, la escritura y la oralidad\u2019 - Ciudad y Region","isPartOf":{"@id":"https:\/\/ciudadyregion.com.co\/#website"},"primaryImageOfPage":{"@id":"https:\/\/ciudadyregion.com.co\/index.php\/alcaldia-desarrollo-la-feria-ibague-al-encuentro-con-la-lectura-la-escritura-y-la-oralidad\/ibague\/#primaryimage"},"image":{"@id":"https:\/\/ciudadyregion.com.co\/index.php\/alcaldia-desarrollo-la-feria-ibague-al-encuentro-con-la-lectura-la-escritura-y-la-oralidad\/ibague\/#primaryimage"},"thumbnailUrl":"https:\/\/i0.wp.com\/ciudadyregion.com.co\/wp-content\/uploads\/2026\/04\/a-12-3.jpg?fit=800%2C445&ssl=1","datePublished":"2026-04-29T00:08:10+00:00","dateModified":"2026-04-29T00:08:10+00:00","author":{"@id":"https:\/\/ciudadyregion.com.co\/#\/schema\/person\/04a4954373ebc4051f46e8c65ff78622"},"breadcrumb":{"@id":"https:\/\/ciudadyregion.com.co\/index.php\/alcaldia-desarrollo-la-feria-ibague-al-encuentro-con-la-lectura-la-escritura-y-la-oralidad\/ibague\/#breadcrumb"},"inLanguage":"es","potentialAction":[{"@type":"ReadAction","target":["https:\/\/ciudadyregion.com.co\/index.php\/alcaldia-desarrollo-la-feria-ibague-al-encuentro-con-la-lectura-la-escritura-y-la-oralidad\/ibague\/"]}]},{"@type":"ImageObject","inLanguage":"es","@id":"https:\/\/ciudadyregion.com.co\/index.php\/alcaldia-desarrollo-la-feria-ibague-al-encuentro-con-la-lectura-la-escritura-y-la-oralidad\/ibague\/#primaryimage","url":"https:\/\/i0.wp.com\/ciudadyregion.com.co\/wp-content\/uploads\/2026\/04\/a-12-3.jpg?fit=800%2C445&ssl=1","contentUrl":"https:\/\/i0.wp.com\/ciudadyregion.com.co\/wp-content\/uploads\/2026\/04\/a-12-3.jpg?fit=800%2C445&ssl=1","width":800,"height":445},{"@type":"BreadcrumbList","@id":"https:\/\/ciudadyregion.com.co\/index.php\/alcaldia-desarrollo-la-feria-ibague-al-encuentro-con-la-lectura-la-escritura-y-la-oralidad\/ibague\/#breadcrumb","itemListElement":[{"@type":"ListItem","position":1,"name":"Portada","item":"https:\/\/ciudadyregion.com.co\/"},{"@type":"ListItem","position":2,"name":"Alcald\u00eda desarroll\u00f3 la feria \u2018Ibagu\u00e9 al encuentro con la lectura, la escritura y la oralidad\u2019"}]},{"@type":"WebSite","@id":"https:\/\/ciudadyregion.com.co\/#website","url":"https:\/\/ciudadyregion.com.co\/","name":"Ciudad y Region","description":"","potentialAction":[{"@type":"SearchAction","target":{"@type":"EntryPoint","urlTemplate":"https:\/\/ciudadyregion.com.co\/?s={search_term_string}"},"query-input":{"@type":"PropertyValueSpecification","valueRequired":true,"valueName":"search_term_string"}}],"inLanguage":"es"},{"@type":"Person","@id":"https:\/\/ciudadyregion.com.co\/#\/schema\/person\/04a4954373ebc4051f46e8c65ff78622","name":"David Andr\u00e9s Aguirre","image":{"@type":"ImageObject","inLanguage":"es","@id":"https:\/\/ciudadyregion.com.co\/#\/schema\/person\/image\/","url":"https:\/\/secure.gravatar.com\/avatar\/bc3c655860202182ee6d1b5edd042dbe?s=96&d=mm&r=g","contentUrl":"https:\/\/secure.gravatar.com\/avatar\/bc3c655860202182ee6d1b5edd042dbe?s=96&d=mm&r=g","caption":"David Andr\u00e9s Aguirre"},"url":"https:\/\/ciudadyregion.com.co\/index.php\/author\/diegoaguirre\/"}]}},"jetpack_featured_media_url":"https:\/\/i0.wp.com\/ciudadyregion.com.co\/wp-content\/uploads\/2026\/04\/a-12-3.jpg?fit=800%2C445&ssl=1","jetpack_sharing_enabled":true,"jetpack_shortlink":"https:\/\/wp.me\/pbS7hh-fwK","jetpack-related-posts":[],"_links":{"self":[{"href":"https:\/\/ciudadyregion.com.co\/index.php\/wp-json\/wp\/v2\/posts\/59690"}],"collection":[{"href":"https:\/\/ciudadyregion.com.co\/index.php\/wp-json\/wp\/v2\/posts"}],"about":[{"href":"https:\/\/ciudadyregion.com.co\/index.php\/wp-json\/wp\/v2\/types\/post"}],"author":[{"embeddable":true,"href":"https:\/\/ciudadyregion.com.co\/index.php\/wp-json\/wp\/v2\/users\/2"}],"replies":[{"embeddable":true,"href":"https:\/\/ciudadyregion.com.co\/index.php\/wp-json\/wp\/v2\/comments?post=59690"}],"version-history":[{"count":1,"href":"https:\/\/ciudadyregion.com.co\/index.php\/wp-json\/wp\/v2\/posts\/59690\/revisions"}],"predecessor-version":[{"id":59692,"href":"https:\/\/ciudadyregion.com.co\/index.php\/wp-json\/wp\/v2\/posts\/59690\/revisions\/59692"}],"wp:featuredmedia":[{"embeddable":true,"href":"https:\/\/ciudadyregion.com.co\/index.php\/wp-json\/wp\/v2\/media\/59691"}],"wp:attachment":[{"href":"https:\/\/ciudadyregion.com.co\/index.php\/wp-json\/wp\/v2\/media?parent=59690"}],"wp:term":[{"taxonomy":"category","embeddable":true,"href":"https:\/\/ciudadyregion.com.co\/index.php\/wp-json\/wp\/v2\/categories?post=59690"},{"taxonomy":"post_tag","embeddable":true,"href":"https:\/\/ciudadyregion.com.co\/index.php\/wp-json\/wp\/v2\/tags?post=59690"}],"curies":[{"name":"wp","href":"https:\/\/api.w.org\/{rel}","templated":true}]}}