{"id":59684,"date":"2026-04-28T19:03:51","date_gmt":"2026-04-29T00:03:51","guid":{"rendered":"https:\/\/ciudadyregion.com.co\/?p=59684"},"modified":"2026-04-28T19:03:51","modified_gmt":"2026-04-29T00:03:51","slug":"ibague-vivira-el-52-festival-folclorico-colombiano-con-agenda-fortalecida-y-mayor-presencia-internacional","status":"publish","type":"post","link":"https:\/\/ciudadyregion.com.co\/index.php\/ibague-vivira-el-52-festival-folclorico-colombiano-con-agenda-fortalecida-y-mayor-presencia-internacional\/ibague\/","title":{"rendered":"Ibagu\u00e9 vivir\u00e1 el 52\u00b0 Festival Folcl\u00f3rico Colombiano con agenda fortalecida y mayor presencia internacional"},"content":{"rendered":"<p>M\u00e1s de 50 actividades har\u00e1n parte de la programaci\u00f3n durante junio, la cual se mantiene sin recortes y contar\u00e1 con delegaciones de Indonesia, China, Serbia, Ucrania, Espa\u00f1a, Cuba, M\u00e9xico y Chile.<\/p>\n<p>El 52\u00b0 Festival Folcl\u00f3rico Colombiano en Ibagu\u00e9 tendr\u00e1 una programaci\u00f3n m\u00e1s amplia que en a\u00f1os anteriores y mantendr\u00e1 la calidad de sus actividades pese a la coyuntura electoral nacional.<\/p>\n<p>De acuerdo con la Administraci\u00f3n Municipal, el trabajo de organizaci\u00f3n inici\u00f3 desde septiembre del a\u00f1o pasado con mesas de articulaci\u00f3n junto a la Secretar\u00eda de Cultura Departamental y diferentes dependencias del Municipio, adem\u00e1s de recorridos t\u00e9cnicos y visitas de campo para identificar las necesidades log\u00edsticas y operativas de cada uno de los eventos programados.<\/p>\n<p>La edici\u00f3n n\u00famero 52 del Festival contar\u00e1 con m\u00e1s de 50 actividades culturales, art\u00edsticas y folcl\u00f3ricas distribuidas a lo largo de todo junio, incluyendo desfiles, encuentros folcl\u00f3ricos, tablados populares, muestras art\u00edsticas y eventos gastron\u00f3micos tradicionales.<\/p>\n<p>Este a\u00f1o el Festival tendr\u00e1 una mayor presencia internacional con la participaci\u00f3n de delegaciones de Indonesia, China, Serbia, Ucrania, Espa\u00f1a, Cuba, M\u00e9xico, Chile, pa\u00edses invitados que har\u00e1n parte de la agenda cultural y art\u00edstica de la celebraci\u00f3n.<\/p>\n<p>\u201cEl Festival Folcl\u00f3rico Colombiano no tendr\u00e1 recortes en sus actividades. Por el contrario, tendremos m\u00e1s eventos que en las ediciones anteriores, m\u00e1s invitados internacionales y una programaci\u00f3n pensada para seguir fortaleciendo nuestra identidad cultural y dinamizando la econom\u00eda de la ciudad\u201d, expres\u00f3 Mauricio Hern\u00e1ndez Cala, secretario de Cultura Municipal.<\/p>\n<p>Asimismo, el funcionario explic\u00f3 que la Administraci\u00f3n Municipal adelanta un ejercicio de optimizaci\u00f3n de recursos y fortalecimiento de alianzas con el sector privado para garantizar la calidad de cada una de las actividades programadas.<\/p>\n<p>\u201cHoy podemos decir que se est\u00e1 cuidando el recurso p\u00fablico sin sacrificar la calidad del festival. Hemos fortalecido el trabajo con empresarios y aliados estrat\u00e9gicos que nos permiten seguir ofreciendo una programaci\u00f3n robusta para ibaguere\u00f1os y visitantes\u201d, agreg\u00f3 el Secretario.<\/p>\n<p>Es de recordar que los desfiles de San Juan y San Pedro mantendr\u00e1n su recorrido habitual. Sin embargo, el desfile de San Juan el 24 de junio finalizar\u00eda en la calle 37 debido a directrices nacionales relacionadas con una posible segunda vuelta presidencial y los protocolos de seguridad establecidos para garantizar los per\u00edmetros de escrutinios y reconteo de votos. Por su parte, el Desfile Nacional de San Pedro conservar\u00e1 su recorrido tradicional hasta la calle 42.<\/p>\n<p>Seg\u00fan cifras entregadas por Fenalco, durante la edici\u00f3n 51 del Festival Folcl\u00f3rico Colombiano cerca de 486 mil visitantes llegaron a Ibagu\u00e9 durante la temporada, generando un importante impacto econ\u00f3mico en sectores como hoteler\u00eda, gastronom\u00eda, transporte, comercio y turismo.<\/p>\n","protected":false},"excerpt":{"rendered":"<p>M\u00e1s de 50 actividades har\u00e1n parte de la programaci\u00f3n durante junio, la cual se mantiene sin recortes y contar\u00e1 con delegaciones de Indonesia, China, Serbia, Ucrania, Espa\u00f1a, Cuba, M\u00e9xico y Chile. El 52\u00b0 Festival Folcl\u00f3rico Colombiano en Ibagu\u00e9 tendr\u00e1 una programaci\u00f3n m\u00e1s amplia que en a\u00f1os anteriores y mantendr\u00e1 la<span class=\"more-link\"><a href=\"https:\/\/ciudadyregion.com.co\/index.php\/ibague-vivira-el-52-festival-folclorico-colombiano-con-agenda-fortalecida-y-mayor-presencia-internacional\/ibague\/\">Continuar Leyendo<\/a><\/span><\/p>\n","protected":false},"author":2,"featured_media":59685,"comment_status":"open","ping_status":"open","sticky":false,"template":"","format":"standard","meta":{"_uf_show_specific_survey":0,"_uf_disable_surveys":false,"_jetpack_memberships_contains_paid_content":false,"footnotes":"","jetpack_publicize_message":"","jetpack_publicize_feature_enabled":true,"jetpack_social_post_already_shared":true,"jetpack_social_options":{"image_generator_settings":{"template":"highway","enabled":false},"version":2}},"categories":[14],"tags":[],"class_list":["entry","author-diegoaguirre","post-59684","post","type-post","status-publish","format-standard","has-post-thumbnail","category-ibague"],"jetpack_publicize_connections":[],"yoast_head":"<!-- This site is optimized with the Yoast SEO plugin v24.3 - https:\/\/yoast.com\/wordpress\/plugins\/seo\/ -->\n<title>Ibagu\u00e9 vivir\u00e1 el 52\u00b0 Festival Folcl\u00f3rico Colombiano con agenda fortalecida y mayor presencia internacional - Ciudad y Region<\/title>\n<meta name=\"robots\" content=\"index, follow, max-snippet:-1, max-image-preview:large, max-video-preview:-1\" \/>\n<link rel=\"canonical\" href=\"https:\/\/ciudadyregion.com.co\/index.php\/ibague-vivira-el-52-festival-folclorico-colombiano-con-agenda-fortalecida-y-mayor-presencia-internacional\/ibague\/\" \/>\n<meta property=\"og:locale\" content=\"es_ES\" \/>\n<meta property=\"og:type\" content=\"article\" \/>\n<meta property=\"og:title\" content=\"Ibagu\u00e9 vivir\u00e1 el 52\u00b0 Festival Folcl\u00f3rico Colombiano con agenda fortalecida y mayor presencia internacional - Ciudad y Region\" \/>\n<meta property=\"og:description\" content=\"M\u00e1s de 50 actividades har\u00e1n parte de la programaci\u00f3n durante junio, la cual se mantiene sin recortes y contar\u00e1 con delegaciones de Indonesia, China, Serbia, Ucrania, Espa\u00f1a, Cuba, M\u00e9xico y Chile. El 52\u00b0 Festival Folcl\u00f3rico Colombiano en Ibagu\u00e9 tendr\u00e1 una programaci\u00f3n m\u00e1s amplia que en a\u00f1os anteriores y mantendr\u00e1 laContinuar Leyendo\" \/>\n<meta property=\"og:url\" content=\"https:\/\/ciudadyregion.com.co\/index.php\/ibague-vivira-el-52-festival-folclorico-colombiano-con-agenda-fortalecida-y-mayor-presencia-internacional\/ibague\/\" \/>\n<meta property=\"og:site_name\" content=\"Ciudad y Region\" \/>\n<meta property=\"article:published_time\" content=\"2026-04-29T00:03:51+00:00\" \/>\n<meta property=\"og:image\" content=\"https:\/\/ciudadyregion.com.co\/wp-content\/uploads\/2026\/04\/a-13-1.jpg\" \/>\n\t<meta property=\"og:image:width\" content=\"800\" \/>\n\t<meta property=\"og:image:height\" content=\"445\" \/>\n\t<meta property=\"og:image:type\" content=\"image\/jpeg\" \/>\n<meta name=\"author\" content=\"David Andr\u00e9s Aguirre\" \/>\n<meta name=\"twitter:card\" content=\"summary_large_image\" \/>\n<meta name=\"twitter:label1\" content=\"Escrito por\" \/>\n\t<meta name=\"twitter:data1\" content=\"David Andr\u00e9s Aguirre\" \/>\n\t<meta name=\"twitter:label2\" content=\"Tiempo de lectura\" \/>\n\t<meta name=\"twitter:data2\" content=\"3 minutos\" \/>\n<script type=\"application\/ld+json\" class=\"yoast-schema-graph\">{\"@context\":\"https:\/\/schema.org\",\"@graph\":[{\"@type\":\"WebPage\",\"@id\":\"https:\/\/ciudadyregion.com.co\/index.php\/ibague-vivira-el-52-festival-folclorico-colombiano-con-agenda-fortalecida-y-mayor-presencia-internacional\/ibague\/\",\"url\":\"https:\/\/ciudadyregion.com.co\/index.php\/ibague-vivira-el-52-festival-folclorico-colombiano-con-agenda-fortalecida-y-mayor-presencia-internacional\/ibague\/\",\"name\":\"Ibagu\u00e9 vivir\u00e1 el 52\u00b0 Festival Folcl\u00f3rico Colombiano con agenda fortalecida y mayor presencia internacional - Ciudad y Region\",\"isPartOf\":{\"@id\":\"https:\/\/ciudadyregion.com.co\/#website\"},\"primaryImageOfPage\":{\"@id\":\"https:\/\/ciudadyregion.com.co\/index.php\/ibague-vivira-el-52-festival-folclorico-colombiano-con-agenda-fortalecida-y-mayor-presencia-internacional\/ibague\/#primaryimage\"},\"image\":{\"@id\":\"https:\/\/ciudadyregion.com.co\/index.php\/ibague-vivira-el-52-festival-folclorico-colombiano-con-agenda-fortalecida-y-mayor-presencia-internacional\/ibague\/#primaryimage\"},\"thumbnailUrl\":\"https:\/\/i0.wp.com\/ciudadyregion.com.co\/wp-content\/uploads\/2026\/04\/a-13-1.jpg?fit=800%2C445&ssl=1\",\"datePublished\":\"2026-04-29T00:03:51+00:00\",\"dateModified\":\"2026-04-29T00:03:51+00:00\",\"author\":{\"@id\":\"https:\/\/ciudadyregion.com.co\/#\/schema\/person\/04a4954373ebc4051f46e8c65ff78622\"},\"breadcrumb\":{\"@id\":\"https:\/\/ciudadyregion.com.co\/index.php\/ibague-vivira-el-52-festival-folclorico-colombiano-con-agenda-fortalecida-y-mayor-presencia-internacional\/ibague\/#breadcrumb\"},\"inLanguage\":\"es\",\"potentialAction\":[{\"@type\":\"ReadAction\",\"target\":[\"https:\/\/ciudadyregion.com.co\/index.php\/ibague-vivira-el-52-festival-folclorico-colombiano-con-agenda-fortalecida-y-mayor-presencia-internacional\/ibague\/\"]}]},{\"@type\":\"ImageObject\",\"inLanguage\":\"es\",\"@id\":\"https:\/\/ciudadyregion.com.co\/index.php\/ibague-vivira-el-52-festival-folclorico-colombiano-con-agenda-fortalecida-y-mayor-presencia-internacional\/ibague\/#primaryimage\",\"url\":\"https:\/\/i0.wp.com\/ciudadyregion.com.co\/wp-content\/uploads\/2026\/04\/a-13-1.jpg?fit=800%2C445&ssl=1\",\"contentUrl\":\"https:\/\/i0.wp.com\/ciudadyregion.com.co\/wp-content\/uploads\/2026\/04\/a-13-1.jpg?fit=800%2C445&ssl=1\",\"width\":800,\"height\":445},{\"@type\":\"BreadcrumbList\",\"@id\":\"https:\/\/ciudadyregion.com.co\/index.php\/ibague-vivira-el-52-festival-folclorico-colombiano-con-agenda-fortalecida-y-mayor-presencia-internacional\/ibague\/#breadcrumb\",\"itemListElement\":[{\"@type\":\"ListItem\",\"position\":1,\"name\":\"Portada\",\"item\":\"https:\/\/ciudadyregion.com.co\/\"},{\"@type\":\"ListItem\",\"position\":2,\"name\":\"Ibagu\u00e9 vivir\u00e1 el 52\u00b0 Festival Folcl\u00f3rico Colombiano con agenda fortalecida y mayor presencia internacional\"}]},{\"@type\":\"WebSite\",\"@id\":\"https:\/\/ciudadyregion.com.co\/#website\",\"url\":\"https:\/\/ciudadyregion.com.co\/\",\"name\":\"Ciudad y Region\",\"description\":\"\",\"potentialAction\":[{\"@type\":\"SearchAction\",\"target\":{\"@type\":\"EntryPoint\",\"urlTemplate\":\"https:\/\/ciudadyregion.com.co\/?s={search_term_string}\"},\"query-input\":{\"@type\":\"PropertyValueSpecification\",\"valueRequired\":true,\"valueName\":\"search_term_string\"}}],\"inLanguage\":\"es\"},{\"@type\":\"Person\",\"@id\":\"https:\/\/ciudadyregion.com.co\/#\/schema\/person\/04a4954373ebc4051f46e8c65ff78622\",\"name\":\"David Andr\u00e9s Aguirre\",\"image\":{\"@type\":\"ImageObject\",\"inLanguage\":\"es\",\"@id\":\"https:\/\/ciudadyregion.com.co\/#\/schema\/person\/image\/\",\"url\":\"https:\/\/secure.gravatar.com\/avatar\/bc3c655860202182ee6d1b5edd042dbe?s=96&d=mm&r=g\",\"contentUrl\":\"https:\/\/secure.gravatar.com\/avatar\/bc3c655860202182ee6d1b5edd042dbe?s=96&d=mm&r=g\",\"caption\":\"David Andr\u00e9s Aguirre\"},\"url\":\"https:\/\/ciudadyregion.com.co\/index.php\/author\/diegoaguirre\/\"}]}<\/script>\n<!-- \/ Yoast SEO plugin. -->","yoast_head_json":{"title":"Ibagu\u00e9 vivir\u00e1 el 52\u00b0 Festival Folcl\u00f3rico Colombiano con agenda fortalecida y mayor presencia internacional - Ciudad y Region","robots":{"index":"index","follow":"follow","max-snippet":"max-snippet:-1","max-image-preview":"max-image-preview:large","max-video-preview":"max-video-preview:-1"},"canonical":"https:\/\/ciudadyregion.com.co\/index.php\/ibague-vivira-el-52-festival-folclorico-colombiano-con-agenda-fortalecida-y-mayor-presencia-internacional\/ibague\/","og_locale":"es_ES","og_type":"article","og_title":"Ibagu\u00e9 vivir\u00e1 el 52\u00b0 Festival Folcl\u00f3rico Colombiano con agenda fortalecida y mayor presencia internacional - Ciudad y Region","og_description":"M\u00e1s de 50 actividades har\u00e1n parte de la programaci\u00f3n durante junio, la cual se mantiene sin recortes y contar\u00e1 con delegaciones de Indonesia, China, Serbia, Ucrania, Espa\u00f1a, Cuba, M\u00e9xico y Chile. El 52\u00b0 Festival Folcl\u00f3rico Colombiano en Ibagu\u00e9 tendr\u00e1 una programaci\u00f3n m\u00e1s amplia que en a\u00f1os anteriores y mantendr\u00e1 laContinuar Leyendo","og_url":"https:\/\/ciudadyregion.com.co\/index.php\/ibague-vivira-el-52-festival-folclorico-colombiano-con-agenda-fortalecida-y-mayor-presencia-internacional\/ibague\/","og_site_name":"Ciudad y Region","article_published_time":"2026-04-29T00:03:51+00:00","og_image":[{"width":800,"height":445,"url":"https:\/\/ciudadyregion.com.co\/wp-content\/uploads\/2026\/04\/a-13-1.jpg","type":"image\/jpeg"}],"author":"David Andr\u00e9s Aguirre","twitter_card":"summary_large_image","twitter_misc":{"Escrito por":"David Andr\u00e9s Aguirre","Tiempo de lectura":"3 minutos"},"schema":{"@context":"https:\/\/schema.org","@graph":[{"@type":"WebPage","@id":"https:\/\/ciudadyregion.com.co\/index.php\/ibague-vivira-el-52-festival-folclorico-colombiano-con-agenda-fortalecida-y-mayor-presencia-internacional\/ibague\/","url":"https:\/\/ciudadyregion.com.co\/index.php\/ibague-vivira-el-52-festival-folclorico-colombiano-con-agenda-fortalecida-y-mayor-presencia-internacional\/ibague\/","name":"Ibagu\u00e9 vivir\u00e1 el 52\u00b0 Festival Folcl\u00f3rico Colombiano con agenda fortalecida y mayor presencia internacional - Ciudad y Region","isPartOf":{"@id":"https:\/\/ciudadyregion.com.co\/#website"},"primaryImageOfPage":{"@id":"https:\/\/ciudadyregion.com.co\/index.php\/ibague-vivira-el-52-festival-folclorico-colombiano-con-agenda-fortalecida-y-mayor-presencia-internacional\/ibague\/#primaryimage"},"image":{"@id":"https:\/\/ciudadyregion.com.co\/index.php\/ibague-vivira-el-52-festival-folclorico-colombiano-con-agenda-fortalecida-y-mayor-presencia-internacional\/ibague\/#primaryimage"},"thumbnailUrl":"https:\/\/i0.wp.com\/ciudadyregion.com.co\/wp-content\/uploads\/2026\/04\/a-13-1.jpg?fit=800%2C445&ssl=1","datePublished":"2026-04-29T00:03:51+00:00","dateModified":"2026-04-29T00:03:51+00:00","author":{"@id":"https:\/\/ciudadyregion.com.co\/#\/schema\/person\/04a4954373ebc4051f46e8c65ff78622"},"breadcrumb":{"@id":"https:\/\/ciudadyregion.com.co\/index.php\/ibague-vivira-el-52-festival-folclorico-colombiano-con-agenda-fortalecida-y-mayor-presencia-internacional\/ibague\/#breadcrumb"},"inLanguage":"es","potentialAction":[{"@type":"ReadAction","target":["https:\/\/ciudadyregion.com.co\/index.php\/ibague-vivira-el-52-festival-folclorico-colombiano-con-agenda-fortalecida-y-mayor-presencia-internacional\/ibague\/"]}]},{"@type":"ImageObject","inLanguage":"es","@id":"https:\/\/ciudadyregion.com.co\/index.php\/ibague-vivira-el-52-festival-folclorico-colombiano-con-agenda-fortalecida-y-mayor-presencia-internacional\/ibague\/#primaryimage","url":"https:\/\/i0.wp.com\/ciudadyregion.com.co\/wp-content\/uploads\/2026\/04\/a-13-1.jpg?fit=800%2C445&ssl=1","contentUrl":"https:\/\/i0.wp.com\/ciudadyregion.com.co\/wp-content\/uploads\/2026\/04\/a-13-1.jpg?fit=800%2C445&ssl=1","width":800,"height":445},{"@type":"BreadcrumbList","@id":"https:\/\/ciudadyregion.com.co\/index.php\/ibague-vivira-el-52-festival-folclorico-colombiano-con-agenda-fortalecida-y-mayor-presencia-internacional\/ibague\/#breadcrumb","itemListElement":[{"@type":"ListItem","position":1,"name":"Portada","item":"https:\/\/ciudadyregion.com.co\/"},{"@type":"ListItem","position":2,"name":"Ibagu\u00e9 vivir\u00e1 el 52\u00b0 Festival Folcl\u00f3rico Colombiano con agenda fortalecida y mayor presencia internacional"}]},{"@type":"WebSite","@id":"https:\/\/ciudadyregion.com.co\/#website","url":"https:\/\/ciudadyregion.com.co\/","name":"Ciudad y Region","description":"","potentialAction":[{"@type":"SearchAction","target":{"@type":"EntryPoint","urlTemplate":"https:\/\/ciudadyregion.com.co\/?s={search_term_string}"},"query-input":{"@type":"PropertyValueSpecification","valueRequired":true,"valueName":"search_term_string"}}],"inLanguage":"es"},{"@type":"Person","@id":"https:\/\/ciudadyregion.com.co\/#\/schema\/person\/04a4954373ebc4051f46e8c65ff78622","name":"David Andr\u00e9s Aguirre","image":{"@type":"ImageObject","inLanguage":"es","@id":"https:\/\/ciudadyregion.com.co\/#\/schema\/person\/image\/","url":"https:\/\/secure.gravatar.com\/avatar\/bc3c655860202182ee6d1b5edd042dbe?s=96&d=mm&r=g","contentUrl":"https:\/\/secure.gravatar.com\/avatar\/bc3c655860202182ee6d1b5edd042dbe?s=96&d=mm&r=g","caption":"David Andr\u00e9s Aguirre"},"url":"https:\/\/ciudadyregion.com.co\/index.php\/author\/diegoaguirre\/"}]}},"jetpack_featured_media_url":"https:\/\/i0.wp.com\/ciudadyregion.com.co\/wp-content\/uploads\/2026\/04\/a-13-1.jpg?fit=800%2C445&ssl=1","jetpack_sharing_enabled":true,"jetpack_shortlink":"https:\/\/wp.me\/pbS7hh-fwE","jetpack-related-posts":[],"_links":{"self":[{"href":"https:\/\/ciudadyregion.com.co\/index.php\/wp-json\/wp\/v2\/posts\/59684"}],"collection":[{"href":"https:\/\/ciudadyregion.com.co\/index.php\/wp-json\/wp\/v2\/posts"}],"about":[{"href":"https:\/\/ciudadyregion.com.co\/index.php\/wp-json\/wp\/v2\/types\/post"}],"author":[{"embeddable":true,"href":"https:\/\/ciudadyregion.com.co\/index.php\/wp-json\/wp\/v2\/users\/2"}],"replies":[{"embeddable":true,"href":"https:\/\/ciudadyregion.com.co\/index.php\/wp-json\/wp\/v2\/comments?post=59684"}],"version-history":[{"count":1,"href":"https:\/\/ciudadyregion.com.co\/index.php\/wp-json\/wp\/v2\/posts\/59684\/revisions"}],"predecessor-version":[{"id":59686,"href":"https:\/\/ciudadyregion.com.co\/index.php\/wp-json\/wp\/v2\/posts\/59684\/revisions\/59686"}],"wp:featuredmedia":[{"embeddable":true,"href":"https:\/\/ciudadyregion.com.co\/index.php\/wp-json\/wp\/v2\/media\/59685"}],"wp:attachment":[{"href":"https:\/\/ciudadyregion.com.co\/index.php\/wp-json\/wp\/v2\/media?parent=59684"}],"wp:term":[{"taxonomy":"category","embeddable":true,"href":"https:\/\/ciudadyregion.com.co\/index.php\/wp-json\/wp\/v2\/categories?post=59684"},{"taxonomy":"post_tag","embeddable":true,"href":"https:\/\/ciudadyregion.com.co\/index.php\/wp-json\/wp\/v2\/tags?post=59684"}],"curies":[{"name":"wp","href":"https:\/\/api.w.org\/{rel}","templated":true}]}}