{"id":59681,"date":"2026-04-28T19:01:34","date_gmt":"2026-04-29T00:01:34","guid":{"rendered":"https:\/\/ciudadyregion.com.co\/?p=59681"},"modified":"2026-04-28T19:01:34","modified_gmt":"2026-04-29T00:01:34","slug":"el-futuro-del-tenis-internacional-brillo-en-el-torneo-itf-juvenil-j30-en-el-parque-deportivo","status":"publish","type":"post","link":"https:\/\/ciudadyregion.com.co\/index.php\/el-futuro-del-tenis-internacional-brillo-en-el-torneo-itf-juvenil-j30-en-el-parque-deportivo\/ibague\/","title":{"rendered":"El futuro del tenis internacional brill\u00f3 en el Torneo ITF Juvenil J30 en el Parque Deportivo"},"content":{"rendered":"<p>Con 115 representantes de 8 pa\u00edses, el Complejo de Raquetas volvi\u00f3 a dejar en alto el nombre de Ibagu\u00e9.<\/p>\n<p>Se cumpli\u00f3 con \u00e9xito el Torneo ITF Juvenil J30 con la actuaci\u00f3n de las mejoras raquetas de varios pa\u00edses, certamen internacional avalado por la Federaci\u00f3n Colombiana de Tenis y apoyado por la Alcald\u00eda con el respaldo del Imdri.<\/p>\n<p>Delegaciones de Brasil, Canad\u00e1, Chile Ecuador, Estados Unidos, Suecia, Venezuela y Colombia se dieron cita durante una semana en las instalaciones del Complejo de Raquetas del Parque Deportivo y ratificaron el nivel de sus deportistas.<\/p>\n<p>Los resultados fueron los siguientes: en femenino, la deportista Laura Villamil venci\u00f3 a Celeste Orozco, ambas de Colombia; mientras que en masculino el tenista Martin Pages, de Canad\u00e1, se coron\u00f3 campe\u00f3n luego de vencer al local Jairo Casta\u00f1eda con parciales de 7 \u2013 5 y 6 \u2013 3.<\/p>\n<p>\u201cSeguiremos dinamizando la econom\u00eda desde el deporte. Destacamos siempre el respaldo y acompa\u00f1amiento de la Administraci\u00f3n Municipal en estas gestiones, y desde ya estamos planificando el segundo semestre en lo competitivo\u201d, dijo Alba Luc\u00eda D\u00edaz, presidenta de la Liga de Tenis del Tolima.<\/p>\n<p>Cabe destacar que el Instituto Municipal para el Deporte y la Recreaci\u00f3n, IMDRI, garantiza este tipo de cert\u00e1menes con un trabajo articulado con los organismos deportivos, algo fundamental para fortalecer los procesos.<\/p>\n","protected":false},"excerpt":{"rendered":"<p>Con 115 representantes de 8 pa\u00edses, el Complejo de Raquetas volvi\u00f3 a dejar en alto el nombre de Ibagu\u00e9. Se cumpli\u00f3 con \u00e9xito el Torneo ITF Juvenil J30 con la actuaci\u00f3n de las mejoras raquetas de varios pa\u00edses, certamen internacional avalado por la Federaci\u00f3n Colombiana de Tenis y apoyado por<span class=\"more-link\"><a href=\"https:\/\/ciudadyregion.com.co\/index.php\/el-futuro-del-tenis-internacional-brillo-en-el-torneo-itf-juvenil-j30-en-el-parque-deportivo\/ibague\/\">Continuar Leyendo<\/a><\/span><\/p>\n","protected":false},"author":2,"featured_media":59682,"comment_status":"open","ping_status":"open","sticky":false,"template":"","format":"standard","meta":{"_uf_show_specific_survey":0,"_uf_disable_surveys":false,"_jetpack_memberships_contains_paid_content":false,"footnotes":"","jetpack_publicize_message":"","jetpack_publicize_feature_enabled":true,"jetpack_social_post_already_shared":true,"jetpack_social_options":{"image_generator_settings":{"template":"highway","enabled":false},"version":2}},"categories":[14],"tags":[],"class_list":["entry","author-diegoaguirre","post-59681","post","type-post","status-publish","format-standard","has-post-thumbnail","category-ibague"],"jetpack_publicize_connections":[],"yoast_head":"<!-- This site is optimized with the Yoast SEO plugin v24.3 - https:\/\/yoast.com\/wordpress\/plugins\/seo\/ -->\n<title>El futuro del tenis internacional brill\u00f3 en el Torneo ITF Juvenil J30 en el Parque Deportivo - Ciudad y Region<\/title>\n<meta name=\"robots\" content=\"index, follow, max-snippet:-1, max-image-preview:large, max-video-preview:-1\" \/>\n<link rel=\"canonical\" href=\"https:\/\/ciudadyregion.com.co\/index.php\/el-futuro-del-tenis-internacional-brillo-en-el-torneo-itf-juvenil-j30-en-el-parque-deportivo\/ibague\/\" \/>\n<meta property=\"og:locale\" content=\"es_ES\" \/>\n<meta property=\"og:type\" content=\"article\" \/>\n<meta property=\"og:title\" content=\"El futuro del tenis internacional brill\u00f3 en el Torneo ITF Juvenil J30 en el Parque Deportivo - Ciudad y Region\" \/>\n<meta property=\"og:description\" content=\"Con 115 representantes de 8 pa\u00edses, el Complejo de Raquetas volvi\u00f3 a dejar en alto el nombre de Ibagu\u00e9. Se cumpli\u00f3 con \u00e9xito el Torneo ITF Juvenil J30 con la actuaci\u00f3n de las mejoras raquetas de varios pa\u00edses, certamen internacional avalado por la Federaci\u00f3n Colombiana de Tenis y apoyado porContinuar Leyendo\" \/>\n<meta property=\"og:url\" content=\"https:\/\/ciudadyregion.com.co\/index.php\/el-futuro-del-tenis-internacional-brillo-en-el-torneo-itf-juvenil-j30-en-el-parque-deportivo\/ibague\/\" \/>\n<meta property=\"og:site_name\" content=\"Ciudad y Region\" \/>\n<meta property=\"article:published_time\" content=\"2026-04-29T00:01:34+00:00\" \/>\n<meta property=\"og:image\" content=\"https:\/\/ciudadyregion.com.co\/wp-content\/uploads\/2026\/04\/a-12-1.jpg\" \/>\n\t<meta property=\"og:image:width\" content=\"800\" \/>\n\t<meta property=\"og:image:height\" content=\"445\" \/>\n\t<meta property=\"og:image:type\" content=\"image\/jpeg\" \/>\n<meta name=\"author\" content=\"David Andr\u00e9s Aguirre\" \/>\n<meta name=\"twitter:card\" content=\"summary_large_image\" \/>\n<meta name=\"twitter:label1\" content=\"Escrito por\" \/>\n\t<meta name=\"twitter:data1\" content=\"David Andr\u00e9s Aguirre\" \/>\n\t<meta name=\"twitter:label2\" content=\"Tiempo de lectura\" \/>\n\t<meta name=\"twitter:data2\" content=\"2 minutos\" \/>\n<script type=\"application\/ld+json\" class=\"yoast-schema-graph\">{\"@context\":\"https:\/\/schema.org\",\"@graph\":[{\"@type\":\"WebPage\",\"@id\":\"https:\/\/ciudadyregion.com.co\/index.php\/el-futuro-del-tenis-internacional-brillo-en-el-torneo-itf-juvenil-j30-en-el-parque-deportivo\/ibague\/\",\"url\":\"https:\/\/ciudadyregion.com.co\/index.php\/el-futuro-del-tenis-internacional-brillo-en-el-torneo-itf-juvenil-j30-en-el-parque-deportivo\/ibague\/\",\"name\":\"El futuro del tenis internacional brill\u00f3 en el Torneo ITF Juvenil J30 en el Parque Deportivo - Ciudad y Region\",\"isPartOf\":{\"@id\":\"https:\/\/ciudadyregion.com.co\/#website\"},\"primaryImageOfPage\":{\"@id\":\"https:\/\/ciudadyregion.com.co\/index.php\/el-futuro-del-tenis-internacional-brillo-en-el-torneo-itf-juvenil-j30-en-el-parque-deportivo\/ibague\/#primaryimage\"},\"image\":{\"@id\":\"https:\/\/ciudadyregion.com.co\/index.php\/el-futuro-del-tenis-internacional-brillo-en-el-torneo-itf-juvenil-j30-en-el-parque-deportivo\/ibague\/#primaryimage\"},\"thumbnailUrl\":\"https:\/\/i0.wp.com\/ciudadyregion.com.co\/wp-content\/uploads\/2026\/04\/a-12-1.jpg?fit=800%2C445&ssl=1\",\"datePublished\":\"2026-04-29T00:01:34+00:00\",\"dateModified\":\"2026-04-29T00:01:34+00:00\",\"author\":{\"@id\":\"https:\/\/ciudadyregion.com.co\/#\/schema\/person\/04a4954373ebc4051f46e8c65ff78622\"},\"breadcrumb\":{\"@id\":\"https:\/\/ciudadyregion.com.co\/index.php\/el-futuro-del-tenis-internacional-brillo-en-el-torneo-itf-juvenil-j30-en-el-parque-deportivo\/ibague\/#breadcrumb\"},\"inLanguage\":\"es\",\"potentialAction\":[{\"@type\":\"ReadAction\",\"target\":[\"https:\/\/ciudadyregion.com.co\/index.php\/el-futuro-del-tenis-internacional-brillo-en-el-torneo-itf-juvenil-j30-en-el-parque-deportivo\/ibague\/\"]}]},{\"@type\":\"ImageObject\",\"inLanguage\":\"es\",\"@id\":\"https:\/\/ciudadyregion.com.co\/index.php\/el-futuro-del-tenis-internacional-brillo-en-el-torneo-itf-juvenil-j30-en-el-parque-deportivo\/ibague\/#primaryimage\",\"url\":\"https:\/\/i0.wp.com\/ciudadyregion.com.co\/wp-content\/uploads\/2026\/04\/a-12-1.jpg?fit=800%2C445&ssl=1\",\"contentUrl\":\"https:\/\/i0.wp.com\/ciudadyregion.com.co\/wp-content\/uploads\/2026\/04\/a-12-1.jpg?fit=800%2C445&ssl=1\",\"width\":800,\"height\":445},{\"@type\":\"BreadcrumbList\",\"@id\":\"https:\/\/ciudadyregion.com.co\/index.php\/el-futuro-del-tenis-internacional-brillo-en-el-torneo-itf-juvenil-j30-en-el-parque-deportivo\/ibague\/#breadcrumb\",\"itemListElement\":[{\"@type\":\"ListItem\",\"position\":1,\"name\":\"Portada\",\"item\":\"https:\/\/ciudadyregion.com.co\/\"},{\"@type\":\"ListItem\",\"position\":2,\"name\":\"El futuro del tenis internacional brill\u00f3 en el Torneo ITF Juvenil J30 en el Parque Deportivo\"}]},{\"@type\":\"WebSite\",\"@id\":\"https:\/\/ciudadyregion.com.co\/#website\",\"url\":\"https:\/\/ciudadyregion.com.co\/\",\"name\":\"Ciudad y Region\",\"description\":\"\",\"potentialAction\":[{\"@type\":\"SearchAction\",\"target\":{\"@type\":\"EntryPoint\",\"urlTemplate\":\"https:\/\/ciudadyregion.com.co\/?s={search_term_string}\"},\"query-input\":{\"@type\":\"PropertyValueSpecification\",\"valueRequired\":true,\"valueName\":\"search_term_string\"}}],\"inLanguage\":\"es\"},{\"@type\":\"Person\",\"@id\":\"https:\/\/ciudadyregion.com.co\/#\/schema\/person\/04a4954373ebc4051f46e8c65ff78622\",\"name\":\"David Andr\u00e9s Aguirre\",\"image\":{\"@type\":\"ImageObject\",\"inLanguage\":\"es\",\"@id\":\"https:\/\/ciudadyregion.com.co\/#\/schema\/person\/image\/\",\"url\":\"https:\/\/secure.gravatar.com\/avatar\/bc3c655860202182ee6d1b5edd042dbe?s=96&d=mm&r=g\",\"contentUrl\":\"https:\/\/secure.gravatar.com\/avatar\/bc3c655860202182ee6d1b5edd042dbe?s=96&d=mm&r=g\",\"caption\":\"David Andr\u00e9s Aguirre\"},\"url\":\"https:\/\/ciudadyregion.com.co\/index.php\/author\/diegoaguirre\/\"}]}<\/script>\n<!-- \/ Yoast SEO plugin. -->","yoast_head_json":{"title":"El futuro del tenis internacional brill\u00f3 en el Torneo ITF Juvenil J30 en el Parque Deportivo - Ciudad y Region","robots":{"index":"index","follow":"follow","max-snippet":"max-snippet:-1","max-image-preview":"max-image-preview:large","max-video-preview":"max-video-preview:-1"},"canonical":"https:\/\/ciudadyregion.com.co\/index.php\/el-futuro-del-tenis-internacional-brillo-en-el-torneo-itf-juvenil-j30-en-el-parque-deportivo\/ibague\/","og_locale":"es_ES","og_type":"article","og_title":"El futuro del tenis internacional brill\u00f3 en el Torneo ITF Juvenil J30 en el Parque Deportivo - Ciudad y Region","og_description":"Con 115 representantes de 8 pa\u00edses, el Complejo de Raquetas volvi\u00f3 a dejar en alto el nombre de Ibagu\u00e9. Se cumpli\u00f3 con \u00e9xito el Torneo ITF Juvenil J30 con la actuaci\u00f3n de las mejoras raquetas de varios pa\u00edses, certamen internacional avalado por la Federaci\u00f3n Colombiana de Tenis y apoyado porContinuar Leyendo","og_url":"https:\/\/ciudadyregion.com.co\/index.php\/el-futuro-del-tenis-internacional-brillo-en-el-torneo-itf-juvenil-j30-en-el-parque-deportivo\/ibague\/","og_site_name":"Ciudad y Region","article_published_time":"2026-04-29T00:01:34+00:00","og_image":[{"width":800,"height":445,"url":"https:\/\/ciudadyregion.com.co\/wp-content\/uploads\/2026\/04\/a-12-1.jpg","type":"image\/jpeg"}],"author":"David Andr\u00e9s Aguirre","twitter_card":"summary_large_image","twitter_misc":{"Escrito por":"David Andr\u00e9s Aguirre","Tiempo de lectura":"2 minutos"},"schema":{"@context":"https:\/\/schema.org","@graph":[{"@type":"WebPage","@id":"https:\/\/ciudadyregion.com.co\/index.php\/el-futuro-del-tenis-internacional-brillo-en-el-torneo-itf-juvenil-j30-en-el-parque-deportivo\/ibague\/","url":"https:\/\/ciudadyregion.com.co\/index.php\/el-futuro-del-tenis-internacional-brillo-en-el-torneo-itf-juvenil-j30-en-el-parque-deportivo\/ibague\/","name":"El futuro del tenis internacional brill\u00f3 en el Torneo ITF Juvenil J30 en el Parque Deportivo - Ciudad y Region","isPartOf":{"@id":"https:\/\/ciudadyregion.com.co\/#website"},"primaryImageOfPage":{"@id":"https:\/\/ciudadyregion.com.co\/index.php\/el-futuro-del-tenis-internacional-brillo-en-el-torneo-itf-juvenil-j30-en-el-parque-deportivo\/ibague\/#primaryimage"},"image":{"@id":"https:\/\/ciudadyregion.com.co\/index.php\/el-futuro-del-tenis-internacional-brillo-en-el-torneo-itf-juvenil-j30-en-el-parque-deportivo\/ibague\/#primaryimage"},"thumbnailUrl":"https:\/\/i0.wp.com\/ciudadyregion.com.co\/wp-content\/uploads\/2026\/04\/a-12-1.jpg?fit=800%2C445&ssl=1","datePublished":"2026-04-29T00:01:34+00:00","dateModified":"2026-04-29T00:01:34+00:00","author":{"@id":"https:\/\/ciudadyregion.com.co\/#\/schema\/person\/04a4954373ebc4051f46e8c65ff78622"},"breadcrumb":{"@id":"https:\/\/ciudadyregion.com.co\/index.php\/el-futuro-del-tenis-internacional-brillo-en-el-torneo-itf-juvenil-j30-en-el-parque-deportivo\/ibague\/#breadcrumb"},"inLanguage":"es","potentialAction":[{"@type":"ReadAction","target":["https:\/\/ciudadyregion.com.co\/index.php\/el-futuro-del-tenis-internacional-brillo-en-el-torneo-itf-juvenil-j30-en-el-parque-deportivo\/ibague\/"]}]},{"@type":"ImageObject","inLanguage":"es","@id":"https:\/\/ciudadyregion.com.co\/index.php\/el-futuro-del-tenis-internacional-brillo-en-el-torneo-itf-juvenil-j30-en-el-parque-deportivo\/ibague\/#primaryimage","url":"https:\/\/i0.wp.com\/ciudadyregion.com.co\/wp-content\/uploads\/2026\/04\/a-12-1.jpg?fit=800%2C445&ssl=1","contentUrl":"https:\/\/i0.wp.com\/ciudadyregion.com.co\/wp-content\/uploads\/2026\/04\/a-12-1.jpg?fit=800%2C445&ssl=1","width":800,"height":445},{"@type":"BreadcrumbList","@id":"https:\/\/ciudadyregion.com.co\/index.php\/el-futuro-del-tenis-internacional-brillo-en-el-torneo-itf-juvenil-j30-en-el-parque-deportivo\/ibague\/#breadcrumb","itemListElement":[{"@type":"ListItem","position":1,"name":"Portada","item":"https:\/\/ciudadyregion.com.co\/"},{"@type":"ListItem","position":2,"name":"El futuro del tenis internacional brill\u00f3 en el Torneo ITF Juvenil J30 en el Parque Deportivo"}]},{"@type":"WebSite","@id":"https:\/\/ciudadyregion.com.co\/#website","url":"https:\/\/ciudadyregion.com.co\/","name":"Ciudad y Region","description":"","potentialAction":[{"@type":"SearchAction","target":{"@type":"EntryPoint","urlTemplate":"https:\/\/ciudadyregion.com.co\/?s={search_term_string}"},"query-input":{"@type":"PropertyValueSpecification","valueRequired":true,"valueName":"search_term_string"}}],"inLanguage":"es"},{"@type":"Person","@id":"https:\/\/ciudadyregion.com.co\/#\/schema\/person\/04a4954373ebc4051f46e8c65ff78622","name":"David Andr\u00e9s Aguirre","image":{"@type":"ImageObject","inLanguage":"es","@id":"https:\/\/ciudadyregion.com.co\/#\/schema\/person\/image\/","url":"https:\/\/secure.gravatar.com\/avatar\/bc3c655860202182ee6d1b5edd042dbe?s=96&d=mm&r=g","contentUrl":"https:\/\/secure.gravatar.com\/avatar\/bc3c655860202182ee6d1b5edd042dbe?s=96&d=mm&r=g","caption":"David Andr\u00e9s Aguirre"},"url":"https:\/\/ciudadyregion.com.co\/index.php\/author\/diegoaguirre\/"}]}},"jetpack_featured_media_url":"https:\/\/i0.wp.com\/ciudadyregion.com.co\/wp-content\/uploads\/2026\/04\/a-12-1.jpg?fit=800%2C445&ssl=1","jetpack_sharing_enabled":true,"jetpack_shortlink":"https:\/\/wp.me\/pbS7hh-fwB","jetpack-related-posts":[],"_links":{"self":[{"href":"https:\/\/ciudadyregion.com.co\/index.php\/wp-json\/wp\/v2\/posts\/59681"}],"collection":[{"href":"https:\/\/ciudadyregion.com.co\/index.php\/wp-json\/wp\/v2\/posts"}],"about":[{"href":"https:\/\/ciudadyregion.com.co\/index.php\/wp-json\/wp\/v2\/types\/post"}],"author":[{"embeddable":true,"href":"https:\/\/ciudadyregion.com.co\/index.php\/wp-json\/wp\/v2\/users\/2"}],"replies":[{"embeddable":true,"href":"https:\/\/ciudadyregion.com.co\/index.php\/wp-json\/wp\/v2\/comments?post=59681"}],"version-history":[{"count":1,"href":"https:\/\/ciudadyregion.com.co\/index.php\/wp-json\/wp\/v2\/posts\/59681\/revisions"}],"predecessor-version":[{"id":59683,"href":"https:\/\/ciudadyregion.com.co\/index.php\/wp-json\/wp\/v2\/posts\/59681\/revisions\/59683"}],"wp:featuredmedia":[{"embeddable":true,"href":"https:\/\/ciudadyregion.com.co\/index.php\/wp-json\/wp\/v2\/media\/59682"}],"wp:attachment":[{"href":"https:\/\/ciudadyregion.com.co\/index.php\/wp-json\/wp\/v2\/media?parent=59681"}],"wp:term":[{"taxonomy":"category","embeddable":true,"href":"https:\/\/ciudadyregion.com.co\/index.php\/wp-json\/wp\/v2\/categories?post=59681"},{"taxonomy":"post_tag","embeddable":true,"href":"https:\/\/ciudadyregion.com.co\/index.php\/wp-json\/wp\/v2\/tags?post=59681"}],"curies":[{"name":"wp","href":"https:\/\/api.w.org\/{rel}","templated":true}]}}