{"id":59615,"date":"2026-04-28T07:23:04","date_gmt":"2026-04-28T12:23:04","guid":{"rendered":"https:\/\/ciudadyregion.com.co\/?p=59615"},"modified":"2026-04-28T07:23:04","modified_gmt":"2026-04-28T12:23:04","slug":"el-tolima-lidera-propuestas-clave-para-el-desarrollo-del-sur-de-colombia-en-encuentro-las-regiones-proponen-organizado-por-la-fnd","status":"publish","type":"post","link":"https:\/\/ciudadyregion.com.co\/index.php\/el-tolima-lidera-propuestas-clave-para-el-desarrollo-del-sur-de-colombia-en-encuentro-las-regiones-proponen-organizado-por-la-fnd\/regional\/","title":{"rendered":"El Tolima lidera propuestas clave para el desarrollo del sur de Colombia en encuentro \u201cLas Regiones Proponen\u201d, organizado por la FND"},"content":{"rendered":"<p>La gobernadora Adriana Magali Matiz destac\u00f3 la importancia de construir una agenda conjunta desde las regiones para impulsar soluciones estructurales en temas clave y garantizar que las necesidades del sur del pa\u00eds sean consideradas en el siguiente Plan Nacional de Desarrollo.<\/p>\n<p>La gobernadora del Tolima y vicepresidenta de la Federaci\u00f3n Nacional de Departamentos, Adriana Magali Matiz, fue la anfitriona del encuentro \u201cLas Regiones Proponen\u201d, escenario en el que l\u00edderes del sur del pa\u00eds analizaron los principales retos y oportunidades de sus territorios.<\/p>\n<p>Durante la jornada, que cont\u00f3 con la participaci\u00f3n de congresistas en ejercicio y electos, gobernadores de los departamentos del Tolima, Caquet\u00e1, Huila y Putumayo, y alcaldes del Tolima, se abordaron temas estructurales como la descentralizaci\u00f3n, la seguridad, la infraestructura y la salud, as\u00ed como aspectos clave para el desarrollo econ\u00f3mico, entre ellos el sector agropecuario, la competitividad y el turismo.<\/p>\n<p>\u201cTemas muy importantes se trataron hoy en esta mesa en la que contamos con la participaci\u00f3n de los congresistas no solo del departamento del Tolima, sino tambi\u00e9n de Caquet\u00e1, Huila y Putumayo. Temas estructurales como la descentralizaci\u00f3n que reclamamos tanto en nuestros territorios, el tema de la seguridad, la infraestructura y la salud\u201d, se\u00f1al\u00f3 la mandataria.<\/p>\n<p>En materia de salud, Matiz expres\u00f3 su preocupaci\u00f3n por la cr\u00edtica situaci\u00f3n que atraviesa el sistema en el departamento, especialmente en el Hospital Federico Lleras Acosta.<br \/>\n\u201cEstamos muy preocupados. Vamos a tener una reuni\u00f3n para una posible declaratoria de emergencia, teniendo en cuenta que los especialistas del hospital anunciaron que entrar\u00edan en cese de actividades desde el pr\u00f3ximo 1 de mayo\u201d, afirm\u00f3.<\/p>\n<p>La gobernadora hizo un llamado al trabajo conjunto con el Congreso de la Rep\u00fablica para avanzar en soluciones estructurales:<br \/>\n\u201cNecesitamos trabajar de la mano de nuestros congresistas para que la reforma a la salud sea una realidad y beneficie a todos los colombianos\u201d.<\/p>\n<p>En el encuentro tambi\u00e9n participaron l\u00edderes nacionales que destacaron la importancia de esta construcci\u00f3n colectiva desde las regiones. La gobernadora del Meta y presidenta de la Federaci\u00f3n Nacional de Departamentos, Rafaela Cort\u00e9s, se\u00f1al\u00f3:<br \/>\n\u201cGracias a la vicepresidenta Adriana Magali por la invitaci\u00f3n aqu\u00ed a Ibagu\u00e9. Hoy nos reunimos en la zona sur para la construcci\u00f3n del libro blanco, una iniciativa del sector acad\u00e9mico, gremial, congresistas, alcaldes y diputados; todos construyendo el pa\u00eds que so\u00f1amos. Es una convocatoria estupenda. El pr\u00f3ximo 7 de mayo estaremos en la regi\u00f3n centro, en Bucaramanga, y as\u00ed cerramos este recorrido\u201d.<\/p>\n<p>Por su parte, el director ejecutivo de FND , Didier Tavera, hizo un llamado a la unidad frente a la situaci\u00f3n de orden p\u00fablico:<br \/>\n\u201cHoy el llamado desde la Federaci\u00f3n Nacional de Departamentos es que no podemos ser indolentes con los atentados a nuestra ciudadan\u00eda y a las Fuerzas Militares y de Polic\u00eda. Este es un pa\u00eds que reclama paz y unidad territorial. Debemos rechazar y condenar cualquier acto terrorista que se presente en cualquier parte del territorio colombiano\u201d.<\/p>\n<p>Con esta participaci\u00f3n, el Tolima reafirma su liderazgo en la construcci\u00f3n de una agenda regional s\u00f3lida, que responda a las necesidades de su poblaci\u00f3n y promueva el desarrollo integral del sur del pa\u00eds.<\/p>\n","protected":false},"excerpt":{"rendered":"<p>La gobernadora Adriana Magali Matiz destac\u00f3 la importancia de construir una agenda conjunta desde las regiones para impulsar soluciones estructurales en temas clave y garantizar que las necesidades del sur del pa\u00eds sean consideradas en el siguiente Plan Nacional de Desarrollo. La gobernadora del Tolima y vicepresidenta de la Federaci\u00f3n<span class=\"more-link\"><a href=\"https:\/\/ciudadyregion.com.co\/index.php\/el-tolima-lidera-propuestas-clave-para-el-desarrollo-del-sur-de-colombia-en-encuentro-las-regiones-proponen-organizado-por-la-fnd\/regional\/\">Continuar Leyendo<\/a><\/span><\/p>\n","protected":false},"author":2,"featured_media":59617,"comment_status":"open","ping_status":"open","sticky":false,"template":"","format":"standard","meta":{"_uf_show_specific_survey":0,"_uf_disable_surveys":false,"_jetpack_memberships_contains_paid_content":false,"footnotes":"","jetpack_publicize_message":"","jetpack_publicize_feature_enabled":true,"jetpack_social_post_already_shared":true,"jetpack_social_options":{"image_generator_settings":{"template":"highway","enabled":false},"version":2}},"categories":[13],"tags":[],"class_list":["entry","author-diegoaguirre","post-59615","post","type-post","status-publish","format-standard","has-post-thumbnail","category-regional"],"jetpack_publicize_connections":[],"yoast_head":"<!-- This site is optimized with the Yoast SEO plugin v24.3 - https:\/\/yoast.com\/wordpress\/plugins\/seo\/ -->\n<title>El Tolima lidera propuestas clave para el desarrollo del sur de Colombia en encuentro \u201cLas Regiones Proponen\u201d, organizado por la FND - Ciudad y Region<\/title>\n<meta name=\"robots\" content=\"index, follow, max-snippet:-1, max-image-preview:large, max-video-preview:-1\" \/>\n<link rel=\"canonical\" href=\"https:\/\/ciudadyregion.com.co\/index.php\/el-tolima-lidera-propuestas-clave-para-el-desarrollo-del-sur-de-colombia-en-encuentro-las-regiones-proponen-organizado-por-la-fnd\/regional\/\" \/>\n<meta property=\"og:locale\" content=\"es_ES\" \/>\n<meta property=\"og:type\" content=\"article\" \/>\n<meta property=\"og:title\" content=\"El Tolima lidera propuestas clave para el desarrollo del sur de Colombia en encuentro \u201cLas Regiones Proponen\u201d, organizado por la FND - Ciudad y Region\" \/>\n<meta property=\"og:description\" content=\"La gobernadora Adriana Magali Matiz destac\u00f3 la importancia de construir una agenda conjunta desde las regiones para impulsar soluciones estructurales en temas clave y garantizar que las necesidades del sur del pa\u00eds sean consideradas en el siguiente Plan Nacional de Desarrollo. La gobernadora del Tolima y vicepresidenta de la Federaci\u00f3nContinuar Leyendo\" \/>\n<meta property=\"og:url\" content=\"https:\/\/ciudadyregion.com.co\/index.php\/el-tolima-lidera-propuestas-clave-para-el-desarrollo-del-sur-de-colombia-en-encuentro-las-regiones-proponen-organizado-por-la-fnd\/regional\/\" \/>\n<meta property=\"og:site_name\" content=\"Ciudad y Region\" \/>\n<meta property=\"article:published_time\" content=\"2026-04-28T12:23:04+00:00\" \/>\n<meta property=\"og:image\" content=\"https:\/\/ciudadyregion.com.co\/wp-content\/uploads\/2026\/04\/Pag-2026-04-28T072209.346.jpg\" \/>\n\t<meta property=\"og:image:width\" content=\"800\" \/>\n\t<meta property=\"og:image:height\" content=\"445\" \/>\n\t<meta property=\"og:image:type\" content=\"image\/jpeg\" \/>\n<meta name=\"author\" content=\"David Andr\u00e9s Aguirre\" \/>\n<meta name=\"twitter:card\" content=\"summary_large_image\" \/>\n<meta name=\"twitter:label1\" content=\"Escrito por\" \/>\n\t<meta name=\"twitter:data1\" content=\"David Andr\u00e9s Aguirre\" \/>\n\t<meta name=\"twitter:label2\" content=\"Tiempo de lectura\" \/>\n\t<meta name=\"twitter:data2\" content=\"3 minutos\" \/>\n<script type=\"application\/ld+json\" class=\"yoast-schema-graph\">{\"@context\":\"https:\/\/schema.org\",\"@graph\":[{\"@type\":\"WebPage\",\"@id\":\"https:\/\/ciudadyregion.com.co\/index.php\/el-tolima-lidera-propuestas-clave-para-el-desarrollo-del-sur-de-colombia-en-encuentro-las-regiones-proponen-organizado-por-la-fnd\/regional\/\",\"url\":\"https:\/\/ciudadyregion.com.co\/index.php\/el-tolima-lidera-propuestas-clave-para-el-desarrollo-del-sur-de-colombia-en-encuentro-las-regiones-proponen-organizado-por-la-fnd\/regional\/\",\"name\":\"El Tolima lidera propuestas clave para el desarrollo del sur de Colombia en encuentro \u201cLas Regiones Proponen\u201d, organizado por la FND - Ciudad y Region\",\"isPartOf\":{\"@id\":\"https:\/\/ciudadyregion.com.co\/#website\"},\"primaryImageOfPage\":{\"@id\":\"https:\/\/ciudadyregion.com.co\/index.php\/el-tolima-lidera-propuestas-clave-para-el-desarrollo-del-sur-de-colombia-en-encuentro-las-regiones-proponen-organizado-por-la-fnd\/regional\/#primaryimage\"},\"image\":{\"@id\":\"https:\/\/ciudadyregion.com.co\/index.php\/el-tolima-lidera-propuestas-clave-para-el-desarrollo-del-sur-de-colombia-en-encuentro-las-regiones-proponen-organizado-por-la-fnd\/regional\/#primaryimage\"},\"thumbnailUrl\":\"https:\/\/i0.wp.com\/ciudadyregion.com.co\/wp-content\/uploads\/2026\/04\/Pag-2026-04-28T072209.346.jpg?fit=800%2C445&ssl=1\",\"datePublished\":\"2026-04-28T12:23:04+00:00\",\"dateModified\":\"2026-04-28T12:23:04+00:00\",\"author\":{\"@id\":\"https:\/\/ciudadyregion.com.co\/#\/schema\/person\/04a4954373ebc4051f46e8c65ff78622\"},\"breadcrumb\":{\"@id\":\"https:\/\/ciudadyregion.com.co\/index.php\/el-tolima-lidera-propuestas-clave-para-el-desarrollo-del-sur-de-colombia-en-encuentro-las-regiones-proponen-organizado-por-la-fnd\/regional\/#breadcrumb\"},\"inLanguage\":\"es\",\"potentialAction\":[{\"@type\":\"ReadAction\",\"target\":[\"https:\/\/ciudadyregion.com.co\/index.php\/el-tolima-lidera-propuestas-clave-para-el-desarrollo-del-sur-de-colombia-en-encuentro-las-regiones-proponen-organizado-por-la-fnd\/regional\/\"]}]},{\"@type\":\"ImageObject\",\"inLanguage\":\"es\",\"@id\":\"https:\/\/ciudadyregion.com.co\/index.php\/el-tolima-lidera-propuestas-clave-para-el-desarrollo-del-sur-de-colombia-en-encuentro-las-regiones-proponen-organizado-por-la-fnd\/regional\/#primaryimage\",\"url\":\"https:\/\/i0.wp.com\/ciudadyregion.com.co\/wp-content\/uploads\/2026\/04\/Pag-2026-04-28T072209.346.jpg?fit=800%2C445&ssl=1\",\"contentUrl\":\"https:\/\/i0.wp.com\/ciudadyregion.com.co\/wp-content\/uploads\/2026\/04\/Pag-2026-04-28T072209.346.jpg?fit=800%2C445&ssl=1\",\"width\":800,\"height\":445},{\"@type\":\"BreadcrumbList\",\"@id\":\"https:\/\/ciudadyregion.com.co\/index.php\/el-tolima-lidera-propuestas-clave-para-el-desarrollo-del-sur-de-colombia-en-encuentro-las-regiones-proponen-organizado-por-la-fnd\/regional\/#breadcrumb\",\"itemListElement\":[{\"@type\":\"ListItem\",\"position\":1,\"name\":\"Portada\",\"item\":\"https:\/\/ciudadyregion.com.co\/\"},{\"@type\":\"ListItem\",\"position\":2,\"name\":\"El Tolima lidera propuestas clave para el desarrollo del sur de Colombia en encuentro \u201cLas Regiones Proponen\u201d, organizado por la FND\"}]},{\"@type\":\"WebSite\",\"@id\":\"https:\/\/ciudadyregion.com.co\/#website\",\"url\":\"https:\/\/ciudadyregion.com.co\/\",\"name\":\"Ciudad y Region\",\"description\":\"\",\"potentialAction\":[{\"@type\":\"SearchAction\",\"target\":{\"@type\":\"EntryPoint\",\"urlTemplate\":\"https:\/\/ciudadyregion.com.co\/?s={search_term_string}\"},\"query-input\":{\"@type\":\"PropertyValueSpecification\",\"valueRequired\":true,\"valueName\":\"search_term_string\"}}],\"inLanguage\":\"es\"},{\"@type\":\"Person\",\"@id\":\"https:\/\/ciudadyregion.com.co\/#\/schema\/person\/04a4954373ebc4051f46e8c65ff78622\",\"name\":\"David Andr\u00e9s Aguirre\",\"image\":{\"@type\":\"ImageObject\",\"inLanguage\":\"es\",\"@id\":\"https:\/\/ciudadyregion.com.co\/#\/schema\/person\/image\/\",\"url\":\"https:\/\/secure.gravatar.com\/avatar\/bc3c655860202182ee6d1b5edd042dbe?s=96&d=mm&r=g\",\"contentUrl\":\"https:\/\/secure.gravatar.com\/avatar\/bc3c655860202182ee6d1b5edd042dbe?s=96&d=mm&r=g\",\"caption\":\"David Andr\u00e9s Aguirre\"},\"url\":\"https:\/\/ciudadyregion.com.co\/index.php\/author\/diegoaguirre\/\"}]}<\/script>\n<!-- \/ Yoast SEO plugin. -->","yoast_head_json":{"title":"El Tolima lidera propuestas clave para el desarrollo del sur de Colombia en encuentro \u201cLas Regiones Proponen\u201d, organizado por la FND - Ciudad y Region","robots":{"index":"index","follow":"follow","max-snippet":"max-snippet:-1","max-image-preview":"max-image-preview:large","max-video-preview":"max-video-preview:-1"},"canonical":"https:\/\/ciudadyregion.com.co\/index.php\/el-tolima-lidera-propuestas-clave-para-el-desarrollo-del-sur-de-colombia-en-encuentro-las-regiones-proponen-organizado-por-la-fnd\/regional\/","og_locale":"es_ES","og_type":"article","og_title":"El Tolima lidera propuestas clave para el desarrollo del sur de Colombia en encuentro \u201cLas Regiones Proponen\u201d, organizado por la FND - Ciudad y Region","og_description":"La gobernadora Adriana Magali Matiz destac\u00f3 la importancia de construir una agenda conjunta desde las regiones para impulsar soluciones estructurales en temas clave y garantizar que las necesidades del sur del pa\u00eds sean consideradas en el siguiente Plan Nacional de Desarrollo. La gobernadora del Tolima y vicepresidenta de la Federaci\u00f3nContinuar Leyendo","og_url":"https:\/\/ciudadyregion.com.co\/index.php\/el-tolima-lidera-propuestas-clave-para-el-desarrollo-del-sur-de-colombia-en-encuentro-las-regiones-proponen-organizado-por-la-fnd\/regional\/","og_site_name":"Ciudad y Region","article_published_time":"2026-04-28T12:23:04+00:00","og_image":[{"width":800,"height":445,"url":"https:\/\/ciudadyregion.com.co\/wp-content\/uploads\/2026\/04\/Pag-2026-04-28T072209.346.jpg","type":"image\/jpeg"}],"author":"David Andr\u00e9s Aguirre","twitter_card":"summary_large_image","twitter_misc":{"Escrito por":"David Andr\u00e9s Aguirre","Tiempo de lectura":"3 minutos"},"schema":{"@context":"https:\/\/schema.org","@graph":[{"@type":"WebPage","@id":"https:\/\/ciudadyregion.com.co\/index.php\/el-tolima-lidera-propuestas-clave-para-el-desarrollo-del-sur-de-colombia-en-encuentro-las-regiones-proponen-organizado-por-la-fnd\/regional\/","url":"https:\/\/ciudadyregion.com.co\/index.php\/el-tolima-lidera-propuestas-clave-para-el-desarrollo-del-sur-de-colombia-en-encuentro-las-regiones-proponen-organizado-por-la-fnd\/regional\/","name":"El Tolima lidera propuestas clave para el desarrollo del sur de Colombia en encuentro \u201cLas Regiones Proponen\u201d, organizado por la FND - Ciudad y Region","isPartOf":{"@id":"https:\/\/ciudadyregion.com.co\/#website"},"primaryImageOfPage":{"@id":"https:\/\/ciudadyregion.com.co\/index.php\/el-tolima-lidera-propuestas-clave-para-el-desarrollo-del-sur-de-colombia-en-encuentro-las-regiones-proponen-organizado-por-la-fnd\/regional\/#primaryimage"},"image":{"@id":"https:\/\/ciudadyregion.com.co\/index.php\/el-tolima-lidera-propuestas-clave-para-el-desarrollo-del-sur-de-colombia-en-encuentro-las-regiones-proponen-organizado-por-la-fnd\/regional\/#primaryimage"},"thumbnailUrl":"https:\/\/i0.wp.com\/ciudadyregion.com.co\/wp-content\/uploads\/2026\/04\/Pag-2026-04-28T072209.346.jpg?fit=800%2C445&ssl=1","datePublished":"2026-04-28T12:23:04+00:00","dateModified":"2026-04-28T12:23:04+00:00","author":{"@id":"https:\/\/ciudadyregion.com.co\/#\/schema\/person\/04a4954373ebc4051f46e8c65ff78622"},"breadcrumb":{"@id":"https:\/\/ciudadyregion.com.co\/index.php\/el-tolima-lidera-propuestas-clave-para-el-desarrollo-del-sur-de-colombia-en-encuentro-las-regiones-proponen-organizado-por-la-fnd\/regional\/#breadcrumb"},"inLanguage":"es","potentialAction":[{"@type":"ReadAction","target":["https:\/\/ciudadyregion.com.co\/index.php\/el-tolima-lidera-propuestas-clave-para-el-desarrollo-del-sur-de-colombia-en-encuentro-las-regiones-proponen-organizado-por-la-fnd\/regional\/"]}]},{"@type":"ImageObject","inLanguage":"es","@id":"https:\/\/ciudadyregion.com.co\/index.php\/el-tolima-lidera-propuestas-clave-para-el-desarrollo-del-sur-de-colombia-en-encuentro-las-regiones-proponen-organizado-por-la-fnd\/regional\/#primaryimage","url":"https:\/\/i0.wp.com\/ciudadyregion.com.co\/wp-content\/uploads\/2026\/04\/Pag-2026-04-28T072209.346.jpg?fit=800%2C445&ssl=1","contentUrl":"https:\/\/i0.wp.com\/ciudadyregion.com.co\/wp-content\/uploads\/2026\/04\/Pag-2026-04-28T072209.346.jpg?fit=800%2C445&ssl=1","width":800,"height":445},{"@type":"BreadcrumbList","@id":"https:\/\/ciudadyregion.com.co\/index.php\/el-tolima-lidera-propuestas-clave-para-el-desarrollo-del-sur-de-colombia-en-encuentro-las-regiones-proponen-organizado-por-la-fnd\/regional\/#breadcrumb","itemListElement":[{"@type":"ListItem","position":1,"name":"Portada","item":"https:\/\/ciudadyregion.com.co\/"},{"@type":"ListItem","position":2,"name":"El Tolima lidera propuestas clave para el desarrollo del sur de Colombia en encuentro \u201cLas Regiones Proponen\u201d, organizado por la FND"}]},{"@type":"WebSite","@id":"https:\/\/ciudadyregion.com.co\/#website","url":"https:\/\/ciudadyregion.com.co\/","name":"Ciudad y Region","description":"","potentialAction":[{"@type":"SearchAction","target":{"@type":"EntryPoint","urlTemplate":"https:\/\/ciudadyregion.com.co\/?s={search_term_string}"},"query-input":{"@type":"PropertyValueSpecification","valueRequired":true,"valueName":"search_term_string"}}],"inLanguage":"es"},{"@type":"Person","@id":"https:\/\/ciudadyregion.com.co\/#\/schema\/person\/04a4954373ebc4051f46e8c65ff78622","name":"David Andr\u00e9s Aguirre","image":{"@type":"ImageObject","inLanguage":"es","@id":"https:\/\/ciudadyregion.com.co\/#\/schema\/person\/image\/","url":"https:\/\/secure.gravatar.com\/avatar\/bc3c655860202182ee6d1b5edd042dbe?s=96&d=mm&r=g","contentUrl":"https:\/\/secure.gravatar.com\/avatar\/bc3c655860202182ee6d1b5edd042dbe?s=96&d=mm&r=g","caption":"David Andr\u00e9s Aguirre"},"url":"https:\/\/ciudadyregion.com.co\/index.php\/author\/diegoaguirre\/"}]}},"jetpack_featured_media_url":"https:\/\/i0.wp.com\/ciudadyregion.com.co\/wp-content\/uploads\/2026\/04\/Pag-2026-04-28T072209.346.jpg?fit=800%2C445&ssl=1","jetpack_sharing_enabled":true,"jetpack_shortlink":"https:\/\/wp.me\/pbS7hh-fvx","jetpack-related-posts":[],"_links":{"self":[{"href":"https:\/\/ciudadyregion.com.co\/index.php\/wp-json\/wp\/v2\/posts\/59615"}],"collection":[{"href":"https:\/\/ciudadyregion.com.co\/index.php\/wp-json\/wp\/v2\/posts"}],"about":[{"href":"https:\/\/ciudadyregion.com.co\/index.php\/wp-json\/wp\/v2\/types\/post"}],"author":[{"embeddable":true,"href":"https:\/\/ciudadyregion.com.co\/index.php\/wp-json\/wp\/v2\/users\/2"}],"replies":[{"embeddable":true,"href":"https:\/\/ciudadyregion.com.co\/index.php\/wp-json\/wp\/v2\/comments?post=59615"}],"version-history":[{"count":2,"href":"https:\/\/ciudadyregion.com.co\/index.php\/wp-json\/wp\/v2\/posts\/59615\/revisions"}],"predecessor-version":[{"id":59619,"href":"https:\/\/ciudadyregion.com.co\/index.php\/wp-json\/wp\/v2\/posts\/59615\/revisions\/59619"}],"wp:featuredmedia":[{"embeddable":true,"href":"https:\/\/ciudadyregion.com.co\/index.php\/wp-json\/wp\/v2\/media\/59617"}],"wp:attachment":[{"href":"https:\/\/ciudadyregion.com.co\/index.php\/wp-json\/wp\/v2\/media?parent=59615"}],"wp:term":[{"taxonomy":"category","embeddable":true,"href":"https:\/\/ciudadyregion.com.co\/index.php\/wp-json\/wp\/v2\/categories?post=59615"},{"taxonomy":"post_tag","embeddable":true,"href":"https:\/\/ciudadyregion.com.co\/index.php\/wp-json\/wp\/v2\/tags?post=59615"}],"curies":[{"name":"wp","href":"https:\/\/api.w.org\/{rel}","templated":true}]}}