{"id":59597,"date":"2026-04-27T23:02:03","date_gmt":"2026-04-28T04:02:03","guid":{"rendered":"https:\/\/ciudadyregion.com.co\/?p=59597"},"modified":"2026-04-27T23:02:03","modified_gmt":"2026-04-28T04:02:03","slug":"cortolima-y-su-directora-olga-lucia-alfonso-se-unen-al-rechazo-nacional-por-el-atentado-en-el-cauca-y-muerte-de-dos-funcionarios-de-la-crc","status":"publish","type":"post","link":"https:\/\/ciudadyregion.com.co\/index.php\/cortolima-y-su-directora-olga-lucia-alfonso-se-unen-al-rechazo-nacional-por-el-atentado-en-el-cauca-y-muerte-de-dos-funcionarios-de-la-crc\/regional\/","title":{"rendered":"Cortolima y su directora, Olga Luc\u00eda Alfonso, se unen al rechazo nacional por el atentado en el Cauca y muerte de dos funcionarios de la CRC"},"content":{"rendered":"<p>La directora lament\u00f3 el deterioro de la seguridad del pa\u00eds y exigi\u00f3 garant\u00edas para los funcionarios de las Corporaciones Aut\u00f3nomas Regionales.<\/p>\n<p>La directora general de la Corporaci\u00f3n Aut\u00f3noma Regional del Tolima, Cortolima, Olga Luc\u00eda Alfonso Iannini, expres\u00f3 un sentido mensaje de solidaridad y en\u00e9rgico rechazo tras el atentado terrorista ocurrido en el departamento del Cauca, que dej\u00f3 14 personas muertas, entre ellas Patricia Mosquera y Jarol Jair Bojorge, funcionarios de la Corporaci\u00f3n Aut\u00f3noma Regional del Cauca (CRC).<\/p>\n<p>\u00abMuy triste y lamentable que en Colombia volvamos a tener estos atentados. Nos solidarizamos con las familias de los dos funcionarios que perdieron la vida en este vil ataque. Es una situaci\u00f3n que nos ata\u00f1e a todos. Hay zonas del pa\u00eds donde los funcionarios est\u00e1n arriesgando sus vidas\u00bb, afirm\u00f3 la directora desde el municipio de Casabianca.<\/p>\n<p>En nombre de los funcionarios de Cortolima, Alfonso Iannnini envi\u00f3 un abrazo de solidaridad a Amarildo Correa Obando, director de la CRC, a todo su equipo de trabajo y, de manera especial, a las familias de los fallecidos. \u00abNos unimos al clamor nacional por la paz y el respeto a la integridad de los servidores p\u00fablicos que trabajan por un pa\u00eds ambientalmente sostenible\u00bb, agreg\u00f3.<\/p>\n<p>Desde 2024, como presidenta de la Asociaci\u00f3n de Corporaciones Aut\u00f3nomas Regionales y Desarrollo Sostenible (Asocars), Alfonso Iannini ha exigido al Gobierno nacional tomar acciones para garantizar la seguridad e integridad de los 33 directores de las CAR y sus equipos ante el deterioro de la seguridad y las condiciones de orden p\u00fablico en el pa\u00eds.<\/p>\n<p>\u00abYo he tenido que solicitar el acompa\u00f1amiento del Ej\u00e9rcito y la Polic\u00eda para poderme desplazar en algunos municipios del Tolima. Todos los directores y muchos de sus funcionarios est\u00e1n en riesgo por la creciente inseguridad en los territorios. Lamentable que los funcionarios, en este caso de las autoridades ambientales, no puedan cumplir con sus competencias porque est\u00e1n poniendo en riesgo su seguridad e incluso su vida\u00bb, declar\u00f3 desde el norte del Tolima.<\/p>\n","protected":false},"excerpt":{"rendered":"<p>La directora lament\u00f3 el deterioro de la seguridad del pa\u00eds y exigi\u00f3 garant\u00edas para los funcionarios de las Corporaciones Aut\u00f3nomas Regionales. La directora general de la Corporaci\u00f3n Aut\u00f3noma Regional del Tolima, Cortolima, Olga Luc\u00eda Alfonso Iannini, expres\u00f3 un sentido mensaje de solidaridad y en\u00e9rgico rechazo tras el atentado terrorista ocurrido<span class=\"more-link\"><a href=\"https:\/\/ciudadyregion.com.co\/index.php\/cortolima-y-su-directora-olga-lucia-alfonso-se-unen-al-rechazo-nacional-por-el-atentado-en-el-cauca-y-muerte-de-dos-funcionarios-de-la-crc\/regional\/\">Continuar Leyendo<\/a><\/span><\/p>\n","protected":false},"author":2,"featured_media":59598,"comment_status":"open","ping_status":"open","sticky":false,"template":"","format":"standard","meta":{"_uf_show_specific_survey":0,"_uf_disable_surveys":false,"_jetpack_memberships_contains_paid_content":false,"footnotes":"","jetpack_publicize_message":"","jetpack_publicize_feature_enabled":true,"jetpack_social_post_already_shared":true,"jetpack_social_options":{"image_generator_settings":{"template":"highway","enabled":false},"version":2}},"categories":[13],"tags":[],"class_list":["entry","author-diegoaguirre","post-59597","post","type-post","status-publish","format-standard","has-post-thumbnail","category-regional"],"jetpack_publicize_connections":[],"yoast_head":"<!-- This site is optimized with the Yoast SEO plugin v24.3 - https:\/\/yoast.com\/wordpress\/plugins\/seo\/ -->\n<title>Cortolima y su directora, Olga Luc\u00eda Alfonso, se unen al rechazo nacional por el atentado en el Cauca y muerte de dos funcionarios de la CRC - Ciudad y Region<\/title>\n<meta name=\"robots\" content=\"index, follow, max-snippet:-1, max-image-preview:large, max-video-preview:-1\" \/>\n<link rel=\"canonical\" href=\"https:\/\/ciudadyregion.com.co\/index.php\/cortolima-y-su-directora-olga-lucia-alfonso-se-unen-al-rechazo-nacional-por-el-atentado-en-el-cauca-y-muerte-de-dos-funcionarios-de-la-crc\/regional\/\" \/>\n<meta property=\"og:locale\" content=\"es_ES\" \/>\n<meta property=\"og:type\" content=\"article\" \/>\n<meta property=\"og:title\" content=\"Cortolima y su directora, Olga Luc\u00eda Alfonso, se unen al rechazo nacional por el atentado en el Cauca y muerte de dos funcionarios de la CRC - Ciudad y Region\" \/>\n<meta property=\"og:description\" content=\"La directora lament\u00f3 el deterioro de la seguridad del pa\u00eds y exigi\u00f3 garant\u00edas para los funcionarios de las Corporaciones Aut\u00f3nomas Regionales. La directora general de la Corporaci\u00f3n Aut\u00f3noma Regional del Tolima, Cortolima, Olga Luc\u00eda Alfonso Iannini, expres\u00f3 un sentido mensaje de solidaridad y en\u00e9rgico rechazo tras el atentado terrorista ocurridoContinuar Leyendo\" \/>\n<meta property=\"og:url\" content=\"https:\/\/ciudadyregion.com.co\/index.php\/cortolima-y-su-directora-olga-lucia-alfonso-se-unen-al-rechazo-nacional-por-el-atentado-en-el-cauca-y-muerte-de-dos-funcionarios-de-la-crc\/regional\/\" \/>\n<meta property=\"og:site_name\" content=\"Ciudad y Region\" \/>\n<meta property=\"article:published_time\" content=\"2026-04-28T04:02:03+00:00\" \/>\n<meta property=\"og:image\" content=\"https:\/\/ciudadyregion.com.co\/wp-content\/uploads\/2026\/04\/a-10-2.jpg\" \/>\n\t<meta property=\"og:image:width\" content=\"800\" \/>\n\t<meta property=\"og:image:height\" content=\"445\" \/>\n\t<meta property=\"og:image:type\" content=\"image\/jpeg\" \/>\n<meta name=\"author\" content=\"David Andr\u00e9s Aguirre\" \/>\n<meta name=\"twitter:card\" content=\"summary_large_image\" \/>\n<meta name=\"twitter:label1\" content=\"Escrito por\" \/>\n\t<meta name=\"twitter:data1\" content=\"David Andr\u00e9s Aguirre\" \/>\n\t<meta name=\"twitter:label2\" content=\"Tiempo de lectura\" \/>\n\t<meta name=\"twitter:data2\" content=\"2 minutos\" \/>\n<script type=\"application\/ld+json\" class=\"yoast-schema-graph\">{\"@context\":\"https:\/\/schema.org\",\"@graph\":[{\"@type\":\"WebPage\",\"@id\":\"https:\/\/ciudadyregion.com.co\/index.php\/cortolima-y-su-directora-olga-lucia-alfonso-se-unen-al-rechazo-nacional-por-el-atentado-en-el-cauca-y-muerte-de-dos-funcionarios-de-la-crc\/regional\/\",\"url\":\"https:\/\/ciudadyregion.com.co\/index.php\/cortolima-y-su-directora-olga-lucia-alfonso-se-unen-al-rechazo-nacional-por-el-atentado-en-el-cauca-y-muerte-de-dos-funcionarios-de-la-crc\/regional\/\",\"name\":\"Cortolima y su directora, Olga Luc\u00eda Alfonso, se unen al rechazo nacional por el atentado en el Cauca y muerte de dos funcionarios de la CRC - Ciudad y Region\",\"isPartOf\":{\"@id\":\"https:\/\/ciudadyregion.com.co\/#website\"},\"primaryImageOfPage\":{\"@id\":\"https:\/\/ciudadyregion.com.co\/index.php\/cortolima-y-su-directora-olga-lucia-alfonso-se-unen-al-rechazo-nacional-por-el-atentado-en-el-cauca-y-muerte-de-dos-funcionarios-de-la-crc\/regional\/#primaryimage\"},\"image\":{\"@id\":\"https:\/\/ciudadyregion.com.co\/index.php\/cortolima-y-su-directora-olga-lucia-alfonso-se-unen-al-rechazo-nacional-por-el-atentado-en-el-cauca-y-muerte-de-dos-funcionarios-de-la-crc\/regional\/#primaryimage\"},\"thumbnailUrl\":\"https:\/\/i0.wp.com\/ciudadyregion.com.co\/wp-content\/uploads\/2026\/04\/a-10-2.jpg?fit=800%2C445&ssl=1\",\"datePublished\":\"2026-04-28T04:02:03+00:00\",\"dateModified\":\"2026-04-28T04:02:03+00:00\",\"author\":{\"@id\":\"https:\/\/ciudadyregion.com.co\/#\/schema\/person\/04a4954373ebc4051f46e8c65ff78622\"},\"breadcrumb\":{\"@id\":\"https:\/\/ciudadyregion.com.co\/index.php\/cortolima-y-su-directora-olga-lucia-alfonso-se-unen-al-rechazo-nacional-por-el-atentado-en-el-cauca-y-muerte-de-dos-funcionarios-de-la-crc\/regional\/#breadcrumb\"},\"inLanguage\":\"es\",\"potentialAction\":[{\"@type\":\"ReadAction\",\"target\":[\"https:\/\/ciudadyregion.com.co\/index.php\/cortolima-y-su-directora-olga-lucia-alfonso-se-unen-al-rechazo-nacional-por-el-atentado-en-el-cauca-y-muerte-de-dos-funcionarios-de-la-crc\/regional\/\"]}]},{\"@type\":\"ImageObject\",\"inLanguage\":\"es\",\"@id\":\"https:\/\/ciudadyregion.com.co\/index.php\/cortolima-y-su-directora-olga-lucia-alfonso-se-unen-al-rechazo-nacional-por-el-atentado-en-el-cauca-y-muerte-de-dos-funcionarios-de-la-crc\/regional\/#primaryimage\",\"url\":\"https:\/\/i0.wp.com\/ciudadyregion.com.co\/wp-content\/uploads\/2026\/04\/a-10-2.jpg?fit=800%2C445&ssl=1\",\"contentUrl\":\"https:\/\/i0.wp.com\/ciudadyregion.com.co\/wp-content\/uploads\/2026\/04\/a-10-2.jpg?fit=800%2C445&ssl=1\",\"width\":800,\"height\":445},{\"@type\":\"BreadcrumbList\",\"@id\":\"https:\/\/ciudadyregion.com.co\/index.php\/cortolima-y-su-directora-olga-lucia-alfonso-se-unen-al-rechazo-nacional-por-el-atentado-en-el-cauca-y-muerte-de-dos-funcionarios-de-la-crc\/regional\/#breadcrumb\",\"itemListElement\":[{\"@type\":\"ListItem\",\"position\":1,\"name\":\"Portada\",\"item\":\"https:\/\/ciudadyregion.com.co\/\"},{\"@type\":\"ListItem\",\"position\":2,\"name\":\"Cortolima y su directora, Olga Luc\u00eda Alfonso, se unen al rechazo nacional por el atentado en el Cauca y muerte de dos funcionarios de la CRC\"}]},{\"@type\":\"WebSite\",\"@id\":\"https:\/\/ciudadyregion.com.co\/#website\",\"url\":\"https:\/\/ciudadyregion.com.co\/\",\"name\":\"Ciudad y Region\",\"description\":\"\",\"potentialAction\":[{\"@type\":\"SearchAction\",\"target\":{\"@type\":\"EntryPoint\",\"urlTemplate\":\"https:\/\/ciudadyregion.com.co\/?s={search_term_string}\"},\"query-input\":{\"@type\":\"PropertyValueSpecification\",\"valueRequired\":true,\"valueName\":\"search_term_string\"}}],\"inLanguage\":\"es\"},{\"@type\":\"Person\",\"@id\":\"https:\/\/ciudadyregion.com.co\/#\/schema\/person\/04a4954373ebc4051f46e8c65ff78622\",\"name\":\"David Andr\u00e9s Aguirre\",\"image\":{\"@type\":\"ImageObject\",\"inLanguage\":\"es\",\"@id\":\"https:\/\/ciudadyregion.com.co\/#\/schema\/person\/image\/\",\"url\":\"https:\/\/secure.gravatar.com\/avatar\/bc3c655860202182ee6d1b5edd042dbe?s=96&d=mm&r=g\",\"contentUrl\":\"https:\/\/secure.gravatar.com\/avatar\/bc3c655860202182ee6d1b5edd042dbe?s=96&d=mm&r=g\",\"caption\":\"David Andr\u00e9s Aguirre\"},\"url\":\"https:\/\/ciudadyregion.com.co\/index.php\/author\/diegoaguirre\/\"}]}<\/script>\n<!-- \/ Yoast SEO plugin. -->","yoast_head_json":{"title":"Cortolima y su directora, Olga Luc\u00eda Alfonso, se unen al rechazo nacional por el atentado en el Cauca y muerte de dos funcionarios de la CRC - Ciudad y Region","robots":{"index":"index","follow":"follow","max-snippet":"max-snippet:-1","max-image-preview":"max-image-preview:large","max-video-preview":"max-video-preview:-1"},"canonical":"https:\/\/ciudadyregion.com.co\/index.php\/cortolima-y-su-directora-olga-lucia-alfonso-se-unen-al-rechazo-nacional-por-el-atentado-en-el-cauca-y-muerte-de-dos-funcionarios-de-la-crc\/regional\/","og_locale":"es_ES","og_type":"article","og_title":"Cortolima y su directora, Olga Luc\u00eda Alfonso, se unen al rechazo nacional por el atentado en el Cauca y muerte de dos funcionarios de la CRC - Ciudad y Region","og_description":"La directora lament\u00f3 el deterioro de la seguridad del pa\u00eds y exigi\u00f3 garant\u00edas para los funcionarios de las Corporaciones Aut\u00f3nomas Regionales. La directora general de la Corporaci\u00f3n Aut\u00f3noma Regional del Tolima, Cortolima, Olga Luc\u00eda Alfonso Iannini, expres\u00f3 un sentido mensaje de solidaridad y en\u00e9rgico rechazo tras el atentado terrorista ocurridoContinuar Leyendo","og_url":"https:\/\/ciudadyregion.com.co\/index.php\/cortolima-y-su-directora-olga-lucia-alfonso-se-unen-al-rechazo-nacional-por-el-atentado-en-el-cauca-y-muerte-de-dos-funcionarios-de-la-crc\/regional\/","og_site_name":"Ciudad y Region","article_published_time":"2026-04-28T04:02:03+00:00","og_image":[{"width":800,"height":445,"url":"https:\/\/ciudadyregion.com.co\/wp-content\/uploads\/2026\/04\/a-10-2.jpg","type":"image\/jpeg"}],"author":"David Andr\u00e9s Aguirre","twitter_card":"summary_large_image","twitter_misc":{"Escrito por":"David Andr\u00e9s Aguirre","Tiempo de lectura":"2 minutos"},"schema":{"@context":"https:\/\/schema.org","@graph":[{"@type":"WebPage","@id":"https:\/\/ciudadyregion.com.co\/index.php\/cortolima-y-su-directora-olga-lucia-alfonso-se-unen-al-rechazo-nacional-por-el-atentado-en-el-cauca-y-muerte-de-dos-funcionarios-de-la-crc\/regional\/","url":"https:\/\/ciudadyregion.com.co\/index.php\/cortolima-y-su-directora-olga-lucia-alfonso-se-unen-al-rechazo-nacional-por-el-atentado-en-el-cauca-y-muerte-de-dos-funcionarios-de-la-crc\/regional\/","name":"Cortolima y su directora, Olga Luc\u00eda Alfonso, se unen al rechazo nacional por el atentado en el Cauca y muerte de dos funcionarios de la CRC - Ciudad y Region","isPartOf":{"@id":"https:\/\/ciudadyregion.com.co\/#website"},"primaryImageOfPage":{"@id":"https:\/\/ciudadyregion.com.co\/index.php\/cortolima-y-su-directora-olga-lucia-alfonso-se-unen-al-rechazo-nacional-por-el-atentado-en-el-cauca-y-muerte-de-dos-funcionarios-de-la-crc\/regional\/#primaryimage"},"image":{"@id":"https:\/\/ciudadyregion.com.co\/index.php\/cortolima-y-su-directora-olga-lucia-alfonso-se-unen-al-rechazo-nacional-por-el-atentado-en-el-cauca-y-muerte-de-dos-funcionarios-de-la-crc\/regional\/#primaryimage"},"thumbnailUrl":"https:\/\/i0.wp.com\/ciudadyregion.com.co\/wp-content\/uploads\/2026\/04\/a-10-2.jpg?fit=800%2C445&ssl=1","datePublished":"2026-04-28T04:02:03+00:00","dateModified":"2026-04-28T04:02:03+00:00","author":{"@id":"https:\/\/ciudadyregion.com.co\/#\/schema\/person\/04a4954373ebc4051f46e8c65ff78622"},"breadcrumb":{"@id":"https:\/\/ciudadyregion.com.co\/index.php\/cortolima-y-su-directora-olga-lucia-alfonso-se-unen-al-rechazo-nacional-por-el-atentado-en-el-cauca-y-muerte-de-dos-funcionarios-de-la-crc\/regional\/#breadcrumb"},"inLanguage":"es","potentialAction":[{"@type":"ReadAction","target":["https:\/\/ciudadyregion.com.co\/index.php\/cortolima-y-su-directora-olga-lucia-alfonso-se-unen-al-rechazo-nacional-por-el-atentado-en-el-cauca-y-muerte-de-dos-funcionarios-de-la-crc\/regional\/"]}]},{"@type":"ImageObject","inLanguage":"es","@id":"https:\/\/ciudadyregion.com.co\/index.php\/cortolima-y-su-directora-olga-lucia-alfonso-se-unen-al-rechazo-nacional-por-el-atentado-en-el-cauca-y-muerte-de-dos-funcionarios-de-la-crc\/regional\/#primaryimage","url":"https:\/\/i0.wp.com\/ciudadyregion.com.co\/wp-content\/uploads\/2026\/04\/a-10-2.jpg?fit=800%2C445&ssl=1","contentUrl":"https:\/\/i0.wp.com\/ciudadyregion.com.co\/wp-content\/uploads\/2026\/04\/a-10-2.jpg?fit=800%2C445&ssl=1","width":800,"height":445},{"@type":"BreadcrumbList","@id":"https:\/\/ciudadyregion.com.co\/index.php\/cortolima-y-su-directora-olga-lucia-alfonso-se-unen-al-rechazo-nacional-por-el-atentado-en-el-cauca-y-muerte-de-dos-funcionarios-de-la-crc\/regional\/#breadcrumb","itemListElement":[{"@type":"ListItem","position":1,"name":"Portada","item":"https:\/\/ciudadyregion.com.co\/"},{"@type":"ListItem","position":2,"name":"Cortolima y su directora, Olga Luc\u00eda Alfonso, se unen al rechazo nacional por el atentado en el Cauca y muerte de dos funcionarios de la CRC"}]},{"@type":"WebSite","@id":"https:\/\/ciudadyregion.com.co\/#website","url":"https:\/\/ciudadyregion.com.co\/","name":"Ciudad y Region","description":"","potentialAction":[{"@type":"SearchAction","target":{"@type":"EntryPoint","urlTemplate":"https:\/\/ciudadyregion.com.co\/?s={search_term_string}"},"query-input":{"@type":"PropertyValueSpecification","valueRequired":true,"valueName":"search_term_string"}}],"inLanguage":"es"},{"@type":"Person","@id":"https:\/\/ciudadyregion.com.co\/#\/schema\/person\/04a4954373ebc4051f46e8c65ff78622","name":"David Andr\u00e9s Aguirre","image":{"@type":"ImageObject","inLanguage":"es","@id":"https:\/\/ciudadyregion.com.co\/#\/schema\/person\/image\/","url":"https:\/\/secure.gravatar.com\/avatar\/bc3c655860202182ee6d1b5edd042dbe?s=96&d=mm&r=g","contentUrl":"https:\/\/secure.gravatar.com\/avatar\/bc3c655860202182ee6d1b5edd042dbe?s=96&d=mm&r=g","caption":"David Andr\u00e9s Aguirre"},"url":"https:\/\/ciudadyregion.com.co\/index.php\/author\/diegoaguirre\/"}]}},"jetpack_featured_media_url":"https:\/\/i0.wp.com\/ciudadyregion.com.co\/wp-content\/uploads\/2026\/04\/a-10-2.jpg?fit=800%2C445&ssl=1","jetpack_sharing_enabled":true,"jetpack_shortlink":"https:\/\/wp.me\/pbS7hh-fvf","jetpack-related-posts":[],"_links":{"self":[{"href":"https:\/\/ciudadyregion.com.co\/index.php\/wp-json\/wp\/v2\/posts\/59597"}],"collection":[{"href":"https:\/\/ciudadyregion.com.co\/index.php\/wp-json\/wp\/v2\/posts"}],"about":[{"href":"https:\/\/ciudadyregion.com.co\/index.php\/wp-json\/wp\/v2\/types\/post"}],"author":[{"embeddable":true,"href":"https:\/\/ciudadyregion.com.co\/index.php\/wp-json\/wp\/v2\/users\/2"}],"replies":[{"embeddable":true,"href":"https:\/\/ciudadyregion.com.co\/index.php\/wp-json\/wp\/v2\/comments?post=59597"}],"version-history":[{"count":1,"href":"https:\/\/ciudadyregion.com.co\/index.php\/wp-json\/wp\/v2\/posts\/59597\/revisions"}],"predecessor-version":[{"id":59599,"href":"https:\/\/ciudadyregion.com.co\/index.php\/wp-json\/wp\/v2\/posts\/59597\/revisions\/59599"}],"wp:featuredmedia":[{"embeddable":true,"href":"https:\/\/ciudadyregion.com.co\/index.php\/wp-json\/wp\/v2\/media\/59598"}],"wp:attachment":[{"href":"https:\/\/ciudadyregion.com.co\/index.php\/wp-json\/wp\/v2\/media?parent=59597"}],"wp:term":[{"taxonomy":"category","embeddable":true,"href":"https:\/\/ciudadyregion.com.co\/index.php\/wp-json\/wp\/v2\/categories?post=59597"},{"taxonomy":"post_tag","embeddable":true,"href":"https:\/\/ciudadyregion.com.co\/index.php\/wp-json\/wp\/v2\/tags?post=59597"}],"curies":[{"name":"wp","href":"https:\/\/api.w.org\/{rel}","templated":true}]}}