{"id":59594,"date":"2026-04-25T22:59:17","date_gmt":"2026-04-26T03:59:17","guid":{"rendered":"https:\/\/ciudadyregion.com.co\/?p=59594"},"modified":"2026-04-27T23:00:44","modified_gmt":"2026-04-28T04:00:44","slug":"cortolima-rindio-cuentas-104-000-millones-en-gestion-ambiental-en-el-tolima-en-2025","status":"publish","type":"post","link":"https:\/\/ciudadyregion.com.co\/index.php\/cortolima-rindio-cuentas-104-000-millones-en-gestion-ambiental-en-el-tolima-en-2025\/regional\/","title":{"rendered":"Cortolima rindi\u00f3 cuentas: $104.000 millones en gesti\u00f3n ambiental en el Tolima en 2025"},"content":{"rendered":"<p>Desde Guamo, ante m\u00e1s de 2.000 asistentes, la directora Olga Luc\u00eda Alfonso Iannini destac\u00f3 las inversiones ejecutadas y programas desarrollados para el cuidado del ambiente en Tolima.<\/p>\n<p>A trav\u00e9s de testimonios, puestas en escena y piezas audiovisuales que apelaron al arraigo y al compromiso ambiental por el territorio, la Corporaci\u00f3n Aut\u00f3noma Regional del Tolima, Cortolima, realiz\u00f3 la audiencia p\u00fablica de seguimiento al Plan de Acci\u00f3n Cuatrienal (PAC) 2025 en el coliseo Luis Rinc\u00f3n Bonilla del municipio de Guamo.<\/p>\n<p>El evento, denominado &#8216;Ra\u00edces de Sostenibilidad&#8217;, cont\u00f3 con la participaci\u00f3n de m\u00e1s de 2.000 personas provenientes de distintos municipios del Tolima, en un espacio de di\u00e1logo y rendici\u00f3n de cuentas en el que la directora general de la corporaci\u00f3n, Olga Luc\u00eda Alfonso Iannini, present\u00f3 el balance de inversiones y proyectos estrat\u00e9gicos ejecutados durante el \u00faltimo a\u00f1o para la conservaci\u00f3n, protecci\u00f3n y restauraci\u00f3n del ambiente y los recursos naturales.<\/p>\n<p>Durante la jornada, la directora inform\u00f3 que la entidad destin\u00f3 $104.000 millones en acciones enmarcadas en las tres l\u00edneas del PAC: Innovaci\u00f3n en la gesti\u00f3n integral del recurso h\u00eddrico; Gesti\u00f3n integral de los ecosistemas, la biodiversidad y el cambio clim\u00e1tico; y Gobernabilidad y gobernanza ambiental. Asimismo, destac\u00f3 que desde 2020 la corporaci\u00f3n ha invertido $379.000 millones en iniciativas ambientales en los 47 municipios del departamento.<\/p>\n<p>\u201cSin sonrojarnos podemos decir que en estos seis a\u00f1os ha sido evidente el incremento de las inversiones ambientales y el trabajo con las comunidades en el Tolima. Hemos hecho enormes transformaciones en la forma c\u00f3mo las comunidades conciben la corporaci\u00f3n, una entidad que ejerce la autoridad ambiental pero que tambi\u00e9n realiza inversiones. En Cortolima no estamos detr\u00e1s de un escritorio, sino en el territorio\u201d, afirm\u00f3 la directora.<\/p>\n<p>En el componente de recurso h\u00eddrico, desde 2020, Cortolima ha implementado un Centro de Monitoreo y una avanzada red de 30 estaciones hidrometeorol\u00f3gicas, avanz\u00f3 en procesos de saneamiento b\u00e1sico mediante siete colectores, seis plantas de tratamiento y 873 sistemas de Tratamiento de Aguas Residuales, y desarroll\u00f3 instrumentos de planificaci\u00f3n como los Planes de Ordenaci\u00f3n y Manejo de Cuencas Hidrogr\u00e1ficas de los r\u00edos Opia, Sumapaz y Amoy\u00e1.<\/p>\n<p>A esto se suman iniciativas comunitarias como la entrega de 455 sistema de recolecci\u00f3n y reserva de agua lluvia (Cosechas de agua), 12 reservorios y el programa \u2018Manos al agua\u2019, enfocado al cuidado de fuentes h\u00eddricas a trav\u00e9s de jornadas de limpieza y educaci\u00f3n ambiental.<\/p>\n<p>En la l\u00ednea de ecosistemas, biodiversidad y cambio clim\u00e1tico, la corporaci\u00f3n ha promovido pr\u00e1cticas sostenibles con la entrega de 4.045 estufas ecoeficientes, 92 biof\u00e1bricas, 99 biodigestores, 16 hornillas paneleras, 4.068 huertas caseras y 839 filtros verdes, entre otros.<\/p>\n<p>Tambi\u00e9n ha impulsado procesos de restauraci\u00f3n ecol\u00f3gica en 3.178 hect\u00e1reas, esquemas de Pagos por Servicios Ambientales para la conservaci\u00f3n de 6.000 hect\u00e1reas en \u00e1reas de importancia ambiental, protecci\u00f3n de \u00e1reas con planes de manejo y atenci\u00f3n de m\u00e1s de 10.000 individuos en el Centro de Atenci\u00f3n y Valoraci\u00f3n de Fauna Silvestre.<\/p>\n<p>Finalmente, en gobernabilidad y gobernanza ambiental, se consolidaron estrategias de educaci\u00f3n ambiental que vincularon a m\u00e1s de 56.000 ciudadanos, junto con avances en transformaci\u00f3n digital que facilitaron tr\u00e1mites ambientales en l\u00ednea, fortaleciendo la participaci\u00f3n, la transparencia y la articulaci\u00f3n entre la autoridad ambiental y las comunidades del Tolima.<\/p>\n","protected":false},"excerpt":{"rendered":"<p>Desde Guamo, ante m\u00e1s de 2.000 asistentes, la directora Olga Luc\u00eda Alfonso Iannini destac\u00f3 las inversiones ejecutadas y programas desarrollados para el cuidado del ambiente en Tolima. A trav\u00e9s de testimonios, puestas en escena y piezas audiovisuales que apelaron al arraigo y al compromiso ambiental por el territorio, la Corporaci\u00f3n<span class=\"more-link\"><a href=\"https:\/\/ciudadyregion.com.co\/index.php\/cortolima-rindio-cuentas-104-000-millones-en-gestion-ambiental-en-el-tolima-en-2025\/regional\/\">Continuar Leyendo<\/a><\/span><\/p>\n","protected":false},"author":2,"featured_media":59595,"comment_status":"open","ping_status":"open","sticky":false,"template":"","format":"standard","meta":{"_uf_show_specific_survey":0,"_uf_disable_surveys":false,"_jetpack_memberships_contains_paid_content":false,"footnotes":"","jetpack_publicize_message":"","jetpack_publicize_feature_enabled":true,"jetpack_social_post_already_shared":true,"jetpack_social_options":{"image_generator_settings":{"template":"highway","enabled":false},"version":2}},"categories":[13],"tags":[],"class_list":["entry","author-diegoaguirre","post-59594","post","type-post","status-publish","format-standard","has-post-thumbnail","category-regional"],"jetpack_publicize_connections":[],"yoast_head":"<!-- This site is optimized with the Yoast SEO plugin v24.3 - https:\/\/yoast.com\/wordpress\/plugins\/seo\/ -->\n<title>Cortolima rindi\u00f3 cuentas: $104.000 millones en gesti\u00f3n ambiental en el Tolima en 2025 - Ciudad y Region<\/title>\n<meta name=\"robots\" content=\"index, follow, max-snippet:-1, max-image-preview:large, max-video-preview:-1\" \/>\n<link rel=\"canonical\" href=\"https:\/\/ciudadyregion.com.co\/index.php\/cortolima-rindio-cuentas-104-000-millones-en-gestion-ambiental-en-el-tolima-en-2025\/regional\/\" \/>\n<meta property=\"og:locale\" content=\"es_ES\" \/>\n<meta property=\"og:type\" content=\"article\" \/>\n<meta property=\"og:title\" content=\"Cortolima rindi\u00f3 cuentas: $104.000 millones en gesti\u00f3n ambiental en el Tolima en 2025 - Ciudad y Region\" \/>\n<meta property=\"og:description\" content=\"Desde Guamo, ante m\u00e1s de 2.000 asistentes, la directora Olga Luc\u00eda Alfonso Iannini destac\u00f3 las inversiones ejecutadas y programas desarrollados para el cuidado del ambiente en Tolima. A trav\u00e9s de testimonios, puestas en escena y piezas audiovisuales que apelaron al arraigo y al compromiso ambiental por el territorio, la Corporaci\u00f3nContinuar Leyendo\" \/>\n<meta property=\"og:url\" content=\"https:\/\/ciudadyregion.com.co\/index.php\/cortolima-rindio-cuentas-104-000-millones-en-gestion-ambiental-en-el-tolima-en-2025\/regional\/\" \/>\n<meta property=\"og:site_name\" content=\"Ciudad y Region\" \/>\n<meta property=\"article:published_time\" content=\"2026-04-26T03:59:17+00:00\" \/>\n<meta property=\"article:modified_time\" content=\"2026-04-28T04:00:44+00:00\" \/>\n<meta property=\"og:image\" content=\"https:\/\/ciudadyregion.com.co\/wp-content\/uploads\/2026\/04\/a-9-2.jpg\" \/>\n\t<meta property=\"og:image:width\" content=\"800\" \/>\n\t<meta property=\"og:image:height\" content=\"445\" \/>\n\t<meta property=\"og:image:type\" content=\"image\/jpeg\" \/>\n<meta name=\"author\" content=\"David Andr\u00e9s Aguirre\" \/>\n<meta name=\"twitter:card\" content=\"summary_large_image\" \/>\n<meta name=\"twitter:label1\" content=\"Escrito por\" \/>\n\t<meta name=\"twitter:data1\" content=\"David Andr\u00e9s Aguirre\" \/>\n\t<meta name=\"twitter:label2\" content=\"Tiempo de lectura\" \/>\n\t<meta name=\"twitter:data2\" content=\"3 minutos\" \/>\n<script type=\"application\/ld+json\" class=\"yoast-schema-graph\">{\"@context\":\"https:\/\/schema.org\",\"@graph\":[{\"@type\":\"WebPage\",\"@id\":\"https:\/\/ciudadyregion.com.co\/index.php\/cortolima-rindio-cuentas-104-000-millones-en-gestion-ambiental-en-el-tolima-en-2025\/regional\/\",\"url\":\"https:\/\/ciudadyregion.com.co\/index.php\/cortolima-rindio-cuentas-104-000-millones-en-gestion-ambiental-en-el-tolima-en-2025\/regional\/\",\"name\":\"Cortolima rindi\u00f3 cuentas: $104.000 millones en gesti\u00f3n ambiental en el Tolima en 2025 - Ciudad y Region\",\"isPartOf\":{\"@id\":\"https:\/\/ciudadyregion.com.co\/#website\"},\"primaryImageOfPage\":{\"@id\":\"https:\/\/ciudadyregion.com.co\/index.php\/cortolima-rindio-cuentas-104-000-millones-en-gestion-ambiental-en-el-tolima-en-2025\/regional\/#primaryimage\"},\"image\":{\"@id\":\"https:\/\/ciudadyregion.com.co\/index.php\/cortolima-rindio-cuentas-104-000-millones-en-gestion-ambiental-en-el-tolima-en-2025\/regional\/#primaryimage\"},\"thumbnailUrl\":\"https:\/\/i0.wp.com\/ciudadyregion.com.co\/wp-content\/uploads\/2026\/04\/a-9-2.jpg?fit=800%2C445&ssl=1\",\"datePublished\":\"2026-04-26T03:59:17+00:00\",\"dateModified\":\"2026-04-28T04:00:44+00:00\",\"author\":{\"@id\":\"https:\/\/ciudadyregion.com.co\/#\/schema\/person\/04a4954373ebc4051f46e8c65ff78622\"},\"breadcrumb\":{\"@id\":\"https:\/\/ciudadyregion.com.co\/index.php\/cortolima-rindio-cuentas-104-000-millones-en-gestion-ambiental-en-el-tolima-en-2025\/regional\/#breadcrumb\"},\"inLanguage\":\"es\",\"potentialAction\":[{\"@type\":\"ReadAction\",\"target\":[\"https:\/\/ciudadyregion.com.co\/index.php\/cortolima-rindio-cuentas-104-000-millones-en-gestion-ambiental-en-el-tolima-en-2025\/regional\/\"]}]},{\"@type\":\"ImageObject\",\"inLanguage\":\"es\",\"@id\":\"https:\/\/ciudadyregion.com.co\/index.php\/cortolima-rindio-cuentas-104-000-millones-en-gestion-ambiental-en-el-tolima-en-2025\/regional\/#primaryimage\",\"url\":\"https:\/\/i0.wp.com\/ciudadyregion.com.co\/wp-content\/uploads\/2026\/04\/a-9-2.jpg?fit=800%2C445&ssl=1\",\"contentUrl\":\"https:\/\/i0.wp.com\/ciudadyregion.com.co\/wp-content\/uploads\/2026\/04\/a-9-2.jpg?fit=800%2C445&ssl=1\",\"width\":800,\"height\":445},{\"@type\":\"BreadcrumbList\",\"@id\":\"https:\/\/ciudadyregion.com.co\/index.php\/cortolima-rindio-cuentas-104-000-millones-en-gestion-ambiental-en-el-tolima-en-2025\/regional\/#breadcrumb\",\"itemListElement\":[{\"@type\":\"ListItem\",\"position\":1,\"name\":\"Portada\",\"item\":\"https:\/\/ciudadyregion.com.co\/\"},{\"@type\":\"ListItem\",\"position\":2,\"name\":\"Cortolima rindi\u00f3 cuentas: $104.000 millones en gesti\u00f3n ambiental en el Tolima en 2025\"}]},{\"@type\":\"WebSite\",\"@id\":\"https:\/\/ciudadyregion.com.co\/#website\",\"url\":\"https:\/\/ciudadyregion.com.co\/\",\"name\":\"Ciudad y Region\",\"description\":\"\",\"potentialAction\":[{\"@type\":\"SearchAction\",\"target\":{\"@type\":\"EntryPoint\",\"urlTemplate\":\"https:\/\/ciudadyregion.com.co\/?s={search_term_string}\"},\"query-input\":{\"@type\":\"PropertyValueSpecification\",\"valueRequired\":true,\"valueName\":\"search_term_string\"}}],\"inLanguage\":\"es\"},{\"@type\":\"Person\",\"@id\":\"https:\/\/ciudadyregion.com.co\/#\/schema\/person\/04a4954373ebc4051f46e8c65ff78622\",\"name\":\"David Andr\u00e9s Aguirre\",\"image\":{\"@type\":\"ImageObject\",\"inLanguage\":\"es\",\"@id\":\"https:\/\/ciudadyregion.com.co\/#\/schema\/person\/image\/\",\"url\":\"https:\/\/secure.gravatar.com\/avatar\/bc3c655860202182ee6d1b5edd042dbe?s=96&d=mm&r=g\",\"contentUrl\":\"https:\/\/secure.gravatar.com\/avatar\/bc3c655860202182ee6d1b5edd042dbe?s=96&d=mm&r=g\",\"caption\":\"David Andr\u00e9s Aguirre\"},\"url\":\"https:\/\/ciudadyregion.com.co\/index.php\/author\/diegoaguirre\/\"}]}<\/script>\n<!-- \/ Yoast SEO plugin. -->","yoast_head_json":{"title":"Cortolima rindi\u00f3 cuentas: $104.000 millones en gesti\u00f3n ambiental en el Tolima en 2025 - Ciudad y Region","robots":{"index":"index","follow":"follow","max-snippet":"max-snippet:-1","max-image-preview":"max-image-preview:large","max-video-preview":"max-video-preview:-1"},"canonical":"https:\/\/ciudadyregion.com.co\/index.php\/cortolima-rindio-cuentas-104-000-millones-en-gestion-ambiental-en-el-tolima-en-2025\/regional\/","og_locale":"es_ES","og_type":"article","og_title":"Cortolima rindi\u00f3 cuentas: $104.000 millones en gesti\u00f3n ambiental en el Tolima en 2025 - Ciudad y Region","og_description":"Desde Guamo, ante m\u00e1s de 2.000 asistentes, la directora Olga Luc\u00eda Alfonso Iannini destac\u00f3 las inversiones ejecutadas y programas desarrollados para el cuidado del ambiente en Tolima. A trav\u00e9s de testimonios, puestas en escena y piezas audiovisuales que apelaron al arraigo y al compromiso ambiental por el territorio, la Corporaci\u00f3nContinuar Leyendo","og_url":"https:\/\/ciudadyregion.com.co\/index.php\/cortolima-rindio-cuentas-104-000-millones-en-gestion-ambiental-en-el-tolima-en-2025\/regional\/","og_site_name":"Ciudad y Region","article_published_time":"2026-04-26T03:59:17+00:00","article_modified_time":"2026-04-28T04:00:44+00:00","og_image":[{"width":800,"height":445,"url":"https:\/\/ciudadyregion.com.co\/wp-content\/uploads\/2026\/04\/a-9-2.jpg","type":"image\/jpeg"}],"author":"David Andr\u00e9s Aguirre","twitter_card":"summary_large_image","twitter_misc":{"Escrito por":"David Andr\u00e9s Aguirre","Tiempo de lectura":"3 minutos"},"schema":{"@context":"https:\/\/schema.org","@graph":[{"@type":"WebPage","@id":"https:\/\/ciudadyregion.com.co\/index.php\/cortolima-rindio-cuentas-104-000-millones-en-gestion-ambiental-en-el-tolima-en-2025\/regional\/","url":"https:\/\/ciudadyregion.com.co\/index.php\/cortolima-rindio-cuentas-104-000-millones-en-gestion-ambiental-en-el-tolima-en-2025\/regional\/","name":"Cortolima rindi\u00f3 cuentas: $104.000 millones en gesti\u00f3n ambiental en el Tolima en 2025 - Ciudad y Region","isPartOf":{"@id":"https:\/\/ciudadyregion.com.co\/#website"},"primaryImageOfPage":{"@id":"https:\/\/ciudadyregion.com.co\/index.php\/cortolima-rindio-cuentas-104-000-millones-en-gestion-ambiental-en-el-tolima-en-2025\/regional\/#primaryimage"},"image":{"@id":"https:\/\/ciudadyregion.com.co\/index.php\/cortolima-rindio-cuentas-104-000-millones-en-gestion-ambiental-en-el-tolima-en-2025\/regional\/#primaryimage"},"thumbnailUrl":"https:\/\/i0.wp.com\/ciudadyregion.com.co\/wp-content\/uploads\/2026\/04\/a-9-2.jpg?fit=800%2C445&ssl=1","datePublished":"2026-04-26T03:59:17+00:00","dateModified":"2026-04-28T04:00:44+00:00","author":{"@id":"https:\/\/ciudadyregion.com.co\/#\/schema\/person\/04a4954373ebc4051f46e8c65ff78622"},"breadcrumb":{"@id":"https:\/\/ciudadyregion.com.co\/index.php\/cortolima-rindio-cuentas-104-000-millones-en-gestion-ambiental-en-el-tolima-en-2025\/regional\/#breadcrumb"},"inLanguage":"es","potentialAction":[{"@type":"ReadAction","target":["https:\/\/ciudadyregion.com.co\/index.php\/cortolima-rindio-cuentas-104-000-millones-en-gestion-ambiental-en-el-tolima-en-2025\/regional\/"]}]},{"@type":"ImageObject","inLanguage":"es","@id":"https:\/\/ciudadyregion.com.co\/index.php\/cortolima-rindio-cuentas-104-000-millones-en-gestion-ambiental-en-el-tolima-en-2025\/regional\/#primaryimage","url":"https:\/\/i0.wp.com\/ciudadyregion.com.co\/wp-content\/uploads\/2026\/04\/a-9-2.jpg?fit=800%2C445&ssl=1","contentUrl":"https:\/\/i0.wp.com\/ciudadyregion.com.co\/wp-content\/uploads\/2026\/04\/a-9-2.jpg?fit=800%2C445&ssl=1","width":800,"height":445},{"@type":"BreadcrumbList","@id":"https:\/\/ciudadyregion.com.co\/index.php\/cortolima-rindio-cuentas-104-000-millones-en-gestion-ambiental-en-el-tolima-en-2025\/regional\/#breadcrumb","itemListElement":[{"@type":"ListItem","position":1,"name":"Portada","item":"https:\/\/ciudadyregion.com.co\/"},{"@type":"ListItem","position":2,"name":"Cortolima rindi\u00f3 cuentas: $104.000 millones en gesti\u00f3n ambiental en el Tolima en 2025"}]},{"@type":"WebSite","@id":"https:\/\/ciudadyregion.com.co\/#website","url":"https:\/\/ciudadyregion.com.co\/","name":"Ciudad y Region","description":"","potentialAction":[{"@type":"SearchAction","target":{"@type":"EntryPoint","urlTemplate":"https:\/\/ciudadyregion.com.co\/?s={search_term_string}"},"query-input":{"@type":"PropertyValueSpecification","valueRequired":true,"valueName":"search_term_string"}}],"inLanguage":"es"},{"@type":"Person","@id":"https:\/\/ciudadyregion.com.co\/#\/schema\/person\/04a4954373ebc4051f46e8c65ff78622","name":"David Andr\u00e9s Aguirre","image":{"@type":"ImageObject","inLanguage":"es","@id":"https:\/\/ciudadyregion.com.co\/#\/schema\/person\/image\/","url":"https:\/\/secure.gravatar.com\/avatar\/bc3c655860202182ee6d1b5edd042dbe?s=96&d=mm&r=g","contentUrl":"https:\/\/secure.gravatar.com\/avatar\/bc3c655860202182ee6d1b5edd042dbe?s=96&d=mm&r=g","caption":"David Andr\u00e9s Aguirre"},"url":"https:\/\/ciudadyregion.com.co\/index.php\/author\/diegoaguirre\/"}]}},"jetpack_featured_media_url":"https:\/\/i0.wp.com\/ciudadyregion.com.co\/wp-content\/uploads\/2026\/04\/a-9-2.jpg?fit=800%2C445&ssl=1","jetpack_sharing_enabled":true,"jetpack_shortlink":"https:\/\/wp.me\/pbS7hh-fvc","jetpack-related-posts":[],"_links":{"self":[{"href":"https:\/\/ciudadyregion.com.co\/index.php\/wp-json\/wp\/v2\/posts\/59594"}],"collection":[{"href":"https:\/\/ciudadyregion.com.co\/index.php\/wp-json\/wp\/v2\/posts"}],"about":[{"href":"https:\/\/ciudadyregion.com.co\/index.php\/wp-json\/wp\/v2\/types\/post"}],"author":[{"embeddable":true,"href":"https:\/\/ciudadyregion.com.co\/index.php\/wp-json\/wp\/v2\/users\/2"}],"replies":[{"embeddable":true,"href":"https:\/\/ciudadyregion.com.co\/index.php\/wp-json\/wp\/v2\/comments?post=59594"}],"version-history":[{"count":1,"href":"https:\/\/ciudadyregion.com.co\/index.php\/wp-json\/wp\/v2\/posts\/59594\/revisions"}],"predecessor-version":[{"id":59596,"href":"https:\/\/ciudadyregion.com.co\/index.php\/wp-json\/wp\/v2\/posts\/59594\/revisions\/59596"}],"wp:featuredmedia":[{"embeddable":true,"href":"https:\/\/ciudadyregion.com.co\/index.php\/wp-json\/wp\/v2\/media\/59595"}],"wp:attachment":[{"href":"https:\/\/ciudadyregion.com.co\/index.php\/wp-json\/wp\/v2\/media?parent=59594"}],"wp:term":[{"taxonomy":"category","embeddable":true,"href":"https:\/\/ciudadyregion.com.co\/index.php\/wp-json\/wp\/v2\/categories?post=59594"},{"taxonomy":"post_tag","embeddable":true,"href":"https:\/\/ciudadyregion.com.co\/index.php\/wp-json\/wp\/v2\/tags?post=59594"}],"curies":[{"name":"wp","href":"https:\/\/api.w.org\/{rel}","templated":true}]}}