{"id":59591,"date":"2026-04-27T22:57:05","date_gmt":"2026-04-28T03:57:05","guid":{"rendered":"https:\/\/ciudadyregion.com.co\/?p=59591"},"modified":"2026-04-27T22:57:05","modified_gmt":"2026-04-28T03:57:05","slug":"aliste-su-cuchara-alcaldia-adecuara-el-primer-centro-gastronomico-de-ibague-en-plaza-la-28","status":"publish","type":"post","link":"https:\/\/ciudadyregion.com.co\/index.php\/aliste-su-cuchara-alcaldia-adecuara-el-primer-centro-gastronomico-de-ibague-en-plaza-la-28\/ibague\/","title":{"rendered":"\u00a1Aliste su cuchara! Alcald\u00eda adecuar\u00e1 el primer Centro Gastron\u00f3mico de Ibagu\u00e9 en Plaza La 28"},"content":{"rendered":"<p>Esta obra se llevar\u00e1 a cabo en el segundo piso del centro de acopio y contar\u00e1 tambi\u00e9n con una tarima para muestras musicales y culturales.<\/p>\n<p>Una de las metas trazada por la alcaldesa Johana Aranda es dignificar las labores de los adjudicatarios en los centros de acopio de la capital tolimense; por esto, la Alcald\u00eda adecuar\u00e1 el primer Centro Gastron\u00f3mico de la ciudad, en la Plaza La 28.<\/p>\n<p>\u201cEn este segundo piso de la Plaza La 28, pronto tendremos el primer Centro Gastron\u00f3mico de la ciudad, en una plaza p\u00fablica. Esta ser\u00e1 una plazoleta maravillosa, muy bien dise\u00f1ada, donde todos los ibaguere\u00f1os y colombianos podr\u00e1n disfrutar de lo mejor de la gastronom\u00eda t\u00edpica del departamento\u201d, explic\u00f3 Edilberto Pava, gerente de Infibagu\u00e9.<\/p>\n<p>Para esta obra se invertir\u00e1n m\u00e1s de $1.500 millones, y se adaptar\u00e1n 24 locales comerciales, ba\u00f1os p\u00fablicos, una tarima para muestras musicales y culturales, zonas de sillas y mesas, entre otras labores. En este espacio que estar\u00e1 ubicado en el segundo piso del centro de acopio, ser\u00e1n trasladados todos los adjudicatarios de La 28 que vendan lechona, tamales, amasijos, avenas u otras bebidas, fritos, platos t\u00edpicos o tradicionales.<\/p>\n<p>\u201cEn el gobierno de la alcaldesa Johana Aranda amamos las plazas de mercado, por eso las estamos sacando adelante y dignificando la valiosa labor de nuestros adjudicatarios; tambi\u00e9n para que cada d\u00eda sean mejor estos espacios y para que sigan enamorando y atrayendo m\u00e1s visitantes\u201d, a\u00f1adi\u00f3 el funcionario.<\/p>\n<p>Tenga en cuenta que en el 2025 la Alcald\u00eda de Ibagu\u00e9 adelant\u00f3 en el segundo piso de La 28, el mantenimiento de la estructura met\u00e1lica, cambi\u00f3 1.800 metros cuadrados de cubierta, adem\u00e1s de mejoras en la iluminaci\u00f3n y pintura; asimismo, repar\u00f3 la red hidrosanitaria y recuper\u00f3 el piso en el pabell\u00f3n de carnes. Es de se\u00f1alar que, en los pr\u00f3ximos d\u00edas, se llevar\u00e1n a cabo m\u00e1s obras complementarias y de embellecimiento en los otros pasillos de este importante centro de acopio.<\/p>\n","protected":false},"excerpt":{"rendered":"<p>Esta obra se llevar\u00e1 a cabo en el segundo piso del centro de acopio y contar\u00e1 tambi\u00e9n con una tarima para muestras musicales y culturales. Una de las metas trazada por la alcaldesa Johana Aranda es dignificar las labores de los adjudicatarios en los centros de acopio de la capital<span class=\"more-link\"><a href=\"https:\/\/ciudadyregion.com.co\/index.php\/aliste-su-cuchara-alcaldia-adecuara-el-primer-centro-gastronomico-de-ibague-en-plaza-la-28\/ibague\/\">Continuar Leyendo<\/a><\/span><\/p>\n","protected":false},"author":2,"featured_media":59592,"comment_status":"open","ping_status":"open","sticky":false,"template":"","format":"standard","meta":{"_uf_show_specific_survey":0,"_uf_disable_surveys":false,"_jetpack_memberships_contains_paid_content":false,"footnotes":"","jetpack_publicize_message":"","jetpack_publicize_feature_enabled":true,"jetpack_social_post_already_shared":true,"jetpack_social_options":{"image_generator_settings":{"template":"highway","enabled":false},"version":2}},"categories":[14],"tags":[],"class_list":["entry","author-diegoaguirre","post-59591","post","type-post","status-publish","format-standard","has-post-thumbnail","category-ibague"],"jetpack_publicize_connections":[],"yoast_head":"<!-- This site is optimized with the Yoast SEO plugin v24.3 - https:\/\/yoast.com\/wordpress\/plugins\/seo\/ -->\n<title>\u00a1Aliste su cuchara! Alcald\u00eda adecuar\u00e1 el primer Centro Gastron\u00f3mico de Ibagu\u00e9 en Plaza La 28 - Ciudad y Region<\/title>\n<meta name=\"robots\" content=\"index, follow, max-snippet:-1, max-image-preview:large, max-video-preview:-1\" \/>\n<link rel=\"canonical\" href=\"https:\/\/ciudadyregion.com.co\/index.php\/aliste-su-cuchara-alcaldia-adecuara-el-primer-centro-gastronomico-de-ibague-en-plaza-la-28\/ibague\/\" \/>\n<meta property=\"og:locale\" content=\"es_ES\" \/>\n<meta property=\"og:type\" content=\"article\" \/>\n<meta property=\"og:title\" content=\"\u00a1Aliste su cuchara! Alcald\u00eda adecuar\u00e1 el primer Centro Gastron\u00f3mico de Ibagu\u00e9 en Plaza La 28 - Ciudad y Region\" \/>\n<meta property=\"og:description\" content=\"Esta obra se llevar\u00e1 a cabo en el segundo piso del centro de acopio y contar\u00e1 tambi\u00e9n con una tarima para muestras musicales y culturales. Una de las metas trazada por la alcaldesa Johana Aranda es dignificar las labores de los adjudicatarios en los centros de acopio de la capitalContinuar Leyendo\" \/>\n<meta property=\"og:url\" content=\"https:\/\/ciudadyregion.com.co\/index.php\/aliste-su-cuchara-alcaldia-adecuara-el-primer-centro-gastronomico-de-ibague-en-plaza-la-28\/ibague\/\" \/>\n<meta property=\"og:site_name\" content=\"Ciudad y Region\" \/>\n<meta property=\"article:published_time\" content=\"2026-04-28T03:57:05+00:00\" \/>\n<meta property=\"og:image\" content=\"https:\/\/ciudadyregion.com.co\/wp-content\/uploads\/2026\/04\/a-8-2.jpg\" \/>\n\t<meta property=\"og:image:width\" content=\"800\" \/>\n\t<meta property=\"og:image:height\" content=\"445\" \/>\n\t<meta property=\"og:image:type\" content=\"image\/jpeg\" \/>\n<meta name=\"author\" content=\"David Andr\u00e9s Aguirre\" \/>\n<meta name=\"twitter:card\" content=\"summary_large_image\" \/>\n<meta name=\"twitter:label1\" content=\"Escrito por\" \/>\n\t<meta name=\"twitter:data1\" content=\"David Andr\u00e9s Aguirre\" \/>\n\t<meta name=\"twitter:label2\" content=\"Tiempo de lectura\" \/>\n\t<meta name=\"twitter:data2\" content=\"2 minutos\" \/>\n<script type=\"application\/ld+json\" class=\"yoast-schema-graph\">{\"@context\":\"https:\/\/schema.org\",\"@graph\":[{\"@type\":\"WebPage\",\"@id\":\"https:\/\/ciudadyregion.com.co\/index.php\/aliste-su-cuchara-alcaldia-adecuara-el-primer-centro-gastronomico-de-ibague-en-plaza-la-28\/ibague\/\",\"url\":\"https:\/\/ciudadyregion.com.co\/index.php\/aliste-su-cuchara-alcaldia-adecuara-el-primer-centro-gastronomico-de-ibague-en-plaza-la-28\/ibague\/\",\"name\":\"\u00a1Aliste su cuchara! Alcald\u00eda adecuar\u00e1 el primer Centro Gastron\u00f3mico de Ibagu\u00e9 en Plaza La 28 - Ciudad y Region\",\"isPartOf\":{\"@id\":\"https:\/\/ciudadyregion.com.co\/#website\"},\"primaryImageOfPage\":{\"@id\":\"https:\/\/ciudadyregion.com.co\/index.php\/aliste-su-cuchara-alcaldia-adecuara-el-primer-centro-gastronomico-de-ibague-en-plaza-la-28\/ibague\/#primaryimage\"},\"image\":{\"@id\":\"https:\/\/ciudadyregion.com.co\/index.php\/aliste-su-cuchara-alcaldia-adecuara-el-primer-centro-gastronomico-de-ibague-en-plaza-la-28\/ibague\/#primaryimage\"},\"thumbnailUrl\":\"https:\/\/i0.wp.com\/ciudadyregion.com.co\/wp-content\/uploads\/2026\/04\/a-8-2.jpg?fit=800%2C445&ssl=1\",\"datePublished\":\"2026-04-28T03:57:05+00:00\",\"dateModified\":\"2026-04-28T03:57:05+00:00\",\"author\":{\"@id\":\"https:\/\/ciudadyregion.com.co\/#\/schema\/person\/04a4954373ebc4051f46e8c65ff78622\"},\"breadcrumb\":{\"@id\":\"https:\/\/ciudadyregion.com.co\/index.php\/aliste-su-cuchara-alcaldia-adecuara-el-primer-centro-gastronomico-de-ibague-en-plaza-la-28\/ibague\/#breadcrumb\"},\"inLanguage\":\"es\",\"potentialAction\":[{\"@type\":\"ReadAction\",\"target\":[\"https:\/\/ciudadyregion.com.co\/index.php\/aliste-su-cuchara-alcaldia-adecuara-el-primer-centro-gastronomico-de-ibague-en-plaza-la-28\/ibague\/\"]}]},{\"@type\":\"ImageObject\",\"inLanguage\":\"es\",\"@id\":\"https:\/\/ciudadyregion.com.co\/index.php\/aliste-su-cuchara-alcaldia-adecuara-el-primer-centro-gastronomico-de-ibague-en-plaza-la-28\/ibague\/#primaryimage\",\"url\":\"https:\/\/i0.wp.com\/ciudadyregion.com.co\/wp-content\/uploads\/2026\/04\/a-8-2.jpg?fit=800%2C445&ssl=1\",\"contentUrl\":\"https:\/\/i0.wp.com\/ciudadyregion.com.co\/wp-content\/uploads\/2026\/04\/a-8-2.jpg?fit=800%2C445&ssl=1\",\"width\":800,\"height\":445},{\"@type\":\"BreadcrumbList\",\"@id\":\"https:\/\/ciudadyregion.com.co\/index.php\/aliste-su-cuchara-alcaldia-adecuara-el-primer-centro-gastronomico-de-ibague-en-plaza-la-28\/ibague\/#breadcrumb\",\"itemListElement\":[{\"@type\":\"ListItem\",\"position\":1,\"name\":\"Portada\",\"item\":\"https:\/\/ciudadyregion.com.co\/\"},{\"@type\":\"ListItem\",\"position\":2,\"name\":\"\u00a1Aliste su cuchara! Alcald\u00eda adecuar\u00e1 el primer Centro Gastron\u00f3mico de Ibagu\u00e9 en Plaza La 28\"}]},{\"@type\":\"WebSite\",\"@id\":\"https:\/\/ciudadyregion.com.co\/#website\",\"url\":\"https:\/\/ciudadyregion.com.co\/\",\"name\":\"Ciudad y Region\",\"description\":\"\",\"potentialAction\":[{\"@type\":\"SearchAction\",\"target\":{\"@type\":\"EntryPoint\",\"urlTemplate\":\"https:\/\/ciudadyregion.com.co\/?s={search_term_string}\"},\"query-input\":{\"@type\":\"PropertyValueSpecification\",\"valueRequired\":true,\"valueName\":\"search_term_string\"}}],\"inLanguage\":\"es\"},{\"@type\":\"Person\",\"@id\":\"https:\/\/ciudadyregion.com.co\/#\/schema\/person\/04a4954373ebc4051f46e8c65ff78622\",\"name\":\"David Andr\u00e9s Aguirre\",\"image\":{\"@type\":\"ImageObject\",\"inLanguage\":\"es\",\"@id\":\"https:\/\/ciudadyregion.com.co\/#\/schema\/person\/image\/\",\"url\":\"https:\/\/secure.gravatar.com\/avatar\/bc3c655860202182ee6d1b5edd042dbe?s=96&d=mm&r=g\",\"contentUrl\":\"https:\/\/secure.gravatar.com\/avatar\/bc3c655860202182ee6d1b5edd042dbe?s=96&d=mm&r=g\",\"caption\":\"David Andr\u00e9s Aguirre\"},\"url\":\"https:\/\/ciudadyregion.com.co\/index.php\/author\/diegoaguirre\/\"}]}<\/script>\n<!-- \/ Yoast SEO plugin. -->","yoast_head_json":{"title":"\u00a1Aliste su cuchara! Alcald\u00eda adecuar\u00e1 el primer Centro Gastron\u00f3mico de Ibagu\u00e9 en Plaza La 28 - Ciudad y Region","robots":{"index":"index","follow":"follow","max-snippet":"max-snippet:-1","max-image-preview":"max-image-preview:large","max-video-preview":"max-video-preview:-1"},"canonical":"https:\/\/ciudadyregion.com.co\/index.php\/aliste-su-cuchara-alcaldia-adecuara-el-primer-centro-gastronomico-de-ibague-en-plaza-la-28\/ibague\/","og_locale":"es_ES","og_type":"article","og_title":"\u00a1Aliste su cuchara! Alcald\u00eda adecuar\u00e1 el primer Centro Gastron\u00f3mico de Ibagu\u00e9 en Plaza La 28 - Ciudad y Region","og_description":"Esta obra se llevar\u00e1 a cabo en el segundo piso del centro de acopio y contar\u00e1 tambi\u00e9n con una tarima para muestras musicales y culturales. Una de las metas trazada por la alcaldesa Johana Aranda es dignificar las labores de los adjudicatarios en los centros de acopio de la capitalContinuar Leyendo","og_url":"https:\/\/ciudadyregion.com.co\/index.php\/aliste-su-cuchara-alcaldia-adecuara-el-primer-centro-gastronomico-de-ibague-en-plaza-la-28\/ibague\/","og_site_name":"Ciudad y Region","article_published_time":"2026-04-28T03:57:05+00:00","og_image":[{"width":800,"height":445,"url":"https:\/\/ciudadyregion.com.co\/wp-content\/uploads\/2026\/04\/a-8-2.jpg","type":"image\/jpeg"}],"author":"David Andr\u00e9s Aguirre","twitter_card":"summary_large_image","twitter_misc":{"Escrito por":"David Andr\u00e9s Aguirre","Tiempo de lectura":"2 minutos"},"schema":{"@context":"https:\/\/schema.org","@graph":[{"@type":"WebPage","@id":"https:\/\/ciudadyregion.com.co\/index.php\/aliste-su-cuchara-alcaldia-adecuara-el-primer-centro-gastronomico-de-ibague-en-plaza-la-28\/ibague\/","url":"https:\/\/ciudadyregion.com.co\/index.php\/aliste-su-cuchara-alcaldia-adecuara-el-primer-centro-gastronomico-de-ibague-en-plaza-la-28\/ibague\/","name":"\u00a1Aliste su cuchara! Alcald\u00eda adecuar\u00e1 el primer Centro Gastron\u00f3mico de Ibagu\u00e9 en Plaza La 28 - Ciudad y Region","isPartOf":{"@id":"https:\/\/ciudadyregion.com.co\/#website"},"primaryImageOfPage":{"@id":"https:\/\/ciudadyregion.com.co\/index.php\/aliste-su-cuchara-alcaldia-adecuara-el-primer-centro-gastronomico-de-ibague-en-plaza-la-28\/ibague\/#primaryimage"},"image":{"@id":"https:\/\/ciudadyregion.com.co\/index.php\/aliste-su-cuchara-alcaldia-adecuara-el-primer-centro-gastronomico-de-ibague-en-plaza-la-28\/ibague\/#primaryimage"},"thumbnailUrl":"https:\/\/i0.wp.com\/ciudadyregion.com.co\/wp-content\/uploads\/2026\/04\/a-8-2.jpg?fit=800%2C445&ssl=1","datePublished":"2026-04-28T03:57:05+00:00","dateModified":"2026-04-28T03:57:05+00:00","author":{"@id":"https:\/\/ciudadyregion.com.co\/#\/schema\/person\/04a4954373ebc4051f46e8c65ff78622"},"breadcrumb":{"@id":"https:\/\/ciudadyregion.com.co\/index.php\/aliste-su-cuchara-alcaldia-adecuara-el-primer-centro-gastronomico-de-ibague-en-plaza-la-28\/ibague\/#breadcrumb"},"inLanguage":"es","potentialAction":[{"@type":"ReadAction","target":["https:\/\/ciudadyregion.com.co\/index.php\/aliste-su-cuchara-alcaldia-adecuara-el-primer-centro-gastronomico-de-ibague-en-plaza-la-28\/ibague\/"]}]},{"@type":"ImageObject","inLanguage":"es","@id":"https:\/\/ciudadyregion.com.co\/index.php\/aliste-su-cuchara-alcaldia-adecuara-el-primer-centro-gastronomico-de-ibague-en-plaza-la-28\/ibague\/#primaryimage","url":"https:\/\/i0.wp.com\/ciudadyregion.com.co\/wp-content\/uploads\/2026\/04\/a-8-2.jpg?fit=800%2C445&ssl=1","contentUrl":"https:\/\/i0.wp.com\/ciudadyregion.com.co\/wp-content\/uploads\/2026\/04\/a-8-2.jpg?fit=800%2C445&ssl=1","width":800,"height":445},{"@type":"BreadcrumbList","@id":"https:\/\/ciudadyregion.com.co\/index.php\/aliste-su-cuchara-alcaldia-adecuara-el-primer-centro-gastronomico-de-ibague-en-plaza-la-28\/ibague\/#breadcrumb","itemListElement":[{"@type":"ListItem","position":1,"name":"Portada","item":"https:\/\/ciudadyregion.com.co\/"},{"@type":"ListItem","position":2,"name":"\u00a1Aliste su cuchara! Alcald\u00eda adecuar\u00e1 el primer Centro Gastron\u00f3mico de Ibagu\u00e9 en Plaza La 28"}]},{"@type":"WebSite","@id":"https:\/\/ciudadyregion.com.co\/#website","url":"https:\/\/ciudadyregion.com.co\/","name":"Ciudad y Region","description":"","potentialAction":[{"@type":"SearchAction","target":{"@type":"EntryPoint","urlTemplate":"https:\/\/ciudadyregion.com.co\/?s={search_term_string}"},"query-input":{"@type":"PropertyValueSpecification","valueRequired":true,"valueName":"search_term_string"}}],"inLanguage":"es"},{"@type":"Person","@id":"https:\/\/ciudadyregion.com.co\/#\/schema\/person\/04a4954373ebc4051f46e8c65ff78622","name":"David Andr\u00e9s Aguirre","image":{"@type":"ImageObject","inLanguage":"es","@id":"https:\/\/ciudadyregion.com.co\/#\/schema\/person\/image\/","url":"https:\/\/secure.gravatar.com\/avatar\/bc3c655860202182ee6d1b5edd042dbe?s=96&d=mm&r=g","contentUrl":"https:\/\/secure.gravatar.com\/avatar\/bc3c655860202182ee6d1b5edd042dbe?s=96&d=mm&r=g","caption":"David Andr\u00e9s Aguirre"},"url":"https:\/\/ciudadyregion.com.co\/index.php\/author\/diegoaguirre\/"}]}},"jetpack_featured_media_url":"https:\/\/i0.wp.com\/ciudadyregion.com.co\/wp-content\/uploads\/2026\/04\/a-8-2.jpg?fit=800%2C445&ssl=1","jetpack_sharing_enabled":true,"jetpack_shortlink":"https:\/\/wp.me\/pbS7hh-fv9","jetpack-related-posts":[],"_links":{"self":[{"href":"https:\/\/ciudadyregion.com.co\/index.php\/wp-json\/wp\/v2\/posts\/59591"}],"collection":[{"href":"https:\/\/ciudadyregion.com.co\/index.php\/wp-json\/wp\/v2\/posts"}],"about":[{"href":"https:\/\/ciudadyregion.com.co\/index.php\/wp-json\/wp\/v2\/types\/post"}],"author":[{"embeddable":true,"href":"https:\/\/ciudadyregion.com.co\/index.php\/wp-json\/wp\/v2\/users\/2"}],"replies":[{"embeddable":true,"href":"https:\/\/ciudadyregion.com.co\/index.php\/wp-json\/wp\/v2\/comments?post=59591"}],"version-history":[{"count":1,"href":"https:\/\/ciudadyregion.com.co\/index.php\/wp-json\/wp\/v2\/posts\/59591\/revisions"}],"predecessor-version":[{"id":59593,"href":"https:\/\/ciudadyregion.com.co\/index.php\/wp-json\/wp\/v2\/posts\/59591\/revisions\/59593"}],"wp:featuredmedia":[{"embeddable":true,"href":"https:\/\/ciudadyregion.com.co\/index.php\/wp-json\/wp\/v2\/media\/59592"}],"wp:attachment":[{"href":"https:\/\/ciudadyregion.com.co\/index.php\/wp-json\/wp\/v2\/media?parent=59591"}],"wp:term":[{"taxonomy":"category","embeddable":true,"href":"https:\/\/ciudadyregion.com.co\/index.php\/wp-json\/wp\/v2\/categories?post=59591"},{"taxonomy":"post_tag","embeddable":true,"href":"https:\/\/ciudadyregion.com.co\/index.php\/wp-json\/wp\/v2\/tags?post=59591"}],"curies":[{"name":"wp","href":"https:\/\/api.w.org\/{rel}","templated":true}]}}